{"id":33542,"date":"2019-05-10T14:11:24","date_gmt":"2019-05-10T19:11:24","guid":{"rendered":"http:\/\/www.grieta.org.mx\/?p=33542"},"modified":"2019-05-16T14:15:05","modified_gmt":"2019-05-16T19:15:05","slug":"madres-de-desaparecidos-marcharon-en-el-centro-historico-de-zacatecas","status":"publish","type":"post","link":"http:\/\/www.grieta.org.mx\/index.php\/2019\/05\/10\/madres-de-desaparecidos-marcharon-en-el-centro-historico-de-zacatecas\/","title":{"rendered":"Madres de desaparecidos marcharon en el Centro Hist\u00f3rico de Zacatecas"},"content":{"rendered":"<p><img loading=\"lazy\" decoding=\"async\" data-attachment-id=\"33543\" data-permalink=\"http:\/\/www.grieta.org.mx\/index.php\/2019\/05\/10\/madres-de-desaparecidos-marcharon-en-el-centro-historico-de-zacatecas\/z6-2\/\" data-orig-file=\"http:\/\/www.grieta.org.mx\/wp-content\/uploads\/2019\/05\/z6.jpg\" data-orig-size=\"613,343\" data-comments-opened=\"0\" data-image-meta=\"{&quot;aperture&quot;:&quot;0&quot;,&quot;credit&quot;:&quot;&quot;,&quot;camera&quot;:&quot;&quot;,&quot;caption&quot;:&quot;&quot;,&quot;created_timestamp&quot;:&quot;0&quot;,&quot;copyright&quot;:&quot;&quot;,&quot;focal_length&quot;:&quot;0&quot;,&quot;iso&quot;:&quot;0&quot;,&quot;shutter_speed&quot;:&quot;0&quot;,&quot;title&quot;:&quot;&quot;,&quot;orientation&quot;:&quot;0&quot;}\" data-image-title=\"z6\" data-image-description=\"\" data-image-caption=\"\" data-medium-file=\"http:\/\/www.grieta.org.mx\/wp-content\/uploads\/2019\/05\/z6-300x168.jpg\" data-large-file=\"http:\/\/www.grieta.org.mx\/wp-content\/uploads\/2019\/05\/z6.jpg\" src=\"http:\/\/www.grieta.org.mx\/wp-content\/uploads\/2019\/05\/z6.jpg\" alt=\"\" width=\"613\" height=\"343\" class=\"alignleft size-full wp-image-33543\" srcset=\"http:\/\/www.grieta.org.mx\/wp-content\/uploads\/2019\/05\/z6.jpg 613w, http:\/\/www.grieta.org.mx\/wp-content\/uploads\/2019\/05\/z6-300x168.jpg 300w\" sizes=\"auto, (max-width: 613px) 100vw, 613px\" \/><\/p>\n<p>Carlos Silva L\u00f3pez | Zacatecas Hoy<br \/>\nZacatecas, Zac.- Decenas de familiares y madres de personas que fueron reportadas como desparecidas en distintos municipios de la entidad marcharon por diversas calles del Centro Hist\u00f3rico de Zacatecas para exigir a m\u00e1s autoridades su localizaci\u00f3n y dejar un antecedente del sufrimiento de cientos de madres de familia quienes han tenido el infortunio de perder a alguno de sus hijos. <\/p>\n<p>Ricardo Hern\u00e1n Padilla representante de la organizaci\u00f3n \u201cZacatecanos por La Paz\u201d, dijo que la marcha es parte de un movimiento nacional por la dignidad, un s\u00f3lo coraz\u00f3n y un solo camino, es la s\u00e9ptima marcha que realizan madres de familia a lo largo y ancho del pa\u00eds. El lider social precis\u00f3, \u201cLa idea es visualizar el problema y plantear una serie de exigencias a nivel nacional y local entre ellas modificar la Ley General de Desaparici\u00f3n Forzada, para dar penas m\u00e1s severas a quienes se dedican a secuestrar y extorsionar\u201d, concluy\u00f3.<\/p>\n<p>La marcha concluy\u00f3 frente al antiguo edificio del Palacio de a Gobierno en la Plaza de Armas y se desarroll\u00f3 en calma sin que se reporten incidencias en torno a esta movilizaci\u00f3n social. <\/p>\n<p><a href=\"https:\/\/zhn.com.mx\/2019\/05\/10\/madres-de-desaparecidos-marcharon-en-el-centro-historico-de-zacatecas\/\" rel=\"noopener noreferrer\" target=\"_blank\">https:\/\/zhn.com.mx\/2019\/05\/10\/madres-de-desaparecidos-marcharon-en-el-centro-historico-de-zacatecas\/<\/a><\/p>\n","protected":false},"excerpt":{"rendered":"<p>Carlos Silva L\u00f3pez | Zacatecas Hoy Zacatecas, Zac.- Decenas de familiares y madres de personas que fueron reportadas como desparecidas en distintos municipios de la entidad marcharon por diversas calles &hellip; <a href=\"http:\/\/www.grieta.org.mx\/index.php\/2019\/05\/10\/madres-de-desaparecidos-marcharon-en-el-centro-historico-de-zacatecas\/\" class=\"more-link\">Leer m\u00e1s<\/a><\/p>\n","protected":false},"author":2,"featured_media":33543,"comment_status":"closed","ping_status":"closed","sticky":false,"template":"","format":"standard","meta":{"ngg_post_thumbnail":0,"_jetpack_newsletter_access":"","_jetpack_dont_email_post_to_subs":false,"_jetpack_newsletter_tier_id":0,"_jetpack_memberships_contains_paywalled_content":false,"_jetpack_memberships_contains_paid_content":false,"footnotes":""},"categories":[80,87,1427,2,83,76],"tags":[121,652,1678],"class_list":["post-33542","post","type-post","status-publish","format-standard","has-post-thumbnail","hentry","category-cintillo","category-desaparecidos","category-desaparecidos-en-zacatecas","category-noticias-nacionales","category-temas-nacionales","category-zacatecas","tag-desaparecidos","tag-madres","tag-protestas-de-padres-de-familia","entry"],"jetpack_featured_media_url":"http:\/\/www.grieta.org.mx\/wp-content\/uploads\/2019\/05\/z6.jpg","jetpack_sharing_enabled":true,"jetpack_shortlink":"https:\/\/wp.me\/p7ZJR4-8J0","jetpack_likes_enabled":false,"jetpack-related-posts":[{"id":67630,"url":"http:\/\/www.grieta.org.mx\/index.php\/2023\/05\/10\/un-dia-de-las-madres-diferente-madres-de-personas-desaparecidas-en-zacatecas-realizan-protesta\/","url_meta":{"origin":33542,"position":0},"title":"Un D\u00eda de las Madres diferente: Madres de personas desaparecidas en Zacatecas realizan protesta","author":"grieta","date":"10 mayo, 2023","format":false,"excerpt":"Realizaron la Marcha de la Dignidad, recorriendo el centro hist\u00f3rico hasta terminar en la Plaza de Armas Ana Vacio | El Sol de Zacatecas mi\u00e9rcoles 10 de mayo de 2023 Mujeres, madres de personas en condici\u00f3n de desaparecidas y no localizadas realizaron, la ma\u00f1ana de este mi\u00e9rcoles 10 de mayo\u2026","rel":"","context":"En &quot;B\u00fasqueda de desaparcidos en Zacatecas&quot;","block_context":{"text":"B\u00fasqueda de desaparcidos en Zacatecas","link":"http:\/\/www.grieta.org.mx\/index.php\/category\/noticias-nacionales\/zacatecas\/busqueda-de-desaparcidos-en-zacatecas\/"},"img":{"alt_text":"","src":"https:\/\/i0.wp.com\/www.grieta.org.mx\/wp-content\/uploads\/2023\/09\/Red-sangre-de-mi-sangre-en-palacio-de-gobierno-Zacatecas.jpg?resize=350%2C200","width":350,"height":200,"srcset":"https:\/\/i0.wp.com\/www.grieta.org.mx\/wp-content\/uploads\/2023\/09\/Red-sangre-de-mi-sangre-en-palacio-de-gobierno-Zacatecas.jpg?resize=350%2C200 1x, https:\/\/i0.wp.com\/www.grieta.org.mx\/wp-content\/uploads\/2023\/09\/Red-sangre-de-mi-sangre-en-palacio-de-gobierno-Zacatecas.jpg?resize=525%2C300 1.5x, https:\/\/i0.wp.com\/www.grieta.org.mx\/wp-content\/uploads\/2023\/09\/Red-sangre-de-mi-sangre-en-palacio-de-gobierno-Zacatecas.jpg?resize=700%2C400 2x"},"classes":[]},{"id":67623,"url":"http:\/\/www.grieta.org.mx\/index.php\/2023\/08\/31\/galeria-muro-de-la-memoria-por-desaparecidos-en-zacatecas\/","url_meta":{"origin":33542,"position":1},"title":"Galer\u00eda | &#8216;Muro de la Memoria&#8217; por Desaparecidos en Zacatecas","author":"grieta","date":"31 agosto, 2023","format":false,"excerpt":"N+, Agosto 30, 2023 Con la frase \"No llorar\u00e9 tu ausencia, porque busco tu presencia\" realizan protesta por la desaparici\u00f3n de 3 mil 586 personas no localizadas en Zacatecas En protesta contra las autoridades y como parte de la conmemoraci\u00f3n del D\u00eda Internacional de las V\u00edctimas de Desapariciones, organizaciones, familiares\u2026","rel":"","context":"En &quot;B\u00fasqueda de desaparcidos en Zacatecas&quot;","block_context":{"text":"B\u00fasqueda de desaparcidos en Zacatecas","link":"http:\/\/www.grieta.org.mx\/index.php\/category\/noticias-nacionales\/zacatecas\/busqueda-de-desaparcidos-en-zacatecas\/"},"img":{"alt_text":"","src":"https:\/\/i0.wp.com\/www.grieta.org.mx\/wp-content\/uploads\/2023\/09\/muro-desaparecidos-zacatecas.webp?resize=350%2C200","width":350,"height":200,"srcset":"https:\/\/i0.wp.com\/www.grieta.org.mx\/wp-content\/uploads\/2023\/09\/muro-desaparecidos-zacatecas.webp?resize=350%2C200 1x, https:\/\/i0.wp.com\/www.grieta.org.mx\/wp-content\/uploads\/2023\/09\/muro-desaparecidos-zacatecas.webp?resize=525%2C300 1.5x, https:\/\/i0.wp.com\/www.grieta.org.mx\/wp-content\/uploads\/2023\/09\/muro-desaparecidos-zacatecas.webp?resize=700%2C400 2x"},"classes":[]},{"id":64294,"url":"http:\/\/www.grieta.org.mx\/index.php\/2022\/02\/19\/marchan-en-zacatecas-exigiendo-justicia-para-jovenes-universitarios-asesinados\/","url_meta":{"origin":33542,"position":2},"title":"Marchan en Zacatecas exigiendo justicia para j\u00f3venes universitarios asesinados","author":"grieta","date":"19 febrero, 2022","format":false,"excerpt":"Hace una semana fueron privados ilegalmente de la libertad; los hallaron muertos Con informaci\u00f3n de Rosaura Rinc\u00f3n \u2502 El Sol de Zacatecas, 19 de febrero de 2022 Un centenar de personas (la mayor\u00eda j\u00f3venes) marcharon la ma\u00f1ana de este s\u00e1bado en la capital zacatecana para exigir justicia en el caso\u2026","rel":"","context":"En &quot;Abuso policiaco y tortura en Zacatecas&quot;","block_context":{"text":"Abuso policiaco y tortura en Zacatecas","link":"http:\/\/www.grieta.org.mx\/index.php\/category\/noticias-nacionales\/zacatecas\/abuso-policiaco-y-tortura-en-zacatecas\/"},"img":{"alt_text":"","src":"https:\/\/i0.wp.com\/www.grieta.org.mx\/wp-content\/uploads\/2022\/05\/Protesta-en-honor-de-jo%CC%81venes-asesinados.png?resize=350%2C200","width":350,"height":200,"srcset":"https:\/\/i0.wp.com\/www.grieta.org.mx\/wp-content\/uploads\/2022\/05\/Protesta-en-honor-de-jo%CC%81venes-asesinados.png?resize=350%2C200 1x, https:\/\/i0.wp.com\/www.grieta.org.mx\/wp-content\/uploads\/2022\/05\/Protesta-en-honor-de-jo%CC%81venes-asesinados.png?resize=525%2C300 1.5x, https:\/\/i0.wp.com\/www.grieta.org.mx\/wp-content\/uploads\/2022\/05\/Protesta-en-honor-de-jo%CC%81venes-asesinados.png?resize=700%2C400 2x"},"classes":[]},{"id":33539,"url":"http:\/\/www.grieta.org.mx\/index.php\/2019\/05\/10\/las-otras-madres-zacatecanas\/","url_meta":{"origin":33542,"position":3},"title":"Las otras madres zacatecanas","author":"grieta","date":"10 mayo, 2019","format":false,"excerpt":"Karla Zapata\/El Sol de Zacatecas En Zacatecas durante el 2018 un total de 102 ni\u00f1as y adolescentes de 10 a 14 a\u00f1os se convirtieron en madres; del 2015 al mes de mayo del 2019 un total de 27 ni\u00f1as, 24 ni\u00f1os y 10 j\u00f3venes perdieron a sus madres a causa\u2026","rel":"","context":"En &quot;CINTILLO&quot;","block_context":{"text":"CINTILLO","link":"http:\/\/www.grieta.org.mx\/index.php\/category\/cintillo\/"},"img":{"alt_text":"","src":"https:\/\/i0.wp.com\/www.grieta.org.mx\/wp-content\/uploads\/2019\/05\/z5.jpg?resize=350%2C200","width":350,"height":200,"srcset":"https:\/\/i0.wp.com\/www.grieta.org.mx\/wp-content\/uploads\/2019\/05\/z5.jpg?resize=350%2C200 1x, https:\/\/i0.wp.com\/www.grieta.org.mx\/wp-content\/uploads\/2019\/05\/z5.jpg?resize=525%2C300 1.5x, https:\/\/i0.wp.com\/www.grieta.org.mx\/wp-content\/uploads\/2019\/05\/z5.jpg?resize=700%2C400 2x"},"classes":[]},{"id":71681,"url":"http:\/\/www.grieta.org.mx\/index.php\/2025\/05\/11\/dia-de-las-madres-madres-buscadoras-exigen-justicia-y-respuesta-de-autoridades-colima\/","url_meta":{"origin":33542,"position":4},"title":"D\u00cdA DE LAS MADRES: Madres buscadoras exigen justicia y respuesta de autoridades (Colima)","author":"grieta","date":"11 mayo, 2025","format":false,"excerpt":"Imagen: Montserrat C\u00e1rdenas Redacci\u00f3n \/ Diario de Colima Ayer, madres buscadoras regresaron a la Rotonda de La Piedra Lisa, llamada \u201cPlaza de los Desaparecidos\u201d, para exigir justicia y colocar las fotograf\u00edas de sus familiares que est\u00e1n desaparecidos, como parte de la conmemoraci\u00f3n del D\u00eda de la Madre, para de ah\u00ed\u2026","rel":"","context":"En &quot;CINTILLO&quot;","block_context":{"text":"CINTILLO","link":"http:\/\/www.grieta.org.mx\/index.php\/category\/cintillo\/"},"img":{"alt_text":"","src":"https:\/\/i0.wp.com\/www.grieta.org.mx\/wp-content\/uploads\/2025\/05\/Madres4.jpg?resize=350%2C200","width":350,"height":200,"srcset":"https:\/\/i0.wp.com\/www.grieta.org.mx\/wp-content\/uploads\/2025\/05\/Madres4.jpg?resize=350%2C200 1x, https:\/\/i0.wp.com\/www.grieta.org.mx\/wp-content\/uploads\/2025\/05\/Madres4.jpg?resize=525%2C300 1.5x, https:\/\/i0.wp.com\/www.grieta.org.mx\/wp-content\/uploads\/2025\/05\/Madres4.jpg?resize=700%2C400 2x"},"classes":[]},{"id":33433,"url":"http:\/\/www.grieta.org.mx\/index.php\/2019\/05\/10\/me-falta-un-abrazo-madres-en-tepic-recuerdan-a-hijos-desaparecidos-nayarit\/","url_meta":{"origin":33542,"position":5},"title":"\u201cMe falta un abrazo\u201d: madres en Tepic recuerdan a hijos desaparecidos (Nayarit)","author":"grieta","date":"10 mayo, 2019","format":false,"excerpt":"Axel Uribe \/ NTV Tepic.-\u00a0Con motivo del d\u00eda de las madres, un grupo de mujeres pertenecientes al Colectivo Familias Unidas por Nayarit, se reunieron en el Parque a la Madre, para recordar a sus hijos desaparecidos. En las escaleras del monumento, las mam\u00e1s colocaron fotograf\u00edas de sus familiares y cartulinas\u2026","rel":"","context":"En &quot;CINTILLO&quot;","block_context":{"text":"CINTILLO","link":"http:\/\/www.grieta.org.mx\/index.php\/category\/cintillo\/"},"img":{"alt_text":"","src":"https:\/\/i0.wp.com\/www.grieta.org.mx\/wp-content\/uploads\/2019\/05\/5e94d54b-70e2-45ba-bda7-c9066495e85c.jpeg?resize=350%2C200","width":350,"height":200,"srcset":"https:\/\/i0.wp.com\/www.grieta.org.mx\/wp-content\/uploads\/2019\/05\/5e94d54b-70e2-45ba-bda7-c9066495e85c.jpeg?resize=350%2C200 1x, https:\/\/i0.wp.com\/www.grieta.org.mx\/wp-content\/uploads\/2019\/05\/5e94d54b-70e2-45ba-bda7-c9066495e85c.jpeg?resize=525%2C300 1.5x"},"classes":[]}],"_links":{"self":[{"href":"http:\/\/www.grieta.org.mx\/index.php\/wp-json\/wp\/v2\/posts\/33542","targetHints":{"allow":["GET"]}}],"collection":[{"href":"http:\/\/www.grieta.org.mx\/index.php\/wp-json\/wp\/v2\/posts"}],"about":[{"href":"http:\/\/www.grieta.org.mx\/index.php\/wp-json\/wp\/v2\/types\/post"}],"author":[{"embeddable":true,"href":"http:\/\/www.grieta.org.mx\/index.php\/wp-json\/wp\/v2\/users\/2"}],"replies":[{"embeddable":true,"href":"http:\/\/www.grieta.org.mx\/index.php\/wp-json\/wp\/v2\/comments?post=33542"}],"version-history":[{"count":1,"href":"http:\/\/www.grieta.org.mx\/index.php\/wp-json\/wp\/v2\/posts\/33542\/revisions"}],"predecessor-version":[{"id":33544,"href":"http:\/\/www.grieta.org.mx\/index.php\/wp-json\/wp\/v2\/posts\/33542\/revisions\/33544"}],"wp:featuredmedia":[{"embeddable":true,"href":"http:\/\/www.grieta.org.mx\/index.php\/wp-json\/wp\/v2\/media\/33543"}],"wp:attachment":[{"href":"http:\/\/www.grieta.org.mx\/index.php\/wp-json\/wp\/v2\/media?parent=33542"}],"wp:term":[{"taxonomy":"category","embeddable":true,"href":"http:\/\/www.grieta.org.mx\/index.php\/wp-json\/wp\/v2\/categories?post=33542"},{"taxonomy":"post_tag","embeddable":true,"href":"http:\/\/www.grieta.org.mx\/index.php\/wp-json\/wp\/v2\/tags?post=33542"}],"curies":[{"name":"wp","href":"https:\/\/api.w.org\/{rel}","templated":true}]}}