{"id":33529,"date":"2019-05-06T12:25:47","date_gmt":"2019-05-06T17:25:47","guid":{"rendered":"http:\/\/www.grieta.org.mx\/?p=33529"},"modified":"2019-05-16T12:37:42","modified_gmt":"2019-05-16T17:37:42","slug":"toman-conafe-por-despidos-injustificados","status":"publish","type":"post","link":"http:\/\/www.grieta.org.mx\/index.php\/2019\/05\/06\/toman-conafe-por-despidos-injustificados\/","title":{"rendered":"Toman Conafe por despidos injustificados"},"content":{"rendered":"<p><img loading=\"lazy\" decoding=\"async\" data-attachment-id=\"33524\" data-permalink=\"http:\/\/www.grieta.org.mx\/?attachment_id=33524\" data-orig-file=\"http:\/\/www.grieta.org.mx\/wp-content\/uploads\/2019\/05\/z1.jpeg\" data-orig-size=\"1280,853\" data-comments-opened=\"0\" data-image-meta=\"{&quot;aperture&quot;:&quot;0&quot;,&quot;credit&quot;:&quot;&quot;,&quot;camera&quot;:&quot;&quot;,&quot;caption&quot;:&quot;&quot;,&quot;created_timestamp&quot;:&quot;0&quot;,&quot;copyright&quot;:&quot;&quot;,&quot;focal_length&quot;:&quot;0&quot;,&quot;iso&quot;:&quot;0&quot;,&quot;shutter_speed&quot;:&quot;0&quot;,&quot;title&quot;:&quot;&quot;,&quot;orientation&quot;:&quot;0&quot;}\" data-image-title=\"z1\" data-image-description=\"\" data-image-caption=\"\" data-medium-file=\"http:\/\/www.grieta.org.mx\/wp-content\/uploads\/2019\/05\/z1-300x200.jpeg\" data-large-file=\"http:\/\/www.grieta.org.mx\/wp-content\/uploads\/2019\/05\/z1-1024x682.jpeg\" class=\"alignleft size-full wp-image-33524\" src=\"http:\/\/www.grieta.org.mx\/wp-content\/uploads\/2019\/05\/z1.jpeg\" alt=\"\" width=\"1280\" height=\"853\" srcset=\"http:\/\/www.grieta.org.mx\/wp-content\/uploads\/2019\/05\/z1.jpeg 1280w, http:\/\/www.grieta.org.mx\/wp-content\/uploads\/2019\/05\/z1-300x200.jpeg 300w, http:\/\/www.grieta.org.mx\/wp-content\/uploads\/2019\/05\/z1-768x512.jpeg 768w, http:\/\/www.grieta.org.mx\/wp-content\/uploads\/2019\/05\/z1-1024x682.jpeg 1024w, http:\/\/www.grieta.org.mx\/wp-content\/uploads\/2019\/05\/z1-750x500.jpeg 750w\" sizes=\"auto, (max-width: 1280px) 100vw, 1280px\" \/><br \/>\nALBERTO MORONES | NTRZACATECAS.COM<br \/>\nZacatecas.- Personal del Consejo Nacional del Fomento Educativo (Conafe) tomaron las oficinas generales y centros regionales en la entidad, tras el despido injustificado de 16 trabajadores por \u201cordenes presidenciales\u201d.<\/p>\n<p>Carlos Javier Cerros de la Cruz, trabajador afectado detall\u00f3 que apenas el pasado viernes 3 de mayo se les notific\u00f3 sobre el despido a trav\u00e9s de un documento que suscribe que \u201cpor instrucciones del se\u00f1or presidente\u201d, Andr\u00e9s Manuel L\u00f3pez Obrador el recorte se debe a una reestructura integral de la Administraci\u00f3n P\u00fablica Federal.<\/p>\n<p>El texto espec\u00edfica que las plazas presupuestarias que se encuentren adscritas a las oficinas de representaci\u00f3n ya no podr\u00e1n ser contratadas; acci\u00f3n que efecto en 16 trabajadores de plaza eventual, pero algunos de ellos con m\u00e1s de 10 a\u00f1os de servicio; y nivel nacional se tiene conocimiento que hay m\u00e1s de 600 despedidos.<br \/>\n<img loading=\"lazy\" decoding=\"async\" data-attachment-id=\"33533\" data-permalink=\"http:\/\/www.grieta.org.mx\/index.php\/2019\/05\/06\/toman-conafe-por-despidos-injustificados\/z3-3\/\" data-orig-file=\"http:\/\/www.grieta.org.mx\/wp-content\/uploads\/2019\/05\/z3-1.jpeg\" data-orig-size=\"1280,853\" data-comments-opened=\"0\" data-image-meta=\"{&quot;aperture&quot;:&quot;0&quot;,&quot;credit&quot;:&quot;&quot;,&quot;camera&quot;:&quot;&quot;,&quot;caption&quot;:&quot;&quot;,&quot;created_timestamp&quot;:&quot;0&quot;,&quot;copyright&quot;:&quot;&quot;,&quot;focal_length&quot;:&quot;0&quot;,&quot;iso&quot;:&quot;0&quot;,&quot;shutter_speed&quot;:&quot;0&quot;,&quot;title&quot;:&quot;&quot;,&quot;orientation&quot;:&quot;0&quot;}\" data-image-title=\"z3\" data-image-description=\"\" data-image-caption=\"\" data-medium-file=\"http:\/\/www.grieta.org.mx\/wp-content\/uploads\/2019\/05\/z3-1-300x200.jpeg\" data-large-file=\"http:\/\/www.grieta.org.mx\/wp-content\/uploads\/2019\/05\/z3-1-1024x682.jpeg\" src=\"http:\/\/www.grieta.org.mx\/wp-content\/uploads\/2019\/05\/z3-1.jpeg\" alt=\"\" width=\"1280\" height=\"853\" class=\"alignleft size-full wp-image-33533\" srcset=\"http:\/\/www.grieta.org.mx\/wp-content\/uploads\/2019\/05\/z3-1.jpeg 1280w, http:\/\/www.grieta.org.mx\/wp-content\/uploads\/2019\/05\/z3-1-300x200.jpeg 300w, http:\/\/www.grieta.org.mx\/wp-content\/uploads\/2019\/05\/z3-1-768x512.jpeg 768w, http:\/\/www.grieta.org.mx\/wp-content\/uploads\/2019\/05\/z3-1-1024x682.jpeg 1024w, http:\/\/www.grieta.org.mx\/wp-content\/uploads\/2019\/05\/z3-1-750x500.jpeg 750w\" sizes=\"auto, (max-width: 1280px) 100vw, 1280px\" \/><\/p>\n<p><img loading=\"lazy\" decoding=\"async\" data-attachment-id=\"33532\" data-permalink=\"http:\/\/www.grieta.org.mx\/index.php\/2019\/05\/06\/toman-conafe-por-despidos-injustificados\/z2-7\/\" data-orig-file=\"http:\/\/www.grieta.org.mx\/wp-content\/uploads\/2019\/05\/z2-3.jpeg\" data-orig-size=\"1280,853\" data-comments-opened=\"0\" data-image-meta=\"{&quot;aperture&quot;:&quot;0&quot;,&quot;credit&quot;:&quot;&quot;,&quot;camera&quot;:&quot;&quot;,&quot;caption&quot;:&quot;&quot;,&quot;created_timestamp&quot;:&quot;0&quot;,&quot;copyright&quot;:&quot;&quot;,&quot;focal_length&quot;:&quot;0&quot;,&quot;iso&quot;:&quot;0&quot;,&quot;shutter_speed&quot;:&quot;0&quot;,&quot;title&quot;:&quot;&quot;,&quot;orientation&quot;:&quot;0&quot;}\" data-image-title=\"z2\" data-image-description=\"\" data-image-caption=\"\" data-medium-file=\"http:\/\/www.grieta.org.mx\/wp-content\/uploads\/2019\/05\/z2-3-300x200.jpeg\" data-large-file=\"http:\/\/www.grieta.org.mx\/wp-content\/uploads\/2019\/05\/z2-3-1024x682.jpeg\" src=\"http:\/\/www.grieta.org.mx\/wp-content\/uploads\/2019\/05\/z2-3.jpeg\" alt=\"\" width=\"1280\" height=\"853\" class=\"alignleft size-full wp-image-33532\" srcset=\"http:\/\/www.grieta.org.mx\/wp-content\/uploads\/2019\/05\/z2-3.jpeg 1280w, http:\/\/www.grieta.org.mx\/wp-content\/uploads\/2019\/05\/z2-3-300x200.jpeg 300w, http:\/\/www.grieta.org.mx\/wp-content\/uploads\/2019\/05\/z2-3-768x512.jpeg 768w, http:\/\/www.grieta.org.mx\/wp-content\/uploads\/2019\/05\/z2-3-1024x682.jpeg 1024w, http:\/\/www.grieta.org.mx\/wp-content\/uploads\/2019\/05\/z2-3-750x500.jpeg 750w\" sizes=\"auto, (max-width: 1280px) 100vw, 1280px\" \/><\/p>\n<p><a href=\"http:\/\/ntrzacatecas.com\/2019\/05\/06\/toman-conafe-por-despidos-injustificados\/\" rel=\"noopener noreferrer\" target=\"_blank\">http:\/\/ntrzacatecas.com\/2019\/05\/06\/toman-conafe-por-despidos-injustificados\/<\/a><\/p>\n","protected":false},"excerpt":{"rendered":"<p>ALBERTO MORONES | NTRZACATECAS.COM Zacatecas.- Personal del Consejo Nacional del Fomento Educativo (Conafe) tomaron las oficinas generales y centros regionales en la entidad, tras el despido injustificado de 16 trabajadores &hellip; <a href=\"http:\/\/www.grieta.org.mx\/index.php\/2019\/05\/06\/toman-conafe-por-despidos-injustificados\/\" class=\"more-link\">Leer m\u00e1s<\/a><\/p>\n","protected":false},"author":2,"featured_media":33532,"comment_status":"closed","ping_status":"closed","sticky":false,"template":"","format":"standard","meta":{"ngg_post_thumbnail":0,"_jetpack_newsletter_access":"","_jetpack_dont_email_post_to_subs":false,"_jetpack_newsletter_tier_id":0,"_jetpack_memberships_contains_paywalled_content":false,"_jetpack_memberships_contains_paid_content":false,"footnotes":""},"categories":[80,1562,910,1109,2,83,76],"tags":[113,2105],"class_list":["post-33529","post","type-post","status-publish","format-standard","has-post-thumbnail","hentry","category-cintillo","category-conflictos-de-trabajadores-del-estado-en-zacatecas","category-explotacion-y-precariedad-laboral","category-explotacion-y-precariedad-laboral-zacatecas","category-noticias-nacionales","category-temas-nacionales","category-zacatecas","tag-conflictos-laborales","tag-despidos-masivos","entry"],"jetpack_featured_media_url":"http:\/\/www.grieta.org.mx\/wp-content\/uploads\/2019\/05\/z2-3.jpeg","jetpack_sharing_enabled":true,"jetpack_shortlink":"https:\/\/wp.me\/p7ZJR4-8IN","jetpack_likes_enabled":false,"jetpack-related-posts":[{"id":29466,"url":"http:\/\/www.grieta.org.mx\/index.php\/2019\/02\/20\/denuncian-despidos-injustificados-zacatecas\/","url_meta":{"origin":33529,"position":0},"title":"Denuncian despidos injustificados (Zacatecas)","author":"grieta","date":"20 febrero, 2019","format":false,"excerpt":"ALEJANDRO CASTA\u00d1EDA | NTRZACATECAS.COM. Zacatecas.- Ex trabajadores del Sistema Nacional del Empleo (SNE) delegaci\u00f3n Zacatecas denunciaron que aproximadamente 40 personas han sido despedidas injustificadamente por la dependencia y 20 m\u00e1s est\u00e1n en riesgo de ser removidos. Rogelio Alv\u00e1rez, quien trabaj\u00f3 durante 22 a\u00f1os en el SNE, asegur\u00f3 que los despidos\u2026","rel":"","context":"En &quot;CINTILLO&quot;","block_context":{"text":"CINTILLO","link":"http:\/\/www.grieta.org.mx\/index.php\/category\/cintillo\/"},"img":{"alt_text":"","src":"https:\/\/i0.wp.com\/www.grieta.org.mx\/wp-content\/uploads\/2019\/02\/whatsapp-image-2019-02-20-at-13.25.25.jpeg?resize=350%2C200","width":350,"height":200,"srcset":"https:\/\/i0.wp.com\/www.grieta.org.mx\/wp-content\/uploads\/2019\/02\/whatsapp-image-2019-02-20-at-13.25.25.jpeg?resize=350%2C200 1x, https:\/\/i0.wp.com\/www.grieta.org.mx\/wp-content\/uploads\/2019\/02\/whatsapp-image-2019-02-20-at-13.25.25.jpeg?resize=525%2C300 1.5x, https:\/\/i0.wp.com\/www.grieta.org.mx\/wp-content\/uploads\/2019\/02\/whatsapp-image-2019-02-20-at-13.25.25.jpeg?resize=700%2C400 2x, https:\/\/i0.wp.com\/www.grieta.org.mx\/wp-content\/uploads\/2019\/02\/whatsapp-image-2019-02-20-at-13.25.25.jpeg?resize=1050%2C600 3x"},"classes":[]},{"id":34083,"url":"http:\/\/www.grieta.org.mx\/index.php\/2019\/05\/28\/protestan-en-zacatecas-por-despidos-en-el-issste\/","url_meta":{"origin":33529,"position":1},"title":"Protestan en Zacatecas por despidos en el ISSSTE","author":"grieta","date":"28 mayo, 2019","format":false,"excerpt":"Ra\u00fal Garc\u00eda\/El Sol de Zacatecas Integrantes del Sindicato Independiente de Trabajadores del ISSSTE (Sitissste) en Zacatecas expresaron su rechazo al despido de los trabajadores de la oficina de Turissste . Con la colocaci\u00f3n de pancartas en el hospital general del Instituto, en la capital zacatecana, se unieron a la manifestaci\u00f3n\u2026","rel":"","context":"En &quot;CINTILLO&quot;","block_context":{"text":"CINTILLO","link":"http:\/\/www.grieta.org.mx\/index.php\/category\/cintillo\/"},"img":{"alt_text":"","src":"https:\/\/i0.wp.com\/www.grieta.org.mx\/wp-content\/uploads\/2019\/06\/z1.jpg?resize=350%2C200","width":350,"height":200,"srcset":"https:\/\/i0.wp.com\/www.grieta.org.mx\/wp-content\/uploads\/2019\/06\/z1.jpg?resize=350%2C200 1x, https:\/\/i0.wp.com\/www.grieta.org.mx\/wp-content\/uploads\/2019\/06\/z1.jpg?resize=525%2C300 1.5x, https:\/\/i0.wp.com\/www.grieta.org.mx\/wp-content\/uploads\/2019\/06\/z1.jpg?resize=700%2C400 2x"},"classes":[]},{"id":34055,"url":"http:\/\/www.grieta.org.mx\/index.php\/2019\/05\/24\/despido-de-empleados-causa-sobrecarga-de-trabajo-en-conafe-de-tamaulipas\/","url_meta":{"origin":33529,"position":2},"title":"Despido de empleados causa sobrecarga de trabajo en Conafe de Tamaulipas","author":"grieta","date":"24 mayo, 2019","format":false,"excerpt":"Lupita \u00c1lvarez \/ Gaceta Cd. Victoria, Tamaulipas.- El despido de 10 trabajadores de la delegaci\u00f3n del Consejo Nacional de Fomento Educativo (Conafe) en Tamaulipas est\u00e1 afectando el trabajo de ense\u00f1anza que los instructores imparten a los ni\u00f1os de las comunidades rurales del estado, indic\u00f3 Pedro Hugo Medina Salazar. El delegado\u2026","rel":"","context":"En &quot;CINTILLO&quot;","block_context":{"text":"CINTILLO","link":"http:\/\/www.grieta.org.mx\/index.php\/category\/cintillo\/"},"img":{"alt_text":"","src":"https:\/\/i0.wp.com\/www.grieta.org.mx\/wp-content\/uploads\/2019\/06\/Despido-de-empleados-causa-sobrecarga-de-trabajo-en-Conafe-de-Tamaulipas-jun-300x187.jpg?resize=350%2C200","width":350,"height":200,"srcset":"https:\/\/i0.wp.com\/www.grieta.org.mx\/wp-content\/uploads\/2019\/06\/Despido-de-empleados-causa-sobrecarga-de-trabajo-en-Conafe-de-Tamaulipas-jun-300x187.jpg?resize=350%2C200 1x, https:\/\/i0.wp.com\/www.grieta.org.mx\/wp-content\/uploads\/2019\/06\/Despido-de-empleados-causa-sobrecarga-de-trabajo-en-Conafe-de-Tamaulipas-jun-300x187.jpg?resize=525%2C300 1.5x"},"classes":[]},{"id":33118,"url":"http:\/\/www.grieta.org.mx\/index.php\/2019\/05\/07\/reportan-despidos-masivos-en-conafe-san-luis-potosi\/","url_meta":{"origin":33529,"position":3},"title":"Reportan despidos masivos en Conafe (San Luis Potos\u00ed)","author":"grieta","date":"7 mayo, 2019","format":false,"excerpt":"Rub\u00e9n Pacheco \/ Pulso La cuarta transformaci\u00f3n alcanz\u00f3 a 24 trabajadores eventuales en la delegaci\u00f3n de San Luis Potos\u00ed Desde el viernes pasado, 24 trabajadores eventuales fueron despedidos de la delegaci\u00f3n en San Luis Potos\u00ed del Consejo Nacional de Fomento Educativo (Conafe), quienes desarrollaban labores en las cuatro regiones de\u2026","rel":"","context":"En &quot;CINTILLO&quot;","block_context":{"text":"CINTILLO","link":"http:\/\/www.grieta.org.mx\/index.php\/category\/cintillo\/"},"img":{"alt_text":"","src":"https:\/\/i0.wp.com\/www.grieta.org.mx\/wp-content\/uploads\/2019\/05\/Reportan-despidos-masivos-en-Conafe-slp-may.jpg?resize=350%2C200","width":350,"height":200,"srcset":"https:\/\/i0.wp.com\/www.grieta.org.mx\/wp-content\/uploads\/2019\/05\/Reportan-despidos-masivos-en-Conafe-slp-may.jpg?resize=350%2C200 1x, https:\/\/i0.wp.com\/www.grieta.org.mx\/wp-content\/uploads\/2019\/05\/Reportan-despidos-masivos-en-Conafe-slp-may.jpg?resize=525%2C300 1.5x"},"classes":[]},{"id":21878,"url":"http:\/\/www.grieta.org.mx\/index.php\/2017\/09\/01\/reprochan-despidos-en-la-modelo-zacatecas\/","url_meta":{"origin":33529,"position":4},"title":"Reprochan despidos en la Modelo (Zacatecas)","author":"grieta","date":"1 septiembre, 2017","format":false,"excerpt":"Claudio Montes de Oca\/NTR Zacatecas Zacatecas.- Integrantes del Sindicato Independiente de Trabajadores de la Compa\u00f1\u00eda Cervecera de Zacatecas reprocharon el despido injustificado del tesorero de esta organizaci\u00f3n, Jos\u00e9 Israel Luna Alvarado. El l\u00edder sindical Jos\u00e9 No\u00e9 Mart\u00ednez Sol\u00eds expuso que tras obtener la validez del sindicato, Grupo Modelo despidi\u00f3 al\u2026","rel":"","context":"En &quot;CINTILLO&quot;","block_context":{"text":"CINTILLO","link":"http:\/\/www.grieta.org.mx\/index.php\/category\/cintillo\/"},"img":{"alt_text":"","src":"https:\/\/i0.wp.com\/www.grieta.org.mx\/wp-content\/uploads\/2017\/09\/modelo-2.jpg?resize=350%2C200","width":350,"height":200,"srcset":"https:\/\/i0.wp.com\/www.grieta.org.mx\/wp-content\/uploads\/2017\/09\/modelo-2.jpg?resize=350%2C200 1x, https:\/\/i0.wp.com\/www.grieta.org.mx\/wp-content\/uploads\/2017\/09\/modelo-2.jpg?resize=525%2C300 1.5x"},"classes":[]},{"id":1397,"url":"http:\/\/www.grieta.org.mx\/index.php\/2015\/01\/31\/dejan-zacatecas-200-mineras-en-dos-anos-miles-pierden-empleo\/","url_meta":{"origin":33529,"position":5},"title":"Dejan Zacatecas 200 mineras en dos a\u00f1os; miles pierden empleo","author":"grieta","date":"31 enero, 2015","format":false,"excerpt":"La Jornada \/ Zacatecas, Zac. 31\/01\/2015 Alrededor de 200 empresas mineras asentadas en Zacatecas han abandonado trabajos de proyecci\u00f3n, exploraci\u00f3n y labores extractivas durante los dos a\u00f1os recientes por causas atribuibles a la ca\u00edda en los precios internacionales de los metales preciosos y por los impuestos que el Congreso de\u2026","rel":"","context":"En &quot;CINTILLO&quot;","block_context":{"text":"CINTILLO","link":"http:\/\/www.grieta.org.mx\/index.php\/category\/cintillo\/"},"img":{"alt_text":"","src":"https:\/\/i0.wp.com\/www.grieta.org.mx\/wp-content\/uploads\/2018\/03\/14524434_1106112876131411_958039263622046936_o.jpg?resize=350%2C200","width":350,"height":200,"srcset":"https:\/\/i0.wp.com\/www.grieta.org.mx\/wp-content\/uploads\/2018\/03\/14524434_1106112876131411_958039263622046936_o.jpg?resize=350%2C200 1x, https:\/\/i0.wp.com\/www.grieta.org.mx\/wp-content\/uploads\/2018\/03\/14524434_1106112876131411_958039263622046936_o.jpg?resize=525%2C300 1.5x, https:\/\/i0.wp.com\/www.grieta.org.mx\/wp-content\/uploads\/2018\/03\/14524434_1106112876131411_958039263622046936_o.jpg?resize=700%2C400 2x"},"classes":[]}],"_links":{"self":[{"href":"http:\/\/www.grieta.org.mx\/index.php\/wp-json\/wp\/v2\/posts\/33529","targetHints":{"allow":["GET"]}}],"collection":[{"href":"http:\/\/www.grieta.org.mx\/index.php\/wp-json\/wp\/v2\/posts"}],"about":[{"href":"http:\/\/www.grieta.org.mx\/index.php\/wp-json\/wp\/v2\/types\/post"}],"author":[{"embeddable":true,"href":"http:\/\/www.grieta.org.mx\/index.php\/wp-json\/wp\/v2\/users\/2"}],"replies":[{"embeddable":true,"href":"http:\/\/www.grieta.org.mx\/index.php\/wp-json\/wp\/v2\/comments?post=33529"}],"version-history":[{"count":1,"href":"http:\/\/www.grieta.org.mx\/index.php\/wp-json\/wp\/v2\/posts\/33529\/revisions"}],"predecessor-version":[{"id":33534,"href":"http:\/\/www.grieta.org.mx\/index.php\/wp-json\/wp\/v2\/posts\/33529\/revisions\/33534"}],"wp:featuredmedia":[{"embeddable":true,"href":"http:\/\/www.grieta.org.mx\/index.php\/wp-json\/wp\/v2\/media\/33532"}],"wp:attachment":[{"href":"http:\/\/www.grieta.org.mx\/index.php\/wp-json\/wp\/v2\/media?parent=33529"}],"wp:term":[{"taxonomy":"category","embeddable":true,"href":"http:\/\/www.grieta.org.mx\/index.php\/wp-json\/wp\/v2\/categories?post=33529"},{"taxonomy":"post_tag","embeddable":true,"href":"http:\/\/www.grieta.org.mx\/index.php\/wp-json\/wp\/v2\/tags?post=33529"}],"curies":[{"name":"wp","href":"https:\/\/api.w.org\/{rel}","templated":true}]}}