{"id":33478,"date":"2019-05-13T21:18:27","date_gmt":"2019-05-14T02:18:27","guid":{"rendered":"http:\/\/www.grieta.org.mx\/?p=33478"},"modified":"2019-05-15T21:23:22","modified_gmt":"2019-05-16T02:23:22","slug":"africanos-piden-agilizar-asilo-humanitario-en-nuevo-laredo-tamaulipas","status":"publish","type":"post","link":"http:\/\/www.grieta.org.mx\/index.php\/2019\/05\/13\/africanos-piden-agilizar-asilo-humanitario-en-nuevo-laredo-tamaulipas\/","title":{"rendered":"Africanos piden agilizar asilo humanitario en Nuevo Laredo (Tamaulipas)"},"content":{"rendered":"<p><img loading=\"lazy\" decoding=\"async\" data-attachment-id=\"33479\" data-permalink=\"http:\/\/www.grieta.org.mx\/index.php\/2019\/05\/13\/africanos-piden-agilizar-asilo-humanitario-en-nuevo-laredo-tamaulipas\/africanos-piden-agilizar-asilo-humanitario-en-nuevo-laredo-tama-may\/\" data-orig-file=\"http:\/\/www.grieta.org.mx\/wp-content\/uploads\/2019\/05\/Africanos-piden-agilizar-asilo-humanitario-en-Nuevo-Laredo-tama-may.jpg\" data-orig-size=\"640,440\" data-comments-opened=\"0\" data-image-meta=\"{&quot;aperture&quot;:&quot;0&quot;,&quot;credit&quot;:&quot;&quot;,&quot;camera&quot;:&quot;&quot;,&quot;caption&quot;:&quot;&quot;,&quot;created_timestamp&quot;:&quot;0&quot;,&quot;copyright&quot;:&quot;&quot;,&quot;focal_length&quot;:&quot;0&quot;,&quot;iso&quot;:&quot;0&quot;,&quot;shutter_speed&quot;:&quot;0&quot;,&quot;title&quot;:&quot;&quot;,&quot;orientation&quot;:&quot;0&quot;}\" data-image-title=\"Africanos piden agilizar asilo humanitario en Nuevo Laredo tama may\" data-image-description=\"\" data-image-caption=\"\" data-medium-file=\"http:\/\/www.grieta.org.mx\/wp-content\/uploads\/2019\/05\/Africanos-piden-agilizar-asilo-humanitario-en-Nuevo-Laredo-tama-may-300x206.jpg\" data-large-file=\"http:\/\/www.grieta.org.mx\/wp-content\/uploads\/2019\/05\/Africanos-piden-agilizar-asilo-humanitario-en-Nuevo-Laredo-tama-may.jpg\" class=\"alignleft size-full wp-image-33479\" src=\"http:\/\/www.grieta.org.mx\/wp-content\/uploads\/2019\/05\/Africanos-piden-agilizar-asilo-humanitario-en-Nuevo-Laredo-tama-may.jpg\" alt=\"\" width=\"640\" height=\"440\" srcset=\"http:\/\/www.grieta.org.mx\/wp-content\/uploads\/2019\/05\/Africanos-piden-agilizar-asilo-humanitario-en-Nuevo-Laredo-tama-may.jpg 640w, http:\/\/www.grieta.org.mx\/wp-content\/uploads\/2019\/05\/Africanos-piden-agilizar-asilo-humanitario-en-Nuevo-Laredo-tama-may-300x206.jpg 300w\" sizes=\"auto, (max-width: 640px) 100vw, 640px\" \/><br \/>\nEl Bravo<\/p>\n<p>Al menos 100 africanos entre adultos y ni\u00f1os se congregaron a las afueras del puente internacional n\u00famero 1 Puerta de las Am\u00e9ricas en Nuevo Laredo, para solicitar la agilizaci\u00f3n del tr\u00e1mite de asilo humanitario.<\/p>\n<p>El grupo solicit\u00f3 hablar con personal del Instituto Nacional de Migraci\u00f3n para ser informados del estatus de su proceso que se mantiene coordinado con la autoridad americana.<\/p>\n<p>Los africanos est\u00e1n instalados en Nuevo Laredo desde hace m\u00e1s de 2 meses, lo que ha generado la desesperaci\u00f3n de las familias, debido a que el tr\u00e1mite se ha vuelto lento.<\/p>\n<p>Personal del Instituto Nacional de Migraci\u00f3n recibi\u00f3 a 3 personas representantes del grupo para entablar el di\u00e1logo y explicar la situaci\u00f3n que guarda el proceso.<\/p>\n<p>Al cierre de abril en Nuevo Laredo se ten\u00eda registro de 2 mil 300 migrantes entre cubanos, africanos, centroamericanos, sudamericanos y mexicanos intentando ingresar a Estados Unidos por la v\u00eda de asilo humanitario.<\/p>\n<p><a href=\"http:\/\/www.elbravo.mx\/africanos-piden-agilizar-asilo-humanitario-en-nuevo-laredo\/\" target=\"_blank\" rel=\"noopener noreferrer\">http:\/\/www.elbravo.mx\/africanos-piden-agilizar-asilo-humanitario-en-nuevo-laredo\/<\/a><\/p>\n","protected":false},"excerpt":{"rendered":"<p>El Bravo Al menos 100 africanos entre adultos y ni\u00f1os se congregaron a las afueras del puente internacional n\u00famero 1 Puerta de las Am\u00e9ricas en Nuevo Laredo, para solicitar la &hellip; <a href=\"http:\/\/www.grieta.org.mx\/index.php\/2019\/05\/13\/africanos-piden-agilizar-asilo-humanitario-en-nuevo-laredo-tamaulipas\/\" class=\"more-link\">Leer m\u00e1s<\/a><\/p>\n","protected":false},"author":2,"featured_media":33479,"comment_status":"closed","ping_status":"closed","sticky":false,"template":"","format":"standard","meta":{"ngg_post_thumbnail":0,"_jetpack_newsletter_access":"","_jetpack_dont_email_post_to_subs":false,"_jetpack_newsletter_tier_id":0,"_jetpack_memberships_contains_paywalled_content":false,"_jetpack_memberships_contains_paid_content":false,"footnotes":""},"categories":[80,1827,1964,86,2124,2,33,83],"tags":[2362,158,2416,1370],"class_list":["post-33478","post","type-post","status-publish","format-standard","has-post-thumbnail","hentry","category-cintillo","category-la-ninez-en-la-tormenta-capitalista","category-la-ninez-en-la-tormenta-capitalista-en-tamaulipas","category-migrantes","category-migrantes-en-tamaulipas","category-noticias-nacionales","category-tamaulipas","category-temas-nacionales","tag-la-ninez-en-la-tormenta","tag-migrantes","tag-migrantes-africanos","tag-ninos-migrantes","entry"],"jetpack_featured_media_url":"http:\/\/www.grieta.org.mx\/wp-content\/uploads\/2019\/05\/Africanos-piden-agilizar-asilo-humanitario-en-Nuevo-Laredo-tama-may.jpg","jetpack_sharing_enabled":true,"jetpack_shortlink":"https:\/\/wp.me\/p7ZJR4-8HY","jetpack_likes_enabled":false,"jetpack-related-posts":[{"id":31589,"url":"http:\/\/www.grieta.org.mx\/index.php\/2019\/03\/29\/se-quedan-850-migrantes-varados-en-nuevo-laredo-tamaulipas\/","url_meta":{"origin":33478,"position":0},"title":"Se quedan 850 migrantes varados en Nuevo Laredo (Tamaulipas)","author":"grieta","date":"29 marzo, 2019","format":false,"excerpt":"El Bravo M\u00e1s de 850 migrantes, entre cubanos, africanos y centroamericanos, se encuentran varados en el municipio fronterizo de Nuevo Laredo, en espera de que el gobierno de Estados Unidos les d\u00e9 asilo pol\u00edtico. En entrevista, el edil de Nuevo Laredo, Enrique Rivas Cu\u00e9llar, refiri\u00f3 que es constante el flujo\u2026","rel":"","context":"En &quot;CINTILLO&quot;","block_context":{"text":"CINTILLO","link":"http:\/\/www.grieta.org.mx\/index.php\/category\/cintillo\/"},"img":{"alt_text":"","src":"https:\/\/i0.wp.com\/www.grieta.org.mx\/wp-content\/uploads\/2019\/04\/Se-quedan-850-migrantes-varados-en-Nuevo-Laredo-tama-abr.jpg?resize=350%2C200","width":350,"height":200,"srcset":"https:\/\/i0.wp.com\/www.grieta.org.mx\/wp-content\/uploads\/2019\/04\/Se-quedan-850-migrantes-varados-en-Nuevo-Laredo-tama-abr.jpg?resize=350%2C200 1x, https:\/\/i0.wp.com\/www.grieta.org.mx\/wp-content\/uploads\/2019\/04\/Se-quedan-850-migrantes-varados-en-Nuevo-Laredo-tama-abr.jpg?resize=525%2C300 1.5x"},"classes":[]},{"id":14437,"url":"http:\/\/www.grieta.org.mx\/index.php\/2016\/06\/17\/repatriacion-de-menores-migrantes-en-tamaulipas\/","url_meta":{"origin":33478,"position":1},"title":"Repatriaci\u00f3n de menores migrantes en Tamaulipas","author":"grieta","date":"17 junio, 2016","format":false,"excerpt":"14\/06\/16. M\u00e1s de 400 menores mexicanos han sido repatriados por Nuevo LaredoHoy Tamaulipas 27\/03\/2010. Estudian m\u00e1s de 11 mil menores migrantes y repatriados en ReynosaInfo 7 07\/02\/2009. Incrementa 20% \u00edndice de menores repatriados por zona de N. LaredoNTR Zacatecas","rel":"","context":"En &quot;CINTILLO&quot;","block_context":{"text":"CINTILLO","link":"http:\/\/www.grieta.org.mx\/index.php\/category\/cintillo\/"},"img":{"alt_text":"","src":"https:\/\/i0.wp.com\/www.grieta.org.mx\/wp-content\/uploads\/2018\/03\/14524434_1106112876131411_958039263622046936_o.jpg?resize=350%2C200","width":350,"height":200,"srcset":"https:\/\/i0.wp.com\/www.grieta.org.mx\/wp-content\/uploads\/2018\/03\/14524434_1106112876131411_958039263622046936_o.jpg?resize=350%2C200 1x, https:\/\/i0.wp.com\/www.grieta.org.mx\/wp-content\/uploads\/2018\/03\/14524434_1106112876131411_958039263622046936_o.jpg?resize=525%2C300 1.5x, https:\/\/i0.wp.com\/www.grieta.org.mx\/wp-content\/uploads\/2018\/03\/14524434_1106112876131411_958039263622046936_o.jpg?resize=700%2C400 2x"},"classes":[]},{"id":32454,"url":"http:\/\/www.grieta.org.mx\/index.php\/2019\/04\/23\/por-saturacion-cierran-albergue-senda-de-vida-a-mas-migrantes-en-reynosa-tamaulipas\/","url_meta":{"origin":33478,"position":2},"title":"Por saturaci\u00f3n, cierran albergue Senda de Vida a m\u00e1s migrantes en Reynosa (Tamaulipas)","author":"grieta","date":"23 abril, 2019","format":false,"excerpt":"Viviana Cervantes \/ El Ma\u00f1ana Siguen llegando y les niegan acceso; les piden se vayan a Nuevo Laredo Reynosa, Tam.- Debido a la saturaci\u00f3n del albergue \"Senda de Vida\" los directivos han decidido no recibir a m\u00e1s migrantes. Llegan migrantes y les niegan el acceso por falta de espacio; les\u2026","rel":"","context":"En &quot;CINTILLO&quot;","block_context":{"text":"CINTILLO","link":"http:\/\/www.grieta.org.mx\/index.php\/category\/cintillo\/"},"img":{"alt_text":"","src":"https:\/\/i0.wp.com\/www.grieta.org.mx\/wp-content\/uploads\/2019\/04\/Por-saturaci%C3%B3n-cierran-albergue-Senda-de-Vida-a-m%C3%A1s-migrantes-en-Reynosa-tama-abr.jpg?resize=350%2C200","width":350,"height":200,"srcset":"https:\/\/i0.wp.com\/www.grieta.org.mx\/wp-content\/uploads\/2019\/04\/Por-saturaci%C3%B3n-cierran-albergue-Senda-de-Vida-a-m%C3%A1s-migrantes-en-Reynosa-tama-abr.jpg?resize=350%2C200 1x, https:\/\/i0.wp.com\/www.grieta.org.mx\/wp-content\/uploads\/2019\/04\/Por-saturaci%C3%B3n-cierran-albergue-Senda-de-Vida-a-m%C3%A1s-migrantes-en-Reynosa-tama-abr.jpg?resize=525%2C300 1.5x"},"classes":[]},{"id":33465,"url":"http:\/\/www.grieta.org.mx\/index.php\/2019\/05\/13\/migracion-viven-africanos-discriminacion-en-matamoros-tamaulipas\/","url_meta":{"origin":33478,"position":3},"title":"Migraci\u00f3n: viven africanos discriminaci\u00f3n en Matamoros (Tamaulipas)","author":"grieta","date":"13 mayo, 2019","format":false,"excerpt":"El Ma\u00f1ana Matamoros, Tam. Los ciudadanos africanos que llegan a esta frontera no s\u00f3lo tienen que soportar una traves\u00eda de meses por m\u00e1s de 10 pa\u00edses para solicitar asilo en Estados Unidos, sino que tambi\u00e9n enfrentan discriminaci\u00f3n. Encargados de casas de albergues en esta frontera explicaron que son migrantes de\u2026","rel":"","context":"En &quot;CINTILLO&quot;","block_context":{"text":"CINTILLO","link":"http:\/\/www.grieta.org.mx\/index.php\/category\/cintillo\/"},"img":{"alt_text":"","src":"https:\/\/i0.wp.com\/www.grieta.org.mx\/wp-content\/uploads\/2019\/05\/Migraci%C3%B3n-viven-africanos-discriminaci%C3%B3n-en-Matamoros-tama-may.jpg?resize=350%2C200","width":350,"height":200,"srcset":"https:\/\/i0.wp.com\/www.grieta.org.mx\/wp-content\/uploads\/2019\/05\/Migraci%C3%B3n-viven-africanos-discriminaci%C3%B3n-en-Matamoros-tama-may.jpg?resize=350%2C200 1x, https:\/\/i0.wp.com\/www.grieta.org.mx\/wp-content\/uploads\/2019\/05\/Migraci%C3%B3n-viven-africanos-discriminaci%C3%B3n-en-Matamoros-tama-may.jpg?resize=525%2C300 1.5x"},"classes":[]},{"id":34058,"url":"http:\/\/www.grieta.org.mx\/index.php\/2019\/05\/29\/rescatan-a-19-migrantes-en-reynosa-tamaulipas\/","url_meta":{"origin":33478,"position":4},"title":"Rescatan a 19 migrantes en Reynosa, Tamaulipas","author":"grieta","date":"29 mayo, 2019","format":false,"excerpt":"Tamaulipas en l\u00ednea Reynosa, Tamaulipas.- La Secretar\u00eda de Seguridad P\u00fablica inform\u00f3 que la tarde de este martes rescat\u00f3 a 19 migrantes, tres de ellos menores de edad y cuatro mujeres, cuya intenci\u00f3n era cruzar hacia Estados Unidos. De acuerdo con reportes policiales, cerca de las 16:55 horas, tiempo local, elementos\u2026","rel":"","context":"En &quot;CINTILLO&quot;","block_context":{"text":"CINTILLO","link":"http:\/\/www.grieta.org.mx\/index.php\/category\/cintillo\/"},"img":{"alt_text":"","src":"https:\/\/i0.wp.com\/www.grieta.org.mx\/wp-content\/uploads\/2019\/06\/Rescatan-a-19-migrantes-en-Reynosa-Tamaulipas-jun.jpg?resize=350%2C200","width":350,"height":200,"srcset":"https:\/\/i0.wp.com\/www.grieta.org.mx\/wp-content\/uploads\/2019\/06\/Rescatan-a-19-migrantes-en-Reynosa-Tamaulipas-jun.jpg?resize=350%2C200 1x, https:\/\/i0.wp.com\/www.grieta.org.mx\/wp-content\/uploads\/2019\/06\/Rescatan-a-19-migrantes-en-Reynosa-Tamaulipas-jun.jpg?resize=525%2C300 1.5x, https:\/\/i0.wp.com\/www.grieta.org.mx\/wp-content\/uploads\/2019\/06\/Rescatan-a-19-migrantes-en-Reynosa-Tamaulipas-jun.jpg?resize=700%2C400 2x"},"classes":[]},{"id":40817,"url":"http:\/\/www.grieta.org.mx\/index.php\/2019\/10\/29\/solos-y-con-problemas-de-salud-llegan-ninos-migrantes-a-tamaulipas\/","url_meta":{"origin":33478,"position":5},"title":"Solos y con problemas de salud llegan ni\u00f1os migrantes a Tamaulipas","author":"grieta","date":"29 octubre, 2019","format":false,"excerpt":"Un promedio de cuatro mil 400 menores de edad migrantes han sido atendidos por autoridades en Tamaulipas Carlos Ju\u00e1rez\/El Heraldo de M\u00e9xico En Tamaulipas se han atendido a un promedio de cuatro mil 400 menores de edad migrantes que buscan el sue\u00f1o americano, llegan solos y con problemas de salud,\u2026","rel":"","context":"En &quot;CINTILLO&quot;","block_context":{"text":"CINTILLO","link":"http:\/\/www.grieta.org.mx\/index.php\/category\/cintillo\/"},"img":{"alt_text":"","src":"https:\/\/i0.wp.com\/www.grieta.org.mx\/wp-content\/uploads\/2019\/11\/migrantes.png?resize=350%2C200","width":350,"height":200,"srcset":"https:\/\/i0.wp.com\/www.grieta.org.mx\/wp-content\/uploads\/2019\/11\/migrantes.png?resize=350%2C200 1x, https:\/\/i0.wp.com\/www.grieta.org.mx\/wp-content\/uploads\/2019\/11\/migrantes.png?resize=525%2C300 1.5x"},"classes":[]}],"_links":{"self":[{"href":"http:\/\/www.grieta.org.mx\/index.php\/wp-json\/wp\/v2\/posts\/33478","targetHints":{"allow":["GET"]}}],"collection":[{"href":"http:\/\/www.grieta.org.mx\/index.php\/wp-json\/wp\/v2\/posts"}],"about":[{"href":"http:\/\/www.grieta.org.mx\/index.php\/wp-json\/wp\/v2\/types\/post"}],"author":[{"embeddable":true,"href":"http:\/\/www.grieta.org.mx\/index.php\/wp-json\/wp\/v2\/users\/2"}],"replies":[{"embeddable":true,"href":"http:\/\/www.grieta.org.mx\/index.php\/wp-json\/wp\/v2\/comments?post=33478"}],"version-history":[{"count":1,"href":"http:\/\/www.grieta.org.mx\/index.php\/wp-json\/wp\/v2\/posts\/33478\/revisions"}],"predecessor-version":[{"id":33480,"href":"http:\/\/www.grieta.org.mx\/index.php\/wp-json\/wp\/v2\/posts\/33478\/revisions\/33480"}],"wp:featuredmedia":[{"embeddable":true,"href":"http:\/\/www.grieta.org.mx\/index.php\/wp-json\/wp\/v2\/media\/33479"}],"wp:attachment":[{"href":"http:\/\/www.grieta.org.mx\/index.php\/wp-json\/wp\/v2\/media?parent=33478"}],"wp:term":[{"taxonomy":"category","embeddable":true,"href":"http:\/\/www.grieta.org.mx\/index.php\/wp-json\/wp\/v2\/categories?post=33478"},{"taxonomy":"post_tag","embeddable":true,"href":"http:\/\/www.grieta.org.mx\/index.php\/wp-json\/wp\/v2\/tags?post=33478"}],"curies":[{"name":"wp","href":"https:\/\/api.w.org\/{rel}","templated":true}]}}