{"id":33471,"date":"2019-05-13T21:01:22","date_gmt":"2019-05-14T02:01:22","guid":{"rendered":"http:\/\/www.grieta.org.mx\/?p=33471"},"modified":"2019-05-15T21:12:08","modified_gmt":"2019-05-16T02:12:08","slug":"de-vih-a-sida-por-desabasto-de-antirretrovirales-tamaulipas","status":"publish","type":"post","link":"http:\/\/www.grieta.org.mx\/index.php\/2019\/05\/13\/de-vih-a-sida-por-desabasto-de-antirretrovirales-tamaulipas\/","title":{"rendered":"De VIH a SIDA por desabasto de antirretrovirales (Tamaulipas)"},"content":{"rendered":"<p><img loading=\"lazy\" decoding=\"async\" data-attachment-id=\"33472\" data-permalink=\"http:\/\/www.grieta.org.mx\/index.php\/2019\/05\/13\/de-vih-a-sida-por-desabasto-de-antirretrovirales-tamaulipas\/de-vih-a-sida-tama-may\/\" data-orig-file=\"http:\/\/www.grieta.org.mx\/wp-content\/uploads\/2019\/05\/de-VIH-a-SIDA-tama-may.jpeg\" data-orig-size=\"3522,1831\" data-comments-opened=\"0\" data-image-meta=\"{&quot;aperture&quot;:&quot;0&quot;,&quot;credit&quot;:&quot;&quot;,&quot;camera&quot;:&quot;&quot;,&quot;caption&quot;:&quot;&quot;,&quot;created_timestamp&quot;:&quot;0&quot;,&quot;copyright&quot;:&quot;&quot;,&quot;focal_length&quot;:&quot;0&quot;,&quot;iso&quot;:&quot;0&quot;,&quot;shutter_speed&quot;:&quot;0&quot;,&quot;title&quot;:&quot;&quot;,&quot;orientation&quot;:&quot;0&quot;}\" data-image-title=\"de VIH a SIDA tama may\" data-image-description=\"\" data-image-caption=\"\" data-medium-file=\"http:\/\/www.grieta.org.mx\/wp-content\/uploads\/2019\/05\/de-VIH-a-SIDA-tama-may-300x156.jpeg\" data-large-file=\"http:\/\/www.grieta.org.mx\/wp-content\/uploads\/2019\/05\/de-VIH-a-SIDA-tama-may-1024x532.jpeg\" class=\"alignleft size-full wp-image-33472\" src=\"http:\/\/www.grieta.org.mx\/wp-content\/uploads\/2019\/05\/de-VIH-a-SIDA-tama-may.jpeg\" alt=\"\" width=\"3522\" height=\"1831\" srcset=\"http:\/\/www.grieta.org.mx\/wp-content\/uploads\/2019\/05\/de-VIH-a-SIDA-tama-may.jpeg 3522w, http:\/\/www.grieta.org.mx\/wp-content\/uploads\/2019\/05\/de-VIH-a-SIDA-tama-may-300x156.jpeg 300w, http:\/\/www.grieta.org.mx\/wp-content\/uploads\/2019\/05\/de-VIH-a-SIDA-tama-may-768x399.jpeg 768w, http:\/\/www.grieta.org.mx\/wp-content\/uploads\/2019\/05\/de-VIH-a-SIDA-tama-may-1024x532.jpeg 1024w, http:\/\/www.grieta.org.mx\/wp-content\/uploads\/2019\/05\/de-VIH-a-SIDA-tama-may-962x500.jpeg 962w\" sizes=\"auto, (max-width: 3522px) 100vw, 3522px\" \/><br \/>\nPatricia Azuara \/ CNT<\/p>\n<p>Cd. Victoria Tam.-El retraso de las licitaciones en materia de salud, en la Federaci\u00f3n, ya impacta el abasto en las entidades federativas; en el caso de Tamaulipas se ha cancelado la entrega de antirretrovirales provocando que al menos un paciente con VIH entr\u00f3 en periodo de SIDA en el municipio de Tampico.<\/p>\n<p>Ana Karen L\u00f3pez, presidenta de la Asociaci\u00f3n Tamaulipas Chida Trans, detall\u00f3 lo anterior al informar que desde hace dos meses al menos 600 portadores de VIH de la regi\u00f3n estaban en peligro por la falta de medicamentos.<\/p>\n<p>Hasta el momento se reporta el caso antes mencionado, reiter\u00f3, de una chica trans que tiene bajo su CD4, es decir sus defensas, por lo que est\u00e1 en proceso de SIDA, ante el desabasto de medicamentos.<\/p>\n<p>Sostuvo que adquirir de manera particular las medicinas resulta pr\u00e1cticamente imposible pues solamente en dos medicamentos se requiere al menos 32 mil pesos.<\/p>\n<p>El desabasto no solo es responsabilidad de la Federaci\u00f3n sino de la falta de previsi\u00f3n de la Secretar\u00eda de salud de Tamaulipas que enfrenta una crisis en materia de insumos desde hace mas de un a\u00f1o, poniendo en riesgo a pacientes con enfermedades cr\u00f3nicodegenerativas, C\u00e1ncer y ahora a pacientes con VIH.<\/p>\n<p><a href=\"https:\/\/cntamaulipas.mx\/2019\/05\/13\/de-vih-a-sida-por-desabasto-de-antirretrovirales\/\" target=\"_blank\" rel=\"noopener noreferrer\">https:\/\/cntamaulipas.mx\/2019\/05\/13\/de-vih-a-sida-por-desabasto-de-antirretrovirales\/<\/a><\/p>\n","protected":false},"excerpt":{"rendered":"<p>Patricia Azuara \/ CNT Cd. Victoria Tam.-El retraso de las licitaciones en materia de salud, en la Federaci\u00f3n, ya impacta el abasto en las entidades federativas; en el caso de &hellip; <a href=\"http:\/\/www.grieta.org.mx\/index.php\/2019\/05\/13\/de-vih-a-sida-por-desabasto-de-antirretrovirales-tamaulipas\/\" class=\"more-link\">Leer m\u00e1s<\/a><\/p>\n","protected":false},"author":2,"featured_media":33472,"comment_status":"closed","ping_status":"closed","sticky":false,"template":"","format":"standard","meta":{"ngg_post_thumbnail":0,"_jetpack_newsletter_access":"","_jetpack_dont_email_post_to_subs":false,"_jetpack_newsletter_tier_id":0,"_jetpack_memberships_contains_paywalled_content":false,"_jetpack_memberships_contains_paid_content":false,"footnotes":""},"categories":[80,2368,2,33],"tags":[2367,2366],"class_list":["post-33471","post","type-post","status-publish","format-standard","has-post-thumbnail","hentry","category-cintillo","category-crisis-del-sector-salud-en-tamaulipas","category-noticias-nacionales","category-tamaulipas","tag-crisis-en-el-sector-salud","tag-desabasto-de-medicinas","entry"],"jetpack_featured_media_url":"http:\/\/www.grieta.org.mx\/wp-content\/uploads\/2019\/05\/de-VIH-a-SIDA-tama-may.jpeg","jetpack_sharing_enabled":true,"jetpack_shortlink":"https:\/\/wp.me\/p7ZJR4-8HR","jetpack_likes_enabled":false,"jetpack-related-posts":[{"id":33182,"url":"http:\/\/www.grieta.org.mx\/index.php\/2019\/05\/06\/amenazan-en-altamira-con-llevar-a-muertos-por-sida-ante-amlo-tamaulipas\/","url_meta":{"origin":33471,"position":0},"title":"Amenazan en Altamira con llevar a muertos por SIDA ante AMLO (Tamaulipas)","author":"grieta","date":"6 mayo, 2019","format":false,"excerpt":"Carlos Ju\u00e1rez \/ Hoy Tamaulipas Se iniciar\u00e1 un amparo colectivo debido a que desde hace dos meses los pacientes con VIH carecen de antirretrovirales, se\u00f1al\u00f3 el presidente de la Asociaci\u00f3n Civil Tendremos Alas, Celso P\u00e9rez Altamira, Tamaulipas. - Asociaciones protectoras de personas con VIH\/SIDA en el sur de Tamaulipas, amenazan\u2026","rel":"","context":"En &quot;CINTILLO&quot;","block_context":{"text":"CINTILLO","link":"http:\/\/www.grieta.org.mx\/index.php\/category\/cintillo\/"},"img":{"alt_text":"","src":"https:\/\/i0.wp.com\/www.grieta.org.mx\/wp-content\/uploads\/2019\/05\/Amenazan-en-Altamira-con-llevar-a-muertos-por-tama-may.jpg?resize=350%2C200","width":350,"height":200,"srcset":"https:\/\/i0.wp.com\/www.grieta.org.mx\/wp-content\/uploads\/2019\/05\/Amenazan-en-Altamira-con-llevar-a-muertos-por-tama-may.jpg?resize=350%2C200 1x, https:\/\/i0.wp.com\/www.grieta.org.mx\/wp-content\/uploads\/2019\/05\/Amenazan-en-Altamira-con-llevar-a-muertos-por-tama-may.jpg?resize=525%2C300 1.5x, https:\/\/i0.wp.com\/www.grieta.org.mx\/wp-content\/uploads\/2019\/05\/Amenazan-en-Altamira-con-llevar-a-muertos-por-tama-may.jpg?resize=700%2C400 2x"},"classes":[]},{"id":33173,"url":"http:\/\/www.grieta.org.mx\/index.php\/2019\/05\/08\/discriminan-a-pacientes-con-vih-en-el-hospital-tamaulipas\/","url_meta":{"origin":33471,"position":1},"title":"Discriminan a pacientes con VIH en el Hospital (Tamaulipas)","author":"grieta","date":"8 mayo, 2019","format":false,"excerpt":"Erik Huerta \/ El Ma\u00f1ana Han presentado dos quejas ante la Codeht Tampico, Tam.- Dos quejas ante la Comisi\u00f3n de los Derechos Humanos de Tamaulipas (Codeht) han interpuesto integrantes de la Asociaci\u00f3n Diversidad Vihda Trans, en contra del Hospital Civil de Tampico, \"Dr. Carlos Canseco\", luego de que refieren que\u2026","rel":"","context":"En &quot;CINTILLO&quot;","block_context":{"text":"CINTILLO","link":"http:\/\/www.grieta.org.mx\/index.php\/category\/cintillo\/"},"img":{"alt_text":"","src":"https:\/\/i0.wp.com\/www.grieta.org.mx\/wp-content\/uploads\/2019\/05\/Discriminan-a-pacientes-con-VIH-en-el-Hospital-tama-may.jpg?resize=350%2C200","width":350,"height":200,"srcset":"https:\/\/i0.wp.com\/www.grieta.org.mx\/wp-content\/uploads\/2019\/05\/Discriminan-a-pacientes-con-VIH-en-el-Hospital-tama-may.jpg?resize=350%2C200 1x, https:\/\/i0.wp.com\/www.grieta.org.mx\/wp-content\/uploads\/2019\/05\/Discriminan-a-pacientes-con-VIH-en-el-Hospital-tama-may.jpg?resize=525%2C300 1.5x"},"classes":[]},{"id":33191,"url":"http:\/\/www.grieta.org.mx\/index.php\/2019\/05\/06\/preven-muerte-de-enfermos-con-vih-en-tamaulipas-por-falta-de-medicamentos\/","url_meta":{"origin":33471,"position":2},"title":"Prev\u00e9n muerte de enfermos con VIH en Tamaulipas por falta de medicamentos","author":"grieta","date":"6 mayo, 2019","format":false,"excerpt":"Carlos Ju\u00e1rez \/ Hoy Tamaulipas Es urgente que el Gobierno Federal dote de los f\u00e1rmacos a trav\u00e9s del Seguro Popular, debido a que estos pacientes pueden ser v\u00edctimas de una infecci\u00f3n oportunista Altamira, Tamaulipas. - La muerte de cientos de pacientes enfermos con el Virus de Inmunodeficiencia Humana (VIH) se\u2026","rel":"","context":"En &quot;CINTILLO&quot;","block_context":{"text":"CINTILLO","link":"http:\/\/www.grieta.org.mx\/index.php\/category\/cintillo\/"},"img":{"alt_text":"","src":"https:\/\/i0.wp.com\/www.grieta.org.mx\/wp-content\/uploads\/2019\/05\/Prev%C3%A9n-muerte-de-enfermos-con-VIH-en-Tamaulipas-may.jpg?resize=350%2C200","width":350,"height":200,"srcset":"https:\/\/i0.wp.com\/www.grieta.org.mx\/wp-content\/uploads\/2019\/05\/Prev%C3%A9n-muerte-de-enfermos-con-VIH-en-Tamaulipas-may.jpg?resize=350%2C200 1x, https:\/\/i0.wp.com\/www.grieta.org.mx\/wp-content\/uploads\/2019\/05\/Prev%C3%A9n-muerte-de-enfermos-con-VIH-en-Tamaulipas-may.jpg?resize=525%2C300 1.5x, https:\/\/i0.wp.com\/www.grieta.org.mx\/wp-content\/uploads\/2019\/05\/Prev%C3%A9n-muerte-de-enfermos-con-VIH-en-Tamaulipas-may.jpg?resize=700%2C400 2x"},"classes":[]},{"id":40795,"url":"http:\/\/www.grieta.org.mx\/index.php\/2019\/10\/28\/repuntan-hasta-300-fallecimientos-por-vih-tamaulipas\/","url_meta":{"origin":33471,"position":3},"title":"Repuntan hasta 300% fallecimientos por VIH (Tamaulipas)","author":"grieta","date":"28 octubre, 2019","format":false,"excerpt":"La asociaci\u00f3n Tamaulipas VidaTrans dio a conocer que se han retrasado el medicamento para 170 personas diagnosticadas en este a\u00f1o. https:\/\/www.milenio.com\/ciencia-y-salud\/tamaulipas-repuntan-hasta-300-fallecimientos-por-vih Pablo Reyes\/Milenio 28 octubre 2019 Se incrementa hasta en un 300% el fallecimiento de personas con VIH del a\u00f1o pasado a la fecha, debido al constante retraso de medicamentos\u2026","rel":"","context":"En &quot;CINTILLO&quot;","block_context":{"text":"CINTILLO","link":"http:\/\/www.grieta.org.mx\/index.php\/category\/cintillo\/"},"img":{"alt_text":"","src":"https:\/\/i0.wp.com\/www.grieta.org.mx\/wp-content\/uploads\/2019\/11\/mutacion-genetica-pista-cura-vih_0_18_800_498.jpg?resize=350%2C200","width":350,"height":200,"srcset":"https:\/\/i0.wp.com\/www.grieta.org.mx\/wp-content\/uploads\/2019\/11\/mutacion-genetica-pista-cura-vih_0_18_800_498.jpg?resize=350%2C200 1x, https:\/\/i0.wp.com\/www.grieta.org.mx\/wp-content\/uploads\/2019\/11\/mutacion-genetica-pista-cura-vih_0_18_800_498.jpg?resize=525%2C300 1.5x, https:\/\/i0.wp.com\/www.grieta.org.mx\/wp-content\/uploads\/2019\/11\/mutacion-genetica-pista-cura-vih_0_18_800_498.jpg?resize=700%2C400 2x"},"classes":[]},{"id":40539,"url":"http:\/\/www.grieta.org.mx\/index.php\/2019\/10\/25\/acusan-desabasto-de-farmaco-por-vih-en-tamaulipas\/","url_meta":{"origin":33471,"position":4},"title":"Acusan desabasto de f\u00e1rmaco por VIH en Tamaulipas","author":"grieta","date":"25 octubre, 2019","format":false,"excerpt":"El IMSS de la delegaci\u00f3n Tampico tiene a unas 300 personas portadoras de VIH bajo este esquema de tratamiento. Agencia Reforma\/El Imparcial TAMPICO, Tamaulipas.-Derechohabientes del IMSS en el sur de Tamaulipas denunciaron ayer el desabasto del medicamento denominado truvada, utilizado junto con el f\u00e1rmaco efavirenz, como parte del tratamiento antirretroviral\u2026","rel":"","context":"En &quot;Crisis del sector salud&quot;","block_context":{"text":"Crisis del sector salud","link":"http:\/\/www.grieta.org.mx\/index.php\/category\/temas-nacionales\/privatizacion-del-sector-salud\/"},"img":{"alt_text":"","src":"https:\/\/i0.wp.com\/www.grieta.org.mx\/wp-content\/uploads\/2019\/10\/medicamento-sida.jpg?resize=350%2C200","width":350,"height":200,"srcset":"https:\/\/i0.wp.com\/www.grieta.org.mx\/wp-content\/uploads\/2019\/10\/medicamento-sida.jpg?resize=350%2C200 1x, https:\/\/i0.wp.com\/www.grieta.org.mx\/wp-content\/uploads\/2019\/10\/medicamento-sida.jpg?resize=525%2C300 1.5x, https:\/\/i0.wp.com\/www.grieta.org.mx\/wp-content\/uploads\/2019\/10\/medicamento-sida.jpg?resize=700%2C400 2x"},"classes":[]},{"id":42375,"url":"http:\/\/www.grieta.org.mx\/index.php\/2019\/12\/19\/denuncian-falta-de-antirretrovirales-en-el-imss-jalisco\/","url_meta":{"origin":33471,"position":5},"title":"Denuncian falta de antirretrovirales en el IMSS Jalisco","author":"grieta","date":"19 diciembre, 2019","format":false,"excerpt":"Las cl\u00ednicas donde han encontrado desabasto son 45, 46, 110 y 180, ubicadas en Guadalajara y Tlajomulco de Z\u00fa\u00f1iga Foto: Antonio Miramontes Viridiana Saavedra \/ El Occidental Desde hace mes y medio hay desabasto de antirretrovirales en el Instituto Mexicano del Seguro Social (IMSS), informaron miembros de organismos que colaboran\u2026","rel":"","context":"En &quot;CINTILLO&quot;","block_context":{"text":"CINTILLO","link":"http:\/\/www.grieta.org.mx\/index.php\/category\/cintillo\/"},"img":{"alt_text":"","src":"https:\/\/i0.wp.com\/www.grieta.org.mx\/wp-content\/uploads\/2019\/12\/WhatsApp-Image-2019-12-19-at-11.31.08.jpeg?resize=350%2C200","width":350,"height":200,"srcset":"https:\/\/i0.wp.com\/www.grieta.org.mx\/wp-content\/uploads\/2019\/12\/WhatsApp-Image-2019-12-19-at-11.31.08.jpeg?resize=350%2C200 1x, https:\/\/i0.wp.com\/www.grieta.org.mx\/wp-content\/uploads\/2019\/12\/WhatsApp-Image-2019-12-19-at-11.31.08.jpeg?resize=525%2C300 1.5x, https:\/\/i0.wp.com\/www.grieta.org.mx\/wp-content\/uploads\/2019\/12\/WhatsApp-Image-2019-12-19-at-11.31.08.jpeg?resize=700%2C400 2x"},"classes":[]}],"_links":{"self":[{"href":"http:\/\/www.grieta.org.mx\/index.php\/wp-json\/wp\/v2\/posts\/33471","targetHints":{"allow":["GET"]}}],"collection":[{"href":"http:\/\/www.grieta.org.mx\/index.php\/wp-json\/wp\/v2\/posts"}],"about":[{"href":"http:\/\/www.grieta.org.mx\/index.php\/wp-json\/wp\/v2\/types\/post"}],"author":[{"embeddable":true,"href":"http:\/\/www.grieta.org.mx\/index.php\/wp-json\/wp\/v2\/users\/2"}],"replies":[{"embeddable":true,"href":"http:\/\/www.grieta.org.mx\/index.php\/wp-json\/wp\/v2\/comments?post=33471"}],"version-history":[{"count":1,"href":"http:\/\/www.grieta.org.mx\/index.php\/wp-json\/wp\/v2\/posts\/33471\/revisions"}],"predecessor-version":[{"id":33473,"href":"http:\/\/www.grieta.org.mx\/index.php\/wp-json\/wp\/v2\/posts\/33471\/revisions\/33473"}],"wp:featuredmedia":[{"embeddable":true,"href":"http:\/\/www.grieta.org.mx\/index.php\/wp-json\/wp\/v2\/media\/33472"}],"wp:attachment":[{"href":"http:\/\/www.grieta.org.mx\/index.php\/wp-json\/wp\/v2\/media?parent=33471"}],"wp:term":[{"taxonomy":"category","embeddable":true,"href":"http:\/\/www.grieta.org.mx\/index.php\/wp-json\/wp\/v2\/categories?post=33471"},{"taxonomy":"post_tag","embeddable":true,"href":"http:\/\/www.grieta.org.mx\/index.php\/wp-json\/wp\/v2\/tags?post=33471"}],"curies":[{"name":"wp","href":"https:\/\/api.w.org\/{rel}","templated":true}]}}