{"id":33450,"date":"2019-05-14T04:56:45","date_gmt":"2019-05-14T09:56:45","guid":{"rendered":"http:\/\/www.grieta.org.mx\/?p=33450"},"modified":"2019-05-15T05:11:57","modified_gmt":"2019-05-15T10:11:57","slug":"planton-de-trabajadores-del-inah-campeche","status":"publish","type":"post","link":"http:\/\/www.grieta.org.mx\/index.php\/2019\/05\/14\/planton-de-trabajadores-del-inah-campeche\/","title":{"rendered":"Plant\u00f3n de trabajadores del INAH Campeche"},"content":{"rendered":"<p><img loading=\"lazy\" decoding=\"async\" data-attachment-id=\"33451\" data-permalink=\"http:\/\/www.grieta.org.mx\/index.php\/2019\/05\/14\/planton-de-trabajadores-del-inah-campeche\/plantoninah\/\" data-orig-file=\"http:\/\/www.grieta.org.mx\/wp-content\/uploads\/2019\/05\/PlantonInah.png\" data-orig-size=\"403,113\" data-comments-opened=\"0\" data-image-meta=\"{&quot;aperture&quot;:&quot;0&quot;,&quot;credit&quot;:&quot;&quot;,&quot;camera&quot;:&quot;&quot;,&quot;caption&quot;:&quot;&quot;,&quot;created_timestamp&quot;:&quot;0&quot;,&quot;copyright&quot;:&quot;&quot;,&quot;focal_length&quot;:&quot;0&quot;,&quot;iso&quot;:&quot;0&quot;,&quot;shutter_speed&quot;:&quot;0&quot;,&quot;title&quot;:&quot;&quot;,&quot;orientation&quot;:&quot;0&quot;}\" data-image-title=\"PlantonInah\" data-image-description=\"\" data-image-caption=\"\" data-medium-file=\"http:\/\/www.grieta.org.mx\/wp-content\/uploads\/2019\/05\/PlantonInah-300x84.png\" data-large-file=\"http:\/\/www.grieta.org.mx\/wp-content\/uploads\/2019\/05\/PlantonInah.png\" src=\"http:\/\/www.grieta.org.mx\/wp-content\/uploads\/2019\/05\/PlantonInah.png\" alt=\"\" width=\"403\" height=\"113\" class=\"alignleft size-full wp-image-33451\" srcset=\"http:\/\/www.grieta.org.mx\/wp-content\/uploads\/2019\/05\/PlantonInah.png 403w, http:\/\/www.grieta.org.mx\/wp-content\/uploads\/2019\/05\/PlantonInah-300x84.png 300w\" sizes=\"auto, (max-width: 403px) 100vw, 403px\" \/><\/p>\n<div class=\"jetpack-video-wrapper\"><iframe loading=\"lazy\" title=\"Plant\u00f3n de trabajadores del INAH Campeche\" width=\"1170\" height=\"658\" src=\"https:\/\/www.youtube.com\/embed\/Ros0GzLEyYg?feature=oembed\" frameborder=\"0\" allow=\"accelerometer; autoplay; clipboard-write; encrypted-media; gyroscope; picture-in-picture\" allowfullscreen><\/iframe><\/div>\n<p>Francelly Amayrani Pat Le\u00f3n\/Canal 10<br \/>\nCampeche.-  Con pancartas y consignas verbales los trabajadores sindicalizados del Instituto Nacional de Antropolog\u00eda e Historia de Campeche realizaron un plant\u00f3n como parte de las acciones del plan de acci\u00f3n de su dirigencia sindical nacional para exigir el cumplimiento de su pliego de peticiones.<\/p>\n<p>La protesta que se llev\u00f3 al cabo desde las 10 horas que fue encabezada por Jovita Dom\u00ednguez Le\u00f3n, delegada sindical de los trabajadores del INAH, quien declar\u00f3 que las autoridades de cultura a nivel nacional, no respetan las minutas de acuerdo firmados con el sindicato, la principal molestia que da pie a la protesta est\u00e1 relacionada con las prestaciones de los trabajadores sindicalizados, pues exigen que se respete la profesionalizaci\u00f3n por grado acad\u00e9mico de los agremiados en ese organismo sindical.<\/p>\n<p> Se\u00f1al\u00f3 que la dirigencia nacional se reuni\u00f3 con los funcionarios del Instituto Nacional de Antropolog\u00eda e Historia encabezados por el director general, antrop\u00f3logo Diego Prieto, y advirtieron que si no hay soluci\u00f3n o respuesta positiva a sus exigencias continuaran con las manifestaciones hasta que esto se convoque y se convierta en un paro nacional escalonado.<\/p>\n<p><a href=\"https:\/\/noticias.canal10.tv\/nota\/sociales\/planton-de-trabajadores-del-inah-campeche-2018-03-14\" rel=\"noopener noreferrer\" target=\"_blank\">https:\/\/noticias.canal10.tv\/nota\/sociales\/planton-de-trabajadores-del-inah-campeche-2018-03-14<\/a><\/p>\n","protected":false},"excerpt":{"rendered":"<p>Francelly Amayrani Pat Le\u00f3n\/Canal 10 Campeche.- Con pancartas y consignas verbales los trabajadores sindicalizados del Instituto Nacional de Antropolog\u00eda e Historia de Campeche realizaron un plant\u00f3n como parte de las &hellip; <a href=\"http:\/\/www.grieta.org.mx\/index.php\/2019\/05\/14\/planton-de-trabajadores-del-inah-campeche\/\" class=\"more-link\">Leer m\u00e1s<\/a><\/p>\n","protected":false},"author":2,"featured_media":33451,"comment_status":"closed","ping_status":"closed","sticky":false,"template":"","format":"standard","meta":{"ngg_post_thumbnail":0,"_jetpack_newsletter_access":"","_jetpack_dont_email_post_to_subs":false,"_jetpack_newsletter_tier_id":0,"_jetpack_memberships_contains_paywalled_content":false,"_jetpack_memberships_contains_paid_content":false,"footnotes":""},"categories":[11,80,1040,2],"tags":[105,208],"class_list":["post-33450","post","type-post","status-publish","format-standard","has-post-thumbnail","hentry","category-campeche","category-cintillo","category-conflictos-laborales-en-campeche","category-noticias-nacionales","tag-derechos-laborales","tag-inah","entry"],"jetpack_featured_media_url":"http:\/\/www.grieta.org.mx\/wp-content\/uploads\/2019\/05\/PlantonInah.png","jetpack_sharing_enabled":true,"jetpack_shortlink":"https:\/\/wp.me\/p7ZJR4-8Hw","jetpack_likes_enabled":false,"jetpack-related-posts":[{"id":65118,"url":"http:\/\/www.grieta.org.mx\/index.php\/2022\/09\/09\/sindicalizados-del-inah-campeche-se-suman-a-paro-nacional-cerrarian-zonas-arqueologicas\/","url_meta":{"origin":33450,"position":0},"title":"Sindicalizados del INAH Campeche se suman a paro nacional; cerrar\u00edan zonas arqueol\u00f3gicas","author":"grieta","date":"9 septiembre, 2022","format":false,"excerpt":"Por Esto! Los 82 sindicalizados del Instituto Nacional de Antropolog\u00eda e Historia (INAH) en Campeche pararon labores en apoyo a la manifestaci\u00f3n nacional, por lo que no habr\u00e1 atenci\u00f3n al p\u00fablico hasta el lunes; por su parte el Secretario General, Pedro Samuel Dzul Moo, advirti\u00f3 que de no haber acuerdos\u2026","rel":"","context":"En &quot;Campeche&quot;","block_context":{"text":"Campeche","link":"http:\/\/www.grieta.org.mx\/index.php\/category\/noticias-nacionales\/campeche\/"},"img":{"alt_text":"","src":"https:\/\/i0.wp.com\/www.grieta.org.mx\/wp-content\/uploads\/2022\/09\/TrabajadoresINAH-e1662744398783.jpeg?resize=350%2C200","width":350,"height":200,"srcset":"https:\/\/i0.wp.com\/www.grieta.org.mx\/wp-content\/uploads\/2022\/09\/TrabajadoresINAH-e1662744398783.jpeg?resize=350%2C200 1x, https:\/\/i0.wp.com\/www.grieta.org.mx\/wp-content\/uploads\/2022\/09\/TrabajadoresINAH-e1662744398783.jpeg?resize=525%2C300 1.5x, https:\/\/i0.wp.com\/www.grieta.org.mx\/wp-content\/uploads\/2022\/09\/TrabajadoresINAH-e1662744398783.jpeg?resize=700%2C400 2x"},"classes":[]},{"id":19405,"url":"http:\/\/www.grieta.org.mx\/index.php\/2016\/08\/12\/plantean-demandas-empleados-del-inah-campeche\/","url_meta":{"origin":33450,"position":1},"title":"Plantean demandas empleados del INAH (Campeche)","author":"grieta","date":"12 agosto, 2016","format":false,"excerpt":"Como muestra de apoyo que a nivel nacional exige se respeten los derechos de los agremiados al Sindicato Nacional Democr\u00e1tico de Trabajadores de la Secretar\u00eda de Cultura (SNDTSC), algunos empleados se manifestaron pac\u00edficamente en las puertas del Instituto Nacional de Antropolog\u00eda e Historia (INAH), donde pidieron la regularizaci\u00f3n de promociones\u2026","rel":"","context":"En &quot;Campeche&quot;","block_context":{"text":"Campeche","link":"http:\/\/www.grieta.org.mx\/index.php\/category\/noticias-nacionales\/campeche\/"},"img":{"alt_text":"","src":"https:\/\/i0.wp.com\/www.grieta.org.mx\/wp-content\/uploads\/2018\/03\/14524434_1106112876131411_958039263622046936_o.jpg?resize=350%2C200","width":350,"height":200,"srcset":"https:\/\/i0.wp.com\/www.grieta.org.mx\/wp-content\/uploads\/2018\/03\/14524434_1106112876131411_958039263622046936_o.jpg?resize=350%2C200 1x, https:\/\/i0.wp.com\/www.grieta.org.mx\/wp-content\/uploads\/2018\/03\/14524434_1106112876131411_958039263622046936_o.jpg?resize=525%2C300 1.5x, https:\/\/i0.wp.com\/www.grieta.org.mx\/wp-content\/uploads\/2018\/03\/14524434_1106112876131411_958039263622046936_o.jpg?resize=700%2C400 2x"},"classes":[]},{"id":69786,"url":"http:\/\/www.grieta.org.mx\/index.php\/2024\/09\/09\/sindicalizados-del-ayuntamiento-de-campeche-protestan-ante-los-despidos-injustificados\/","url_meta":{"origin":33450,"position":2},"title":"Sindicalizados del Ayuntamiento de Campeche protestan ante los despidos injustificados","author":"grieta","date":"9 septiembre, 2024","format":false,"excerpt":"Wilbert Casanova Villamonte \/ Por Esto! Una fracci\u00f3n del Sindicato \u00danico de Trabajadores al Servicio del Gobierno Municipal (Sutsgm), presidida por Luis Fernando Chab Ruiz, llev\u00f3 a cabo una protesta en la sede del Ayuntamiento de Campeche. La manifestaci\u00f3n se centr\u00f3 en la demanda de que cesen los despidos que\u2026","rel":"","context":"En &quot;Campeche&quot;","block_context":{"text":"Campeche","link":"http:\/\/www.grieta.org.mx\/index.php\/category\/noticias-nacionales\/campeche\/"},"img":{"alt_text":"","src":"https:\/\/i0.wp.com\/www.grieta.org.mx\/wp-content\/uploads\/2024\/09\/Despidos-e1727142053526.jpg?resize=350%2C200","width":350,"height":200,"srcset":"https:\/\/i0.wp.com\/www.grieta.org.mx\/wp-content\/uploads\/2024\/09\/Despidos-e1727142053526.jpg?resize=350%2C200 1x, https:\/\/i0.wp.com\/www.grieta.org.mx\/wp-content\/uploads\/2024\/09\/Despidos-e1727142053526.jpg?resize=525%2C300 1.5x, https:\/\/i0.wp.com\/www.grieta.org.mx\/wp-content\/uploads\/2024\/09\/Despidos-e1727142053526.jpg?resize=700%2C400 2x"},"classes":[]},{"id":41232,"url":"http:\/\/www.grieta.org.mx\/index.php\/2019\/11\/16\/mal-fin-a-trabajadores-del-issste-campeche\/","url_meta":{"origin":33450,"position":3},"title":"\u201cMal Fin\u201d a trabajadores del Issste (Campeche)","author":"grieta","date":"16 noviembre, 2019","format":false,"excerpt":"Karina G\u00f3mez \/ Fotos: Lucio Blanco \/ PorEsto! No les depositaron parte de sus aguinaldos prevista en el marco del \u201cBuen Fin\u201d \/ Se sumaron a la protesta nacional \/ Es la \u00fanica instituci\u00f3n que no erog\u00f3 los recursos \/ Encuentran ac\u00e9fala la delegaci\u00f3n de Campeche M\u00e1s de 700 trabajadores\u2026","rel":"","context":"En &quot;Campeche&quot;","block_context":{"text":"Campeche","link":"http:\/\/www.grieta.org.mx\/index.php\/category\/noticias-nacionales\/campeche\/"},"img":{"alt_text":"","src":"https:\/\/i0.wp.com\/www.grieta.org.mx\/wp-content\/uploads\/2019\/11\/15SITE1.jpg?resize=350%2C200","width":350,"height":200,"srcset":"https:\/\/i0.wp.com\/www.grieta.org.mx\/wp-content\/uploads\/2019\/11\/15SITE1.jpg?resize=350%2C200 1x, https:\/\/i0.wp.com\/www.grieta.org.mx\/wp-content\/uploads\/2019\/11\/15SITE1.jpg?resize=525%2C300 1.5x, https:\/\/i0.wp.com\/www.grieta.org.mx\/wp-content\/uploads\/2019\/11\/15SITE1.jpg?resize=700%2C400 2x"},"classes":[]},{"id":22167,"url":"http:\/\/www.grieta.org.mx\/index.php\/2018\/03\/14\/amenazan-con-paro-laboral-durante-asueto-campeche\/","url_meta":{"origin":33450,"position":4},"title":"Amenazan con paro laboral durante asueto (Campeche)","author":"grieta","date":"14 marzo, 2018","format":false,"excerpt":"Para unirse a los paros escalonados en la zona sur del pa\u00eds, la delegaci\u00f3n del Instituto Nacional de Antropolog\u00eda e Historia (INAH) se manifest\u00f3 afuera del Palacio Municipal. Trabajadores amenazan que en caso que la Direcci\u00f3n General no respete sus derechos, dejar\u00e1n de laborar en el periodo vacacional. Desde muy\u2026","rel":"","context":"En &quot;Campeche&quot;","block_context":{"text":"Campeche","link":"http:\/\/www.grieta.org.mx\/index.php\/category\/noticias-nacionales\/campeche\/"},"img":{"alt_text":"","src":"https:\/\/i0.wp.com\/www.grieta.org.mx\/wp-content\/uploads\/2018\/03\/InahProtesta.png?resize=350%2C200","width":350,"height":200,"srcset":"https:\/\/i0.wp.com\/www.grieta.org.mx\/wp-content\/uploads\/2018\/03\/InahProtesta.png?resize=350%2C200 1x, https:\/\/i0.wp.com\/www.grieta.org.mx\/wp-content\/uploads\/2018\/03\/InahProtesta.png?resize=525%2C300 1.5x, https:\/\/i0.wp.com\/www.grieta.org.mx\/wp-content\/uploads\/2018\/03\/InahProtesta.png?resize=700%2C400 2x"},"classes":[]},{"id":1705,"url":"http:\/\/www.grieta.org.mx\/index.php\/2015\/07\/10\/protestan-trabajadores-del-inah-para-exigir-mejoras-laborales\/","url_meta":{"origin":33450,"position":5},"title":"Protestan trabajadores del INAH para exigir mejoras laborales","author":"grieta","date":"10 julio, 2015","format":false,"excerpt":"Noticias. Benjam\u00edn M\u00e9ndez, Oaxaca.- Trabajadores sindicalizados del Instituto Nacional de Antropolog\u00eda e Historia (INAH) en Oaxaca pararon labores este d\u00eda para exigir mejores condiciones laborales y aumentos salariales. La protesta se realiza paralelamente en las delegaciones del INAH de todo el pa\u00eds. Entre las demandas de los trabajadores est\u00e1 la\u2026","rel":"","context":"En &quot;CINTILLO&quot;","block_context":{"text":"CINTILLO","link":"http:\/\/www.grieta.org.mx\/index.php\/category\/cintillo\/"},"img":{"alt_text":"","src":"https:\/\/i0.wp.com\/www.grieta.org.mx\/wp-content\/uploads\/2018\/03\/14524434_1106112876131411_958039263622046936_o.jpg?resize=350%2C200","width":350,"height":200,"srcset":"https:\/\/i0.wp.com\/www.grieta.org.mx\/wp-content\/uploads\/2018\/03\/14524434_1106112876131411_958039263622046936_o.jpg?resize=350%2C200 1x, https:\/\/i0.wp.com\/www.grieta.org.mx\/wp-content\/uploads\/2018\/03\/14524434_1106112876131411_958039263622046936_o.jpg?resize=525%2C300 1.5x, https:\/\/i0.wp.com\/www.grieta.org.mx\/wp-content\/uploads\/2018\/03\/14524434_1106112876131411_958039263622046936_o.jpg?resize=700%2C400 2x"},"classes":[]}],"_links":{"self":[{"href":"http:\/\/www.grieta.org.mx\/index.php\/wp-json\/wp\/v2\/posts\/33450","targetHints":{"allow":["GET"]}}],"collection":[{"href":"http:\/\/www.grieta.org.mx\/index.php\/wp-json\/wp\/v2\/posts"}],"about":[{"href":"http:\/\/www.grieta.org.mx\/index.php\/wp-json\/wp\/v2\/types\/post"}],"author":[{"embeddable":true,"href":"http:\/\/www.grieta.org.mx\/index.php\/wp-json\/wp\/v2\/users\/2"}],"replies":[{"embeddable":true,"href":"http:\/\/www.grieta.org.mx\/index.php\/wp-json\/wp\/v2\/comments?post=33450"}],"version-history":[{"count":1,"href":"http:\/\/www.grieta.org.mx\/index.php\/wp-json\/wp\/v2\/posts\/33450\/revisions"}],"predecessor-version":[{"id":33452,"href":"http:\/\/www.grieta.org.mx\/index.php\/wp-json\/wp\/v2\/posts\/33450\/revisions\/33452"}],"wp:featuredmedia":[{"embeddable":true,"href":"http:\/\/www.grieta.org.mx\/index.php\/wp-json\/wp\/v2\/media\/33451"}],"wp:attachment":[{"href":"http:\/\/www.grieta.org.mx\/index.php\/wp-json\/wp\/v2\/media?parent=33450"}],"wp:term":[{"taxonomy":"category","embeddable":true,"href":"http:\/\/www.grieta.org.mx\/index.php\/wp-json\/wp\/v2\/categories?post=33450"},{"taxonomy":"post_tag","embeddable":true,"href":"http:\/\/www.grieta.org.mx\/index.php\/wp-json\/wp\/v2\/tags?post=33450"}],"curies":[{"name":"wp","href":"https:\/\/api.w.org\/{rel}","templated":true}]}}