{"id":33406,"date":"2019-05-11T23:43:16","date_gmt":"2019-05-12T04:43:16","guid":{"rendered":"http:\/\/www.grieta.org.mx\/?p=33406"},"modified":"2019-05-13T23:48:29","modified_gmt":"2019-05-14T04:48:29","slug":"se-ubica-michoacan-en-el-segundo-lugar-en-incendios-forestales","status":"publish","type":"post","link":"http:\/\/www.grieta.org.mx\/index.php\/2019\/05\/11\/se-ubica-michoacan-en-el-segundo-lugar-en-incendios-forestales\/","title":{"rendered":"Se ubica Michoac\u00e1n en el segundo lugar en incendios forestales"},"content":{"rendered":"<figure id=\"attachment_33408\" aria-describedby=\"caption-attachment-33408\" style=\"width: 1024px\" class=\"wp-caption aligncenter\"><img loading=\"lazy\" decoding=\"async\" data-attachment-id=\"33408\" data-permalink=\"http:\/\/www.grieta.org.mx\/index.php\/2019\/05\/11\/se-ubica-michoacan-en-el-segundo-lugar-en-incendios-forestales\/fbb61be0-6bf0-468c-910b-49046513e28d\/\" data-orig-file=\"http:\/\/www.grieta.org.mx\/wp-content\/uploads\/2019\/05\/fbb61be0-6bf0-468c-910b-49046513e28d.jpg\" data-orig-size=\"1068,601\" data-comments-opened=\"0\" data-image-meta=\"{&quot;aperture&quot;:&quot;0&quot;,&quot;credit&quot;:&quot;&quot;,&quot;camera&quot;:&quot;&quot;,&quot;caption&quot;:&quot;&quot;,&quot;created_timestamp&quot;:&quot;0&quot;,&quot;copyright&quot;:&quot;&quot;,&quot;focal_length&quot;:&quot;0&quot;,&quot;iso&quot;:&quot;0&quot;,&quot;shutter_speed&quot;:&quot;0&quot;,&quot;title&quot;:&quot;&quot;,&quot;orientation&quot;:&quot;0&quot;}\" data-image-title=\"fbb61be0-6bf0-468c-910b-49046513e28d\" data-image-description=\"\" data-image-caption=\"&lt;p&gt;Foro: Contramuro&lt;\/p&gt;\n\" data-medium-file=\"http:\/\/www.grieta.org.mx\/wp-content\/uploads\/2019\/05\/fbb61be0-6bf0-468c-910b-49046513e28d-300x169.jpg\" data-large-file=\"http:\/\/www.grieta.org.mx\/wp-content\/uploads\/2019\/05\/fbb61be0-6bf0-468c-910b-49046513e28d-1024x576.jpg\" class=\"wp-image-33408 size-large\" src=\"http:\/\/www.grieta.org.mx\/wp-content\/uploads\/2019\/05\/fbb61be0-6bf0-468c-910b-49046513e28d-1024x576.jpg\" alt=\"\" width=\"1024\" height=\"576\" srcset=\"http:\/\/www.grieta.org.mx\/wp-content\/uploads\/2019\/05\/fbb61be0-6bf0-468c-910b-49046513e28d-1024x576.jpg 1024w, http:\/\/www.grieta.org.mx\/wp-content\/uploads\/2019\/05\/fbb61be0-6bf0-468c-910b-49046513e28d-300x169.jpg 300w, http:\/\/www.grieta.org.mx\/wp-content\/uploads\/2019\/05\/fbb61be0-6bf0-468c-910b-49046513e28d-768x432.jpg 768w, http:\/\/www.grieta.org.mx\/wp-content\/uploads\/2019\/05\/fbb61be0-6bf0-468c-910b-49046513e28d-889x500.jpg 889w, http:\/\/www.grieta.org.mx\/wp-content\/uploads\/2019\/05\/fbb61be0-6bf0-468c-910b-49046513e28d.jpg 1068w\" sizes=\"auto, (max-width: 1024px) 100vw, 1024px\" \/><figcaption id=\"caption-attachment-33408\" class=\"wp-caption-text\">Foro: Contramuro<\/figcaption><\/figure>\n<blockquote><p>En el \u00faltimo corte de la Comisi\u00f3n Nacional Forestal, la entidad registra 526 incendios forestales<\/p><\/blockquote>\n<p>Ireri Pi\u00f1a, Contramuro, 11 de mayo de 2019<\/p>\n<p>Morelia, Michoac\u00e1n.- Son 526 incendios forestales los que registra Michoac\u00e1n hasta el 10 de mayo de este a\u00f1o, seg\u00fan datos de la Comisi\u00f3n Nacional Forestal, con una superficie afectada de siete mil 445 hect\u00e1reas siniestradas, lo que ubica a la entidad como la segunda a nivel nacional con mayor n\u00famero de incendios forestales.<\/p>\n<p>El municipio de Morelia continua a la cabeza con 74 incendios forestales, seguido de Uruapan con 58, P\u00e1tzcuaro con 37, Ario de Rosales con 34, Ciudad Hidalgo con 26 al igual que Paracho, Ziracuaretiro reporta 21 incendios forestales, Coalcom\u00e1n 19, Coeneo y Salvador Escalante 13 cada uno y 205 m\u00e1s en otras demarcaciones.<\/p>\n<p>En tanto, la superficie afectada por estos incendios tambi\u00e9n ubica a Morelia como el municipio con mayor n\u00famero de hect\u00e1reas siniestradas con mil 456, seguido de Coalcom\u00e1n con mil 339, despu\u00e9s Aguililla con 536, Tuxpan con 479, Chilchota con 422, Coeneo con 298, Uruapan con 298, La Huacana con 261 hect\u00e1reas afectadas, Tac\u00e1mbaro con 255 y Ario de Rosales con 149.<\/p>\n<p>La bit\u00e1cora destaca que el 42 por ciento del total de los incendios forestales en Michoac\u00e1n son provocados por el hombre, mientras que el 23 por ciento por actividades agr\u00edcolas (quemas controladas) el 10 por ciento por fumadores que dejan colillas encendidas en lugares donde el viento y el efecto lupa facilitan la generaci\u00f3n de fuego, el seis por ciento son por fogatas y el 19 por ciento restante, se desconocen las causas.<\/p>\n<p>Michoac\u00e1n, se ubica en el segundo lugar con mayor n\u00famero de incendios forestales a nivel nacional y en cuanto a la superficie afectada ocupa el lugar n\u00famero ocho; los datos que arroja la bit\u00e1cora de la Conafor, reflejan que el n\u00famero de incendios es 1.7 por ciento menor que el a\u00f1o pasado en la misma temporalidad y un 31 por ciento menos de superficie siniestrada.<\/p>\n<p>A nivel nacional el acumulado de incendios forestales reporta tres mil 923 y m\u00e1s de 118 mil hect\u00e1reas que se han visto afectadas por estos eventos.<\/p>\n","protected":false},"excerpt":{"rendered":"<p>En el \u00faltimo corte de la Comisi\u00f3n Nacional Forestal, la entidad registra 526 incendios forestales Ireri Pi\u00f1a, Contramuro, 11 de mayo de 2019 Morelia, Michoac\u00e1n.- Son 526 incendios forestales los &hellip; <a href=\"http:\/\/www.grieta.org.mx\/index.php\/2019\/05\/11\/se-ubica-michoacan-en-el-segundo-lugar-en-incendios-forestales\/\" class=\"more-link\">Leer m\u00e1s<\/a><\/p>\n","protected":false},"author":2,"featured_media":33408,"comment_status":"closed","ping_status":"closed","sticky":false,"template":"","format":"standard","meta":{"ngg_post_thumbnail":0,"_jetpack_newsletter_access":"","_jetpack_dont_email_post_to_subs":false,"_jetpack_newsletter_tier_id":0,"_jetpack_memberships_contains_paywalled_content":false,"_jetpack_memberships_contains_paid_content":false,"footnotes":""},"categories":[80,2552,21],"tags":[1178],"class_list":["post-33406","post","type-post","status-publish","format-standard","has-post-thumbnail","hentry","category-cintillo","category-destruccion-de-la-naturaleza-en-michoacan","category-michoacan","tag-destruccion-de-la-naturaleza","entry"],"jetpack_featured_media_url":"http:\/\/www.grieta.org.mx\/wp-content\/uploads\/2019\/05\/fbb61be0-6bf0-468c-910b-49046513e28d.jpg","jetpack_sharing_enabled":true,"jetpack_shortlink":"https:\/\/wp.me\/p7ZJR4-8GO","jetpack_likes_enabled":false,"jetpack-related-posts":[{"id":34264,"url":"http:\/\/www.grieta.org.mx\/index.php\/2019\/06\/02\/reporta-michoacan-681-incendios-forestales\/","url_meta":{"origin":33406,"position":0},"title":"Reporta Michoac\u00e1n 681 incendios forestales","author":"grieta","date":"2 junio, 2019","format":false,"excerpt":"Por Ireri Pi\u00f1a \/Contramuro, 02 de junio de 2019. La entidad es la segunda a nivel nacional en n\u00famero de incendios forestales Morelia, Michoac\u00e1n.- Son ya 681 incendios forestales los que registra Michoac\u00e1n en lo que va del a\u00f1o, con una superficie afectada de 14 mil 338 hect\u00e1reas mayormente en\u2026","rel":"","context":"En &quot;CINTILLO&quot;","block_context":{"text":"CINTILLO","link":"http:\/\/www.grieta.org.mx\/index.php\/category\/cintillo\/"},"img":{"alt_text":"","src":"https:\/\/i0.wp.com\/www.grieta.org.mx\/wp-content\/uploads\/2018\/03\/14524434_1106112876131411_958039263622046936_o.jpg?resize=350%2C200","width":350,"height":200,"srcset":"https:\/\/i0.wp.com\/www.grieta.org.mx\/wp-content\/uploads\/2018\/03\/14524434_1106112876131411_958039263622046936_o.jpg?resize=350%2C200 1x, https:\/\/i0.wp.com\/www.grieta.org.mx\/wp-content\/uploads\/2018\/03\/14524434_1106112876131411_958039263622046936_o.jpg?resize=525%2C300 1.5x, https:\/\/i0.wp.com\/www.grieta.org.mx\/wp-content\/uploads\/2018\/03\/14524434_1106112876131411_958039263622046936_o.jpg?resize=700%2C400 2x"},"classes":[]},{"id":33978,"url":"http:\/\/www.grieta.org.mx\/index.php\/2019\/05\/28\/con-recortes-a-conafor-brigadas-contra-incendios-no-han-operado-al-100-michoacan\/","url_meta":{"origin":33406,"position":1},"title":"Con recortes a CONAFOR, brigadas contra incendios no han operado al 100%  (Michoac\u00e1n)","author":"grieta","date":"28 mayo, 2019","format":false,"excerpt":"Aida Espinosa \/ UrbisTV. Morelia, Michoac\u00e1n, a 28 de mayo de 2019.- Trabajadores de la Comisi\u00f3n Nacional Forestal, se manifestaron este martes en las oficinas de la dependencia en Michoac\u00e1n, donde denunciaron que el recorte del 60 por ciento al presupuesto de la dependencia, afecta al combate de incendios forestales.\u2026","rel":"","context":"En &quot;CINTILLO&quot;","block_context":{"text":"CINTILLO","link":"http:\/\/www.grieta.org.mx\/index.php\/category\/cintillo\/"},"img":{"alt_text":"","src":"https:\/\/i0.wp.com\/www.grieta.org.mx\/wp-content\/uploads\/2019\/05\/0-grande.jpg?resize=350%2C200","width":350,"height":200,"srcset":"https:\/\/i0.wp.com\/www.grieta.org.mx\/wp-content\/uploads\/2019\/05\/0-grande.jpg?resize=350%2C200 1x, https:\/\/i0.wp.com\/www.grieta.org.mx\/wp-content\/uploads\/2019\/05\/0-grande.jpg?resize=525%2C300 1.5x, https:\/\/i0.wp.com\/www.grieta.org.mx\/wp-content\/uploads\/2019\/05\/0-grande.jpg?resize=700%2C400 2x"},"classes":[]},{"id":33981,"url":"http:\/\/www.grieta.org.mx\/index.php\/2019\/05\/28\/protestan-brigadistas-por-recorte-a-presupuesto-de-conafor-michoacan\/","url_meta":{"origin":33406,"position":2},"title":"Protestan brigadistas por recorte a presupuesto de Conafor  (Michoac\u00e1n)","author":"grieta","date":"28 mayo, 2019","format":false,"excerpt":"28 de mayo de 2019. F\u00e1tima Alfaro\/Quadrat\u00edn MORELIA, Mich., 28 de mayo de 2019.- Brigadistas y combatientes de incendios forestales se manifiestan en el exterior de la delegaci\u00f3n en Michoac\u00e1n de la Comisi\u00f3n Nacional Forestal (Conafor), en protesta por el recorte de alrededor del 60 por ciento en el presupuesto\u2026","rel":"","context":"En &quot;CINTILLO&quot;","block_context":{"text":"CINTILLO","link":"http:\/\/www.grieta.org.mx\/index.php\/category\/cintillo\/"},"img":{"alt_text":"","src":"https:\/\/i0.wp.com\/www.grieta.org.mx\/wp-content\/uploads\/2019\/05\/brigadista-incendio-1-1160x700.jpg?resize=350%2C200","width":350,"height":200,"srcset":"https:\/\/i0.wp.com\/www.grieta.org.mx\/wp-content\/uploads\/2019\/05\/brigadista-incendio-1-1160x700.jpg?resize=350%2C200 1x, https:\/\/i0.wp.com\/www.grieta.org.mx\/wp-content\/uploads\/2019\/05\/brigadista-incendio-1-1160x700.jpg?resize=525%2C300 1.5x, https:\/\/i0.wp.com\/www.grieta.org.mx\/wp-content\/uploads\/2019\/05\/brigadista-incendio-1-1160x700.jpg?resize=700%2C400 2x, https:\/\/i0.wp.com\/www.grieta.org.mx\/wp-content\/uploads\/2019\/05\/brigadista-incendio-1-1160x700.jpg?resize=1050%2C600 3x"},"classes":[]},{"id":34713,"url":"http:\/\/www.grieta.org.mx\/index.php\/2019\/05\/28\/brigadistas-de-conafor-demandan-el-pago-de-mas-de-un-millon-de-pesos-michoacan\/","url_meta":{"origin":33406,"position":3},"title":"Brigadistas de Conafor demandan el pago de m\u00e1s de un mill\u00f3n de pesos  (Michoac\u00e1n)","author":"grieta","date":"28 mayo, 2019","format":false,"excerpt":"Brigadistas de Conafor demandan el pago de m\u00e1s de un mill\u00f3n de pesos Erandi Torres Mart\u00ednez\/ Cambio de Michoac\u00e1n, 28 de mayo de 2019. Morelia, Michoac\u00e1n.- Los recortes presupuestales que ejerci\u00f3 el gobierno de la Rep\u00fablica sobre la Comisi\u00f3n Nacional Forestal (Conafor) afectaron a los brigadistas de la representaci\u00f3n nacional\u2026","rel":"","context":"En &quot;CINTILLO&quot;","block_context":{"text":"CINTILLO","link":"http:\/\/www.grieta.org.mx\/index.php\/category\/cintillo\/"},"img":{"alt_text":"","src":"https:\/\/i0.wp.com\/www.grieta.org.mx\/wp-content\/uploads\/2019\/06\/75906964c1c709a06b282e0492d802acbrigadistas.jpg?resize=350%2C200","width":350,"height":200,"srcset":"https:\/\/i0.wp.com\/www.grieta.org.mx\/wp-content\/uploads\/2019\/06\/75906964c1c709a06b282e0492d802acbrigadistas.jpg?resize=350%2C200 1x, https:\/\/i0.wp.com\/www.grieta.org.mx\/wp-content\/uploads\/2019\/06\/75906964c1c709a06b282e0492d802acbrigadistas.jpg?resize=525%2C300 1.5x, https:\/\/i0.wp.com\/www.grieta.org.mx\/wp-content\/uploads\/2019\/06\/75906964c1c709a06b282e0492d802acbrigadistas.jpg?resize=700%2C400 2x, https:\/\/i0.wp.com\/www.grieta.org.mx\/wp-content\/uploads\/2019\/06\/75906964c1c709a06b282e0492d802acbrigadistas.jpg?resize=1050%2C600 3x"},"classes":[]},{"id":33795,"url":"http:\/\/www.grieta.org.mx\/index.php\/2019\/05\/20\/comuneros-los-heroes-que-con-carencias-combaten-incendios-forestales-michoacan\/","url_meta":{"origin":33406,"position":4},"title":"Comuneros, los h\u00e9roes que con carencias combaten incendios forestales (Michoac\u00e1n)","author":"grieta","date":"20 mayo, 2019","format":false,"excerpt":"El Universal, 20 de mayo de 2019 Uruapan. Michoac\u00e1n.- Las jornadas son interminables, sus sueldos no son los mejores y los peligros son muchos para los brigadistas que combaten los incendios forestales en Michoac\u00e1n, la segunda entidad con mayor n\u00famero de siniestros registrados del pa\u00eds; pero a\u00fan as\u00ed ellos acuden\u2026","rel":"","context":"En &quot;CINTILLO&quot;","block_context":{"text":"CINTILLO","link":"http:\/\/www.grieta.org.mx\/index.php\/category\/cintillo\/"},"img":{"alt_text":"","src":"https:\/\/i0.wp.com\/www.grieta.org.mx\/wp-content\/uploads\/2019\/05\/direct22mayo2019.jpg?resize=350%2C200","width":350,"height":200,"srcset":"https:\/\/i0.wp.com\/www.grieta.org.mx\/wp-content\/uploads\/2019\/05\/direct22mayo2019.jpg?resize=350%2C200 1x, https:\/\/i0.wp.com\/www.grieta.org.mx\/wp-content\/uploads\/2019\/05\/direct22mayo2019.jpg?resize=525%2C300 1.5x"},"classes":[]},{"id":48168,"url":"http:\/\/www.grieta.org.mx\/index.php\/2020\/04\/19\/aguacate-michoacano-el-oro-verde-manchado-de-rojo-y-de-ceniza\/","url_meta":{"origin":33406,"position":5},"title":"Aguacate michoacano: el \u201coro verde\u201d, manchado de rojo y de ceniza","author":"grieta","date":"19 abril, 2020","format":false,"excerpt":"\u00a0 Los incendios en la zona aguacatera de Michoac\u00e1n son recurrentes en \u00e9poca est\u00edo. A veces son accidentales. Muchas otras, son intencionales, y con un s\u00f3lo prop\u00f3sito: abrir m\u00e1s tierras al cultivo de aguacate. Se calcula adem\u00e1s que la mitad del territorio del monocultivo es ilegal Pie de P\u00e1gina, 19\u2026","rel":"","context":"En &quot;CINTILLO&quot;","block_context":{"text":"CINTILLO","link":"http:\/\/www.grieta.org.mx\/index.php\/category\/cintillo\/"},"img":{"alt_text":"","src":"https:\/\/i0.wp.com\/www.grieta.org.mx\/wp-content\/uploads\/2020\/04\/Incendio_forestal_michoacan_Jonathan_Malpica2.jpeg?resize=350%2C200","width":350,"height":200,"srcset":"https:\/\/i0.wp.com\/www.grieta.org.mx\/wp-content\/uploads\/2020\/04\/Incendio_forestal_michoacan_Jonathan_Malpica2.jpeg?resize=350%2C200 1x, https:\/\/i0.wp.com\/www.grieta.org.mx\/wp-content\/uploads\/2020\/04\/Incendio_forestal_michoacan_Jonathan_Malpica2.jpeg?resize=525%2C300 1.5x, https:\/\/i0.wp.com\/www.grieta.org.mx\/wp-content\/uploads\/2020\/04\/Incendio_forestal_michoacan_Jonathan_Malpica2.jpeg?resize=700%2C400 2x, https:\/\/i0.wp.com\/www.grieta.org.mx\/wp-content\/uploads\/2020\/04\/Incendio_forestal_michoacan_Jonathan_Malpica2.jpeg?resize=1050%2C600 3x"},"classes":[]}],"_links":{"self":[{"href":"http:\/\/www.grieta.org.mx\/index.php\/wp-json\/wp\/v2\/posts\/33406","targetHints":{"allow":["GET"]}}],"collection":[{"href":"http:\/\/www.grieta.org.mx\/index.php\/wp-json\/wp\/v2\/posts"}],"about":[{"href":"http:\/\/www.grieta.org.mx\/index.php\/wp-json\/wp\/v2\/types\/post"}],"author":[{"embeddable":true,"href":"http:\/\/www.grieta.org.mx\/index.php\/wp-json\/wp\/v2\/users\/2"}],"replies":[{"embeddable":true,"href":"http:\/\/www.grieta.org.mx\/index.php\/wp-json\/wp\/v2\/comments?post=33406"}],"version-history":[{"count":1,"href":"http:\/\/www.grieta.org.mx\/index.php\/wp-json\/wp\/v2\/posts\/33406\/revisions"}],"predecessor-version":[{"id":33409,"href":"http:\/\/www.grieta.org.mx\/index.php\/wp-json\/wp\/v2\/posts\/33406\/revisions\/33409"}],"wp:featuredmedia":[{"embeddable":true,"href":"http:\/\/www.grieta.org.mx\/index.php\/wp-json\/wp\/v2\/media\/33408"}],"wp:attachment":[{"href":"http:\/\/www.grieta.org.mx\/index.php\/wp-json\/wp\/v2\/media?parent=33406"}],"wp:term":[{"taxonomy":"category","embeddable":true,"href":"http:\/\/www.grieta.org.mx\/index.php\/wp-json\/wp\/v2\/categories?post=33406"},{"taxonomy":"post_tag","embeddable":true,"href":"http:\/\/www.grieta.org.mx\/index.php\/wp-json\/wp\/v2\/tags?post=33406"}],"curies":[{"name":"wp","href":"https:\/\/api.w.org\/{rel}","templated":true}]}}