{"id":33402,"date":"2019-04-24T23:31:17","date_gmt":"2019-04-25T04:31:17","guid":{"rendered":"http:\/\/www.grieta.org.mx\/?p=33402"},"modified":"2019-05-13T23:41:52","modified_gmt":"2019-05-14T04:41:52","slug":"city-center-contamina-agua-de-los-carcamos-acusan-activistas-guanajuato","status":"publish","type":"post","link":"http:\/\/www.grieta.org.mx\/index.php\/2019\/04\/24\/city-center-contamina-agua-de-los-carcamos-acusan-activistas-guanajuato\/","title":{"rendered":"City Center contamina agua de los C\u00e1rcamos, acusan activistas (Guanajuato)"},"content":{"rendered":"<blockquote><p>El agua que la empresa vierte al humedal, est\u00e1 matando peces y aves<\/p><\/blockquote>\n<p>Carolina Esqueda, 24 de Abril de 2019 \/ C\u00f3digosNews<\/p>\n<p><img loading=\"lazy\" decoding=\"async\" data-attachment-id=\"33403\" data-permalink=\"http:\/\/www.grieta.org.mx\/index.php\/2019\/04\/24\/city-center-contamina-agua-de-los-carcamos-acusan-activistas-guanajuato\/771f4-24-abril2019-humedal_3\/\" data-orig-file=\"http:\/\/www.grieta.org.mx\/wp-content\/uploads\/2019\/05\/771f4-24-abril2019-humedal_3.jpg\" data-orig-size=\"700,520\" data-comments-opened=\"0\" data-image-meta=\"{&quot;aperture&quot;:&quot;0&quot;,&quot;credit&quot;:&quot;&quot;,&quot;camera&quot;:&quot;&quot;,&quot;caption&quot;:&quot;&quot;,&quot;created_timestamp&quot;:&quot;0&quot;,&quot;copyright&quot;:&quot;&quot;,&quot;focal_length&quot;:&quot;0&quot;,&quot;iso&quot;:&quot;0&quot;,&quot;shutter_speed&quot;:&quot;0&quot;,&quot;title&quot;:&quot;&quot;,&quot;orientation&quot;:&quot;0&quot;}\" data-image-title=\"771f4-24-abril2019-humedal_3\" data-image-description=\"\" data-image-caption=\"\" data-medium-file=\"http:\/\/www.grieta.org.mx\/wp-content\/uploads\/2019\/05\/771f4-24-abril2019-humedal_3-300x223.jpg\" data-large-file=\"http:\/\/www.grieta.org.mx\/wp-content\/uploads\/2019\/05\/771f4-24-abril2019-humedal_3.jpg\" class=\"aligncenter wp-image-33403 size-full\" src=\"http:\/\/www.grieta.org.mx\/wp-content\/uploads\/2019\/05\/771f4-24-abril2019-humedal_3.jpg\" alt=\"\" width=\"700\" height=\"520\" srcset=\"http:\/\/www.grieta.org.mx\/wp-content\/uploads\/2019\/05\/771f4-24-abril2019-humedal_3.jpg 700w, http:\/\/www.grieta.org.mx\/wp-content\/uploads\/2019\/05\/771f4-24-abril2019-humedal_3-300x223.jpg 300w, http:\/\/www.grieta.org.mx\/wp-content\/uploads\/2019\/05\/771f4-24-abril2019-humedal_3-673x500.jpg 673w\" sizes=\"auto, (max-width: 700px) 100vw, 700px\" \/><\/p>\n<p>Le\u00f3n, Guanajuato.- En el agua del humedal del parque Los C\u00e1rcamos apareci\u00f3 una nata aceitosa. Organizaciones medioambientales que integran la plataforma &#8216;Salvemos el Humedal&#8217; aseguran que la formaci\u00f3n se debe al vertido de agua que los trabajadores de la construcci\u00f3n del City Center realizan desde finales de Marzo, hacia el cuerpo de agua, y que ya fue denunciado.<\/p>\n<p>Pensamos que pueden provenir de grasas o aceites de la construcci\u00f3n, s\u00ed se nota que est\u00e1 avanzando el proceso de contaminaci\u00f3n, ya que empieza a disminuir la cantidad de ox\u00edgeno y esto provoca que comiencen a morir las plantas y la fauna que est\u00e1 aqu\u00ed. Aunado al cambio del PH, la flora y la fauna son muy susceptibles a los cambios\u201d denunci\u00f3 Gabriela Arriola, bi\u00f3loga de Red Alebrije que integra la plataforma.<\/p>\n<p>&#8220;Junto a la nata se encontraba flotando un pez muerto, adem\u00e1s de la constataci\u00f3n de una isla de tule, la planta acu\u00e1tica que crece en el humedal\u201d, totalmente seca. La bi\u00f3loga atribuy\u00f3 esto al vertido de agua, cuyas posibles afectaciones denunci\u00f3 hace 15 d\u00edas. Tom\u00f3 muestras del lugar para conocer su posible origen y su composici\u00f3n, que a simple vista parec\u00eda materia org\u00e1nica en descomposici\u00f3n.<\/p>\n<p><img loading=\"lazy\" decoding=\"async\" data-attachment-id=\"33404\" data-permalink=\"http:\/\/www.grieta.org.mx\/index.php\/2019\/04\/24\/city-center-contamina-agua-de-los-carcamos-acusan-activistas-guanajuato\/24-abril2019-humedal_2\/\" data-orig-file=\"http:\/\/www.grieta.org.mx\/wp-content\/uploads\/2019\/05\/24-Abril2019-humedal_2.jpg\" data-orig-size=\"720,960\" data-comments-opened=\"0\" data-image-meta=\"{&quot;aperture&quot;:&quot;0&quot;,&quot;credit&quot;:&quot;&quot;,&quot;camera&quot;:&quot;&quot;,&quot;caption&quot;:&quot;&quot;,&quot;created_timestamp&quot;:&quot;0&quot;,&quot;copyright&quot;:&quot;&quot;,&quot;focal_length&quot;:&quot;0&quot;,&quot;iso&quot;:&quot;0&quot;,&quot;shutter_speed&quot;:&quot;0&quot;,&quot;title&quot;:&quot;&quot;,&quot;orientation&quot;:&quot;0&quot;}\" data-image-title=\"24-Abril2019-humedal_2\" data-image-description=\"\" data-image-caption=\"\" data-medium-file=\"http:\/\/www.grieta.org.mx\/wp-content\/uploads\/2019\/05\/24-Abril2019-humedal_2-225x300.jpg\" data-large-file=\"http:\/\/www.grieta.org.mx\/wp-content\/uploads\/2019\/05\/24-Abril2019-humedal_2.jpg\" class=\"aligncenter wp-image-33404 size-full\" src=\"http:\/\/www.grieta.org.mx\/wp-content\/uploads\/2019\/05\/24-Abril2019-humedal_2.jpg\" alt=\"\" width=\"720\" height=\"960\" srcset=\"http:\/\/www.grieta.org.mx\/wp-content\/uploads\/2019\/05\/24-Abril2019-humedal_2.jpg 720w, http:\/\/www.grieta.org.mx\/wp-content\/uploads\/2019\/05\/24-Abril2019-humedal_2-225x300.jpg 225w, http:\/\/www.grieta.org.mx\/wp-content\/uploads\/2019\/05\/24-Abril2019-humedal_2-375x500.jpg 375w\" sizes=\"auto, (max-width: 720px) 100vw, 720px\" \/><\/p>\n<p>&#8216;Salvemos el Humedal&#8217; hab\u00eda denunciado a trav\u00e9s de sus redes sociales del vertido de agua desde las obras del City Center, evidentes a simple vista en la parte colindante del terreno. Dos mangueras colectaban el agua proveniente del subsuelo de la construcci\u00f3n en un tinaco industrial, que despu\u00e9s fluye hacia el humedal a trav\u00e9s de una manguera. Tras la denuncia el per\u00edmetro donde se encuentra el tinaco fue vallado y cubierto con una lona, mientras que el tinaco y la manguera fueron renovados.<\/p>\n<p>Verter cualquier sustancia al humedal qued\u00f3 prohibido en el resolutivo de impacto ambiental, con el que la direcci\u00f3n de Gesti\u00f3n Ambiental dio el visto bueno para que Desarrollo Urbano otorgara el permiso general. Consultada al respecto Teresita Gallardo Arroyo, directora de Desarrollo Urbano, asegur\u00f3 que Gesti\u00f3n Ambiental concedi\u00f3 el permiso y se realizaban revisiones cada 15 d\u00edas en el lugar, sin encontrar evidencias de afectaciones. Gallardo Arroyo asegur\u00f3 que incluso el agua vaciada desde la obra estaba m\u00e1s limpia que la del c\u00e1rcamo. La autorizaci\u00f3n para el vertido no ha sido presentada ante los ambientalistas, a m\u00e1s de dos semanas de haber pedido el documento.<\/p>\n<p>PROFEPA SE DESLINDA<\/p>\n<p>Dos inspectores de la Profepa acudieron al humedal a realizar una evaluaci\u00f3n de campo, en respuesta a la denuncia presentada por Gustavo Lozano, integrante de Acci\u00f3n Colectiva que tambi\u00e9n conforma \u201cSalvemos el humedal\u201d. Sin embargo solo pidieron las evidencias de las especies nativas del lugar, en especial anidaci\u00f3n de aves end\u00e9micas, argumentando que cualquier otra afectaci\u00f3n sale de su competencia por no estar catalogado como sitio RAMSAR. Uno de los inspectores sugiri\u00f3 registrar el sitio, ya que la vida silvestre del lugar s\u00ed es caracter\u00edstica de los humedales.<\/p>\n<p><a href=\"http:\/\/www.codigosnews.com\/articulo\/city-center-contamina-agua-de-los-carcamos-acusan-activistas-7661\">http:\/\/www.codigosnews.com\/articulo\/city-center-contamina-agua-de-los-carcamos-acusan-activistas-7661<\/a><\/p>\n","protected":false},"excerpt":{"rendered":"<p>El agua que la empresa vierte al humedal, est\u00e1 matando peces y aves Carolina Esqueda, 24 de Abril de 2019 \/ C\u00f3digosNews Le\u00f3n, Guanajuato.- En el agua del humedal del &hellip; <a href=\"http:\/\/www.grieta.org.mx\/index.php\/2019\/04\/24\/city-center-contamina-agua-de-los-carcamos-acusan-activistas-guanajuato\/\" class=\"more-link\">Leer m\u00e1s<\/a><\/p>\n","protected":false},"author":2,"featured_media":33403,"comment_status":"closed","ping_status":"closed","sticky":false,"template":"","format":"standard","meta":{"ngg_post_thumbnail":0,"_jetpack_newsletter_access":"","_jetpack_dont_email_post_to_subs":false,"_jetpack_newsletter_tier_id":0,"_jetpack_memberships_contains_paywalled_content":false,"_jetpack_memberships_contains_paid_content":false,"footnotes":""},"categories":[80,1066,1776,17],"tags":[425,1065,1178],"class_list":["post-33402","post","type-post","status-publish","format-standard","has-post-thumbnail","hentry","category-cintillo","category-contaminacion-ambiental-en-guanajuato","category-despojo-de-tierras-y-territorio-en-guanajuato","category-guanajuato","tag-contaminacion-agua","tag-despojo-de-agua-y-tierras","tag-destruccion-de-la-naturaleza","entry"],"jetpack_featured_media_url":"http:\/\/www.grieta.org.mx\/wp-content\/uploads\/2019\/05\/771f4-24-abril2019-humedal_3.jpg","jetpack_sharing_enabled":true,"jetpack_shortlink":"https:\/\/wp.me\/p7ZJR4-8GK","jetpack_likes_enabled":false,"jetpack-related-posts":[{"id":35301,"url":"http:\/\/www.grieta.org.mx\/index.php\/2019\/05\/16\/city-center-la-destruccion-del-ultimo-humedal-en-leon-guanajuato\/","url_meta":{"origin":33402,"position":0},"title":"City Center: la destrucci\u00f3n del \u00faltimo humedal en Le\u00f3n (Guanajuato)","author":"grieta","date":"16 mayo, 2019","format":false,"excerpt":"Jose Ignacio de Alba \/Pie de P\u00e1gina, 16 de mayo de 2019 La construcci\u00f3n de un centro comercial podr\u00eda desaparecer el \u00fanico humedal del municipio de Le\u00f3n. Diversas organizaciones aseguran que las autoridades locales act\u00faan como facilitadoras del proyecto e ignoran los reclamos sobre da\u00f1os ambientales Fotograf\u00edas: Juan Jos\u00e9 Plascencia\/\u2026","rel":"","context":"En &quot;CINTILLO&quot;","block_context":{"text":"CINTILLO","link":"http:\/\/www.grieta.org.mx\/index.php\/category\/cintillo\/"},"img":{"alt_text":"","src":"https:\/\/i0.wp.com\/www.grieta.org.mx\/wp-content\/uploads\/2019\/06\/PDP_Humedal_Guanajuato_15052019_2-1140x570.jpg?resize=350%2C200","width":350,"height":200,"srcset":"https:\/\/i0.wp.com\/www.grieta.org.mx\/wp-content\/uploads\/2019\/06\/PDP_Humedal_Guanajuato_15052019_2-1140x570.jpg?resize=350%2C200 1x, https:\/\/i0.wp.com\/www.grieta.org.mx\/wp-content\/uploads\/2019\/06\/PDP_Humedal_Guanajuato_15052019_2-1140x570.jpg?resize=525%2C300 1.5x, https:\/\/i0.wp.com\/www.grieta.org.mx\/wp-content\/uploads\/2019\/06\/PDP_Humedal_Guanajuato_15052019_2-1140x570.jpg?resize=700%2C400 2x, https:\/\/i0.wp.com\/www.grieta.org.mx\/wp-content\/uploads\/2019\/06\/PDP_Humedal_Guanajuato_15052019_2-1140x570.jpg?resize=1050%2C600 3x"},"classes":[]},{"id":33398,"url":"http:\/\/www.grieta.org.mx\/index.php\/2019\/05\/08\/grupos-ecologistas-cierran-filas-en-torno-a-defensores-del-humedal-que-denuncian-amenazas-por-oponerse-al-city-center-guanajuato\/","url_meta":{"origin":33402,"position":1},"title":"Grupos ecologistas cierran filas en torno a defensores del humedal, que denuncian amenazas por oponerse al City Center (Guanajuato)","author":"grieta","date":"8 mayo, 2019","format":false,"excerpt":"Activistas no cesan en su lucha: ahora llevan el caso a la Comisi\u00f3n para la Cooperaci\u00f3n Ambiental en el marco del (todav\u00eda vigente) TLCAN, para proteger las aves migratorias que cruzan los tres pa\u00edses Martha Silva, POPlab\/ 08 de mayo de 2019, Le\u00f3n, Guanajuato.- En rueda de prensa, Gustavo Lozano\u2026","rel":"","context":"En &quot;CINTILLO&quot;","block_context":{"text":"CINTILLO","link":"http:\/\/www.grieta.org.mx\/index.php\/category\/cintillo\/"},"img":{"alt_text":"","src":"https:\/\/i0.wp.com\/www.grieta.org.mx\/wp-content\/uploads\/2019\/05\/2019-05-07_defensa-city-3.jpg?resize=350%2C200","width":350,"height":200,"srcset":"https:\/\/i0.wp.com\/www.grieta.org.mx\/wp-content\/uploads\/2019\/05\/2019-05-07_defensa-city-3.jpg?resize=350%2C200 1x, https:\/\/i0.wp.com\/www.grieta.org.mx\/wp-content\/uploads\/2019\/05\/2019-05-07_defensa-city-3.jpg?resize=525%2C300 1.5x, https:\/\/i0.wp.com\/www.grieta.org.mx\/wp-content\/uploads\/2019\/05\/2019-05-07_defensa-city-3.jpg?resize=700%2C400 2x, https:\/\/i0.wp.com\/www.grieta.org.mx\/wp-content\/uploads\/2019\/05\/2019-05-07_defensa-city-3.jpg?resize=1050%2C600 3x, https:\/\/i0.wp.com\/www.grieta.org.mx\/wp-content\/uploads\/2019\/05\/2019-05-07_defensa-city-3.jpg?resize=1400%2C800 4x"},"classes":[]},{"id":51708,"url":"http:\/\/www.grieta.org.mx\/index.php\/2020\/07\/11\/municipio-de-leon-aprobo-desarrollo-inmobiliario-sin-tener-atribuciones-semarnat\/","url_meta":{"origin":33402,"position":2},"title":"Municipio de Le\u00f3n aprob\u00f3 desarrollo inmobiliario sin tener atribuciones: Semarnat","author":"grieta","date":"11 julio, 2020","format":false,"excerpt":"El municipio de Le\u00f3n autoriz\u00f3 un megaproyecto inmobiliario sin tener facultades y sobrepusieron los intereses de Mexico Retail Properties y Grupo Impulza, por encima de la normatividad. Con ello, uno de los \u00faltimos humedales de Guanajuato corre peligro Texto: Jos\u00e9 Ignacio De Alba Foto: Cortes\u00eda Desde noviembre de 2016, cuando\u2026","rel":"","context":"En &quot;CINTILLO&quot;","block_context":{"text":"CINTILLO","link":"http:\/\/www.grieta.org.mx\/index.php\/category\/cintillo\/"},"img":{"alt_text":"","src":"https:\/\/i0.wp.com\/www.grieta.org.mx\/wp-content\/uploads\/2020\/07\/Guanajuato_humedal_cortesia-.jpg?resize=350%2C200","width":350,"height":200,"srcset":"https:\/\/i0.wp.com\/www.grieta.org.mx\/wp-content\/uploads\/2020\/07\/Guanajuato_humedal_cortesia-.jpg?resize=350%2C200 1x, https:\/\/i0.wp.com\/www.grieta.org.mx\/wp-content\/uploads\/2020\/07\/Guanajuato_humedal_cortesia-.jpg?resize=525%2C300 1.5x, https:\/\/i0.wp.com\/www.grieta.org.mx\/wp-content\/uploads\/2020\/07\/Guanajuato_humedal_cortesia-.jpg?resize=700%2C400 2x"},"classes":[]},{"id":37311,"url":"http:\/\/www.grieta.org.mx\/index.php\/2019\/07\/17\/la-cuenca-de-la-independencia-amenazada-por-proyecto-minero-guanajuato\/","url_meta":{"origin":33402,"position":3},"title":"La Cuenca de la Independencia amenazada por proyecto minero (Guanajuato)","author":"grieta","date":"17 julio, 2019","format":false,"excerpt":"Se contaminar\u00eda el acu\u00edfero que surte a municipios como Dolores Hidalgo y San Miguel de Allende. \u00a0 Redacci\u00f3n La Coperacha Ciudad de M\u00e9xico \/\/ 17 de julio de 2019 a Coalici\u00f3n en Defensa de la Cuenca de la Independencia y el colectivo Guardianes de la Cuenca, advirtieron que el proyecto\u2026","rel":"","context":"En &quot;CINTILLO&quot;","block_context":{"text":"CINTILLO","link":"http:\/\/www.grieta.org.mx\/index.php\/category\/cintillo\/"},"img":{"alt_text":"","src":"https:\/\/i0.wp.com\/www.grieta.org.mx\/wp-content\/uploads\/2019\/08\/cuenca-independencia-amenazada-proyecto-minero.jpg?resize=350%2C200","width":350,"height":200,"srcset":"https:\/\/i0.wp.com\/www.grieta.org.mx\/wp-content\/uploads\/2019\/08\/cuenca-independencia-amenazada-proyecto-minero.jpg?resize=350%2C200 1x, https:\/\/i0.wp.com\/www.grieta.org.mx\/wp-content\/uploads\/2019\/08\/cuenca-independencia-amenazada-proyecto-minero.jpg?resize=525%2C300 1.5x, https:\/\/i0.wp.com\/www.grieta.org.mx\/wp-content\/uploads\/2019\/08\/cuenca-independencia-amenazada-proyecto-minero.jpg?resize=700%2C400 2x, https:\/\/i0.wp.com\/www.grieta.org.mx\/wp-content\/uploads\/2019\/08\/cuenca-independencia-amenazada-proyecto-minero.jpg?resize=1050%2C600 3x"},"classes":[]},{"id":23630,"url":"http:\/\/www.grieta.org.mx\/index.php\/2018\/03\/20\/derraman-aguas-negras-en-vialidades-del-guanajuato-puerto-interior\/","url_meta":{"origin":33402,"position":4},"title":"Derraman aguas negras en vialidades del Guanajuato Puerto Interior","author":"grieta","date":"20 marzo, 2018","format":false,"excerpt":"Empleados de varias empresas sufren por la contaminaci\u00f3n Cruz S\u00e1nchez \/Peri\u00f3dico Correo Silao.- La falta de mantenimiento desborda las aguas negras de la planta de tratamiento de aguas residuales ubicada dentro de las instalaciones de Guanajuato Puerto Interior, generando un grave foco de contaminaci\u00f3n. Ya comienza el calor y aumentan\u2026","rel":"","context":"En &quot;CINTILLO&quot;","block_context":{"text":"CINTILLO","link":"http:\/\/www.grieta.org.mx\/index.php\/category\/cintillo\/"},"img":{"alt_text":"","src":"https:\/\/i0.wp.com\/www.grieta.org.mx\/wp-content\/uploads\/2018\/06\/LR190701b.jpg?resize=350%2C200","width":350,"height":200,"srcset":"https:\/\/i0.wp.com\/www.grieta.org.mx\/wp-content\/uploads\/2018\/06\/LR190701b.jpg?resize=350%2C200 1x, https:\/\/i0.wp.com\/www.grieta.org.mx\/wp-content\/uploads\/2018\/06\/LR190701b.jpg?resize=525%2C300 1.5x, https:\/\/i0.wp.com\/www.grieta.org.mx\/wp-content\/uploads\/2018\/06\/LR190701b.jpg?resize=700%2C400 2x"},"classes":[]},{"id":41521,"url":"http:\/\/www.grieta.org.mx\/index.php\/2019\/11\/24\/advierten-crisis-hidrica-en-dolores-hidalgo-si-se-explota-mina-en-el-cerro-del-gallo-guanajuato\/","url_meta":{"origin":33402,"position":5},"title":"Advierten crisis h\u00eddrica en Dolores Hidalgo si se explota mina en el Cerro del Gallo (Guanajuato","author":"grieta","date":"24 noviembre, 2019","format":false,"excerpt":"En el conversatorio \u201cAgua y miner\u00eda\u201d realizado la tarde de este s\u00e1bado en el Museo Bicentenario, se habl\u00f3 sobre el problema existente del agua en la Cuenca de la Independencia, as\u00ed como aun la gran afectaci\u00f3n que sufrir\u00edan los pobladores si se llega a implementar la explotaci\u00f3n de la mina\u2026","rel":"","context":"En &quot;CINTILLO&quot;","block_context":{"text":"CINTILLO","link":"http:\/\/www.grieta.org.mx\/index.php\/category\/cintillo\/"},"img":{"alt_text":"","src":"https:\/\/i0.wp.com\/www.grieta.org.mx\/wp-content\/uploads\/2019\/11\/cerritodelgallo2-focus-0-0-983-557.jpg?resize=350%2C200","width":350,"height":200,"srcset":"https:\/\/i0.wp.com\/www.grieta.org.mx\/wp-content\/uploads\/2019\/11\/cerritodelgallo2-focus-0-0-983-557.jpg?resize=350%2C200 1x, https:\/\/i0.wp.com\/www.grieta.org.mx\/wp-content\/uploads\/2019\/11\/cerritodelgallo2-focus-0-0-983-557.jpg?resize=525%2C300 1.5x, https:\/\/i0.wp.com\/www.grieta.org.mx\/wp-content\/uploads\/2019\/11\/cerritodelgallo2-focus-0-0-983-557.jpg?resize=700%2C400 2x"},"classes":[]}],"_links":{"self":[{"href":"http:\/\/www.grieta.org.mx\/index.php\/wp-json\/wp\/v2\/posts\/33402","targetHints":{"allow":["GET"]}}],"collection":[{"href":"http:\/\/www.grieta.org.mx\/index.php\/wp-json\/wp\/v2\/posts"}],"about":[{"href":"http:\/\/www.grieta.org.mx\/index.php\/wp-json\/wp\/v2\/types\/post"}],"author":[{"embeddable":true,"href":"http:\/\/www.grieta.org.mx\/index.php\/wp-json\/wp\/v2\/users\/2"}],"replies":[{"embeddable":true,"href":"http:\/\/www.grieta.org.mx\/index.php\/wp-json\/wp\/v2\/comments?post=33402"}],"version-history":[{"count":1,"href":"http:\/\/www.grieta.org.mx\/index.php\/wp-json\/wp\/v2\/posts\/33402\/revisions"}],"predecessor-version":[{"id":33405,"href":"http:\/\/www.grieta.org.mx\/index.php\/wp-json\/wp\/v2\/posts\/33402\/revisions\/33405"}],"wp:featuredmedia":[{"embeddable":true,"href":"http:\/\/www.grieta.org.mx\/index.php\/wp-json\/wp\/v2\/media\/33403"}],"wp:attachment":[{"href":"http:\/\/www.grieta.org.mx\/index.php\/wp-json\/wp\/v2\/media?parent=33402"}],"wp:term":[{"taxonomy":"category","embeddable":true,"href":"http:\/\/www.grieta.org.mx\/index.php\/wp-json\/wp\/v2\/categories?post=33402"},{"taxonomy":"post_tag","embeddable":true,"href":"http:\/\/www.grieta.org.mx\/index.php\/wp-json\/wp\/v2\/tags?post=33402"}],"curies":[{"name":"wp","href":"https:\/\/api.w.org\/{rel}","templated":true}]}}