{"id":33352,"date":"2019-05-10T23:26:27","date_gmt":"2019-05-11T04:26:27","guid":{"rendered":"http:\/\/www.grieta.org.mx\/?p=33352"},"modified":"2019-05-12T23:31:15","modified_gmt":"2019-05-13T04:31:15","slug":"este-dia-de-las-madres-ellas-exigen-justicia-para-sus-hijos-ciudad-de-mexico","status":"publish","type":"post","link":"http:\/\/www.grieta.org.mx\/index.php\/2019\/05\/10\/este-dia-de-las-madres-ellas-exigen-justicia-para-sus-hijos-ciudad-de-mexico\/","title":{"rendered":"Este D\u00eda de las Madres ellas exigen justicia para sus hijos (Ciudad de M\u00e9xico)"},"content":{"rendered":"<p><img loading=\"lazy\" decoding=\"async\" data-attachment-id=\"33353\" data-permalink=\"http:\/\/www.grieta.org.mx\/index.php\/2019\/05\/10\/este-dia-de-las-madres-ellas-exigen-justicia-para-sus-hijos-ciudad-de-mexico\/ngv75nb7ynfjdmw3zrrm5otzcq\/\" data-orig-file=\"http:\/\/www.grieta.org.mx\/wp-content\/uploads\/2019\/05\/NGV75NB7YNFJDMW3ZRRM5OTZCQ.jpg\" data-orig-size=\"1200,675\" data-comments-opened=\"0\" data-image-meta=\"{&quot;aperture&quot;:&quot;0&quot;,&quot;credit&quot;:&quot;&quot;,&quot;camera&quot;:&quot;&quot;,&quot;caption&quot;:&quot;&quot;,&quot;created_timestamp&quot;:&quot;0&quot;,&quot;copyright&quot;:&quot;&quot;,&quot;focal_length&quot;:&quot;0&quot;,&quot;iso&quot;:&quot;0&quot;,&quot;shutter_speed&quot;:&quot;0&quot;,&quot;title&quot;:&quot;&quot;,&quot;orientation&quot;:&quot;0&quot;}\" data-image-title=\"NGV75NB7YNFJDMW3ZRRM5OTZCQ\" data-image-description=\"\" data-image-caption=\"\" data-medium-file=\"http:\/\/www.grieta.org.mx\/wp-content\/uploads\/2019\/05\/NGV75NB7YNFJDMW3ZRRM5OTZCQ-300x169.jpg\" data-large-file=\"http:\/\/www.grieta.org.mx\/wp-content\/uploads\/2019\/05\/NGV75NB7YNFJDMW3ZRRM5OTZCQ-1024x576.jpg\" src=\"http:\/\/www.grieta.org.mx\/wp-content\/uploads\/2019\/05\/NGV75NB7YNFJDMW3ZRRM5OTZCQ-1024x576.jpg\" alt=\"\" width=\"724\" height=\"576\" class=\"alignleft size-large wp-image-33353\" \/><\/p>\n<p>Daniela D\u00edaz\/Mexico.com<\/p>\n<p>En medio de los festejos, el dolor en M\u00e9xico se hace presente este 10 de mayo, D\u00eda de las Madres, pues hay m\u00e1s de 40 mil personas desaparecidas en el pa\u00eds y miles de personas que buscan hacer visible este problema ante la falta de acciones efectivas por parte del gobierno.<\/p>\n<p>Ante el dolor que genera buscar y no encontrar a un ser querido, m\u00e1s de 60 colectivos han convocado una marcha hist\u00f3rica encabezada por las madres de desaparecidos.<\/p>\n<p>La principal concentraci\u00f3n se realizar\u00e1 en la Ciudad de M\u00e9xico.<\/p>\n<p>\u201cHemos colectivizado la maternidad, los buscamos a todos\u201d, expres\u00f3 la tarde del jueves Diana Iris Garc\u00eda, madre de Daniel Cant\u00fa, un joven desaparecido hace 12 a\u00f1os a manos de elementos de la Polic\u00eda Federal.<\/p>\n<p>Como Diana Iris, las madres mexicanas han tenido que aprender a buscar y exigir a las autoridades que hagan su trabajo. Este jueves, en el 172 periodo de sesiones ante la Comisi\u00f3n Internacional de Derechos Humanos, integrantes del Movimiento Nacional por Nuestros Desaparecidos, expusieron la urgencia de contar con un mecanismo de identificaci\u00f3n de restos.<\/p>\n<p>Mar\u00eda Isabel Cruz Bernal, presidente del Colectivo de Sabuesos Guerreras, de Culiac\u00e1n, Sinaloa, madre de Reyes Yosimar Garc\u00eda Cruz, desaparecido el 26 de enero de 2017, pidi\u00f3 con urgencia impulsar acciones para encontrar a sus hijos.<\/p>\n<p>\u201cYo hago y todas las madres hacemos lo que el gobierno no hace en nuestro pa\u00eds. Todas las ma\u00f1anas tomamos una pala, una varilla, un pico y salimos a buscar a los campos, a los canales y a los lotes bald\u00edos\u201d, dijo ante los integrantes de la CIDH y representantes del Estado Mexicano.<\/p>\n<p>En el colectivo han recolectado m\u00e1s de 8 mil 700 fragmentos calcinados. \u201cNo s\u00e9 si ah\u00ed pueda estar mi hijo. Qu\u00e9 caso tiene sacar cuerpos de la madre Tierra, de una fosa clandestina, para entreg\u00e1rselos a un gobierno que tristemente los vuelve a desaparecer\u201d.<\/p>\n<p>Muchas madres han tenido incluso que aprender a escarbar para buscar a sus hijos en fosas clandestina, como Mirna Medina, fundadora de las Rastreadoras del Fuerte, cuyo hijo, Roberto, desapareci\u00f3 en 2014 en Sinaloa. Luego de tres a\u00f1os de b\u00fasqueda, Mirna hall\u00f3 los restos de su hijo.<\/p>\n<p>\u201cVamos a seguir buscando, claro que s\u00ed, hasta que dios nos lo permita. Ahorita yo formo parte del Consejo Nacional de B\u00fasqueda y estamos apoyando a nivel nacional, ya no nada m\u00e1s en el estado y nuestro municipio, para hacer de esto algo m\u00e1s digno\u201d, asegur\u00f3 Mirna en entrevista con mexico.com en noviembre pasado.<\/p>\n<p>\u201cSomos m\u00e1s de 50 madres de familia que ya hemos encontrado los restos de nuestros hijos y las mismas 50 seguimos buscando. Nadie se ha ido, todas seguimos apoyando el grupo\u201d, agreg\u00f3.<\/p>\n<p>Al igual que Mirna, Lucy D\u00edaz, fundadora del Colectivo Solecito, tuvo que salir a buscar a su hijo Luis Guillermo Lagunes, secuestrado en 2013. A la fecha, no ha sido encontrado, pero el Colectivo Solecito ha encontrado m\u00e1s de 300 cuerpos.<\/p>\n<p>En 10 a\u00f1os, en M\u00e9xico han sido halladas mil 978 fosas clandestinas con restos humanos, una cifra superior a la reportada por el gobierno federal, revel\u00f3 una investigaci\u00f3n de Quinto Elemento Lab y la iniciativa A d\u00f3nde van los desaparecidos.<\/p>\n<p>Ante la injusticia, la omisi\u00f3n y el dolor, las madres de desaparecidos han decidido dedicar su d\u00eda a aquellos que deber\u00edan celebrar a su lado: sus hijos. Te presentamos los estados en los que se esperan movilizaciones este 10 de mayo.<\/p>\n<p>Uno de los prop\u00f3sitos de las manifestaciones es \u201chacer de esta marcha un hecho hist\u00f3rico y lograr la mayor asistencia que se haya tenido en esta movilizaci\u00f3n\u201d, inform\u00f3 la organizaci\u00f3n El D\u00eda Despu\u00e9s<\/p>\n<p>La organizaci\u00f3n invit\u00f3 a formar parte, con estas protestas, del reclamo social \u201cpor la desaparici\u00f3n de m\u00e1s de 40 mil personas\u201d en M\u00e9xico.<\/p>\n<p>Adem\u00e1s promueve los hashtags #10deMayo y #10deMayoNadaQueCelebrar.<\/p>\n<p><a href=\"https:\/\/www.mexico.com\/nuestras-causas\/dia-de-las-madres-desaparecidos-mexico-2019\/?utm_source=facebook\">https:\/\/www.mexico.com\/nuestras-causas\/dia-de-las-madres-desaparecidos-mexico-2019\/?utm_source=facebook<\/a><\/p>\n","protected":false},"excerpt":{"rendered":"<p>Daniela D\u00edaz\/Mexico.com En medio de los festejos, el dolor en M\u00e9xico se hace presente este 10 de mayo, D\u00eda de las Madres, pues hay m\u00e1s de 40 mil personas desaparecidas &hellip; <a href=\"http:\/\/www.grieta.org.mx\/index.php\/2019\/05\/10\/este-dia-de-las-madres-ellas-exigen-justicia-para-sus-hijos-ciudad-de-mexico\/\" class=\"more-link\">Leer m\u00e1s<\/a><\/p>\n","protected":false},"author":2,"featured_media":33353,"comment_status":"closed","ping_status":"closed","sticky":false,"template":"","format":"standard","meta":{"ngg_post_thumbnail":0,"_jetpack_newsletter_access":"","_jetpack_dont_email_post_to_subs":false,"_jetpack_newsletter_tier_id":0,"_jetpack_memberships_contains_paywalled_content":false,"_jetpack_memberships_contains_paid_content":false,"footnotes":""},"categories":[80,14,368,1156,1810,2],"tags":[2549],"class_list":["post-33352","post","type-post","status-publish","format-standard","has-post-thumbnail","hentry","category-cintillo","category-ciudad-de-mexico","category-desaparecidos-analisis","category-desapariciones-forzadas-en-la-ciudad-de-mexico","category-movilizaciones-y-protestas-de-familiares-de-desaparecidos-en-la-ciudad-de-mexico","category-noticias-nacionales","tag-marcha-por-los-desaparecidos","entry"],"jetpack_featured_media_url":"http:\/\/www.grieta.org.mx\/wp-content\/uploads\/2019\/05\/NGV75NB7YNFJDMW3ZRRM5OTZCQ.jpg","jetpack_sharing_enabled":true,"jetpack_shortlink":"https:\/\/wp.me\/p7ZJR4-8FW","jetpack_likes_enabled":false,"jetpack-related-posts":[{"id":49000,"url":"http:\/\/www.grieta.org.mx\/index.php\/2020\/05\/11\/con-marcha-virtual-y-en-cdmx-madres-protestaron-por-sus-desaparecidos-este-10-de-mayo\/","url_meta":{"origin":33352,"position":0},"title":"Con marcha virtual y en CDMX, madres protestaron por sus desaparecidos este 10 de mayo","author":"grieta","date":"11 mayo, 2020","format":false,"excerpt":"Imagen tomada de: lostubos.com Los Tubos Este 10 de mayo, un grupo de madres march\u00f3 del Monumento a la Madre al \u00c1ngel de la Independencia en la Ciudad de M\u00e9xico para exigir la b\u00fasqueda de sus hijas e hijos desaparecidos, a pesar de las recomendaciones para quedarse en casa en\u2026","rel":"","context":"En &quot;CINTILLO&quot;","block_context":{"text":"CINTILLO","link":"http:\/\/www.grieta.org.mx\/index.php\/category\/cintillo\/"},"img":{"alt_text":"","src":"https:\/\/i0.wp.com\/www.grieta.org.mx\/wp-content\/uploads\/2020\/05\/Con-marcha-virtual-y-en-CDMX-madres-protestaron-por-sus-desaparecidos-este-10-de-mayo-cdmx-may.jpg?resize=350%2C200","width":350,"height":200,"srcset":"https:\/\/i0.wp.com\/www.grieta.org.mx\/wp-content\/uploads\/2020\/05\/Con-marcha-virtual-y-en-CDMX-madres-protestaron-por-sus-desaparecidos-este-10-de-mayo-cdmx-may.jpg?resize=350%2C200 1x, https:\/\/i0.wp.com\/www.grieta.org.mx\/wp-content\/uploads\/2020\/05\/Con-marcha-virtual-y-en-CDMX-madres-protestaron-por-sus-desaparecidos-este-10-de-mayo-cdmx-may.jpg?resize=525%2C300 1.5x, https:\/\/i0.wp.com\/www.grieta.org.mx\/wp-content\/uploads\/2020\/05\/Con-marcha-virtual-y-en-CDMX-madres-protestaron-por-sus-desaparecidos-este-10-de-mayo-cdmx-may.jpg?resize=700%2C400 2x"},"classes":[]},{"id":59343,"url":"http:\/\/www.grieta.org.mx\/index.php\/2021\/05\/03\/madres-buscadoras-en-mexico-y-jalisco-volveran-a-salir-a-las-calles-este-10-de-mayo-por-el-regreso-de-sus-hijos-e-hijas-desaparecidas-jalisco\/","url_meta":{"origin":33352,"position":1},"title":"Madres buscadoras en M\u00e9xico y Jalisco volver\u00e1n a salir a las calles este 10 de mayo por el regreso de sus hijos e hijas desaparecidas (Jalisco)","author":"grieta","date":"3 mayo, 2021","format":false,"excerpt":"Foto: Zona Docs El 10 de mayo,\u00a0D\u00eda de las Madres\u00a0en M\u00e9xico, ha dejado de ser una fecha de celebraci\u00f3n para miles de madres y familias del pa\u00eds, quienes padecen la ausencia de sus amores desaparecidos, por ello, en lugar de conmemorar, salen a las calles de sus estados y ciudades\u2026","rel":"","context":"En &quot;CINTILLO&quot;","block_context":{"text":"CINTILLO","link":"http:\/\/www.grieta.org.mx\/index.php\/category\/cintillo\/"},"img":{"alt_text":"","src":"https:\/\/i0.wp.com\/www.grieta.org.mx\/wp-content\/uploads\/2021\/05\/result-5-e1620589064516.jpg?resize=350%2C200","width":350,"height":200,"srcset":"https:\/\/i0.wp.com\/www.grieta.org.mx\/wp-content\/uploads\/2021\/05\/result-5-e1620589064516.jpg?resize=350%2C200 1x, https:\/\/i0.wp.com\/www.grieta.org.mx\/wp-content\/uploads\/2021\/05\/result-5-e1620589064516.jpg?resize=525%2C300 1.5x, https:\/\/i0.wp.com\/www.grieta.org.mx\/wp-content\/uploads\/2021\/05\/result-5-e1620589064516.jpg?resize=700%2C400 2x"},"classes":[]},{"id":23192,"url":"http:\/\/www.grieta.org.mx\/index.php\/2018\/05\/10\/vivos-se-los-llevaron-vivos-los-queremos-exigen-madres-de-desaparecidos-en-marcha-por-reforma\/","url_meta":{"origin":33352,"position":2},"title":"\u201c\u00a1Vivos se los llevaron, vivos los queremos!\u201d, exigen madres de desaparecidos en marcha por Reforma","author":"grieta","date":"10 mayo, 2018","format":false,"excerpt":"Gloria Leticia D\u00edaz\/Proceso CIUDAD DE M\u00c9XICO (apro).- Las escalinatas del \u00c1ngel de la Independencia se colmaron de pancartas con los rostros de personas desaparecidas, como ocurre cada 10 de mayo en la Ciudad de M\u00e9xico desde hace siete a\u00f1os, cuando las madres de los ausentes decidieron romper el silencio e\u2026","rel":"","context":"En &quot;Ciudad de M\u00e9xico&quot;","block_context":{"text":"Ciudad de M\u00e9xico","link":"http:\/\/www.grieta.org.mx\/index.php\/category\/noticias-nacionales\/ciudad-de-mexico\/"},"img":{"alt_text":"","src":"https:\/\/i0.wp.com\/www.grieta.org.mx\/wp-content\/uploads\/2018\/05\/marcha-madres-desaparecidos.jpg?resize=350%2C200","width":350,"height":200,"srcset":"https:\/\/i0.wp.com\/www.grieta.org.mx\/wp-content\/uploads\/2018\/05\/marcha-madres-desaparecidos.jpg?resize=350%2C200 1x, https:\/\/i0.wp.com\/www.grieta.org.mx\/wp-content\/uploads\/2018\/05\/marcha-madres-desaparecidos.jpg?resize=525%2C300 1.5x, https:\/\/i0.wp.com\/www.grieta.org.mx\/wp-content\/uploads\/2018\/05\/marcha-madres-desaparecidos.jpg?resize=700%2C400 2x, https:\/\/i0.wp.com\/www.grieta.org.mx\/wp-content\/uploads\/2018\/05\/marcha-madres-desaparecidos.jpg?resize=1050%2C600 3x"},"classes":[]},{"id":22978,"url":"http:\/\/www.grieta.org.mx\/index.php\/2017\/05\/11\/madres-de-desaparecidos-marchan-en-siete-estados\/","url_meta":{"origin":33352,"position":3},"title":"Madres de desaparecidos marchan en siete estados","author":"grieta","date":"11 mayo, 2017","format":false,"excerpt":"Redacci\u00f3n\/El Debate M\u00e9xico.- Eva Reyes tiene 57 a\u00f1os y vive en Villa Nazareno, una localidad de Durango de menos de 7 mil habitantes. Desde all\u00e1 viaj\u00f3 casi una hora en cami\u00f3n hasta Torre\u00f3n s\u00f3lo para sumarse a la marcha de madres de desaparecidos. Su hijo Manuel Mois\u00e9s Aguilera Reyes, de\u2026","rel":"","context":"En &quot;CINTILLO&quot;","block_context":{"text":"CINTILLO","link":"http:\/\/www.grieta.org.mx\/index.php\/category\/cintillo\/"},"img":{"alt_text":"","src":"https:\/\/i0.wp.com\/www.grieta.org.mx\/wp-content\/uploads\/2018\/05\/d2.png?resize=350%2C200","width":350,"height":200,"srcset":"https:\/\/i0.wp.com\/www.grieta.org.mx\/wp-content\/uploads\/2018\/05\/d2.png?resize=350%2C200 1x, https:\/\/i0.wp.com\/www.grieta.org.mx\/wp-content\/uploads\/2018\/05\/d2.png?resize=525%2C300 1.5x"},"classes":[]},{"id":70482,"url":"http:\/\/www.grieta.org.mx\/index.php\/2024\/11\/13\/cancun-no-es-un-paraiso-es-un-infierno-donde-desaparecen-a-nuestros-hijos-e-hijas-llevan-madres-buscadoras-por-quintana-roo-demandas-al-zocalo-de-la-ciudad-de-mexico\/","url_meta":{"origin":33352,"position":4},"title":"&#8220;Canc\u00fan no es un para\u00edso, es un infierno donde desaparecen a nuestros hijos e hijas&#8221; Llevan \u2018Madres Buscadoras por Quintana Roo\u2019 demandas al Z\u00f3calo de la Ciudad de M\u00e9xico","author":"grieta","date":"13 noviembre, 2024","format":false,"excerpt":"CIUDAD DE M\u00c9XICO, MX.- Representantes del colectivo \u201cMadres Buscadoras por Quintana Roo\u201d acudieron este d\u00eda a la Ciudad de M\u00e9xico para participar en las manifestaciones que se realizan por la Convenci\u00f3n Nacional Activista. Los integrantes del colectivo expusieron en el Z\u00f3calo capitalino la situaci\u00f3n que se vive en Quintana Roo\u2026","rel":"","context":"En &quot;acciones por desaparecidos&quot;","block_context":{"text":"acciones por desaparecidos","link":"http:\/\/www.grieta.org.mx\/index.php\/category\/noticias-nacionales\/quintana-roo\/acciones-por-desaparecidos\/"},"img":{"alt_text":"","src":"https:\/\/i0.wp.com\/www.grieta.org.mx\/wp-content\/uploads\/2024\/11\/Infierno-e1731970401834.jpg?resize=350%2C200","width":350,"height":200,"srcset":"https:\/\/i0.wp.com\/www.grieta.org.mx\/wp-content\/uploads\/2024\/11\/Infierno-e1731970401834.jpg?resize=350%2C200 1x, https:\/\/i0.wp.com\/www.grieta.org.mx\/wp-content\/uploads\/2024\/11\/Infierno-e1731970401834.jpg?resize=525%2C300 1.5x, https:\/\/i0.wp.com\/www.grieta.org.mx\/wp-content\/uploads\/2024\/11\/Infierno-e1731970401834.jpg?resize=700%2C400 2x"},"classes":[]},{"id":33370,"url":"http:\/\/www.grieta.org.mx\/index.php\/2019\/05\/11\/retumba-en-tamaulipas-y-en-todo-mexico-el-clamor-de-las-madres-que-buscan-a-sus-hijos\/","url_meta":{"origin":33352,"position":5},"title":"Retumba en Tamaulipas y en todo M\u00e9xico el clamor de las madres que buscan a sus hijos","author":"grieta","date":"11 mayo, 2019","format":false,"excerpt":"Gaceta Ciudad de M\u00e9xico.- Miles de madres de v\u00edctimas de desaparici\u00f3n forzada se reunieron este viernes las calles de esta ciudad y de varios estados del pa\u00eds para exigir que las autoridades act\u00faen para encontrar a sus seres queridos y sancionen a los responsables de estos delitos, pues de lo\u2026","rel":"","context":"En &quot;CINTILLO&quot;","block_context":{"text":"CINTILLO","link":"http:\/\/www.grieta.org.mx\/index.php\/category\/cintillo\/"},"img":{"alt_text":"","src":"https:\/\/i0.wp.com\/www.grieta.org.mx\/wp-content\/uploads\/2019\/05\/Retumba-en-Tamaulipas-y-en-todo-M%C3%A9xico-el-clamor-de-las-madres-que-buscan-a-sus-hijos-tama-may.jpg?resize=350%2C200","width":350,"height":200},"classes":[]}],"_links":{"self":[{"href":"http:\/\/www.grieta.org.mx\/index.php\/wp-json\/wp\/v2\/posts\/33352","targetHints":{"allow":["GET"]}}],"collection":[{"href":"http:\/\/www.grieta.org.mx\/index.php\/wp-json\/wp\/v2\/posts"}],"about":[{"href":"http:\/\/www.grieta.org.mx\/index.php\/wp-json\/wp\/v2\/types\/post"}],"author":[{"embeddable":true,"href":"http:\/\/www.grieta.org.mx\/index.php\/wp-json\/wp\/v2\/users\/2"}],"replies":[{"embeddable":true,"href":"http:\/\/www.grieta.org.mx\/index.php\/wp-json\/wp\/v2\/comments?post=33352"}],"version-history":[{"count":1,"href":"http:\/\/www.grieta.org.mx\/index.php\/wp-json\/wp\/v2\/posts\/33352\/revisions"}],"predecessor-version":[{"id":33354,"href":"http:\/\/www.grieta.org.mx\/index.php\/wp-json\/wp\/v2\/posts\/33352\/revisions\/33354"}],"wp:featuredmedia":[{"embeddable":true,"href":"http:\/\/www.grieta.org.mx\/index.php\/wp-json\/wp\/v2\/media\/33353"}],"wp:attachment":[{"href":"http:\/\/www.grieta.org.mx\/index.php\/wp-json\/wp\/v2\/media?parent=33352"}],"wp:term":[{"taxonomy":"category","embeddable":true,"href":"http:\/\/www.grieta.org.mx\/index.php\/wp-json\/wp\/v2\/categories?post=33352"},{"taxonomy":"post_tag","embeddable":true,"href":"http:\/\/www.grieta.org.mx\/index.php\/wp-json\/wp\/v2\/tags?post=33352"}],"curies":[{"name":"wp","href":"https:\/\/api.w.org\/{rel}","templated":true}]}}