{"id":33347,"date":"2019-05-10T23:05:29","date_gmt":"2019-05-11T04:05:29","guid":{"rendered":"http:\/\/www.grieta.org.mx\/?p=33347"},"modified":"2019-05-12T23:24:29","modified_gmt":"2019-05-13T04:24:29","slug":"asaltan-transporte-para-alumnos-de-la-unam","status":"publish","type":"post","link":"http:\/\/www.grieta.org.mx\/index.php\/2019\/05\/10\/asaltan-transporte-para-alumnos-de-la-unam\/","title":{"rendered":"Asaltan transporte para alumnos de la UNAM"},"content":{"rendered":"<p><img loading=\"lazy\" decoding=\"async\" data-attachment-id=\"33348\" data-permalink=\"http:\/\/www.grieta.org.mx\/index.php\/2019\/05\/10\/asaltan-transporte-para-alumnos-de-la-unam\/132-696x696\/\" data-orig-file=\"http:\/\/www.grieta.org.mx\/wp-content\/uploads\/2019\/05\/132-696x696.jpg\" data-orig-size=\"696,696\" data-comments-opened=\"0\" data-image-meta=\"{&quot;aperture&quot;:&quot;0&quot;,&quot;credit&quot;:&quot;&quot;,&quot;camera&quot;:&quot;&quot;,&quot;caption&quot;:&quot;&quot;,&quot;created_timestamp&quot;:&quot;0&quot;,&quot;copyright&quot;:&quot;&quot;,&quot;focal_length&quot;:&quot;0&quot;,&quot;iso&quot;:&quot;0&quot;,&quot;shutter_speed&quot;:&quot;0&quot;,&quot;title&quot;:&quot;&quot;,&quot;orientation&quot;:&quot;0&quot;}\" data-image-title=\"132-696&amp;#215;696\" data-image-description=\"\" data-image-caption=\"\" data-medium-file=\"http:\/\/www.grieta.org.mx\/wp-content\/uploads\/2019\/05\/132-696x696-300x300.jpg\" data-large-file=\"http:\/\/www.grieta.org.mx\/wp-content\/uploads\/2019\/05\/132-696x696.jpg\" src=\"http:\/\/www.grieta.org.mx\/wp-content\/uploads\/2019\/05\/132-696x696.jpg\" alt=\"\" width=\"696\" height=\"696\" class=\"alignleft size-full wp-image-33348\" srcset=\"http:\/\/www.grieta.org.mx\/wp-content\/uploads\/2019\/05\/132-696x696.jpg 696w, http:\/\/www.grieta.org.mx\/wp-content\/uploads\/2019\/05\/132-696x696-150x150.jpg 150w, http:\/\/www.grieta.org.mx\/wp-content\/uploads\/2019\/05\/132-696x696-300x300.jpg 300w, http:\/\/www.grieta.org.mx\/wp-content\/uploads\/2019\/05\/132-696x696-130x130.jpg 130w, http:\/\/www.grieta.org.mx\/wp-content\/uploads\/2019\/05\/132-696x696-500x500.jpg 500w\" sizes=\"auto, (max-width: 696px) 100vw, 696px\" \/><\/p>\n<p>Iv\u00e1n Mej\u00eda\/La Raz\u00f3n<\/p>\n<blockquote><p>La empresa transportista, conocida como \u201cPuma\u201d, alista medidas de seguridad; una de las v\u00edctimas detalla que el delito ocurri\u00f3 a 10 minutos de Tulyehualco<\/p><\/blockquote>\n<p>Al menos 30 alumnos de la Universidad Nacional Aut\u00f3noma de M\u00e9xico (UNAM) fueron asaltados en una unidad de transporte exclusivo, mejor conocida como \u201cPuma\u201d, el pasado 7 de mayo cuando se dirig\u00edan a Ciudad Universitaria.<\/p>\n<p>Una de las v\u00edctimas relat\u00f3 a La Raz\u00f3n que alrededor de las 05:00 horas del pasado martes subi\u00f3 al cami\u00f3n que sale de Santiago Tulyehualco, Xochimilco, como lo hace desde hace dos a\u00f1os cuando inici\u00f3 la licenciatura y despu\u00e9s de aproximadamente 10 minutos de recorrido escuch\u00f3 la advertencia: \u201cA ver, ya se la saben, me dan su celular o me los quiebro\u201d.<\/p>\n<p>Al voltear, se percat\u00f3 que un sujeto portaba un arma de fuego, con la que cort\u00f3 cartucho y dispar\u00f3 hacia el techo del cami\u00f3n de la empresa Transporte de Pasaje Universitario Exclusivo, S.A. de C.V., para amedrentarlos, seg\u00fan narr\u00f3 Ana, nombre ficticio para guardar el anonimato.<\/p>\n<p>A este individuo se le sumaron dos m\u00e1s, quienes ven\u00edan sentados en la parte de atr\u00e1s del cami\u00f3n, a espaldas de la v\u00edctima; los c\u00f3mplices comenzaron a arrebatarles los celulares a los estudiantes, mientras que el sujeto con el arma amenazaba al conductor para que no se detuviera.<\/p>\n<p><img loading=\"lazy\" decoding=\"async\" data-attachment-id=\"33349\" data-permalink=\"http:\/\/www.grieta.org.mx\/index.php\/2019\/05\/10\/asaltan-transporte-para-alumnos-de-la-unam\/captura-de-pantalla-2019-05-09-a-las-22-15-04-696x177\/\" data-orig-file=\"http:\/\/www.grieta.org.mx\/wp-content\/uploads\/2019\/05\/Captura-de-pantalla-2019-05-09-a-las-22.15.04-696x177.png\" data-orig-size=\"696,177\" data-comments-opened=\"0\" data-image-meta=\"{&quot;aperture&quot;:&quot;0&quot;,&quot;credit&quot;:&quot;&quot;,&quot;camera&quot;:&quot;&quot;,&quot;caption&quot;:&quot;&quot;,&quot;created_timestamp&quot;:&quot;0&quot;,&quot;copyright&quot;:&quot;&quot;,&quot;focal_length&quot;:&quot;0&quot;,&quot;iso&quot;:&quot;0&quot;,&quot;shutter_speed&quot;:&quot;0&quot;,&quot;title&quot;:&quot;&quot;,&quot;orientation&quot;:&quot;0&quot;}\" data-image-title=\"Captura-de-pantalla-2019-05-09-a-las-22.15.04-696&amp;#215;177\" data-image-description=\"\" data-image-caption=\"\" data-medium-file=\"http:\/\/www.grieta.org.mx\/wp-content\/uploads\/2019\/05\/Captura-de-pantalla-2019-05-09-a-las-22.15.04-696x177-300x76.png\" data-large-file=\"http:\/\/www.grieta.org.mx\/wp-content\/uploads\/2019\/05\/Captura-de-pantalla-2019-05-09-a-las-22.15.04-696x177.png\" src=\"http:\/\/www.grieta.org.mx\/wp-content\/uploads\/2019\/05\/Captura-de-pantalla-2019-05-09-a-las-22.15.04-696x177.png\" alt=\"\" width=\"696\" height=\"177\" class=\"alignleft size-full wp-image-33349\" srcset=\"http:\/\/www.grieta.org.mx\/wp-content\/uploads\/2019\/05\/Captura-de-pantalla-2019-05-09-a-las-22.15.04-696x177.png 696w, http:\/\/www.grieta.org.mx\/wp-content\/uploads\/2019\/05\/Captura-de-pantalla-2019-05-09-a-las-22.15.04-696x177-300x76.png 300w\" sizes=\"auto, (max-width: 696px) 100vw, 696px\" \/><\/p>\n<p>\u201cCon el ruido del motor, de los dem\u00e1s carros y la adrenalina era dif\u00edcil escuchar lo que dec\u00edan, pero nos pidieron que agach\u00e1ramos la cabeza; vi que vest\u00edan pantal\u00f3n de mezclilla y sudaderas, ten\u00eda mucho miedo, pues el del arma pas\u00f3 por el pasillo, nos apunt\u00f3 y nos amenaz\u00f3\u201d, dijo la joven.<\/p>\n<p>Asimismo, la alumna de 20 a\u00f1os detall\u00f3 que iba sentada junto a la ventana a la mitad de la unidad, el otro asiento lo ocup\u00f3 su mejor amiga, con quien ven\u00eda repasando sus apuntes, pues ten\u00edan examen.<\/p>\n<p>Una vez que los asaltantes juntaron el bot\u00edn en un par de mochilas, pidieron al conductor que abriera la puerta y escaparon a pie, en una zona que la v\u00edctima no recuerda por la adrenalina y el miedo, pero asegur\u00f3 que segu\u00edan por Xochimilco.<\/p>\n<p>\u201cNos pidieron que agach\u00e1ramos la cabeza, vi que vest\u00edan pantal\u00f3n de mezclilla y sudaderas, ten\u00eda mucho miedo, pues el (asaltante) del arma pas\u00f3 por el pasillo, nos apunt\u00f3\u201d<\/p>\n<p>Ana<br \/>\nEstudiante de la UNAM<br \/>\n\u201c\u00bfEst\u00e1s bien?\u201d, recuerda que le pregunt\u00f3 a su amiga mientras se abrazaban. Preocupados por llegar a clases, los estudiantes le pidieron al conductor que los llevara a Ciudad Universitaria, pues para ellos era m\u00e1s importante llegar a su destino que interponer la denuncia correspondiente ante las autoridades luego del hurto.<\/p>\n<p>La v\u00edctima agreg\u00f3 que, al llegar a la m\u00e1xima casa de estudios, algunos compa\u00f1eros que ven\u00edan en el cami\u00f3n intercambiaron datos, como tel\u00e9fono o cuentas de redes sociales para mantener contacto y hacer algo al respecto, luego de sufrir el delito; \u201cincluso creo que en ese momento unos fueron a Rector\u00eda, pero yo ten\u00eda mi prueba y tuve que irme\u201d.<\/p>\n<p>A decir de Ana, de ahora en adelante buscar\u00e1 que entre sus compa\u00f1eros se organicen para llenar el cami\u00f3n con puros conocidos e hizo un llamado a las autoridades correspondientes para que los operadores pidan la credencial al abordar, y as\u00ed evitar que personas ajenas se aprovechen de los estudiantes, pues asegur\u00f3 que se han registrado robos sin violencia a bordo de las mismas.<\/p>\n<p>En tanto, la empresa de transporte de pasaje universitario, la cual es contratada por la UNAM para ofrecer servicio de trasladado de ida y vuelta a estudiantes de esa casa de estudios, en m\u00e1s de 15 derroteros, inform\u00f3 que el robo ocurri\u00f3 a bordo de la unidad 516, la cual aquel d\u00eda operaba Mario Arroyo Flores.<\/p>\n<p><img loading=\"lazy\" decoding=\"async\" data-attachment-id=\"33350\" data-permalink=\"http:\/\/www.grieta.org.mx\/index.php\/2019\/05\/10\/asaltan-transporte-para-alumnos-de-la-unam\/captura-de-pantalla-2019-05-09-a-las-22-15-22\/\" data-orig-file=\"http:\/\/www.grieta.org.mx\/wp-content\/uploads\/2019\/05\/Captura-de-pantalla-2019-05-09-a-las-22.15.22.png\" data-orig-size=\"686,594\" data-comments-opened=\"0\" data-image-meta=\"{&quot;aperture&quot;:&quot;0&quot;,&quot;credit&quot;:&quot;&quot;,&quot;camera&quot;:&quot;&quot;,&quot;caption&quot;:&quot;&quot;,&quot;created_timestamp&quot;:&quot;0&quot;,&quot;copyright&quot;:&quot;&quot;,&quot;focal_length&quot;:&quot;0&quot;,&quot;iso&quot;:&quot;0&quot;,&quot;shutter_speed&quot;:&quot;0&quot;,&quot;title&quot;:&quot;&quot;,&quot;orientation&quot;:&quot;0&quot;}\" data-image-title=\"Captura-de-pantalla-2019-05-09-a-las-22.15.22\" data-image-description=\"\" data-image-caption=\"\" data-medium-file=\"http:\/\/www.grieta.org.mx\/wp-content\/uploads\/2019\/05\/Captura-de-pantalla-2019-05-09-a-las-22.15.22-300x260.png\" data-large-file=\"http:\/\/www.grieta.org.mx\/wp-content\/uploads\/2019\/05\/Captura-de-pantalla-2019-05-09-a-las-22.15.22.png\" src=\"http:\/\/www.grieta.org.mx\/wp-content\/uploads\/2019\/05\/Captura-de-pantalla-2019-05-09-a-las-22.15.22.png\" alt=\"\" width=\"686\" height=\"594\" class=\"alignleft size-full wp-image-33350\" srcset=\"http:\/\/www.grieta.org.mx\/wp-content\/uploads\/2019\/05\/Captura-de-pantalla-2019-05-09-a-las-22.15.22.png 686w, http:\/\/www.grieta.org.mx\/wp-content\/uploads\/2019\/05\/Captura-de-pantalla-2019-05-09-a-las-22.15.22-300x260.png 300w, http:\/\/www.grieta.org.mx\/wp-content\/uploads\/2019\/05\/Captura-de-pantalla-2019-05-09-a-las-22.15.22-577x500.png 577w\" sizes=\"auto, (max-width: 686px) 100vw, 686px\" \/><\/p>\n<p>En un comunicado la agencia lament\u00f3 el hecho y a\u00f1adi\u00f3 que se procedi\u00f3 a denunciar ante la Fiscal\u00eda Desconcentrada de Investigaci\u00f3n en Xochimilco, \u00e1rea que abri\u00f3 la carpeta de investigaci\u00f3n, CI-FXH\/XO-2\/UI-I-S\/D\/01204\/05-2019.<\/p>\n<p>Asimismo, resalt\u00f3 que llevan m\u00e1s de cuatro d\u00e9cadas brindando este servicio sin que se registrara un asalto a bordo de este transporte, que fue contratado por la universidad para apoyar a los estudiantes que hacen largos recorridos para llegar a Ciudad Universitaria o alg\u00fan otro campus.<\/p>\n<p>\u201cDurante 43 a\u00f1os de servicio initerrumpido, por primera vez la empresa se vio afectada por la inseguridad que, desgraciadamente, vivimos en el pa\u00eds\u201d, se lee en el documento firmado por Felipe Coraza Calva, representante legal de la agencia.<\/p>\n<p>La empresa afirm\u00f3 que este acto de violencia que sufrieron los estudiantes, \u201cnos obliga a tomar medidas con las autoridades y padres de familia\u201d, a los cuales hicieron un llamado para vigilar esta ruta.<\/p>\n<p>El Dato: En las \u00faltimas semanas se han registrado otros delitos contra alumnos de la UNAM e IPN; una joven fue asesinada en el CCH Oriente y 2 resultaron heridos en asaltos.<\/p>\n<p><a href=\"https:\/\/www.razon.com.mx\/ciudad\/asaltan-a-tiros-transporte-para-alumnos-de-la-unam-se-hacen-pasar-por-alumnos-y-asaltan-unidad-rumbo-a-cu-delincuencia-inseguridad-seguridad-asalto-robo-secuestro-noticias-online\/\">https:\/\/www.razon.com.mx\/ciudad\/asaltan-a-tiros-transporte-para-alumnos-de-la-unam-se-hacen-pasar-por-alumnos-y-asaltan-unidad-rumbo-a-cu-delincuencia-inseguridad-seguridad-asalto-robo-secuestro-noticias-online\/<\/a><\/p>\n","protected":false},"excerpt":{"rendered":"<p>Iv\u00e1n Mej\u00eda\/La Raz\u00f3n La empresa transportista, conocida como \u201cPuma\u201d, alista medidas de seguridad; una de las v\u00edctimas detalla que el delito ocurri\u00f3 a 10 minutos de Tulyehualco Al menos 30 &hellip; <a href=\"http:\/\/www.grieta.org.mx\/index.php\/2019\/05\/10\/asaltan-transporte-para-alumnos-de-la-unam\/\" class=\"more-link\">Leer m\u00e1s<\/a><\/p>\n","protected":false},"author":2,"featured_media":33348,"comment_status":"closed","ping_status":"closed","sticky":false,"template":"","format":"standard","meta":{"ngg_post_thumbnail":0,"_jetpack_newsletter_access":"","_jetpack_dont_email_post_to_subs":false,"_jetpack_newsletter_tier_id":0,"_jetpack_memberships_contains_paywalled_content":false,"_jetpack_memberships_contains_paid_content":false,"footnotes":""},"categories":[80,14,2356,2,1823],"tags":[1565],"class_list":["post-33347","post","type-post","status-publish","format-standard","has-post-thumbnail","hentry","category-cintillo","category-ciudad-de-mexico","category-incremento-en-la-violencia-en-la-ciudad-de-mexico","category-noticias-nacionales","category-violencia-contra-estudiantes","tag-violencia-contra-estudiantes","entry"],"jetpack_featured_media_url":"http:\/\/www.grieta.org.mx\/wp-content\/uploads\/2019\/05\/132-696x696.jpg","jetpack_sharing_enabled":true,"jetpack_shortlink":"https:\/\/wp.me\/p7ZJR4-8FR","jetpack_likes_enabled":false,"jetpack-related-posts":[{"id":40137,"url":"http:\/\/www.grieta.org.mx\/index.php\/2019\/10\/11\/alumnos-de-la-unam-marchan-contra-violencia-de-genero-y-porros-ciudad-de-mexico\/","url_meta":{"origin":33347,"position":0},"title":"Alumnos de la UNAM marchan contra violencia de g\u00e9nero y porros (Ciudad de M\u00e9xico)","author":"grieta","date":"11 octubre, 2019","format":false,"excerpt":"El Heraldo de M\u00e9xico La movilizaci\u00f3n de estudiantes recorri\u00f3 algunas de las facultades de la Universidad Nacional, para posteriormente desplazarse sobre avenida Insurgentes Sur Estudiantes de la Facultad de Ciencias Pol\u00edticas y Sociales de la Universidad Nacional Aut\u00f3noma de M\u00e9xico (UNAM) realizaron este viernes una marcha en contra de la\u2026","rel":"","context":"En &quot;CINTILLO&quot;","block_context":{"text":"CINTILLO","link":"http:\/\/www.grieta.org.mx\/index.php\/category\/cintillo\/"},"img":{"alt_text":"","src":"https:\/\/i0.wp.com\/www.grieta.org.mx\/wp-content\/uploads\/2019\/10\/Alumnos-de-la-UNAM-marchan-contra-violencia-de-g%C3%A9nero-y-porros-oct-cdmx.jpg?resize=350%2C200","width":350,"height":200,"srcset":"https:\/\/i0.wp.com\/www.grieta.org.mx\/wp-content\/uploads\/2019\/10\/Alumnos-de-la-UNAM-marchan-contra-violencia-de-g%C3%A9nero-y-porros-oct-cdmx.jpg?resize=350%2C200 1x, https:\/\/i0.wp.com\/www.grieta.org.mx\/wp-content\/uploads\/2019\/10\/Alumnos-de-la-UNAM-marchan-contra-violencia-de-g%C3%A9nero-y-porros-oct-cdmx.jpg?resize=525%2C300 1.5x"},"classes":[]},{"id":52062,"url":"http:\/\/www.grieta.org.mx\/index.php\/2020\/07\/22\/estudiantes-de-la-prepa-3-de-la-unam-levantan-paro-luego-de-6-meses-y-entregan-las-instalaciones-ciudad-de-mexico\/","url_meta":{"origin":33347,"position":1},"title":"Estudiantes de la Prepa 3 de la UNAM levantan paro luego de 6 meses y entregan las instalaciones (Ciudad de M\u00e9xico)","author":"grieta","date":"22 julio, 2020","format":false,"excerpt":"Estudiantes de la Escuela Nacional Preparatoria 3 \"Justo Sierra\" de la UNAM. Foto: Armando Monroy, Cuartoscuro. Sin Embargo Las exigencias de las y los estudiantes fueron la mejora en el servicio m\u00e9dico, denunciaron el cobro de calificaciones por parte de los profesores y el acoso sexual. Ciudad de M\u00e9xico, 22\u2026","rel":"","context":"En &quot;CINTILLO&quot;","block_context":{"text":"CINTILLO","link":"http:\/\/www.grieta.org.mx\/index.php\/category\/cintillo\/"},"img":{"alt_text":"","src":"https:\/\/i0.wp.com\/www.grieta.org.mx\/wp-content\/uploads\/2020\/07\/Estudiantes-de-la-Prepa-3-de-la-UNAM-levantan-paro-luego-de-6-meses-y-entregan-las-instalaciones-cdmx-jul.jpg?resize=350%2C200","width":350,"height":200,"srcset":"https:\/\/i0.wp.com\/www.grieta.org.mx\/wp-content\/uploads\/2020\/07\/Estudiantes-de-la-Prepa-3-de-la-UNAM-levantan-paro-luego-de-6-meses-y-entregan-las-instalaciones-cdmx-jul.jpg?resize=350%2C200 1x, https:\/\/i0.wp.com\/www.grieta.org.mx\/wp-content\/uploads\/2020\/07\/Estudiantes-de-la-Prepa-3-de-la-UNAM-levantan-paro-luego-de-6-meses-y-entregan-las-instalaciones-cdmx-jul.jpg?resize=525%2C300 1.5x, https:\/\/i0.wp.com\/www.grieta.org.mx\/wp-content\/uploads\/2020\/07\/Estudiantes-de-la-Prepa-3-de-la-UNAM-levantan-paro-luego-de-6-meses-y-entregan-las-instalaciones-cdmx-jul.jpg?resize=700%2C400 2x, https:\/\/i0.wp.com\/www.grieta.org.mx\/wp-content\/uploads\/2020\/07\/Estudiantes-de-la-Prepa-3-de-la-UNAM-levantan-paro-luego-de-6-meses-y-entregan-las-instalaciones-cdmx-jul.jpg?resize=1050%2C600 3x"},"classes":[]},{"id":43996,"url":"http:\/\/www.grieta.org.mx\/index.php\/2020\/02\/06\/entregan-cch-vallejo-tras-dos-dias-de-paro-ciudad-de-mexico\/","url_meta":{"origin":33347,"position":2},"title":"Entregan CCH Vallejo tras dos d\u00edas de paro (Ciudad de M\u00e9xico)","author":"grieta","date":"6 febrero, 2020","format":false,"excerpt":"El martes pasado, un grupo de alumnos decidi\u00f3 realizar un paro de labores. Foto: Cuartoscuro\/Archivo Notimex Las actividades acad\u00e9micas y administrativas se reanudar\u00e1n ma\u00f1ana viernes 7 en los horarios acostumbrados CIUDAD DE M\u00c9XICO. La Universidad Nacional Aut\u00f3noma de M\u00e9xico inform\u00f3 que esta tarde fueron entregadas a las autoridades las instalaciones\u2026","rel":"","context":"En &quot;CINTILLO&quot;","block_context":{"text":"CINTILLO","link":"http:\/\/www.grieta.org.mx\/index.php\/category\/cintillo\/"},"img":{"alt_text":"","src":"https:\/\/i0.wp.com\/www.grieta.org.mx\/wp-content\/uploads\/2020\/02\/Entregan-CCH-Vallejo-tras-dos-d%C3%ADas-de-paro-cdmx-feb.jpg?resize=350%2C200","width":350,"height":200,"srcset":"https:\/\/i0.wp.com\/www.grieta.org.mx\/wp-content\/uploads\/2020\/02\/Entregan-CCH-Vallejo-tras-dos-d%C3%ADas-de-paro-cdmx-feb.jpg?resize=350%2C200 1x, https:\/\/i0.wp.com\/www.grieta.org.mx\/wp-content\/uploads\/2020\/02\/Entregan-CCH-Vallejo-tras-dos-d%C3%ADas-de-paro-cdmx-feb.jpg?resize=525%2C300 1.5x"},"classes":[]},{"id":41113,"url":"http:\/\/www.grieta.org.mx\/index.php\/2019\/11\/13\/prepa-9-continua-en-paro-regresarian-a-clases-el-viernes-ciudad-de-mexico\/","url_meta":{"origin":33347,"position":3},"title":"Prepa 9 contin\u00faa en paro, regresar\u00edan a clases el viernes (Ciudad de M\u00e9xico)","author":"grieta","date":"13 noviembre, 2019","format":false,"excerpt":"Foto tomada de @Comunidad_UNAM Excelsior Por segundo d\u00eda consecutivo, un grupo de estudiantes mantiene cerrado el plantel ubicado en Insurgentes Norte 1698, colonia Lindavista CIUDAD DE M\u00c9XICO Alumnos de la Escuela Nacional Preparatoria n\u00famero 9 contin\u00faan este mi\u00e9rcoles el paro estudiantil para exigir que termine la violencia de g\u00e9nero en\u2026","rel":"","context":"En &quot;CINTILLO&quot;","block_context":{"text":"CINTILLO","link":"http:\/\/www.grieta.org.mx\/index.php\/category\/cintillo\/"},"img":{"alt_text":"","src":"https:\/\/i0.wp.com\/www.grieta.org.mx\/wp-content\/uploads\/2019\/11\/Prepa-9-contin%C3%BAa-en-paro-regresar%C3%ADan-a-clases-el-viernes-cdmx-nov.jpg?resize=350%2C200","width":350,"height":200,"srcset":"https:\/\/i0.wp.com\/www.grieta.org.mx\/wp-content\/uploads\/2019\/11\/Prepa-9-contin%C3%BAa-en-paro-regresar%C3%ADan-a-clases-el-viernes-cdmx-nov.jpg?resize=350%2C200 1x, https:\/\/i0.wp.com\/www.grieta.org.mx\/wp-content\/uploads\/2019\/11\/Prepa-9-contin%C3%BAa-en-paro-regresar%C3%ADan-a-clases-el-viernes-cdmx-nov.jpg?resize=525%2C300 1.5x"},"classes":[]},{"id":41139,"url":"http:\/\/www.grieta.org.mx\/index.php\/2019\/11\/15\/encapuchados-toman-instalaciones-de-prepa-3-denuncia-acoso-sexual-ciudad-de-mexico\/","url_meta":{"origin":33347,"position":4},"title":"Encapuchados toman instalaciones de Prepa 3; denuncia acoso sexual (Ciudad de M\u00e9xico)","author":"grieta","date":"15 noviembre, 2019","format":false,"excerpt":"Vanessa Solis \/ El Sol de M\u00e9xico Alumnos del plantel exigen la renuncia de docentes que presuntamente acosan a las alumnas Mujeres encapuchadas tomaron las instalaciones de les Escuela Nacional Preparatoria n\u00famero 3 de la UNAM, esto para exigir la renuncia de profesores que acosan a las alumnas. A trav\u00e9s\u2026","rel":"","context":"En &quot;CINTILLO&quot;","block_context":{"text":"CINTILLO","link":"http:\/\/www.grieta.org.mx\/index.php\/category\/cintillo\/"},"img":{"alt_text":"","src":"https:\/\/i0.wp.com\/www.grieta.org.mx\/wp-content\/uploads\/2019\/11\/Encapuchados-toman-instalaciones-de-Prepa-3-denuncia-acoso-sexual-cdmx-nov.png?resize=350%2C200","width":350,"height":200,"srcset":"https:\/\/i0.wp.com\/www.grieta.org.mx\/wp-content\/uploads\/2019\/11\/Encapuchados-toman-instalaciones-de-Prepa-3-denuncia-acoso-sexual-cdmx-nov.png?resize=350%2C200 1x, https:\/\/i0.wp.com\/www.grieta.org.mx\/wp-content\/uploads\/2019\/11\/Encapuchados-toman-instalaciones-de-Prepa-3-denuncia-acoso-sexual-cdmx-nov.png?resize=525%2C300 1.5x, https:\/\/i0.wp.com\/www.grieta.org.mx\/wp-content\/uploads\/2019\/11\/Encapuchados-toman-instalaciones-de-Prepa-3-denuncia-acoso-sexual-cdmx-nov.png?resize=700%2C400 2x"},"classes":[]},{"id":41417,"url":"http:\/\/www.grieta.org.mx\/index.php\/2019\/11\/19\/encapuchados-toman-la-prepa-8-de-la-unam-por-violencia-de-genero-e-inseguridad-ciudad-de-mexico\/","url_meta":{"origin":33347,"position":5},"title":"Encapuchados toman la Prepa 8 de la UNAM por violencia de g\u00e9nero e inseguridad (Ciudad de M\u00e9xico)","author":"grieta","date":"19 noviembre, 2019","format":false,"excerpt":"Ixtlix\u00f3chitl L\u00f3pez \/ Proceso CIUDAD DE M\u00c9XICO (apro).- Un grupo de encapuchados tom\u00f3 este martes el plantel 8 de la Escuela Nacional Preparatoria de la UNAM \u201cMiguel E. Schulz\u201d, en protesta contra la violencia de g\u00e9nero y la inseguridad que se vive en el plantel. Los inconformes, quienes dijeron ser\u2026","rel":"","context":"En &quot;CINTILLO&quot;","block_context":{"text":"CINTILLO","link":"http:\/\/www.grieta.org.mx\/index.php\/category\/cintillo\/"},"img":{"alt_text":"","src":"https:\/\/i0.wp.com\/www.grieta.org.mx\/wp-content\/uploads\/2019\/11\/Encapuchados-toman-la-Prepa-8-de-la-UNAM-por-violencia-de-g%C3%A9nero-e-inseguridad-cdmx-nov.jpg?resize=350%2C200","width":350,"height":200,"srcset":"https:\/\/i0.wp.com\/www.grieta.org.mx\/wp-content\/uploads\/2019\/11\/Encapuchados-toman-la-Prepa-8-de-la-UNAM-por-violencia-de-g%C3%A9nero-e-inseguridad-cdmx-nov.jpg?resize=350%2C200 1x, https:\/\/i0.wp.com\/www.grieta.org.mx\/wp-content\/uploads\/2019\/11\/Encapuchados-toman-la-Prepa-8-de-la-UNAM-por-violencia-de-g%C3%A9nero-e-inseguridad-cdmx-nov.jpg?resize=525%2C300 1.5x"},"classes":[]}],"_links":{"self":[{"href":"http:\/\/www.grieta.org.mx\/index.php\/wp-json\/wp\/v2\/posts\/33347","targetHints":{"allow":["GET"]}}],"collection":[{"href":"http:\/\/www.grieta.org.mx\/index.php\/wp-json\/wp\/v2\/posts"}],"about":[{"href":"http:\/\/www.grieta.org.mx\/index.php\/wp-json\/wp\/v2\/types\/post"}],"author":[{"embeddable":true,"href":"http:\/\/www.grieta.org.mx\/index.php\/wp-json\/wp\/v2\/users\/2"}],"replies":[{"embeddable":true,"href":"http:\/\/www.grieta.org.mx\/index.php\/wp-json\/wp\/v2\/comments?post=33347"}],"version-history":[{"count":1,"href":"http:\/\/www.grieta.org.mx\/index.php\/wp-json\/wp\/v2\/posts\/33347\/revisions"}],"predecessor-version":[{"id":33351,"href":"http:\/\/www.grieta.org.mx\/index.php\/wp-json\/wp\/v2\/posts\/33347\/revisions\/33351"}],"wp:featuredmedia":[{"embeddable":true,"href":"http:\/\/www.grieta.org.mx\/index.php\/wp-json\/wp\/v2\/media\/33348"}],"wp:attachment":[{"href":"http:\/\/www.grieta.org.mx\/index.php\/wp-json\/wp\/v2\/media?parent=33347"}],"wp:term":[{"taxonomy":"category","embeddable":true,"href":"http:\/\/www.grieta.org.mx\/index.php\/wp-json\/wp\/v2\/categories?post=33347"},{"taxonomy":"post_tag","embeddable":true,"href":"http:\/\/www.grieta.org.mx\/index.php\/wp-json\/wp\/v2\/tags?post=33347"}],"curies":[{"name":"wp","href":"https:\/\/api.w.org\/{rel}","templated":true}]}}