{"id":33319,"date":"2019-05-10T14:04:32","date_gmt":"2019-05-10T19:04:32","guid":{"rendered":"http:\/\/www.grieta.org.mx\/?p=33319"},"modified":"2019-05-12T14:29:10","modified_gmt":"2019-05-12T19:29:10","slug":"marchan-madres-en-nuevo-leon-por-sus-hijos-desaparecidos","status":"publish","type":"post","link":"http:\/\/www.grieta.org.mx\/index.php\/2019\/05\/10\/marchan-madres-en-nuevo-leon-por-sus-hijos-desaparecidos\/","title":{"rendered":"Marchan madres en Nuevo Le\u00f3n por sus hijos desaparecidos"},"content":{"rendered":"<p><img loading=\"lazy\" decoding=\"async\" data-attachment-id=\"33320\" data-permalink=\"http:\/\/www.grieta.org.mx\/index.php\/2019\/05\/10\/marchan-madres-en-nuevo-leon-por-sus-hijos-desaparecidos\/marchan-madres-en-nuevo-leon-por-sus-hijos-desaparecidos-nl-may\/\" data-orig-file=\"http:\/\/www.grieta.org.mx\/wp-content\/uploads\/2019\/05\/Marchan-madres-en-Nuevo-Le\u00f3n-por-sus-hijos-desaparecidos-nl-may.jpg\" data-orig-size=\"980,653\" data-comments-opened=\"0\" data-image-meta=\"{&quot;aperture&quot;:&quot;0&quot;,&quot;credit&quot;:&quot;&quot;,&quot;camera&quot;:&quot;&quot;,&quot;caption&quot;:&quot;&quot;,&quot;created_timestamp&quot;:&quot;0&quot;,&quot;copyright&quot;:&quot;&quot;,&quot;focal_length&quot;:&quot;0&quot;,&quot;iso&quot;:&quot;0&quot;,&quot;shutter_speed&quot;:&quot;0&quot;,&quot;title&quot;:&quot;&quot;,&quot;orientation&quot;:&quot;0&quot;}\" data-image-title=\"Marchan madres en Nuevo Le\u00f3n por sus hijos desaparecidos nl may\" data-image-description=\"\" data-image-caption=\"\" data-medium-file=\"http:\/\/www.grieta.org.mx\/wp-content\/uploads\/2019\/05\/Marchan-madres-en-Nuevo-Le\u00f3n-por-sus-hijos-desaparecidos-nl-may-300x200.jpg\" data-large-file=\"http:\/\/www.grieta.org.mx\/wp-content\/uploads\/2019\/05\/Marchan-madres-en-Nuevo-Le\u00f3n-por-sus-hijos-desaparecidos-nl-may.jpg\" class=\"alignleft size-full wp-image-33320\" src=\"http:\/\/www.grieta.org.mx\/wp-content\/uploads\/2019\/05\/Marchan-madres-en-Nuevo-Le\u00f3n-por-sus-hijos-desaparecidos-nl-may.jpg\" alt=\"\" width=\"980\" height=\"653\" srcset=\"http:\/\/www.grieta.org.mx\/wp-content\/uploads\/2019\/05\/Marchan-madres-en-Nuevo-Le\u00f3n-por-sus-hijos-desaparecidos-nl-may.jpg 980w, http:\/\/www.grieta.org.mx\/wp-content\/uploads\/2019\/05\/Marchan-madres-en-Nuevo-Le\u00f3n-por-sus-hijos-desaparecidos-nl-may-300x200.jpg 300w, http:\/\/www.grieta.org.mx\/wp-content\/uploads\/2019\/05\/Marchan-madres-en-Nuevo-Le\u00f3n-por-sus-hijos-desaparecidos-nl-may-768x512.jpg 768w, http:\/\/www.grieta.org.mx\/wp-content\/uploads\/2019\/05\/Marchan-madres-en-Nuevo-Le\u00f3n-por-sus-hijos-desaparecidos-nl-may-750x500.jpg 750w\" sizes=\"auto, (max-width: 980px) 100vw, 980px\" \/><br \/>\nAracely Chantaka \/ Vanguardia<\/p>\n<blockquote><p>La movilizaci\u00f3n se registr\u00f3, este viernes, en el marco del D\u00eda de las Madres y congreg\u00f3 a decenas de integrantes de esa agrupaci\u00f3n que es respaldada por Ciudadanos en Apoyo a los Derechos Humanos (Cadhac)<\/p><\/blockquote>\n<p>Monterrey, Nuevo Le\u00f3n.- La ausencia de un hijo desaparecido no se compensa con nada y como ellas son compa\u00f1eras del mismo dolor, integrantes del grupo Amores (Mujeres Organizadas por los Secuestrados, Ejecutados y Desaparecidos de Nuevo Le\u00f3n) encabezaron una marcha para homenajear a las madres que murieron en b\u00fasqueda de sus v\u00e1stagos.<\/p>\n<p>La movilizaci\u00f3n se registr\u00f3, este viernes, en el marco del D\u00eda de las Madres y congreg\u00f3 a decenas de integrantes de esa agrupaci\u00f3n que es respaldada por Ciudadanos en Apoyo a los Derechos Humanos (Cadhac).<\/p>\n<p>El punto de reuni\u00f3n fue en la plaza La Pur\u00edsima de donde partieron hacia la Fiscal\u00eda General de Justicia de Nuevo Le\u00f3n para sostener una reuni\u00f3n privada con el titular de esa dependencia Gustavo Adolfo Guerrero.<\/p>\n<p>La marcha se denomin\u00f3 \u201cEn Memoria de las Madres de Hijos Desaparecidos que Partieron sin Encontrarles\u201d y sirvi\u00f3 para brindar reconocimiento a: Evangelina Arreola, Martha Flores, Ana Mar\u00eda de Guzm\u00e1n, Mar\u00eda de Enrique Mart\u00ednez y Justina Morales.<\/p>\n<p>Las mujeres llevaron pancartas en donde exig\u00edan a las autoridades una respuesta sobre el paradero de sus hijos y lanzaron el grito desesperado de \u201c\u00bfD\u00f3nde est\u00e1n, d\u00f3nde est\u00e1n, nuestros hijos, d\u00f3nde est\u00e1n?\u201d.<\/p>\n<p>Las participantes son mujeres de Nuevo Le\u00f3n y de Tamaulipas.<\/p>\n<p>Durante la reuni\u00f3n con el Fiscal General se revisaron los expedientes sobre los casos de sus hijos, muchos de los cuales ya tienen hasta una d\u00e9cada desaparecidos.<\/p>\n<p>La movilizaci\u00f3n se sum\u00f3 a otras similares en distintos puntos del pa\u00eds.<\/p>\n<p><a href=\"https:\/\/vanguardia.com.mx\/articulo\/marchan-madres-en-nuevo-leon-por-sus-hijos-desaparecidos\" target=\"_blank\" rel=\"noopener noreferrer\">https:\/\/vanguardia.com.mx\/articulo\/marchan-madres-en-nuevo-leon-por-sus-hijos-desaparecidos<\/a><\/p>\n","protected":false},"excerpt":{"rendered":"<p>Aracely Chantaka \/ Vanguardia La movilizaci\u00f3n se registr\u00f3, este viernes, en el marco del D\u00eda de las Madres y congreg\u00f3 a decenas de integrantes de esa agrupaci\u00f3n que es respaldada &hellip; <a href=\"http:\/\/www.grieta.org.mx\/index.php\/2019\/05\/10\/marchan-madres-en-nuevo-leon-por-sus-hijos-desaparecidos\/\" class=\"more-link\">Leer m\u00e1s<\/a><\/p>\n","protected":false},"author":2,"featured_media":33320,"comment_status":"closed","ping_status":"closed","sticky":false,"template":"","format":"standard","meta":{"ngg_post_thumbnail":0,"_jetpack_newsletter_access":"","_jetpack_dont_email_post_to_subs":false,"_jetpack_newsletter_tier_id":0,"_jetpack_memberships_contains_paywalled_content":false,"_jetpack_memberships_contains_paid_content":false,"footnotes":""},"categories":[80,87,1043,1197,2,24,33,83],"tags":[1828,2220,121,1668,1228],"class_list":["post-33319","post","type-post","status-publish","format-standard","has-post-thumbnail","hentry","category-cintillo","category-desaparecidos","category-desaparecidos-en-nuevo-leon","category-desaparecidos-en-tamaulipas","category-noticias-nacionales","category-nuevo-leon","category-tamaulipas","category-temas-nacionales","tag-busqueda-de-desaparecidos","tag-colectivos-rastreadores-de-desaparecidos","tag-desaparecidos","tag-familiares-de-desaparecidos","tag-protestas-por-desaparecidos","entry"],"jetpack_featured_media_url":"http:\/\/www.grieta.org.mx\/wp-content\/uploads\/2019\/05\/Marchan-madres-en-Nuevo-Le\u00f3n-por-sus-hijos-desaparecidos-nl-may.jpg","jetpack_sharing_enabled":true,"jetpack_shortlink":"https:\/\/wp.me\/p7ZJR4-8Fp","jetpack_likes_enabled":false,"jetpack-related-posts":[{"id":33316,"url":"http:\/\/www.grieta.org.mx\/index.php\/2019\/05\/10\/cinco-madres-de-desaparecidos-en-nuevo-leon-murieron-sin-encontrar-justicia-cadhac\/","url_meta":{"origin":33319,"position":0},"title":"Cinco madres de desaparecidos en Nuevo Le\u00f3n murieron sin encontrar justicia: CADHAC","author":"grieta","date":"10 mayo, 2019","format":false,"excerpt":"Lauren Franco \/ Contral\u00ednea Este viernes 10 de mayo, decenas de personas se reunieron en la Plaza de la Pur\u00edsima, en el Centro de Monterrey, en el marco de la \u201cMarcha en memoria de las madres de personas desaparecidos que murieron sin encontrar a sus hijos\u201d. De acuerdo con la\u2026","rel":"","context":"En &quot;CINTILLO&quot;","block_context":{"text":"CINTILLO","link":"http:\/\/www.grieta.org.mx\/index.php\/category\/cintillo\/"},"img":{"alt_text":"","src":"https:\/\/i0.wp.com\/www.grieta.org.mx\/wp-content\/uploads\/2019\/05\/Cinco-madres-de-desaparecidos-en-Nuevo-Le%C3%B3n-murieron-sin-encontrar-justicia-CADHAC-nl-may.jpg?resize=350%2C200","width":350,"height":200,"srcset":"https:\/\/i0.wp.com\/www.grieta.org.mx\/wp-content\/uploads\/2019\/05\/Cinco-madres-de-desaparecidos-en-Nuevo-Le%C3%B3n-murieron-sin-encontrar-justicia-CADHAC-nl-may.jpg?resize=350%2C200 1x, https:\/\/i0.wp.com\/www.grieta.org.mx\/wp-content\/uploads\/2019\/05\/Cinco-madres-de-desaparecidos-en-Nuevo-Le%C3%B3n-murieron-sin-encontrar-justicia-CADHAC-nl-may.jpg?resize=525%2C300 1.5x"},"classes":[]},{"id":22978,"url":"http:\/\/www.grieta.org.mx\/index.php\/2017\/05\/11\/madres-de-desaparecidos-marchan-en-siete-estados\/","url_meta":{"origin":33319,"position":1},"title":"Madres de desaparecidos marchan en siete estados","author":"grieta","date":"11 mayo, 2017","format":false,"excerpt":"Redacci\u00f3n\/El Debate M\u00e9xico.- Eva Reyes tiene 57 a\u00f1os y vive en Villa Nazareno, una localidad de Durango de menos de 7 mil habitantes. Desde all\u00e1 viaj\u00f3 casi una hora en cami\u00f3n hasta Torre\u00f3n s\u00f3lo para sumarse a la marcha de madres de desaparecidos. Su hijo Manuel Mois\u00e9s Aguilera Reyes, de\u2026","rel":"","context":"En &quot;CINTILLO&quot;","block_context":{"text":"CINTILLO","link":"http:\/\/www.grieta.org.mx\/index.php\/category\/cintillo\/"},"img":{"alt_text":"","src":"https:\/\/i0.wp.com\/www.grieta.org.mx\/wp-content\/uploads\/2018\/05\/d2.png?resize=350%2C200","width":350,"height":200,"srcset":"https:\/\/i0.wp.com\/www.grieta.org.mx\/wp-content\/uploads\/2018\/05\/d2.png?resize=350%2C200 1x, https:\/\/i0.wp.com\/www.grieta.org.mx\/wp-content\/uploads\/2018\/05\/d2.png?resize=525%2C300 1.5x"},"classes":[]},{"id":33293,"url":"http:\/\/www.grieta.org.mx\/index.php\/2019\/04\/09\/con-drones-madres-de-desaparecidos-encuentran-mil-600-restos-buscan-mas-nuevo-leon\/","url_meta":{"origin":33319,"position":2},"title":"Con drones, madres de desaparecidos encuentran \u00a1mil 600 restos!; buscan m\u00e1s (Nuevo Le\u00f3n)","author":"grieta","date":"9 abril, 2019","format":false,"excerpt":"Victor Vasili \/ La neta noticias La b\u00fasqueda de las madres de desaparecidos contin\u00faa, pues sin importar el poco apoyo recibido en la administraci\u00f3n federal pasada o el hecho de que no cuentan con los recursos suficientes, ellas siguen con la esperanza de encontrar a sus hijos. Por lo anterior,\u2026","rel":"","context":"En &quot;CINTILLO&quot;","block_context":{"text":"CINTILLO","link":"http:\/\/www.grieta.org.mx\/index.php\/category\/cintillo\/"},"img":{"alt_text":"","src":"https:\/\/i0.wp.com\/www.grieta.org.mx\/wp-content\/uploads\/2019\/05\/Con-drones-madres-de-desaparecidos-encuentran-%C2%A1mil-600-restos-buscan-m%C3%A1s-nl-may.jpeg?resize=350%2C200","width":350,"height":200,"srcset":"https:\/\/i0.wp.com\/www.grieta.org.mx\/wp-content\/uploads\/2019\/05\/Con-drones-madres-de-desaparecidos-encuentran-%C2%A1mil-600-restos-buscan-m%C3%A1s-nl-may.jpeg?resize=350%2C200 1x, https:\/\/i0.wp.com\/www.grieta.org.mx\/wp-content\/uploads\/2019\/05\/Con-drones-madres-de-desaparecidos-encuentran-%C2%A1mil-600-restos-buscan-m%C3%A1s-nl-may.jpeg?resize=525%2C300 1.5x"},"classes":[]},{"id":23357,"url":"http:\/\/www.grieta.org.mx\/index.php\/2018\/05\/31\/exigen-a-estado-mayores-esfuerzos-por-desaparecidos-nuevo-leon\/","url_meta":{"origin":33319,"position":3},"title":"Exigen a Estado mayores esfuerzos por desaparecidos (Nuevo Le\u00f3n)","author":"grieta","date":"31 mayo, 2018","format":false,"excerpt":"Iram Hern\u00e1ndez \/ El Horizonte Este mi\u00e9rcoles, integrantes de Amores y de Cadhac se manifestaron en la Explanada de los H\u00e9roes para exigir mayores esfuerzos y resultados a las autoridades para esclarecer situaci\u00f3n de personas desaparecidas Integrantes de la Agrupaci\u00f3n de Mujeres Organizadas por los Ejecutados, Secuestrados y Desaparecidos (Amores)\u2026","rel":"","context":"En &quot;CINTILLO&quot;","block_context":{"text":"CINTILLO","link":"http:\/\/www.grieta.org.mx\/index.php\/category\/cintillo\/"},"img":{"alt_text":"","src":"https:\/\/i0.wp.com\/www.grieta.org.mx\/wp-content\/uploads\/2018\/05\/Exigen-a-Estado-mayores-esfuerzos-por-desaparecidos.jpg?resize=350%2C200","width":350,"height":200,"srcset":"https:\/\/i0.wp.com\/www.grieta.org.mx\/wp-content\/uploads\/2018\/05\/Exigen-a-Estado-mayores-esfuerzos-por-desaparecidos.jpg?resize=350%2C200 1x, https:\/\/i0.wp.com\/www.grieta.org.mx\/wp-content\/uploads\/2018\/05\/Exigen-a-Estado-mayores-esfuerzos-por-desaparecidos.jpg?resize=525%2C300 1.5x, https:\/\/i0.wp.com\/www.grieta.org.mx\/wp-content\/uploads\/2018\/05\/Exigen-a-Estado-mayores-esfuerzos-por-desaparecidos.jpg?resize=700%2C400 2x, https:\/\/i0.wp.com\/www.grieta.org.mx\/wp-content\/uploads\/2018\/05\/Exigen-a-Estado-mayores-esfuerzos-por-desaparecidos.jpg?resize=1050%2C600 3x"},"classes":[]},{"id":33325,"url":"http:\/\/www.grieta.org.mx\/index.php\/2019\/05\/10\/apoyaran-expertos-de-europa-a-rastrear-desparecidos-de-nl-nuevo-leon\/","url_meta":{"origin":33319,"position":4},"title":"Apoyar\u00e1n expertos de Europa a rastrear desparecidos de NL (Nuevo Le\u00f3n)","author":"grieta","date":"10 mayo, 2019","format":false,"excerpt":"Eduardo Mendieta S\u00e1nchez \/ Milenio El fiscal general Gustavo Adolfo Guerrero inform\u00f3 que por cuatro a\u00f1os, una instituci\u00f3n de Holanda estar\u00e1 apoyando para buscar e identificar a los desaparecidos. La Fiscal\u00eda General de Justicia del Estado revel\u00f3 que expertos internacionales en cuestiones t\u00e9cnicas y cient\u00edficas provenientes de Holanda apoyar\u00e1n la\u2026","rel":"","context":"En &quot;CINTILLO&quot;","block_context":{"text":"CINTILLO","link":"http:\/\/www.grieta.org.mx\/index.php\/category\/cintillo\/"},"img":{"alt_text":"","src":"https:\/\/i0.wp.com\/www.grieta.org.mx\/wp-content\/uploads\/2019\/05\/Apoyar%C3%A1n-expertos-de-Europa-a-rastrear-desparecidos-de-NL-may.jpeg?resize=350%2C200","width":350,"height":200,"srcset":"https:\/\/i0.wp.com\/www.grieta.org.mx\/wp-content\/uploads\/2019\/05\/Apoyar%C3%A1n-expertos-de-Europa-a-rastrear-desparecidos-de-NL-may.jpeg?resize=350%2C200 1x, https:\/\/i0.wp.com\/www.grieta.org.mx\/wp-content\/uploads\/2019\/05\/Apoyar%C3%A1n-expertos-de-Europa-a-rastrear-desparecidos-de-NL-may.jpeg?resize=525%2C300 1.5x, https:\/\/i0.wp.com\/www.grieta.org.mx\/wp-content\/uploads\/2019\/05\/Apoyar%C3%A1n-expertos-de-Europa-a-rastrear-desparecidos-de-NL-may.jpeg?resize=700%2C400 2x"},"classes":[]},{"id":48939,"url":"http:\/\/www.grieta.org.mx\/index.php\/2020\/05\/10\/se-manifiesta-fundenl-en-puentes-peatonales-nuevo-leon\/","url_meta":{"origin":33319,"position":5},"title":"Se manifiesta FUNDENL en puentes peatonales (Nuevo Le\u00f3n)","author":"grieta","date":"10 mayo, 2020","format":false,"excerpt":"C\u00e9sar L\u00f3pez\/ EL PORVENIR Aseguraron que la contingencia sanitaria no deber\u00eda ser un obst\u00e1culo para seguir busc\u00e1ndolas. \"Desparecidos \u00bfd\u00f3nde est\u00e1n?, fuerza madres de FUNDENL\", eran las leyendas que se pod\u00edan apreciar en las mantas. La organizaci\u00f3n Fuerzas Unidas por Nuestros Desaparecidos en Nuevo Le\u00f3n, se moviliz\u00f3 en diferentes puentes peatonales\u2026","rel":"","context":"En &quot;CINTILLO&quot;","block_context":{"text":"CINTILLO","link":"http:\/\/www.grieta.org.mx\/index.php\/category\/cintillo\/"},"img":{"alt_text":"","src":"https:\/\/i0.wp.com\/www.grieta.org.mx\/wp-content\/uploads\/2020\/05\/fundenl.jpg?resize=350%2C200","width":350,"height":200,"srcset":"https:\/\/i0.wp.com\/www.grieta.org.mx\/wp-content\/uploads\/2020\/05\/fundenl.jpg?resize=350%2C200 1x, https:\/\/i0.wp.com\/www.grieta.org.mx\/wp-content\/uploads\/2020\/05\/fundenl.jpg?resize=525%2C300 1.5x, https:\/\/i0.wp.com\/www.grieta.org.mx\/wp-content\/uploads\/2020\/05\/fundenl.jpg?resize=700%2C400 2x, https:\/\/i0.wp.com\/www.grieta.org.mx\/wp-content\/uploads\/2020\/05\/fundenl.jpg?resize=1050%2C600 3x"},"classes":[]}],"_links":{"self":[{"href":"http:\/\/www.grieta.org.mx\/index.php\/wp-json\/wp\/v2\/posts\/33319","targetHints":{"allow":["GET"]}}],"collection":[{"href":"http:\/\/www.grieta.org.mx\/index.php\/wp-json\/wp\/v2\/posts"}],"about":[{"href":"http:\/\/www.grieta.org.mx\/index.php\/wp-json\/wp\/v2\/types\/post"}],"author":[{"embeddable":true,"href":"http:\/\/www.grieta.org.mx\/index.php\/wp-json\/wp\/v2\/users\/2"}],"replies":[{"embeddable":true,"href":"http:\/\/www.grieta.org.mx\/index.php\/wp-json\/wp\/v2\/comments?post=33319"}],"version-history":[{"count":1,"href":"http:\/\/www.grieta.org.mx\/index.php\/wp-json\/wp\/v2\/posts\/33319\/revisions"}],"predecessor-version":[{"id":33321,"href":"http:\/\/www.grieta.org.mx\/index.php\/wp-json\/wp\/v2\/posts\/33319\/revisions\/33321"}],"wp:featuredmedia":[{"embeddable":true,"href":"http:\/\/www.grieta.org.mx\/index.php\/wp-json\/wp\/v2\/media\/33320"}],"wp:attachment":[{"href":"http:\/\/www.grieta.org.mx\/index.php\/wp-json\/wp\/v2\/media?parent=33319"}],"wp:term":[{"taxonomy":"category","embeddable":true,"href":"http:\/\/www.grieta.org.mx\/index.php\/wp-json\/wp\/v2\/categories?post=33319"},{"taxonomy":"post_tag","embeddable":true,"href":"http:\/\/www.grieta.org.mx\/index.php\/wp-json\/wp\/v2\/tags?post=33319"}],"curies":[{"name":"wp","href":"https:\/\/api.w.org\/{rel}","templated":true}]}}