{"id":32944,"date":"2019-04-24T00:06:25","date_gmt":"2019-04-24T05:06:25","guid":{"rendered":"http:\/\/www.grieta.org.mx\/?p=32944"},"modified":"2019-05-05T00:10:29","modified_gmt":"2019-05-05T05:10:29","slug":"en-el-ejido-la-luz-de-lerdo-exigen-conclusion-de-pozo-de-agua-durango","status":"publish","type":"post","link":"http:\/\/www.grieta.org.mx\/index.php\/2019\/04\/24\/en-el-ejido-la-luz-de-lerdo-exigen-conclusion-de-pozo-de-agua-durango\/","title":{"rendered":"En el Ejido La Luz de Lerdo exigen conclusi\u00f3n de pozo de agua (Durango)"},"content":{"rendered":"<p><img loading=\"lazy\" decoding=\"async\" data-attachment-id=\"32946\" data-permalink=\"http:\/\/www.grieta.org.mx\/index.php\/2019\/04\/24\/en-el-ejido-la-luz-de-lerdo-exigen-conclusion-de-pozo-de-agua-durango\/habitantes-ejido-luz-manifestaron-presidencia\/\" data-orig-file=\"http:\/\/www.grieta.org.mx\/wp-content\/uploads\/2019\/05\/habitantes-ejido-luz-manifestaron-presidencia.jpg\" data-orig-size=\"958,596\" data-comments-opened=\"0\" data-image-meta=\"{&quot;aperture&quot;:&quot;0&quot;,&quot;credit&quot;:&quot;&quot;,&quot;camera&quot;:&quot;&quot;,&quot;caption&quot;:&quot;&quot;,&quot;created_timestamp&quot;:&quot;0&quot;,&quot;copyright&quot;:&quot;&quot;,&quot;focal_length&quot;:&quot;0&quot;,&quot;iso&quot;:&quot;0&quot;,&quot;shutter_speed&quot;:&quot;0&quot;,&quot;title&quot;:&quot;&quot;,&quot;orientation&quot;:&quot;0&quot;}\" data-image-title=\"habitantes-ejido-luz-manifestaron-presidencia\" data-image-description=\"\" data-image-caption=\"\" data-medium-file=\"http:\/\/www.grieta.org.mx\/wp-content\/uploads\/2019\/05\/habitantes-ejido-luz-manifestaron-presidencia-300x187.jpg\" data-large-file=\"http:\/\/www.grieta.org.mx\/wp-content\/uploads\/2019\/05\/habitantes-ejido-luz-manifestaron-presidencia.jpg\" src=\"http:\/\/www.grieta.org.mx\/wp-content\/uploads\/2019\/05\/habitantes-ejido-luz-manifestaron-presidencia.jpg\" alt=\"\" width=\"958\" height=\"596\" class=\"alignleft size-full wp-image-32946\" srcset=\"http:\/\/www.grieta.org.mx\/wp-content\/uploads\/2019\/05\/habitantes-ejido-luz-manifestaron-presidencia.jpg 958w, http:\/\/www.grieta.org.mx\/wp-content\/uploads\/2019\/05\/habitantes-ejido-luz-manifestaron-presidencia-300x187.jpg 300w, http:\/\/www.grieta.org.mx\/wp-content\/uploads\/2019\/05\/habitantes-ejido-luz-manifestaron-presidencia-768x478.jpg 768w, http:\/\/www.grieta.org.mx\/wp-content\/uploads\/2019\/05\/habitantes-ejido-luz-manifestaron-presidencia-804x500.jpg 804w\" sizes=\"auto, (max-width: 958px) 100vw, 958px\" \/><\/p>\n<p>Isis R\u00e1bago\/Milenio.<br \/>\nHabitantes del ejido La Luz en Lerdo, acudieron a la presidencia municipal para exigirle a la alcaldesa, Mar\u00eda Luisa Gonz\u00e1lez Achem una explicaci\u00f3n por la suspensi\u00f3n de los trabajos en una noria que los tiene sin agua.<\/p>\n<p>Dolores Lu\u00e9vanos Meza, encabez\u00f3 el grupo de aproximadamente 15 mujeres y dijo que la principal preocupaci\u00f3n, es que esta Administraci\u00f3n Municipal est\u00e1 por concluir y temen que el pozo de agua no lo terminen.<\/p>\n<p>\u201cEs m\u00e1s lo que suspenden, que lo que trabajan, si van y trabajan es dos o tres d\u00edas y suspenden hasa quince d\u00edas\u201d.<\/p>\n<p>La entrega de la noria debi\u00f3 ser desde agosto del a\u00f1o pasado, pero a estas fechas los habitantes de La Luz, deben conformarse con las pipas que el SAPAL les hace llegar. <\/p>\n<p>Para algunas familias la situaci\u00f3n es m\u00e1s complicada, debido a que por sus dimensiones y condiciones no puede ingresar a zonas del cerro en donde hay viviendas, por lo cual deben caminar hasta 20 kil\u00f3metros para obtener agua.<\/p>\n<p>\u201cAhorita el rancho est\u00e1 completamente muerto, no hay agua, que estamos esperando, que haya una epidemia\u201d.<br \/>\nSon alrededor de 800 habitantes del ejido La Luz, afectando a otras localidades como Rancho G\u00fcero y La Goleta, quienes tambi\u00e9n recibir\u00e1n el beneficio de la noria.<\/p>\n<p>Ante las quejas de los habitantes del Ejido La Luz, Mar\u00eda Luisa Gonz\u00e1lez Achem, inform\u00f3 que no existe retraso en la construcci\u00f3n de la noria por la empresa Delf\u00edn, sino que ocurri\u00f3 un imprevisto en el subsuelo. <\/p>\n<p>El estudio geol\u00f3gico que hicieron les dio un punto en donde hab\u00eda agua, sin embargo, al llegar a una perforaci\u00f3n de 50 metros.<\/p>\n<p>Aunque detectaron el recurso las condiciones del suelo ocasionaron un derrumbe, por lo cual tuvieron que cambiar de zona, en donde pudieron continuar la excavaci\u00f3n que lleg\u00f3 a 300 metros de profundidad. <\/p>\n<p>Ser\u00e1 Luego de dos d\u00edas que esperan el inicio de operaci\u00f3n.<\/p>\n<p><a href=\"https:\/\/www.milenio.com\/estados\/ejido-luz-lerdo-exigen-conclusion-pozo-agua\" rel=\"noopener noreferrer\" target=\"_blank\">https:\/\/www.milenio.com\/estados\/ejido-luz-lerdo-exigen-conclusion-pozo-agua<\/a><\/p>\n","protected":false},"excerpt":{"rendered":"<p>Isis R\u00e1bago\/Milenio. Habitantes del ejido La Luz en Lerdo, acudieron a la presidencia municipal para exigirle a la alcaldesa, Mar\u00eda Luisa Gonz\u00e1lez Achem una explicaci\u00f3n por la suspensi\u00f3n de los &hellip; <a href=\"http:\/\/www.grieta.org.mx\/index.php\/2019\/04\/24\/en-el-ejido-la-luz-de-lerdo-exigen-conclusion-de-pozo-de-agua-durango\/\" class=\"more-link\">Leer m\u00e1s<\/a><\/p>\n","protected":false},"author":2,"featured_media":32946,"comment_status":"closed","ping_status":"closed","sticky":false,"template":"","format":"standard","meta":{"ngg_post_thumbnail":0,"_jetpack_newsletter_access":"","_jetpack_dont_email_post_to_subs":false,"_jetpack_newsletter_tier_id":0,"_jetpack_memberships_contains_paywalled_content":false,"_jetpack_memberships_contains_paid_content":false,"footnotes":""},"categories":[80,914,15,2,2524,83],"tags":[1558,764],"class_list":["post-32944","post","type-post","status-publish","format-standard","has-post-thumbnail","hentry","category-cintillo","category-privatizacion-del-agua","category-durango","category-noticias-nacionales","category-privatizacion-del-agua-en-durango","category-temas-nacionales","tag-desabasto-de-agua","tag-privatizacion-del-agua","entry"],"jetpack_featured_media_url":"http:\/\/www.grieta.org.mx\/wp-content\/uploads\/2019\/05\/habitantes-ejido-luz-manifestaron-presidencia.jpg","jetpack_sharing_enabled":true,"jetpack_shortlink":"https:\/\/wp.me\/p7ZJR4-8zm","jetpack_likes_enabled":false,"jetpack-related-posts":[{"id":32950,"url":"http:\/\/www.grieta.org.mx\/index.php\/2019\/04\/24\/vecinos-del-ejido-la-luz-piden-celeridad-para-el-pozo-de-agua-durango\/","url_meta":{"origin":32944,"position":0},"title":"Vecinos del ejido La Luz piden celeridad para el pozo de agua (Durango)","author":"grieta","date":"24 abril, 2019","format":false,"excerpt":"Miguel Sol\u00eds\/El Sol de la Laguna Lerdo, Durango.- Vecinos del ejido La Luz acudieron este martes por la ma\u00f1ana a las afueras de la presidencia municipal de Lerdo para manifestar su molestia por el desabasto de agua que padecen desde hace a\u00f1os, mencionando que los trabajos para el pozo van\u2026","rel":"","context":"En &quot;CINTILLO&quot;","block_context":{"text":"CINTILLO","link":"http:\/\/www.grieta.org.mx\/index.php\/category\/cintillo\/"},"img":{"alt_text":"","src":"https:\/\/i0.wp.com\/www.grieta.org.mx\/wp-content\/uploads\/2019\/05\/Manifestaci%C3%B3n.jpg?resize=350%2C200","width":350,"height":200,"srcset":"https:\/\/i0.wp.com\/www.grieta.org.mx\/wp-content\/uploads\/2019\/05\/Manifestaci%C3%B3n.jpg?resize=350%2C200 1x, https:\/\/i0.wp.com\/www.grieta.org.mx\/wp-content\/uploads\/2019\/05\/Manifestaci%C3%B3n.jpg?resize=525%2C300 1.5x, https:\/\/i0.wp.com\/www.grieta.org.mx\/wp-content\/uploads\/2019\/05\/Manifestaci%C3%B3n.jpg?resize=700%2C400 2x"},"classes":[]},{"id":32938,"url":"http:\/\/www.grieta.org.mx\/index.php\/2019\/04\/23\/agua-si-lerdantino-no-durango\/","url_meta":{"origin":32944,"position":1},"title":"Agua s\u00ed, Lerdantino no (Durango)","author":"grieta","date":"23 abril, 2019","format":false,"excerpt":"Isis R\u00e1bago\/Milenio. Debido a la escasez de agua que desde hace varias semanas se presenta en la zona centro de ciudad Lerdo, esta ma\u00f1ana en la Plaza Principal apareci\u00f3 una leyenda en una de las estructuras del Ayuntamiento, en la cual se lee \"Agua s\u00ed, Lerdantino no\". Aurelio Hinojosa se\u00f1al\u00f3\u2026","rel":"","context":"En &quot;CINTILLO&quot;","block_context":{"text":"CINTILLO","link":"http:\/\/www.grieta.org.mx\/index.php\/category\/cintillo\/"},"img":{"alt_text":"","src":"https:\/\/i0.wp.com\/www.grieta.org.mx\/wp-content\/uploads\/2019\/05\/aseguran-festival-urgente-agua-rolando.jpg?resize=350%2C200","width":350,"height":200,"srcset":"https:\/\/i0.wp.com\/www.grieta.org.mx\/wp-content\/uploads\/2019\/05\/aseguran-festival-urgente-agua-rolando.jpg?resize=350%2C200 1x, https:\/\/i0.wp.com\/www.grieta.org.mx\/wp-content\/uploads\/2019\/05\/aseguran-festival-urgente-agua-rolando.jpg?resize=525%2C300 1.5x, https:\/\/i0.wp.com\/www.grieta.org.mx\/wp-content\/uploads\/2019\/05\/aseguran-festival-urgente-agua-rolando.jpg?resize=700%2C400 2x"},"classes":[]},{"id":10972,"url":"http:\/\/www.grieta.org.mx\/index.php\/2016\/04\/24\/con-tractores-bloquean-bulevar-miguel-aleman-en-lerdo\/","url_meta":{"origin":32944,"position":2},"title":"Con tractores, bloquean bulevar Miguel Alem\u00e1n en Lerdo","author":"grieta","date":"24 abril, 2016","format":false,"excerpt":"Mayela Avila Lerdo, Durango (24\/04\/2016).- Este domingo, campesinos del Ejido Lerdo bloquearon con tractores el bulevar Miguel Alem\u00e1n a la altura de las oficinas de Sagarpa, en protesta por el incumplimiento de los acuerdos para dotar de dos pozos de agua para uso agr\u00edcola para los productores que cedieron sus\u2026","rel":"","context":"En &quot;CINTILLO&quot;","block_context":{"text":"CINTILLO","link":"http:\/\/www.grieta.org.mx\/index.php\/category\/cintillo\/"},"img":{"alt_text":"","src":"https:\/\/i0.wp.com\/www.grieta.org.mx\/wp-content\/uploads\/2018\/03\/14524434_1106112876131411_958039263622046936_o.jpg?resize=350%2C200","width":350,"height":200,"srcset":"https:\/\/i0.wp.com\/www.grieta.org.mx\/wp-content\/uploads\/2018\/03\/14524434_1106112876131411_958039263622046936_o.jpg?resize=350%2C200 1x, https:\/\/i0.wp.com\/www.grieta.org.mx\/wp-content\/uploads\/2018\/03\/14524434_1106112876131411_958039263622046936_o.jpg?resize=525%2C300 1.5x, https:\/\/i0.wp.com\/www.grieta.org.mx\/wp-content\/uploads\/2018\/03\/14524434_1106112876131411_958039263622046936_o.jpg?resize=700%2C400 2x"},"classes":[]},{"id":11520,"url":"http:\/\/www.grieta.org.mx\/index.php\/2016\/04\/26\/bloquean-bulevar-exigen-dos-norias\/","url_meta":{"origin":32944,"position":3},"title":"Bloquean bulevar, exigen dos norias","author":"grieta","date":"26 abril, 2016","format":false,"excerpt":"Campesinos del ejido Lerdo cerraron el bulevar Miguel Alem\u00e1n en sus dos sentidos para hacer presi\u00f3n y exigir que se les construya las dos norias que les prometieron las autoridades estatales y municipales desde hace nueve a\u00f1os. Los quejosos encabezados por el comisariado ejidal Sim\u00f3n Gonz\u00e1lez Mijares, colocaron dos tractores\u2026","rel":"","context":"En &quot;CINTILLO&quot;","block_context":{"text":"CINTILLO","link":"http:\/\/www.grieta.org.mx\/index.php\/category\/cintillo\/"},"img":{"alt_text":"","src":"https:\/\/i0.wp.com\/www.grieta.org.mx\/wp-content\/uploads\/2018\/03\/14524434_1106112876131411_958039263622046936_o.jpg?resize=350%2C200","width":350,"height":200,"srcset":"https:\/\/i0.wp.com\/www.grieta.org.mx\/wp-content\/uploads\/2018\/03\/14524434_1106112876131411_958039263622046936_o.jpg?resize=350%2C200 1x, https:\/\/i0.wp.com\/www.grieta.org.mx\/wp-content\/uploads\/2018\/03\/14524434_1106112876131411_958039263622046936_o.jpg?resize=525%2C300 1.5x, https:\/\/i0.wp.com\/www.grieta.org.mx\/wp-content\/uploads\/2018\/03\/14524434_1106112876131411_958039263622046936_o.jpg?resize=700%2C400 2x"},"classes":[]},{"id":33956,"url":"http:\/\/www.grieta.org.mx\/index.php\/2019\/05\/17\/denuncian-mala-calidad-del-agua-en-el-ejido-chihuahuita-sinaloa\/","url_meta":{"origin":32944,"position":4},"title":"Denuncian mala calidad del agua en el ejido Chihuahuita (Sinaloa)","author":"grieta","date":"17 mayo, 2019","format":false,"excerpt":"Se\u00f1alan que tienen que comprar al menos tres garrafones de agua para poder subsistir Redacci\u00f3n \/ El Debate Los Mochis, Sinaloa.- Como intomable y sucia consideraron habitantes del ejido Chihuahuita el agua que les otorga la Junta de Agua Potable y Alcantarillado del Municipio de Ahome (Japama) desde hace a\u00f1os\u2026","rel":"","context":"En &quot;CINTILLO&quot;","block_context":{"text":"CINTILLO","link":"http:\/\/www.grieta.org.mx\/index.php\/category\/cintillo\/"},"img":{"alt_text":"","src":"https:\/\/i0.wp.com\/www.grieta.org.mx\/wp-content\/uploads\/2019\/05\/ejido_chihuahuita_mala_calidad_del_agua_crop1558109305384.jpg_219914347.jpg?resize=350%2C200","width":350,"height":200,"srcset":"https:\/\/i0.wp.com\/www.grieta.org.mx\/wp-content\/uploads\/2019\/05\/ejido_chihuahuita_mala_calidad_del_agua_crop1558109305384.jpg_219914347.jpg?resize=350%2C200 1x, https:\/\/i0.wp.com\/www.grieta.org.mx\/wp-content\/uploads\/2019\/05\/ejido_chihuahuita_mala_calidad_del_agua_crop1558109305384.jpg_219914347.jpg?resize=525%2C300 1.5x, https:\/\/i0.wp.com\/www.grieta.org.mx\/wp-content\/uploads\/2019\/05\/ejido_chihuahuita_mala_calidad_del_agua_crop1558109305384.jpg_219914347.jpg?resize=700%2C400 2x"},"classes":[]},{"id":18810,"url":"http:\/\/www.grieta.org.mx\/index.php\/2016\/07\/25\/incumple-pemex-acuerdo-hidraulico\/","url_meta":{"origin":32944,"position":5},"title":"Incumple Pemex acuerdo hidr\u00e1ulico","author":"grieta","date":"25 julio, 2016","format":false,"excerpt":"Rocio Velarde Petr\u00f3leos Mexicanos (Pemex) incumpli\u00f3 con un acuerdo que hace d\u00e9cadas hizo con el ejido de Mixquiahuala de dotar de agua potable al municipio, lo que constantemente provoca el desabasto del vital l\u00edquido en la demarcaci\u00f3n. El acuerdo precisa que la exparaestatal perforar\u00eda varios pozos de agua dentro del\u2026","rel":"","context":"En &quot;CINTILLO&quot;","block_context":{"text":"CINTILLO","link":"http:\/\/www.grieta.org.mx\/index.php\/category\/cintillo\/"},"img":{"alt_text":"","src":"https:\/\/i0.wp.com\/www.grieta.org.mx\/wp-content\/uploads\/2018\/03\/14524434_1106112876131411_958039263622046936_o.jpg?resize=350%2C200","width":350,"height":200,"srcset":"https:\/\/i0.wp.com\/www.grieta.org.mx\/wp-content\/uploads\/2018\/03\/14524434_1106112876131411_958039263622046936_o.jpg?resize=350%2C200 1x, https:\/\/i0.wp.com\/www.grieta.org.mx\/wp-content\/uploads\/2018\/03\/14524434_1106112876131411_958039263622046936_o.jpg?resize=525%2C300 1.5x, https:\/\/i0.wp.com\/www.grieta.org.mx\/wp-content\/uploads\/2018\/03\/14524434_1106112876131411_958039263622046936_o.jpg?resize=700%2C400 2x"},"classes":[]}],"_links":{"self":[{"href":"http:\/\/www.grieta.org.mx\/index.php\/wp-json\/wp\/v2\/posts\/32944","targetHints":{"allow":["GET"]}}],"collection":[{"href":"http:\/\/www.grieta.org.mx\/index.php\/wp-json\/wp\/v2\/posts"}],"about":[{"href":"http:\/\/www.grieta.org.mx\/index.php\/wp-json\/wp\/v2\/types\/post"}],"author":[{"embeddable":true,"href":"http:\/\/www.grieta.org.mx\/index.php\/wp-json\/wp\/v2\/users\/2"}],"replies":[{"embeddable":true,"href":"http:\/\/www.grieta.org.mx\/index.php\/wp-json\/wp\/v2\/comments?post=32944"}],"version-history":[{"count":1,"href":"http:\/\/www.grieta.org.mx\/index.php\/wp-json\/wp\/v2\/posts\/32944\/revisions"}],"predecessor-version":[{"id":32949,"href":"http:\/\/www.grieta.org.mx\/index.php\/wp-json\/wp\/v2\/posts\/32944\/revisions\/32949"}],"wp:featuredmedia":[{"embeddable":true,"href":"http:\/\/www.grieta.org.mx\/index.php\/wp-json\/wp\/v2\/media\/32946"}],"wp:attachment":[{"href":"http:\/\/www.grieta.org.mx\/index.php\/wp-json\/wp\/v2\/media?parent=32944"}],"wp:term":[{"taxonomy":"category","embeddable":true,"href":"http:\/\/www.grieta.org.mx\/index.php\/wp-json\/wp\/v2\/categories?post=32944"},{"taxonomy":"post_tag","embeddable":true,"href":"http:\/\/www.grieta.org.mx\/index.php\/wp-json\/wp\/v2\/tags?post=32944"}],"curies":[{"name":"wp","href":"https:\/\/api.w.org\/{rel}","templated":true}]}}