{"id":32938,"date":"2019-04-23T23:55:24","date_gmt":"2019-04-24T04:55:24","guid":{"rendered":"http:\/\/www.grieta.org.mx\/?p=32938"},"modified":"2019-05-05T00:05:58","modified_gmt":"2019-05-05T05:05:58","slug":"agua-si-lerdantino-no-durango","status":"publish","type":"post","link":"http:\/\/www.grieta.org.mx\/index.php\/2019\/04\/23\/agua-si-lerdantino-no-durango\/","title":{"rendered":"Agua s\u00ed, Lerdantino no (Durango)"},"content":{"rendered":"<p><img loading=\"lazy\" decoding=\"async\" data-attachment-id=\"32941\" data-permalink=\"http:\/\/www.grieta.org.mx\/index.php\/2019\/04\/23\/agua-si-lerdantino-no-durango\/aseguran-festival-urgente-agua-rolando\/\" data-orig-file=\"http:\/\/www.grieta.org.mx\/wp-content\/uploads\/2019\/05\/aseguran-festival-urgente-agua-rolando.jpg\" data-orig-size=\"958,596\" data-comments-opened=\"0\" data-image-meta=\"{&quot;aperture&quot;:&quot;0&quot;,&quot;credit&quot;:&quot;&quot;,&quot;camera&quot;:&quot;&quot;,&quot;caption&quot;:&quot;&quot;,&quot;created_timestamp&quot;:&quot;0&quot;,&quot;copyright&quot;:&quot;&quot;,&quot;focal_length&quot;:&quot;0&quot;,&quot;iso&quot;:&quot;0&quot;,&quot;shutter_speed&quot;:&quot;0&quot;,&quot;title&quot;:&quot;&quot;,&quot;orientation&quot;:&quot;0&quot;}\" data-image-title=\"aseguran-festival-urgente-agua-rolando\" data-image-description=\"\" data-image-caption=\"\" data-medium-file=\"http:\/\/www.grieta.org.mx\/wp-content\/uploads\/2019\/05\/aseguran-festival-urgente-agua-rolando-300x187.jpg\" data-large-file=\"http:\/\/www.grieta.org.mx\/wp-content\/uploads\/2019\/05\/aseguran-festival-urgente-agua-rolando.jpg\" class=\"alignleft size-full wp-image-32941\" src=\"http:\/\/www.grieta.org.mx\/wp-content\/uploads\/2019\/05\/aseguran-festival-urgente-agua-rolando.jpg\" alt=\"\" width=\"958\" height=\"596\" srcset=\"http:\/\/www.grieta.org.mx\/wp-content\/uploads\/2019\/05\/aseguran-festival-urgente-agua-rolando.jpg 958w, http:\/\/www.grieta.org.mx\/wp-content\/uploads\/2019\/05\/aseguran-festival-urgente-agua-rolando-300x187.jpg 300w, http:\/\/www.grieta.org.mx\/wp-content\/uploads\/2019\/05\/aseguran-festival-urgente-agua-rolando-768x478.jpg 768w, http:\/\/www.grieta.org.mx\/wp-content\/uploads\/2019\/05\/aseguran-festival-urgente-agua-rolando-804x500.jpg 804w\" sizes=\"auto, (max-width: 958px) 100vw, 958px\" \/><\/p>\n<p>Isis R\u00e1bago\/Milenio.<\/p>\n<p>Debido a la escasez de agua que desde hace varias semanas se presenta en la zona centro de ciudad Lerdo, esta ma\u00f1ana en la Plaza Principal apareci\u00f3 una leyenda en una de las estructuras del Ayuntamiento, en la cual se lee &#8220;Agua s\u00ed, Lerdantino no&#8221;.<\/p>\n<p>Aurelio Hinojosa se\u00f1al\u00f3 que existe malestar generalizado entre las familias que viven en el centro por la falta de l\u00edquido y en su caso desde hace dos meses.<\/p>\n<p>&#8220;Est\u00e1 mal que vayan a hacer este festival que aunque es bueno para Lerdo, es mejor el agua&#8221;,enfatiz\u00f3.<br \/>\nEl se\u00f1or quien vive desde hace 22 a\u00f1os entre las calles Ray\u00f3n y Durango y acaba de pagar su recibo de 158 pesos, se\u00f1al\u00f3 que nunca hab\u00eda pasado esta situaci\u00f3n en administraciones pasadas.<\/p>\n<p>&#8220;Anoche me quer\u00eda ba\u00f1ar a las dos de la ma\u00f1ana y estaba juntando gotita por gotita tratando de llenar un bote de 20 litros&#8221;.<\/p>\n<p>Est\u00e1 situaci\u00f3n es la misma que atraviesan sus vecinos, generando malestar y por lo cual antes de un festival como el Lerdantino, prefieren contar con agua.<\/p>\n<p>Por su parte Ramiro Olmos quien ha vivido desde siempre en la calle Guerrero entre Sarabia y Madero, mencion\u00f3 que los problemas de agua en el primer cuadro ocasionaron que las familias que viven en la acera norte, tengan que ser abastecidas de agua con pipas, mientras que de la acera del sur donde se encuentra su vivienda, deben conformarse con un &#8220;chorrito&#8221;.<\/p>\n<p>&#8220;Hay una escasez de agua tremendo&#8221;, dijo.<br \/>\nTambi\u00e9n el silencio de los vecinos ocasiona que la situaci\u00f3n continu\u00e9 pues siempre las familias del centro son las que menos se quejan, sin embargo, padecen de los malos servicios, como el de recolecci\u00f3n de basura y limpieza.<\/p>\n<p><a href=\"https:\/\/www.milenio.com\/estados\/agua-si-lerdantino-no\" rel=\"noopener noreferrer\" target=\"_blank\">https:\/\/www.milenio.com\/estados\/agua-si-lerdantino-no<\/a><\/p>\n","protected":false},"excerpt":{"rendered":"<p>Isis R\u00e1bago\/Milenio. Debido a la escasez de agua que desde hace varias semanas se presenta en la zona centro de ciudad Lerdo, esta ma\u00f1ana en la Plaza Principal apareci\u00f3 una &hellip; <a href=\"http:\/\/www.grieta.org.mx\/index.php\/2019\/04\/23\/agua-si-lerdantino-no-durango\/\" class=\"more-link\">Leer m\u00e1s<\/a><\/p>\n","protected":false},"author":2,"featured_media":32941,"comment_status":"closed","ping_status":"closed","sticky":false,"template":"","format":"standard","meta":{"ngg_post_thumbnail":0,"_jetpack_newsletter_access":"","_jetpack_dont_email_post_to_subs":false,"_jetpack_newsletter_tier_id":0,"_jetpack_memberships_contains_paywalled_content":false,"_jetpack_memberships_contains_paid_content":false,"footnotes":""},"categories":[80,914,15,2,2524,83],"tags":[1558,764],"class_list":["post-32938","post","type-post","status-publish","format-standard","has-post-thumbnail","hentry","category-cintillo","category-privatizacion-del-agua","category-durango","category-noticias-nacionales","category-privatizacion-del-agua-en-durango","category-temas-nacionales","tag-desabasto-de-agua","tag-privatizacion-del-agua","entry"],"jetpack_featured_media_url":"http:\/\/www.grieta.org.mx\/wp-content\/uploads\/2019\/05\/aseguran-festival-urgente-agua-rolando.jpg","jetpack_sharing_enabled":true,"jetpack_shortlink":"https:\/\/wp.me\/p7ZJR4-8zg","jetpack_likes_enabled":false,"jetpack-related-posts":[{"id":32950,"url":"http:\/\/www.grieta.org.mx\/index.php\/2019\/04\/24\/vecinos-del-ejido-la-luz-piden-celeridad-para-el-pozo-de-agua-durango\/","url_meta":{"origin":32938,"position":0},"title":"Vecinos del ejido La Luz piden celeridad para el pozo de agua (Durango)","author":"grieta","date":"24 abril, 2019","format":false,"excerpt":"Miguel Sol\u00eds\/El Sol de la Laguna Lerdo, Durango.- Vecinos del ejido La Luz acudieron este martes por la ma\u00f1ana a las afueras de la presidencia municipal de Lerdo para manifestar su molestia por el desabasto de agua que padecen desde hace a\u00f1os, mencionando que los trabajos para el pozo van\u2026","rel":"","context":"En &quot;CINTILLO&quot;","block_context":{"text":"CINTILLO","link":"http:\/\/www.grieta.org.mx\/index.php\/category\/cintillo\/"},"img":{"alt_text":"","src":"https:\/\/i0.wp.com\/www.grieta.org.mx\/wp-content\/uploads\/2019\/05\/Manifestaci%C3%B3n.jpg?resize=350%2C200","width":350,"height":200,"srcset":"https:\/\/i0.wp.com\/www.grieta.org.mx\/wp-content\/uploads\/2019\/05\/Manifestaci%C3%B3n.jpg?resize=350%2C200 1x, https:\/\/i0.wp.com\/www.grieta.org.mx\/wp-content\/uploads\/2019\/05\/Manifestaci%C3%B3n.jpg?resize=525%2C300 1.5x, https:\/\/i0.wp.com\/www.grieta.org.mx\/wp-content\/uploads\/2019\/05\/Manifestaci%C3%B3n.jpg?resize=700%2C400 2x"},"classes":[]},{"id":32944,"url":"http:\/\/www.grieta.org.mx\/index.php\/2019\/04\/24\/en-el-ejido-la-luz-de-lerdo-exigen-conclusion-de-pozo-de-agua-durango\/","url_meta":{"origin":32938,"position":1},"title":"En el Ejido La Luz de Lerdo exigen conclusi\u00f3n de pozo de agua (Durango)","author":"grieta","date":"24 abril, 2019","format":false,"excerpt":"Isis R\u00e1bago\/Milenio. Habitantes del ejido La Luz en Lerdo, acudieron a la presidencia municipal para exigirle a la alcaldesa, Mar\u00eda Luisa Gonz\u00e1lez Achem una explicaci\u00f3n por la suspensi\u00f3n de los trabajos en una noria que los tiene sin agua. Dolores Lu\u00e9vanos Meza, encabez\u00f3 el grupo de aproximadamente 15 mujeres y\u2026","rel":"","context":"En &quot;CINTILLO&quot;","block_context":{"text":"CINTILLO","link":"http:\/\/www.grieta.org.mx\/index.php\/category\/cintillo\/"},"img":{"alt_text":"","src":"https:\/\/i0.wp.com\/www.grieta.org.mx\/wp-content\/uploads\/2019\/05\/habitantes-ejido-luz-manifestaron-presidencia.jpg?resize=350%2C200","width":350,"height":200,"srcset":"https:\/\/i0.wp.com\/www.grieta.org.mx\/wp-content\/uploads\/2019\/05\/habitantes-ejido-luz-manifestaron-presidencia.jpg?resize=350%2C200 1x, https:\/\/i0.wp.com\/www.grieta.org.mx\/wp-content\/uploads\/2019\/05\/habitantes-ejido-luz-manifestaron-presidencia.jpg?resize=525%2C300 1.5x, https:\/\/i0.wp.com\/www.grieta.org.mx\/wp-content\/uploads\/2019\/05\/habitantes-ejido-luz-manifestaron-presidencia.jpg?resize=700%2C400 2x"},"classes":[]},{"id":32954,"url":"http:\/\/www.grieta.org.mx\/index.php\/2019\/04\/30\/sigue-la-toma-de-sede-de-conagua-durango\/","url_meta":{"origin":32938,"position":2},"title":"Sigue la toma de sede de Conagua (Durango)","author":"grieta","date":"30 abril, 2019","format":false,"excerpt":"Mary V\u00e1zquez\/El Siglo de Durango. Un grupo de productores agr\u00edcolas, usuarios de varios m\u00f3dulos de riego de la Laguna de Durango y Coahuila, cerraron las oficinas de Conagua y mantienen un plant\u00f3n, pues exigen la destituci\u00f3n de todos los funcionarios que tenga alguna responsabilidad dentro de la dependencia, empezando por\u2026","rel":"","context":"En &quot;CINTILLO&quot;","block_context":{"text":"CINTILLO","link":"http:\/\/www.grieta.org.mx\/index.php\/category\/cintillo\/"},"img":{"alt_text":"","src":"https:\/\/i0.wp.com\/www.grieta.org.mx\/wp-content\/uploads\/2019\/05\/802337.jpeg?resize=350%2C200","width":350,"height":200,"srcset":"https:\/\/i0.wp.com\/www.grieta.org.mx\/wp-content\/uploads\/2019\/05\/802337.jpeg?resize=350%2C200 1x, https:\/\/i0.wp.com\/www.grieta.org.mx\/wp-content\/uploads\/2019\/05\/802337.jpeg?resize=525%2C300 1.5x, https:\/\/i0.wp.com\/www.grieta.org.mx\/wp-content\/uploads\/2019\/05\/802337.jpeg?resize=700%2C400 2x"},"classes":[]},{"id":10972,"url":"http:\/\/www.grieta.org.mx\/index.php\/2016\/04\/24\/con-tractores-bloquean-bulevar-miguel-aleman-en-lerdo\/","url_meta":{"origin":32938,"position":3},"title":"Con tractores, bloquean bulevar Miguel Alem\u00e1n en Lerdo","author":"grieta","date":"24 abril, 2016","format":false,"excerpt":"Mayela Avila Lerdo, Durango (24\/04\/2016).- Este domingo, campesinos del Ejido Lerdo bloquearon con tractores el bulevar Miguel Alem\u00e1n a la altura de las oficinas de Sagarpa, en protesta por el incumplimiento de los acuerdos para dotar de dos pozos de agua para uso agr\u00edcola para los productores que cedieron sus\u2026","rel":"","context":"En &quot;CINTILLO&quot;","block_context":{"text":"CINTILLO","link":"http:\/\/www.grieta.org.mx\/index.php\/category\/cintillo\/"},"img":{"alt_text":"","src":"https:\/\/i0.wp.com\/www.grieta.org.mx\/wp-content\/uploads\/2018\/03\/14524434_1106112876131411_958039263622046936_o.jpg?resize=350%2C200","width":350,"height":200,"srcset":"https:\/\/i0.wp.com\/www.grieta.org.mx\/wp-content\/uploads\/2018\/03\/14524434_1106112876131411_958039263622046936_o.jpg?resize=350%2C200 1x, https:\/\/i0.wp.com\/www.grieta.org.mx\/wp-content\/uploads\/2018\/03\/14524434_1106112876131411_958039263622046936_o.jpg?resize=525%2C300 1.5x, https:\/\/i0.wp.com\/www.grieta.org.mx\/wp-content\/uploads\/2018\/03\/14524434_1106112876131411_958039263622046936_o.jpg?resize=700%2C400 2x"},"classes":[]},{"id":11520,"url":"http:\/\/www.grieta.org.mx\/index.php\/2016\/04\/26\/bloquean-bulevar-exigen-dos-norias\/","url_meta":{"origin":32938,"position":4},"title":"Bloquean bulevar, exigen dos norias","author":"grieta","date":"26 abril, 2016","format":false,"excerpt":"Campesinos del ejido Lerdo cerraron el bulevar Miguel Alem\u00e1n en sus dos sentidos para hacer presi\u00f3n y exigir que se les construya las dos norias que les prometieron las autoridades estatales y municipales desde hace nueve a\u00f1os. Los quejosos encabezados por el comisariado ejidal Sim\u00f3n Gonz\u00e1lez Mijares, colocaron dos tractores\u2026","rel":"","context":"En &quot;CINTILLO&quot;","block_context":{"text":"CINTILLO","link":"http:\/\/www.grieta.org.mx\/index.php\/category\/cintillo\/"},"img":{"alt_text":"","src":"https:\/\/i0.wp.com\/www.grieta.org.mx\/wp-content\/uploads\/2018\/03\/14524434_1106112876131411_958039263622046936_o.jpg?resize=350%2C200","width":350,"height":200,"srcset":"https:\/\/i0.wp.com\/www.grieta.org.mx\/wp-content\/uploads\/2018\/03\/14524434_1106112876131411_958039263622046936_o.jpg?resize=350%2C200 1x, https:\/\/i0.wp.com\/www.grieta.org.mx\/wp-content\/uploads\/2018\/03\/14524434_1106112876131411_958039263622046936_o.jpg?resize=525%2C300 1.5x, https:\/\/i0.wp.com\/www.grieta.org.mx\/wp-content\/uploads\/2018\/03\/14524434_1106112876131411_958039263622046936_o.jpg?resize=700%2C400 2x"},"classes":[]},{"id":40459,"url":"http:\/\/www.grieta.org.mx\/index.php\/2019\/10\/24\/rechazan-privatizar-servicio-de-limpieza-en-lerdo-durango\/","url_meta":{"origin":32938,"position":5},"title":"Rechazan privatizar servicio de limpieza en Lerdo (Durango)","author":"grieta","date":"24 octubre, 2019","format":false,"excerpt":"Ang\u00e9lica Sandoval\/ EL SIGLO DE TORRE\u00d3N Los sindicalizados se reunieron ayer en el patio trasero de la presidencia municipal para abordar el tema por el servicio de limpia. (EL SIGLO DE TORRE\u00d3N) Los dos sindicatos del Ayuntamiento de Lerdo rechazan la posibilidad de que el Municipio privatice el servicio de\u2026","rel":"","context":"En &quot;CINTILLO&quot;","block_context":{"text":"CINTILLO","link":"http:\/\/www.grieta.org.mx\/index.php\/category\/cintillo\/"},"img":{"alt_text":"","src":"https:\/\/i0.wp.com\/www.grieta.org.mx\/wp-content\/uploads\/2019\/10\/recolectores.jpeg?resize=350%2C200","width":350,"height":200,"srcset":"https:\/\/i0.wp.com\/www.grieta.org.mx\/wp-content\/uploads\/2019\/10\/recolectores.jpeg?resize=350%2C200 1x, https:\/\/i0.wp.com\/www.grieta.org.mx\/wp-content\/uploads\/2019\/10\/recolectores.jpeg?resize=525%2C300 1.5x, https:\/\/i0.wp.com\/www.grieta.org.mx\/wp-content\/uploads\/2019\/10\/recolectores.jpeg?resize=700%2C400 2x"},"classes":[]}],"_links":{"self":[{"href":"http:\/\/www.grieta.org.mx\/index.php\/wp-json\/wp\/v2\/posts\/32938","targetHints":{"allow":["GET"]}}],"collection":[{"href":"http:\/\/www.grieta.org.mx\/index.php\/wp-json\/wp\/v2\/posts"}],"about":[{"href":"http:\/\/www.grieta.org.mx\/index.php\/wp-json\/wp\/v2\/types\/post"}],"author":[{"embeddable":true,"href":"http:\/\/www.grieta.org.mx\/index.php\/wp-json\/wp\/v2\/users\/2"}],"replies":[{"embeddable":true,"href":"http:\/\/www.grieta.org.mx\/index.php\/wp-json\/wp\/v2\/comments?post=32938"}],"version-history":[{"count":1,"href":"http:\/\/www.grieta.org.mx\/index.php\/wp-json\/wp\/v2\/posts\/32938\/revisions"}],"predecessor-version":[{"id":32943,"href":"http:\/\/www.grieta.org.mx\/index.php\/wp-json\/wp\/v2\/posts\/32938\/revisions\/32943"}],"wp:featuredmedia":[{"embeddable":true,"href":"http:\/\/www.grieta.org.mx\/index.php\/wp-json\/wp\/v2\/media\/32941"}],"wp:attachment":[{"href":"http:\/\/www.grieta.org.mx\/index.php\/wp-json\/wp\/v2\/media?parent=32938"}],"wp:term":[{"taxonomy":"category","embeddable":true,"href":"http:\/\/www.grieta.org.mx\/index.php\/wp-json\/wp\/v2\/categories?post=32938"},{"taxonomy":"post_tag","embeddable":true,"href":"http:\/\/www.grieta.org.mx\/index.php\/wp-json\/wp\/v2\/tags?post=32938"}],"curies":[{"name":"wp","href":"https:\/\/api.w.org\/{rel}","templated":true}]}}