{"id":32859,"date":"2019-04-29T22:39:31","date_gmt":"2019-04-30T03:39:31","guid":{"rendered":"http:\/\/www.grieta.org.mx\/?p=32859"},"modified":"2019-05-01T22:44:53","modified_gmt":"2019-05-02T03:44:53","slug":"no-al-tarifazo-convoca-sociedad-civil-de-nl-a-paros-intermitentes-nuevo-leon","status":"publish","type":"post","link":"http:\/\/www.grieta.org.mx\/index.php\/2019\/04\/29\/no-al-tarifazo-convoca-sociedad-civil-de-nl-a-paros-intermitentes-nuevo-leon\/","title":{"rendered":"\u00a1No al tarifazo! Convoca sociedad civil de NL a paros intermitentes (Nuevo Le\u00f3n)"},"content":{"rendered":"<p><img loading=\"lazy\" decoding=\"async\" data-attachment-id=\"32860\" data-permalink=\"http:\/\/www.grieta.org.mx\/index.php\/2019\/04\/29\/no-al-tarifazo-convoca-sociedad-civil-de-nl-a-paros-intermitentes-nuevo-leon\/no-al-tarifazo-convoca-sociedad-civil-de-nl-a-paros-intermitentes-nl-may\/\" data-orig-file=\"http:\/\/www.grieta.org.mx\/wp-content\/uploads\/2019\/05\/\u00a1No-al-tarifazo-Convoca-sociedad-civil-de-NL-a-paros-intermitentes-nl-may.jpg\" data-orig-size=\"620,457\" data-comments-opened=\"0\" data-image-meta=\"{&quot;aperture&quot;:&quot;0&quot;,&quot;credit&quot;:&quot;&quot;,&quot;camera&quot;:&quot;&quot;,&quot;caption&quot;:&quot;&quot;,&quot;created_timestamp&quot;:&quot;0&quot;,&quot;copyright&quot;:&quot;&quot;,&quot;focal_length&quot;:&quot;0&quot;,&quot;iso&quot;:&quot;0&quot;,&quot;shutter_speed&quot;:&quot;0&quot;,&quot;title&quot;:&quot;&quot;,&quot;orientation&quot;:&quot;0&quot;}\" data-image-title=\"\u00a1No al tarifazo! Convoca sociedad civil de NL a paros intermitentes nl may\" data-image-description=\"\" data-image-caption=\"\" data-medium-file=\"http:\/\/www.grieta.org.mx\/wp-content\/uploads\/2019\/05\/\u00a1No-al-tarifazo-Convoca-sociedad-civil-de-NL-a-paros-intermitentes-nl-may-300x221.jpg\" data-large-file=\"http:\/\/www.grieta.org.mx\/wp-content\/uploads\/2019\/05\/\u00a1No-al-tarifazo-Convoca-sociedad-civil-de-NL-a-paros-intermitentes-nl-may.jpg\" class=\"alignleft size-full wp-image-32860\" src=\"http:\/\/www.grieta.org.mx\/wp-content\/uploads\/2019\/05\/\u00a1No-al-tarifazo-Convoca-sociedad-civil-de-NL-a-paros-intermitentes-nl-may.jpg\" alt=\"\" width=\"620\" height=\"457\" srcset=\"http:\/\/www.grieta.org.mx\/wp-content\/uploads\/2019\/05\/\u00a1No-al-tarifazo-Convoca-sociedad-civil-de-NL-a-paros-intermitentes-nl-may.jpg 620w, http:\/\/www.grieta.org.mx\/wp-content\/uploads\/2019\/05\/\u00a1No-al-tarifazo-Convoca-sociedad-civil-de-NL-a-paros-intermitentes-nl-may-300x221.jpg 300w\" sizes=\"auto, (max-width: 620px) 100vw, 620px\" \/><br \/>\nPosta<\/p>\n<blockquote><p>Grupos de ciudadanos invitan a trav\u00e9s de redes sociales a manifestarse en contra del alza al transporte p\u00fablico<\/p><\/blockquote>\n<p>NUEVO LE\u00d3N.- Con la finalidad de manifestarse en contra del denominado &#8216;tarifazo&#8217; miembros de la sociedad civil est\u00e1n convocando a paros intermitentes en las principales vialidades de Monterrey.<\/p>\n<p>Se tiene previsto que a partir de las 4 de la tarde los ciudadanos realicen bloqueos intermitentes de tres minutos sobre la avenida Constituci\u00f3n a la altura de la planza de Las Banderas, antes de llegar a Venustiano Carranza, posteriormente se tiene contemplado llevar la protesta a la avenida Morones Prieto.<\/p>\n<p>Los manifestantes portar\u00e1n pancartas en contra del aumento a las tarifas y las acciones emprendidas por los permisionarios de algunas rutas urbanas que han afectado las labores de miles de regiomontanos este lunes.<\/p>\n<p><a href=\"https:\/\/www.posta.com.mx\/nuevo-leon\/no-al-tarifazo-convoca-sociedad-civil-de-nl-paros-intermitentes\" target=\"_blank\" rel=\"noopener noreferrer\">https:\/\/www.posta.com.mx\/nuevo-leon\/no-al-tarifazo-convoca-sociedad-civil-de-nl-paros-intermitentes<\/a><\/p>\n","protected":false},"excerpt":{"rendered":"<p>Posta Grupos de ciudadanos invitan a trav\u00e9s de redes sociales a manifestarse en contra del alza al transporte p\u00fablico NUEVO LE\u00d3N.- Con la finalidad de manifestarse en contra del denominado &hellip; <a href=\"http:\/\/www.grieta.org.mx\/index.php\/2019\/04\/29\/no-al-tarifazo-convoca-sociedad-civil-de-nl-a-paros-intermitentes-nuevo-leon\/\" class=\"more-link\">Leer m\u00e1s<\/a><\/p>\n","protected":false},"author":2,"featured_media":32860,"comment_status":"closed","ping_status":"closed","sticky":false,"template":"","format":"standard","meta":{"ngg_post_thumbnail":0,"_jetpack_newsletter_access":"","_jetpack_dont_email_post_to_subs":false,"_jetpack_newsletter_tier_id":0,"_jetpack_memberships_contains_paywalled_content":false,"_jetpack_memberships_contains_paid_content":false,"footnotes":""},"categories":[80,2521,2,24],"tags":[183,1595],"class_list":["post-32859","post","type-post","status-publish","format-standard","has-post-thumbnail","hentry","category-cintillo","category-movilizaciones-y-protestas-por-el-alza-al-transporte-publico-en-nuevo-leon","category-noticias-nacionales","category-nuevo-leon","tag-manifestacion","tag-tarifa-transporte-publico","entry"],"jetpack_featured_media_url":"http:\/\/www.grieta.org.mx\/wp-content\/uploads\/2019\/05\/\u00a1No-al-tarifazo-Convoca-sociedad-civil-de-NL-a-paros-intermitentes-nl-may.jpg","jetpack_sharing_enabled":true,"jetpack_shortlink":"https:\/\/wp.me\/p7ZJR4-8xZ","jetpack_likes_enabled":false,"jetpack-related-posts":[{"id":28550,"url":"http:\/\/www.grieta.org.mx\/index.php\/2019\/01\/22\/acusan-a-el-bronco-de-violar-derechos-nuevo-leon\/","url_meta":{"origin":32859,"position":0},"title":"Acusan a &#8216;El Bronco&#8217; de violar derechos (Nuevo Le\u00f3n)","author":"grieta","date":"22 enero, 2019","format":false,"excerpt":"Posta NUEVO LE\u00d3N.- Despu\u00e9s del arresto que se realiz\u00f3 a los integrantes de \u00danete Pueblo, su dirigente Roc\u00edo Montalvo manifest\u00f3 que fue una violaci\u00f3n a los derechos de quienes se encontraban en plant\u00f3n en el interior del Palacio de Gobierno. Ante las declaraciones del Secretario de Seguridad, Aldo Fasci, respecto\u2026","rel":"","context":"En &quot;CINTILLO&quot;","block_context":{"text":"CINTILLO","link":"http:\/\/www.grieta.org.mx\/index.php\/category\/cintillo\/"},"img":{"alt_text":"","src":"https:\/\/i0.wp.com\/www.grieta.org.mx\/wp-content\/uploads\/2019\/01\/Acusan-a-El-Bronco-de-violar-derechos.jpg?resize=350%2C200","width":350,"height":200},"classes":[]},{"id":31953,"url":"http:\/\/www.grieta.org.mx\/index.php\/2019\/04\/10\/se-manifestaran-hoy-contra-el-tarifazo-en-colegio-civil-nuevo-leon\/","url_meta":{"origin":32859,"position":1},"title":"Se manifestar\u00e1n hoy contra el tarifazo en Colegio Civil (Nuevo Le\u00f3n)","author":"grieta","date":"10 abril, 2019","format":false,"excerpt":"Olivia Mart\u00ednez \/ Info7 La Asociaci\u00f3n \"\u00danete Pueblo\" anunci\u00f3 una serie de manifestaciones, la primera de ellas ser\u00e1 este mi\u00e9rcoles 10 de abril, en Colegio Civil Porque el aumento a las tarifas del Metro y de los camiones urbanos no se justifica y porque es una clara muestra de que\u2026","rel":"","context":"En &quot;CINTILLO&quot;","block_context":{"text":"CINTILLO","link":"http:\/\/www.grieta.org.mx\/index.php\/category\/cintillo\/"},"img":{"alt_text":"","src":"https:\/\/i0.wp.com\/www.grieta.org.mx\/wp-content\/uploads\/2019\/04\/Se-manifestar%C3%A1n-hoy-contra-el-tarifazo-en-Colegio-Civil-nl-abr.jpg?resize=350%2C200","width":350,"height":200},"classes":[]},{"id":42832,"url":"http:\/\/www.grieta.org.mx\/index.php\/2020\/01\/03\/realizan-foro-estatal-en-contra-del-tarifazo-al-transporte-publico-estado-de-mexico\/","url_meta":{"origin":32859,"position":2},"title":"Realizan Foro Estatal en contra del tarifazo al transporte p\u00fablico (Estado de M\u00e9xico)","author":"grieta","date":"3 enero, 2020","format":false,"excerpt":"Foto: Luis Rodr\u00edguez \/ El Sol de Toluca Adriana Garc\u00eda \/ El Sol de Toluca Piden a la ciudadan\u00eda unirse a la movilizaci\u00f3n del 9 de enero Diversos colectivos del Estado de M\u00e9xico llevaron a cabo el Foro estatal contra el tarifazo al transporte p\u00fablico de dos pesos al pasaje\u2026","rel":"","context":"En &quot;CINTILLO&quot;","block_context":{"text":"CINTILLO","link":"http:\/\/www.grieta.org.mx\/index.php\/category\/cintillo\/"},"img":{"alt_text":"","src":"https:\/\/i0.wp.com\/www.grieta.org.mx\/wp-content\/uploads\/2020\/01\/Realizan-Foro-Estatal-en-contra-del-tarifazo-al-transporte-p%C3%BAblico-edomex-ene.jpg?resize=350%2C200","width":350,"height":200,"srcset":"https:\/\/i0.wp.com\/www.grieta.org.mx\/wp-content\/uploads\/2020\/01\/Realizan-Foro-Estatal-en-contra-del-tarifazo-al-transporte-p%C3%BAblico-edomex-ene.jpg?resize=350%2C200 1x, https:\/\/i0.wp.com\/www.grieta.org.mx\/wp-content\/uploads\/2020\/01\/Realizan-Foro-Estatal-en-contra-del-tarifazo-al-transporte-p%C3%BAblico-edomex-ene.jpg?resize=525%2C300 1.5x, https:\/\/i0.wp.com\/www.grieta.org.mx\/wp-content\/uploads\/2020\/01\/Realizan-Foro-Estatal-en-contra-del-tarifazo-al-transporte-p%C3%BAblico-edomex-ene.jpg?resize=700%2C400 2x"},"classes":[]},{"id":45189,"url":"http:\/\/www.grieta.org.mx\/index.php\/2020\/02\/25\/colectivos-contra-tarifazo-exigen-eliminacion-de-denuncias-tras-hechos-del-13-de-febrero-estado-de-mexico\/","url_meta":{"origin":32859,"position":3},"title":"Colectivos contra &#8220;tarifazo&#8221; exigen eliminaci\u00f3n de denuncias tras hechos del 13 de febrero (Estado de M\u00e9xico)","author":"grieta","date":"25 febrero, 2020","format":false,"excerpt":"} Foto: Luis Camacho \/ El Sol de Toluca Filiberto Ramos \/ El Sol de Toluca El exhorto fue entregado por escrito a la representaci\u00f3n jur\u00eddica del Poder Legislativo y firmado por diversos colectivos en contra del alza en la tarifa Colectivos en contra del aumento a la tarifa del\u2026","rel":"","context":"En &quot;CINTILLO&quot;","block_context":{"text":"CINTILLO","link":"http:\/\/www.grieta.org.mx\/index.php\/category\/cintillo\/"},"img":{"alt_text":"","src":"https:\/\/i0.wp.com\/www.grieta.org.mx\/wp-content\/uploads\/2020\/02\/Colectivos-contra-tarifazo-exigen-eliminaci%C3%B3n-de-denuncias-tras-hechos-del-13-de-febrero-edomex-feb.jpg?resize=350%2C200","width":350,"height":200,"srcset":"https:\/\/i0.wp.com\/www.grieta.org.mx\/wp-content\/uploads\/2020\/02\/Colectivos-contra-tarifazo-exigen-eliminaci%C3%B3n-de-denuncias-tras-hechos-del-13-de-febrero-edomex-feb.jpg?resize=350%2C200 1x, https:\/\/i0.wp.com\/www.grieta.org.mx\/wp-content\/uploads\/2020\/02\/Colectivos-contra-tarifazo-exigen-eliminaci%C3%B3n-de-denuncias-tras-hechos-del-13-de-febrero-edomex-feb.jpg?resize=525%2C300 1.5x, https:\/\/i0.wp.com\/www.grieta.org.mx\/wp-content\/uploads\/2020\/02\/Colectivos-contra-tarifazo-exigen-eliminaci%C3%B3n-de-denuncias-tras-hechos-del-13-de-febrero-edomex-feb.jpg?resize=700%2C400 2x"},"classes":[]},{"id":28547,"url":"http:\/\/www.grieta.org.mx\/index.php\/2019\/01\/22\/detienen-a-9-activistas-de-planton-contra-aumento-de-transporte-en-nl-nuevo-leon\/","url_meta":{"origin":32859,"position":4},"title":"Detienen a 9 activistas de plant\u00f3n contra aumento de transporte en NL (Nuevo Le\u00f3n)","author":"grieta","date":"22 enero, 2019","format":false,"excerpt":"David Carrizales \/ El Universal Los integrantes de varias agrupaciones estimaron que el desalojo y la detenci\u00f3n es una estrategia para tratar de amedrentarlos ante una inminente decisi\u00f3n de incrementar las tarifas del transporte urbano Monterrey.- En un operativo en el que participaron entre 40 y 50 elementos de Fuerza\u2026","rel":"","context":"En &quot;CINTILLO&quot;","block_context":{"text":"CINTILLO","link":"http:\/\/www.grieta.org.mx\/index.php\/category\/cintillo\/"},"img":{"alt_text":"","src":"https:\/\/i0.wp.com\/www.grieta.org.mx\/wp-content\/uploads\/2019\/01\/detienen-a-9-activistas-en-nl.jpg?resize=350%2C200","width":350,"height":200},"classes":[]},{"id":42915,"url":"http:\/\/www.grieta.org.mx\/index.php\/2020\/01\/09\/estudiantes-de-la-unam-y-uaem-marchan-contra-tarifazo-en-transporte-de-edomex\/","url_meta":{"origin":32859,"position":5},"title":"Estudiantes de la UNAM y UAEM marchan contra \u201ctarifazo\u201d en transporte de Edomex","author":"grieta","date":"9 enero, 2020","format":false,"excerpt":"Los estudiantes pidieron que se respeten las tarifas especiales que dan a universitarios. Foto: Leticia R\u00edos Leticia R\u00edos \/ El Heraldo de M\u00e9xico La tarifa en el transporte de Edomex aument\u00f3 20% desde el 1 de enero; universitarios dicen que la medida afecta su bolsillo Alrededor de 60 estudiantes de\u2026","rel":"","context":"En &quot;CINTILLO&quot;","block_context":{"text":"CINTILLO","link":"http:\/\/www.grieta.org.mx\/index.php\/category\/cintillo\/"},"img":{"alt_text":"","src":"https:\/\/i0.wp.com\/www.grieta.org.mx\/wp-content\/uploads\/2020\/01\/Estudiantes-de-la-UNAM-y-UAEM-marchan-contra-tarifazo-en-transporte-de-Edomex-ene.jpg?resize=350%2C200","width":350,"height":200},"classes":[]}],"_links":{"self":[{"href":"http:\/\/www.grieta.org.mx\/index.php\/wp-json\/wp\/v2\/posts\/32859","targetHints":{"allow":["GET"]}}],"collection":[{"href":"http:\/\/www.grieta.org.mx\/index.php\/wp-json\/wp\/v2\/posts"}],"about":[{"href":"http:\/\/www.grieta.org.mx\/index.php\/wp-json\/wp\/v2\/types\/post"}],"author":[{"embeddable":true,"href":"http:\/\/www.grieta.org.mx\/index.php\/wp-json\/wp\/v2\/users\/2"}],"replies":[{"embeddable":true,"href":"http:\/\/www.grieta.org.mx\/index.php\/wp-json\/wp\/v2\/comments?post=32859"}],"version-history":[{"count":1,"href":"http:\/\/www.grieta.org.mx\/index.php\/wp-json\/wp\/v2\/posts\/32859\/revisions"}],"predecessor-version":[{"id":32861,"href":"http:\/\/www.grieta.org.mx\/index.php\/wp-json\/wp\/v2\/posts\/32859\/revisions\/32861"}],"wp:featuredmedia":[{"embeddable":true,"href":"http:\/\/www.grieta.org.mx\/index.php\/wp-json\/wp\/v2\/media\/32860"}],"wp:attachment":[{"href":"http:\/\/www.grieta.org.mx\/index.php\/wp-json\/wp\/v2\/media?parent=32859"}],"wp:term":[{"taxonomy":"category","embeddable":true,"href":"http:\/\/www.grieta.org.mx\/index.php\/wp-json\/wp\/v2\/categories?post=32859"},{"taxonomy":"post_tag","embeddable":true,"href":"http:\/\/www.grieta.org.mx\/index.php\/wp-json\/wp\/v2\/tags?post=32859"}],"curies":[{"name":"wp","href":"https:\/\/api.w.org\/{rel}","templated":true}]}}