{"id":32849,"date":"2019-05-01T22:08:05","date_gmt":"2019-05-02T03:08:05","guid":{"rendered":"http:\/\/www.grieta.org.mx\/?p=32849"},"modified":"2019-05-01T22:08:05","modified_gmt":"2019-05-02T03:08:05","slug":"convocan-a-mitin-contra-acoso-en-la-uanl-nuevo-leon","status":"publish","type":"post","link":"http:\/\/www.grieta.org.mx\/index.php\/2019\/05\/01\/convocan-a-mitin-contra-acoso-en-la-uanl-nuevo-leon\/","title":{"rendered":"Convocan a mitin contra acoso en la UANL (Nuevo Le\u00f3n)"},"content":{"rendered":"<p><img loading=\"lazy\" decoding=\"async\" data-attachment-id=\"32850\" data-permalink=\"http:\/\/www.grieta.org.mx\/index.php\/2019\/05\/01\/convocan-a-mitin-contra-acoso-en-la-uanl-nuevo-leon\/convocan-a-mitin-contra-acoso-en-la-uanl-nl-may\/\" data-orig-file=\"http:\/\/www.grieta.org.mx\/wp-content\/uploads\/2019\/05\/Convocan-a-mitin-contra-acoso-en-la-UANL-nl-may.jpeg\" data-orig-size=\"958,596\" data-comments-opened=\"0\" data-image-meta=\"{&quot;aperture&quot;:&quot;0&quot;,&quot;credit&quot;:&quot;&quot;,&quot;camera&quot;:&quot;&quot;,&quot;caption&quot;:&quot;&quot;,&quot;created_timestamp&quot;:&quot;0&quot;,&quot;copyright&quot;:&quot;&quot;,&quot;focal_length&quot;:&quot;0&quot;,&quot;iso&quot;:&quot;0&quot;,&quot;shutter_speed&quot;:&quot;0&quot;,&quot;title&quot;:&quot;&quot;,&quot;orientation&quot;:&quot;0&quot;}\" data-image-title=\"Convocan a mitin contra acoso en la UANL nl may\" data-image-description=\"\" data-image-caption=\"\" data-medium-file=\"http:\/\/www.grieta.org.mx\/wp-content\/uploads\/2019\/05\/Convocan-a-mitin-contra-acoso-en-la-UANL-nl-may-300x187.jpeg\" data-large-file=\"http:\/\/www.grieta.org.mx\/wp-content\/uploads\/2019\/05\/Convocan-a-mitin-contra-acoso-en-la-UANL-nl-may.jpeg\" class=\"alignleft size-full wp-image-32850\" src=\"http:\/\/www.grieta.org.mx\/wp-content\/uploads\/2019\/05\/Convocan-a-mitin-contra-acoso-en-la-UANL-nl-may.jpeg\" alt=\"\" width=\"958\" height=\"596\" srcset=\"http:\/\/www.grieta.org.mx\/wp-content\/uploads\/2019\/05\/Convocan-a-mitin-contra-acoso-en-la-UANL-nl-may.jpeg 958w, http:\/\/www.grieta.org.mx\/wp-content\/uploads\/2019\/05\/Convocan-a-mitin-contra-acoso-en-la-UANL-nl-may-300x187.jpeg 300w, http:\/\/www.grieta.org.mx\/wp-content\/uploads\/2019\/05\/Convocan-a-mitin-contra-acoso-en-la-UANL-nl-may-768x478.jpeg 768w, http:\/\/www.grieta.org.mx\/wp-content\/uploads\/2019\/05\/Convocan-a-mitin-contra-acoso-en-la-UANL-nl-may-804x500.jpeg 804w\" sizes=\"auto, (max-width: 958px) 100vw, 958px\" \/><br \/>\nVictoria F\u00e9lix \/ Milenio<\/p>\n<p>Por el silencio de la Universidad Aut\u00f3noma de Nuevo Le\u00f3n (UANL) frente a las protestas y denuncias de acoso sexual por parte de profesores, alumnas y ex alumnas convocaron a un mitin para este viernes 3 de mayo.<\/p>\n<p>Paloma Petra, una de las voceras de la Red de Acompa\u00f1amiento UANL, explic\u00f3 que no hay respuesta de la universidad para atender las denuncias formales que ingresaron desde hace un mes, y hasta el momento ning\u00fan profesor ha sido destituido de su cargo.<\/p>\n<p>&#8220;A\u00fan no hay una respuesta concreta o clara de parte de la Universidad. No hay una transparencia real sobre las acciones que piensan tomar. (&#8230;) Por eso es que va a suceder el mitin del viernes como para seguir presionando y exigir&#8221;, se\u00f1al\u00f3.<\/p>\n<p>Petra record\u00f3 que en la Facultad de Artes Visuales se denunci\u00f3 a los profesores Aldrich Gonz\u00e1lez y Juan Manuel Abad Cant\u00fa, de los cuales s\u00f3lo el primero fue suspendido pese a que recabaron alrededor de 30 denuncias an\u00f3nimas en su contra.<\/p>\n<p>&#8220;Hubo el caso en la Facultad de Artes Visuales del profesor Aldrich Gonz\u00e1lez, que est\u00e1 suspendido, pero suspendido no significa que lo hayan removido del cargo completamente. Son al menos como 30 personas que han sido acosadas por este maestro&#8221;, se\u00f1al\u00f3.<\/p>\n<p>Adem\u00e1s, inform\u00f3 que tampoco se han tomado acciones contra el encargado de la Unidad de Equidad y G\u00e9nero de la Facultad de Psicolog\u00eda de la UANL, Miguel Villegas, quien tambi\u00e9n fue denunciado an\u00f3nimamente a trav\u00e9s de la p\u00e1gina Acoso en la U.<\/p>\n<p>&#8220;Cuando denuncias vas a parar a Uniig\u00e9nero y ah\u00ed es cuando te brindan el apoyo psicol\u00f3gico. Entonces es un poco rid\u00edculo que el encargado de brindar este apoyo tambi\u00e9n est\u00e9 maltratando psicol\u00f3gicamente a las alumnas&#8221;, mencion\u00f3.<\/p>\n<p>Debido a que Villegas contin\u00faa en su cargo, pidieron dar atenci\u00f3n psicol\u00f3gica externa a las v\u00edctimas, no a trav\u00e9s de la Unidad de Equidad y G\u00e9nero.<\/p>\n<p>La concentraci\u00f3n de alumnos y alumnas se llevar\u00e1 a cabo en la Explanada de Rector\u00eda en Ciudad Universitaria, a las 11:00.<\/p>\n<p>En el mitin, dijo, expondr\u00e1n testimonios de alumnas y tomar\u00e1n denuncias formales para encausarlas al Protocolo de Atenci\u00f3n para casos de Acoso u Hostigamiento Sexual de la UANL.<\/p>\n<p><a href=\"https:\/\/www.milenio.com\/politica\/comunidad\/realizaran-manifestacion-contra-acoso-en-uanl\" target=\"_blank\" rel=\"noopener noreferrer\">https:\/\/www.milenio.com\/politica\/comunidad\/realizaran-manifestacion-contra-acoso-en-uanl<\/a><\/p>\n","protected":false},"excerpt":{"rendered":"<p>Victoria F\u00e9lix \/ Milenio Por el silencio de la Universidad Aut\u00f3noma de Nuevo Le\u00f3n (UANL) frente a las protestas y denuncias de acoso sexual por parte de profesores, alumnas y &hellip; <a href=\"http:\/\/www.grieta.org.mx\/index.php\/2019\/05\/01\/convocan-a-mitin-contra-acoso-en-la-uanl-nuevo-leon\/\" class=\"more-link\">Leer m\u00e1s<\/a><\/p>\n","protected":false},"author":2,"featured_media":32850,"comment_status":"closed","ping_status":"closed","sticky":false,"template":"","format":"standard","meta":{"ngg_post_thumbnail":0,"_jetpack_newsletter_access":"","_jetpack_dont_email_post_to_subs":false,"_jetpack_newsletter_tier_id":0,"_jetpack_memberships_contains_paywalled_content":false,"_jetpack_memberships_contains_paid_content":false,"footnotes":""},"categories":[80,2,24,2332],"tags":[1565,1165,2286],"class_list":["post-32849","post","type-post","status-publish","format-standard","has-post-thumbnail","hentry","category-cintillo","category-noticias-nacionales","category-nuevo-leon","category-violencia-contra-las-mujeres-en-nuevo-leon","tag-violencia-contra-estudiantes","tag-violencia-contra-jovenes","tag-violencia-contra-la-mujer","entry"],"jetpack_featured_media_url":"http:\/\/www.grieta.org.mx\/wp-content\/uploads\/2019\/05\/Convocan-a-mitin-contra-acoso-en-la-UANL-nl-may.jpeg","jetpack_sharing_enabled":true,"jetpack_shortlink":"https:\/\/wp.me\/p7ZJR4-8xP","jetpack_likes_enabled":false,"jetpack-related-posts":[{"id":31964,"url":"http:\/\/www.grieta.org.mx\/index.php\/2019\/04\/08\/crean-red-contra-el-acoso-en-la-uanl-nuevo-leon\/","url_meta":{"origin":32849,"position":0},"title":"Crean Red contra el acoso en la UANL (Nuevo Le\u00f3n)","author":"grieta","date":"8 abril, 2019","format":false,"excerpt":"Melva Frutos \/ Posta Anuncian protesta el pr\u00f3ximo 3 de mayo. NUEVO LE\u00d3N.- Alumnas y ex alumnas de la Universidad Aut\u00f3noma de Nuevo Le\u00f3n (UANL) han creado una Red de Acompa\u00f1amiento para v\u00edctimas de acoso, a la vez que han anunciado una protesta que se efectuar\u00e1 el pr\u00f3ximo 3 de\u2026","rel":"","context":"En &quot;CINTILLO&quot;","block_context":{"text":"CINTILLO","link":"http:\/\/www.grieta.org.mx\/index.php\/category\/cintillo\/"},"img":{"alt_text":"","src":"https:\/\/i0.wp.com\/www.grieta.org.mx\/wp-content\/uploads\/2019\/04\/Crean-Red-contra-el-acoso-en-la-UANL-nl-abr.jpg?resize=350%2C200","width":350,"height":200,"srcset":"https:\/\/i0.wp.com\/www.grieta.org.mx\/wp-content\/uploads\/2019\/04\/Crean-Red-contra-el-acoso-en-la-UANL-nl-abr.jpg?resize=350%2C200 1x, https:\/\/i0.wp.com\/www.grieta.org.mx\/wp-content\/uploads\/2019\/04\/Crean-Red-contra-el-acoso-en-la-UANL-nl-abr.jpg?resize=525%2C300 1.5x"},"classes":[]},{"id":31961,"url":"http:\/\/www.grieta.org.mx\/index.php\/2019\/04\/10\/viven-acoso-alumnas-por-hacker-de-famus-nuevo-leon\/","url_meta":{"origin":32849,"position":1},"title":"Viven acoso alumnas por hacker de &#8216;Famus&#8217; (Nuevo Le\u00f3n)","author":"grieta","date":"10 abril, 2019","format":false,"excerpt":"Miranda Arias \/ abcnoticias Las alumnas dijeron que es de a diario que alguien sufra de este acoso Monterrey.- Como si fuera una pel\u00edcula de terror y suspenso es como viven diariamente las estudiantes de la Facultad de M\u00fasica de la UANL, al ser acosadas por el \"Hacker de Famus\"\u2026","rel":"","context":"En &quot;CINTILLO&quot;","block_context":{"text":"CINTILLO","link":"http:\/\/www.grieta.org.mx\/index.php\/category\/cintillo\/"},"img":{"alt_text":"","src":"https:\/\/i0.wp.com\/www.grieta.org.mx\/wp-content\/uploads\/2019\/04\/Viven-acoso-alumnas-por-hacker-de-Famus-nl-abr.jpg?resize=350%2C200","width":350,"height":200,"srcset":"https:\/\/i0.wp.com\/www.grieta.org.mx\/wp-content\/uploads\/2019\/04\/Viven-acoso-alumnas-por-hacker-de-Famus-nl-abr.jpg?resize=350%2C200 1x, https:\/\/i0.wp.com\/www.grieta.org.mx\/wp-content\/uploads\/2019\/04\/Viven-acoso-alumnas-por-hacker-de-Famus-nl-abr.jpg?resize=525%2C300 1.5x, https:\/\/i0.wp.com\/www.grieta.org.mx\/wp-content\/uploads\/2019\/04\/Viven-acoso-alumnas-por-hacker-de-Famus-nl-abr.jpg?resize=700%2C400 2x"},"classes":[]},{"id":31957,"url":"http:\/\/www.grieta.org.mx\/index.php\/2019\/04\/05\/metoouanl-protestan-por-acoso-en-filosofia-y-letras-nuevo-leon\/","url_meta":{"origin":32849,"position":2},"title":"#MeTooUANL: protestan por acoso en Filosof\u00eda y Letras (Nuevo Le\u00f3n)","author":"grieta","date":"5 abril, 2019","format":false,"excerpt":"Aracely Garza \/ Excelsior Las estudiantes que protestaron hoy en la Facultad de Filosof\u00eda y Letras de la UANL denunciaron al maestro Orestes Cabrales, quien ha sido se\u00f1alado en #MeTooEscritoresMexicanos MONTERREY, NUEVO LE\u00d3N Ahora fue en la Facultad de Filosof\u00eda y Letras de la UANL en donde se registr\u00f3 una\u2026","rel":"","context":"En &quot;CINTILLO&quot;","block_context":{"text":"CINTILLO","link":"http:\/\/www.grieta.org.mx\/index.php\/category\/cintillo\/"},"img":{"alt_text":"","src":"https:\/\/i0.wp.com\/www.grieta.org.mx\/wp-content\/uploads\/2019\/04\/MeTooUANL-protestan-por-acoso-en-Filosof%C3%ADa-y-Letras1-nl-abr.jpg?resize=350%2C200","width":350,"height":200,"srcset":"https:\/\/i0.wp.com\/www.grieta.org.mx\/wp-content\/uploads\/2019\/04\/MeTooUANL-protestan-por-acoso-en-Filosof%C3%ADa-y-Letras1-nl-abr.jpg?resize=350%2C200 1x, https:\/\/i0.wp.com\/www.grieta.org.mx\/wp-content\/uploads\/2019\/04\/MeTooUANL-protestan-por-acoso-en-Filosof%C3%ADa-y-Letras1-nl-abr.jpg?resize=525%2C300 1.5x, https:\/\/i0.wp.com\/www.grieta.org.mx\/wp-content\/uploads\/2019\/04\/MeTooUANL-protestan-por-acoso-en-Filosof%C3%ADa-y-Letras1-nl-abr.jpg?resize=700%2C400 2x, https:\/\/i0.wp.com\/www.grieta.org.mx\/wp-content\/uploads\/2019\/04\/MeTooUANL-protestan-por-acoso-en-Filosof%C3%ADa-y-Letras1-nl-abr.jpg?resize=1050%2C600 3x"},"classes":[]},{"id":31950,"url":"http:\/\/www.grieta.org.mx\/index.php\/2019\/03\/29\/metoo-en-la-autonoma-de-nuevo-leon-estudiantes-denuncian-acoso\/","url_meta":{"origin":32849,"position":3},"title":"#MeToo en la Aut\u00f3noma de Nuevo Le\u00f3n: estudiantes denuncian acoso","author":"grieta","date":"29 marzo, 2019","format":false,"excerpt":"Aracely Garza \/ Excelsior Versiones de algunas estudiantes aseguran que un docente ha acosado a varias alumnas y que incluso las ha obligado a sostener relaciones y cibersexo MONTERREY, NUEVO LE\u00d3N Estudiantes de la Facultad de Artes Visuales de la Universidad Aut\u00f3noma de Nuevo Le\u00f3n (UANL) realizaron una protesta para\u2026","rel":"","context":"En &quot;CINTILLO&quot;","block_context":{"text":"CINTILLO","link":"http:\/\/www.grieta.org.mx\/index.php\/category\/cintillo\/"},"img":{"alt_text":"","src":"https:\/\/i0.wp.com\/www.grieta.org.mx\/wp-content\/uploads\/2019\/04\/MeToo-en-la-Aut%C3%B3noma-de-Nuevo-Le%C3%B3n-estudiantes-denuncian-acoso1-nl-abr.jpg?resize=350%2C200","width":350,"height":200,"srcset":"https:\/\/i0.wp.com\/www.grieta.org.mx\/wp-content\/uploads\/2019\/04\/MeToo-en-la-Aut%C3%B3noma-de-Nuevo-Le%C3%B3n-estudiantes-denuncian-acoso1-nl-abr.jpg?resize=350%2C200 1x, https:\/\/i0.wp.com\/www.grieta.org.mx\/wp-content\/uploads\/2019\/04\/MeToo-en-la-Aut%C3%B3noma-de-Nuevo-Le%C3%B3n-estudiantes-denuncian-acoso1-nl-abr.jpg?resize=525%2C300 1.5x"},"classes":[]},{"id":33288,"url":"http:\/\/www.grieta.org.mx\/index.php\/2019\/04\/25\/marchan-en-el-centro-contra-la-violencia-de-genero-nuevo-leon\/","url_meta":{"origin":32849,"position":4},"title":"Marchan en el centro contra la violencia de g\u00e9nero (Nuevo Le\u00f3n)","author":"grieta","date":"25 abril, 2019","format":false,"excerpt":"Ricardo Alan\u00eds \/ Milenio Las mujeres alzaron la voz en la protesta contra quienes ejercen el machismo. Unas 70 integrantes del colectivo Asamblea Feminista de Nuevo Le\u00f3n realizaron una marcha por calles del centro de Monterrey la tarde de ayer para protestar por actos de violencia en contra de las\u2026","rel":"","context":"En &quot;CINTILLO&quot;","block_context":{"text":"CINTILLO","link":"http:\/\/www.grieta.org.mx\/index.php\/category\/cintillo\/"},"img":{"alt_text":"","src":"https:\/\/i0.wp.com\/www.grieta.org.mx\/wp-content\/uploads\/2019\/05\/Marchan-en-el-centro-contra-la-violencia-de-g%C3%A9nero-nl-may.jpg?resize=350%2C200","width":350,"height":200,"srcset":"https:\/\/i0.wp.com\/www.grieta.org.mx\/wp-content\/uploads\/2019\/05\/Marchan-en-el-centro-contra-la-violencia-de-g%C3%A9nero-nl-may.jpg?resize=350%2C200 1x, https:\/\/i0.wp.com\/www.grieta.org.mx\/wp-content\/uploads\/2019\/05\/Marchan-en-el-centro-contra-la-violencia-de-g%C3%A9nero-nl-may.jpg?resize=525%2C300 1.5x, https:\/\/i0.wp.com\/www.grieta.org.mx\/wp-content\/uploads\/2019\/05\/Marchan-en-el-centro-contra-la-violencia-de-g%C3%A9nero-nl-may.jpg?resize=700%2C400 2x"},"classes":[]},{"id":31849,"url":"http:\/\/www.grieta.org.mx\/index.php\/2019\/03\/29\/alumnas-de-prepa-6-denuncian-acoso-y-hostigamiento-acusan-que-autoridades-no-les-hacen-caso-ciudad-de-mexico-2\/","url_meta":{"origin":32849,"position":5},"title":"Alumnas de Prepa 6 denuncian acoso y hostigamiento; acusan que autoridades no les hacen caso (Ciudad de M\u00e9xico)","author":"grieta","date":"29 marzo, 2019","format":false,"excerpt":"Redacci\u00f3n\/Animal Pol\u00edtico En las redes sociales se han hecho acusaciones de acoso contra acad\u00e9micos del plantel con las etiquetas #MetooAcademicosmx y #MetooUNAM. Alumnas de la Preparatoria 6 de la Universidad Nacional Aut\u00f3noma de M\u00e9xico (UNAM) se manifestaron este viernes en el exterior del plantel en contra de algunos maestros por\u2026","rel":"","context":"En &quot;CINTILLO&quot;","block_context":{"text":"CINTILLO","link":"http:\/\/www.grieta.org.mx\/index.php\/category\/cintillo\/"},"img":{"alt_text":"","src":"https:\/\/i0.wp.com\/www.grieta.org.mx\/wp-content\/uploads\/2018\/03\/14524434_1106112876131411_958039263622046936_o.jpg?resize=350%2C200","width":350,"height":200,"srcset":"https:\/\/i0.wp.com\/www.grieta.org.mx\/wp-content\/uploads\/2018\/03\/14524434_1106112876131411_958039263622046936_o.jpg?resize=350%2C200 1x, https:\/\/i0.wp.com\/www.grieta.org.mx\/wp-content\/uploads\/2018\/03\/14524434_1106112876131411_958039263622046936_o.jpg?resize=525%2C300 1.5x, https:\/\/i0.wp.com\/www.grieta.org.mx\/wp-content\/uploads\/2018\/03\/14524434_1106112876131411_958039263622046936_o.jpg?resize=700%2C400 2x"},"classes":[]}],"_links":{"self":[{"href":"http:\/\/www.grieta.org.mx\/index.php\/wp-json\/wp\/v2\/posts\/32849","targetHints":{"allow":["GET"]}}],"collection":[{"href":"http:\/\/www.grieta.org.mx\/index.php\/wp-json\/wp\/v2\/posts"}],"about":[{"href":"http:\/\/www.grieta.org.mx\/index.php\/wp-json\/wp\/v2\/types\/post"}],"author":[{"embeddable":true,"href":"http:\/\/www.grieta.org.mx\/index.php\/wp-json\/wp\/v2\/users\/2"}],"replies":[{"embeddable":true,"href":"http:\/\/www.grieta.org.mx\/index.php\/wp-json\/wp\/v2\/comments?post=32849"}],"version-history":[{"count":1,"href":"http:\/\/www.grieta.org.mx\/index.php\/wp-json\/wp\/v2\/posts\/32849\/revisions"}],"predecessor-version":[{"id":32851,"href":"http:\/\/www.grieta.org.mx\/index.php\/wp-json\/wp\/v2\/posts\/32849\/revisions\/32851"}],"wp:featuredmedia":[{"embeddable":true,"href":"http:\/\/www.grieta.org.mx\/index.php\/wp-json\/wp\/v2\/media\/32850"}],"wp:attachment":[{"href":"http:\/\/www.grieta.org.mx\/index.php\/wp-json\/wp\/v2\/media?parent=32849"}],"wp:term":[{"taxonomy":"category","embeddable":true,"href":"http:\/\/www.grieta.org.mx\/index.php\/wp-json\/wp\/v2\/categories?post=32849"},{"taxonomy":"post_tag","embeddable":true,"href":"http:\/\/www.grieta.org.mx\/index.php\/wp-json\/wp\/v2\/tags?post=32849"}],"curies":[{"name":"wp","href":"https:\/\/api.w.org\/{rel}","templated":true}]}}