{"id":3273,"date":"2016-01-29T14:26:12","date_gmt":"2016-01-29T14:26:12","guid":{"rendered":"http:\/\/50.22.11.12\/~grietaor\/?p=3273"},"modified":"2016-04-25T00:30:06","modified_gmt":"2016-04-25T00:30:06","slug":"2015-el-ano-con-mas-desaparecidos-en-la-historia-de-jalisco","status":"publish","type":"post","link":"http:\/\/www.grieta.org.mx\/index.php\/2016\/01\/29\/2015-el-ano-con-mas-desaparecidos-en-la-historia-de-jalisco\/","title":{"rendered":"2015, el a\u00f1o con m\u00e1s desaparecidos en la historia de Jalisco"},"content":{"rendered":"<p>Por: Darwin Franco Migues<\/p>\n<p>29 de enero 2015.- Durante el a\u00f1o 2015, en promedio, desaparecieron siete personas al d\u00eda en Jalisco. Lo cual signific\u00f3 para la Fiscal\u00eda General de Jalisco recibir alrededor de seis denuncias por desaparici\u00f3n durante los 365 del a\u00f1o.<\/p>\n<p>En la solicitud de transparencia, oficio FG\/UT\/261\/2016, la Fiscal\u00eda inform\u00f3 que de enero a diciembre de 2015 gener\u00f3 2 mil 378 indagatorias por desaparici\u00f3n y que de ellas se derivaron 2 mil 528 desaparecidos (1,357 hombres y 1,171 mujeres).<\/p>\n<p>En el mismo oficio, esta dependencia asegura que sus pesquisas de b\u00fasqueda los llevaron a la localizaci\u00f3n de 1,683 personas (1,596 con vida y 87 sin ella), esto significa que los polic\u00edas investigadores adscritos a la Fiscal\u00eda General y\/o los agentes ministeriales pertenecientes a la Agencia del Ministerio P\u00fablico 12\/C, especializada en desapariciones, debieron encontrar de cuatro a cinco personas diariamente, ya que s\u00f3lo as\u00ed la Fiscal\u00eda podr\u00eda mantener el 66% de eficacia que arrojan los datos que entreg\u00f3 sobre el n\u00famero de indagatorias por desaparici\u00f3n que realiz\u00f3 durante el a\u00f1o 2015. Siguiendo los datos de la Fiscal\u00eda, sus acciones de b\u00fasqueda no lograron que 845 jaliscienses desaparecidos en 2015 regresaran a casa.<\/p>\n<p>Sin embargo, estas son s\u00f3lo estad\u00edsticas y n\u00fameros que poca relaci\u00f3n tienen con la desaparici\u00f3n, por ejemplo, de Ana Elvira Castillo Mireles y de Juan Carlos Zaragoza Gaona.<\/p>\n<p>Ana Elvira, desapareci\u00f3 el 28 de abril de 2015 en el municipio de Lagos de Moreno y es fecha en que su madre, Catalina, no ha recibido ninguna notificaci\u00f3n de los avances que tiene su ministerio p\u00fablico sobre la desaparici\u00f3n de su hija. Mismo situaci\u00f3n viven los padres de Juan Carlos, quien desapareci\u00f3 en Zapopan, el 26 de mayo de 2015. A diez meses, sus padres, Adriana y Juan, aseguran que su ministerio p\u00fablico no tiene un trabajo firme para localizar a su hijo y ahora temen que los cambios al interior de la Fiscal\u00eda anunciados por el Fiscal General, Eduardo Almaguer, retrasen la b\u00fasqueda de Juan Carlos, ya que implicar\u00eda un cambio de ministerio p\u00fablico y esto significa volver a iniciar de cero, ya que el nuevo agente no conoce el caso y requiere leer el expediente para dar alg\u00fan tipo de informaci\u00f3n o avance.<\/p>\n<p>El tiempo promedio de lectura del expediente, en muchos casos, ha superado los tres meses. Tres meses que son para las familias de desaparecidos, un valioso tiempo perdido.<\/p>\n<p>Las unidades especializadas y poco transparentes<\/p>\n<p>La grave situaci\u00f3n de los desaparecidos en Jalisco, no obstante, ser\u00e1 resuelta, a decir de Eduardo Almaguer, una vez que arranquen formalmente los trabajos de las Unidades especializadas para la Atenci\u00f3n de Desaparecidos que la Fiscal\u00eda General de Jalisco instaur\u00f3 en la capital del estado y en el municipio de Puerto Vallarta. La primera de estas unidades atender\u00e1 los casos de desaparici\u00f3n de la Zona Metropolitana de Guadalajara y estar\u00e1 operando con 15 polic\u00edas investigadores y dos agentes del ministerio p\u00fablico; en cambio, la de Puerto Vallarta que se enfocar\u00e1 en las desapariciones de la Regi\u00f3n Costa Norte tendr\u00e1 a cuatro polic\u00edas investigadores y un ministerio p\u00fablico.<\/p>\n<p>No obstante, la instalaci\u00f3n de ambas unidades especializadas se realiz\u00f3 sin transparentar qui\u00e9nes formar\u00e1n parte integral de ellas, bajo qu\u00e9 l\u00f3gicas realizar\u00e1n las b\u00fasquedas y sobre todo falt\u00f3 que explicaran de d\u00f3nde fue que salieron los polic\u00edas investigadores y los ministerios p\u00fablicos asignados, siendo que desde que entr\u00f3 en operaciones la Agencia del Ministerio P\u00fablico 12\/C, encabezada por Violeta Meza, exist\u00eda ya un d\u00e9ficit de polic\u00edas investigadores, ya que hasta octubre de 2015 esta entidad s\u00f3lo contaba con diez de ellos. Incluso, la ausencia de tales investigadores era, en palabras de Violeta Meza, una de las razones principales del \u201cretraso en las investigaciones y b\u00fasquedas de los desaparecidos\u201d.<\/p>\n<p>Ahora, tras la presentaci\u00f3n en enero de ambas unidades especializadas, el estado cuenta con 19 polic\u00edas investigadores y tres ministerios p\u00fablicos enfocados \u00fanica y exclusivamente en \u201cencontrar a los desaparecidos y castigar a los culpables de su desaparici\u00f3n\u201d. Sin embargo, desconocemos qu\u00e9 tipo de capacitaci\u00f3n tomaron para, en efecto, estar debidamente capacitados en la b\u00fasqueda de los desaparecidos y en la atenci\u00f3n a sus familias, ya que el protocolo en atenci\u00f3n a las v\u00edctimas de violencia que est\u00e1 realizando el Fiscal en Derechos Humanos, Dante Haro, todav\u00eda no est\u00e1 terminado y, por lo tanto, se desconoce bajo qu\u00e9 criterios estos nuevos agentes trabajar\u00e1n las desapariciones.<\/p>\n<p>Los discursos no frenan las desapariciones<\/p>\n<p>A decir del Fiscal de Derechos Humanos, Dante Haro, hay un avance real en materia de desapariciones porque: \u201cya se reconoci\u00f3 la gravedad del problema y esto no hab\u00eda ocurrido antes, adem\u00e1s de que ya se est\u00e1n generando acciones concretas para reducir el n\u00famero de desaparecidos en Jalisco\u201d.<\/p>\n<p>No obstante, los n\u00fameros de la propia Fiscal\u00eda no parecen sostener el discurso positivo y generalizado que tienen sus funcionarios cuando hablan de las desapariciones, ya que 2015 es el a\u00f1o con m\u00e1s denuncias por desaparici\u00f3n de personas desde 2006, pues se presentaron 2 mil 378, lo cual confirma la alza y persistencia de este delito desde el a\u00f1o 2013 cuando se presentaron 2 mil 260 denuncias, las cuales crecieron en 2014 a 2 mil 364.<\/p>\n<p>Este crecimiento ha estado emparejado con los tres primeros a\u00f1os de gobierno del pri\u00edsta, Arist\u00f3teles Sandoval, as\u00ed que el tema de las desapariciones est\u00e1 muy lejano de ser s\u00f3lo un tema heredad como \u00e9ste dijo.<\/p>\n<p>Cosa contraria a lo que confirma la base estad\u00edstica otorgada por la Unidad de Transparencia de la Fiscal\u00eda General mediante el oficio FG\/UT\/113\/2016, en la cual puede verse c\u00f3mo las desapariciones han crecido m\u00e1s bajo su mandato.<\/p>\n<p>Que 2015 fuese el a\u00f1o con m\u00e1s denuncias por desaparici\u00f3n tambi\u00e9n se traduce a que durante este tiempo se present\u00f3 el mayor n\u00famero de personas desaparecidas, 2 mil 528, pero tambi\u00e9n en relaci\u00f3n al n\u00famero de personas que se quedaron sin ser localizadas con las acciones de b\u00fasqueda de la Fiscal\u00eda, ya que con su arduo trabajo fueron incapaces de encontrar a 845 jaliscienses, entre ellos lamentablemente est\u00e1n Ana Elvira Castillo Mireles y Juan Carlos Zaragoza Gaona, y cientos de desaparecidos m\u00e1s que no aparecen en los reportes de localizaci\u00f3n de la Fiscal\u00eda General, pues en ellos \u2013como puede verse en el informe presentado en el mes de octubre de 2015- las causas de localizaci\u00f3n responden m\u00e1s a la acci\u00f3n de vuelta de las propias personas que a resultados periciales de b\u00fasqueda, lo cual podr\u00eda explicar el por qu\u00e9 Ana Elvira y Juan Carlos, no forman parte de las cuatro o cinco personas que diariamente \u201clocaliz\u00f3\u201d la Fiscal\u00eda General durante el a\u00f1o pasado.<\/p>\n<p>Incluso, siguiendo la l\u00ednea positiva de la Fiscal\u00eda, la informaci\u00f3n dada por transparencia precisa que durante 2015 decreci\u00f3 la efectividad de sus b\u00fasquedas al localizar con vida a 241 personas menos que en 2014 y 125 menos que 2013. Mismo caso para su localizaci\u00f3n en muerte que disminuy\u00f3 respecto a los dos a\u00f1os anteriores.<\/p>\n<p>Esto tomando en consideraci\u00f3n que, en efecto, se trata de localizaciones plenas y no de administraci\u00f3n de expedientes, tal y como se dej\u00f3 entrever en la rueda de prensa que Eduardo Almaguer ofreci\u00f3 el 20 de octubre de 2015. Almaguer ese d\u00eda inform\u00f3 el estado que guardaban los expedientes de personas desaparecidas y c\u00f3mo fue que de esta situaci\u00f3n, su dependencia gener\u00f3 la clasificaci\u00f3n que hoy el Fiscal General presume a nivel nacional como un logro de su administraci\u00f3n. Hoy los expedientes de desapariciones en Jalisco se dividen en: 1) Personas extraviadas, 2) Personas ausentes voluntarias, 3) Personas Desaparecidas y 4) Personas desaparecidas relacionadas a la comisi\u00f3n de un delito.<\/p>\n<p>Al respecto, ni los discursos conscientes, ni el aceptar el problema o el generar acciones de clasificaci\u00f3n han frenado las desapariciones en Jalisco, las cuales de enero de 2006 al 31 de diciembre de 2015 suman ya 2 mil 962 personas que no han logrado volver con sus seres amados. 2 mil 962 personas que como Ana Elvira y Juan Carlos son buscados amorosamente por sus padres, los cuales cambiar\u00edan todo discurso pol\u00edtico o medi\u00e1tico por una verdadera acci\u00f3n de b\u00fasqueda que los lleve a encontrar a sus familiares. Ello son quienes los buscan.<\/p>\n<p><a href=\"http:\/\/www.proyectodiez.mx\/2015-el-ano-con-mas-desaparecidos-en-la-historia-de-jalisco\/\" target=\"_blank\">http:\/\/www.proyectodiez.mx\/2015-el-ano-con-mas-desaparecidos-en-la-historia-de-jalisco\/<\/a><\/p>\n","protected":false},"excerpt":{"rendered":"<p>Por: Darwin Franco Migues 29 de enero 2015.- Durante el a\u00f1o 2015, en promedio, desaparecieron siete personas al d\u00eda en Jalisco. Lo cual signific\u00f3 para la Fiscal\u00eda General de Jalisco &hellip; <a href=\"http:\/\/www.grieta.org.mx\/index.php\/2016\/01\/29\/2015-el-ano-con-mas-desaparecidos-en-la-historia-de-jalisco\/\" class=\"more-link\">Leer m\u00e1s<\/a><\/p>\n","protected":false},"author":2,"featured_media":21928,"comment_status":"closed","ping_status":"open","sticky":false,"template":"","format":"standard","meta":{"ngg_post_thumbnail":0,"_jetpack_newsletter_access":"","_jetpack_dont_email_post_to_subs":false,"_jetpack_newsletter_tier_id":0,"_jetpack_memberships_contains_paywalled_content":false,"_jetpack_memberships_contains_paid_content":false,"footnotes":""},"categories":[80,230],"tags":[121],"class_list":["post-3273","post","type-post","status-publish","format-standard","has-post-thumbnail","hentry","category-cintillo","category-jalisco","tag-desaparecidos","entry"],"jetpack_featured_media_url":"http:\/\/www.grieta.org.mx\/wp-content\/uploads\/2018\/03\/14524434_1106112876131411_958039263622046936_o.jpg","jetpack_sharing_enabled":true,"jetpack_shortlink":"https:\/\/wp.me\/p7ZJR4-QN","jetpack_likes_enabled":false,"jetpack-related-posts":[{"id":4308,"url":"http:\/\/www.grieta.org.mx\/index.php\/2015\/08\/19\/los-no-localizados-de-la-fiscalia-general-de-jalisco\/","url_meta":{"origin":3273,"position":0},"title":"Los \u201cno localizados\u201d de la Fiscal\u00eda General de Jalisco","author":"grieta","date":"19 agosto, 2015","format":false,"excerpt":"Por: Darwin Franco Migues 19 de agosto 2015.- La \u201coperaci\u00f3n confirmaci\u00f3n\u201d que emprendi\u00f3 la Fiscal\u00eda General de Jalisco el 25 de julio para encontrar a las personas no localizadas (t\u00e9rmino que usa en lugar de desaparecidas) concluy\u00f3 con la baja de 73 expedientes de personas que fueron localizadas cuando se\u2026","rel":"","context":"En &quot;CINTILLO&quot;","block_context":{"text":"CINTILLO","link":"http:\/\/www.grieta.org.mx\/index.php\/category\/cintillo\/"},"img":{"alt_text":"","src":"https:\/\/i0.wp.com\/www.grieta.org.mx\/wp-content\/uploads\/2018\/03\/14524434_1106112876131411_958039263622046936_o.jpg?resize=350%2C200","width":350,"height":200,"srcset":"https:\/\/i0.wp.com\/www.grieta.org.mx\/wp-content\/uploads\/2018\/03\/14524434_1106112876131411_958039263622046936_o.jpg?resize=350%2C200 1x, https:\/\/i0.wp.com\/www.grieta.org.mx\/wp-content\/uploads\/2018\/03\/14524434_1106112876131411_958039263622046936_o.jpg?resize=525%2C300 1.5x, https:\/\/i0.wp.com\/www.grieta.org.mx\/wp-content\/uploads\/2018\/03\/14524434_1106112876131411_958039263622046936_o.jpg?resize=700%2C400 2x"},"classes":[]},{"id":3241,"url":"http:\/\/www.grieta.org.mx\/index.php\/2016\/09\/12\/desaparecidos-en-jalisco\/","url_meta":{"origin":3273,"position":1},"title":"Desaparecidos en Jalisco","author":"grieta","date":"12 septiembre, 2016","format":false,"excerpt":"12\/09\/16. Exigen resolver falta de presupuesto en b\u00fasqueda de desaparecidosNtr Guadalajara 30\/08\/16. Gobierno de Jalisco oculta la tragedia de los desaparecidosSomos el Medio 10\/08\/16. Jalisco, tercer lugar en desapariciones Ntr Guadalajara 15\/06\/16. Familiares de desaparecidos van ante la oficina de la ONU Ntr Guadalajara 08\/06\/16. Jalisco: cr\u00edmenes de lesa humanidad\u2026","rel":"","context":"En &quot;Desaparecidos&quot;","block_context":{"text":"Desaparecidos","link":"http:\/\/www.grieta.org.mx\/index.php\/category\/temas-nacionales\/desaparecidos\/"},"img":{"alt_text":"","src":"https:\/\/i0.wp.com\/www.grieta.org.mx\/wp-content\/uploads\/2018\/03\/14524434_1106112876131411_958039263622046936_o.jpg?resize=350%2C200","width":350,"height":200,"srcset":"https:\/\/i0.wp.com\/www.grieta.org.mx\/wp-content\/uploads\/2018\/03\/14524434_1106112876131411_958039263622046936_o.jpg?resize=350%2C200 1x, https:\/\/i0.wp.com\/www.grieta.org.mx\/wp-content\/uploads\/2018\/03\/14524434_1106112876131411_958039263622046936_o.jpg?resize=525%2C300 1.5x, https:\/\/i0.wp.com\/www.grieta.org.mx\/wp-content\/uploads\/2018\/03\/14524434_1106112876131411_958039263622046936_o.jpg?resize=700%2C400 2x"},"classes":[]},{"id":4325,"url":"http:\/\/www.grieta.org.mx\/index.php\/2015\/06\/20\/la-impunidad-detras-del-registro-de-desaparecidos-en-jalisco\/","url_meta":{"origin":3273,"position":2},"title":"La impunidad detr\u00e1s del \u201cregistro\u201d de desaparecidos en Jalisco","author":"grieta","date":"20 junio, 2015","format":false,"excerpt":"Por: Darwin Franco Migues 20 de junio 2015.- Son 914 desapariciones las que la Fiscal\u00eda General de Jalisco no ha reportado al Registro Nacional de Personas Extraviadas y Desaparecidas (RNPED), pues en la \u00faltima actualizaci\u00f3n de este registro, realizado por el Sistema Nacional de Seguridad P\u00fablica, s\u00f3lo aparecen 2 mil\u2026","rel":"","context":"En &quot;CINTILLO&quot;","block_context":{"text":"CINTILLO","link":"http:\/\/www.grieta.org.mx\/index.php\/category\/cintillo\/"},"img":{"alt_text":"","src":"https:\/\/i0.wp.com\/www.grieta.org.mx\/wp-content\/uploads\/2018\/03\/14524434_1106112876131411_958039263622046936_o.jpg?resize=350%2C200","width":350,"height":200,"srcset":"https:\/\/i0.wp.com\/www.grieta.org.mx\/wp-content\/uploads\/2018\/03\/14524434_1106112876131411_958039263622046936_o.jpg?resize=350%2C200 1x, https:\/\/i0.wp.com\/www.grieta.org.mx\/wp-content\/uploads\/2018\/03\/14524434_1106112876131411_958039263622046936_o.jpg?resize=525%2C300 1.5x, https:\/\/i0.wp.com\/www.grieta.org.mx\/wp-content\/uploads\/2018\/03\/14524434_1106112876131411_958039263622046936_o.jpg?resize=700%2C400 2x"},"classes":[]},{"id":29367,"url":"http:\/\/www.grieta.org.mx\/index.php\/2019\/02\/06\/en-seis-anos-van-seis-mil-desaparecidos-en-jalisco\/","url_meta":{"origin":3273,"position":3},"title":"En seis a\u00f1os van seis mil desaparecidos en Jalisco","author":"grieta","date":"6 febrero, 2019","format":false,"excerpt":"Por Marisela Mu\u00f1oz \/ Vallarta opina Permanecen sin ser localizadas m\u00e1s de seis mil personas reportadas como desaparecidas en Jalisco en el \u00faltimo sexenio. Seg\u00fan un informe oficial de la Fiscal\u00eda General del Estado, entre 2012 y 2018 fueron reportadas como desaparecidas m\u00e1s de 20 mil personas, de las cuales\u2026","rel":"","context":"En &quot;CINTILLO&quot;","block_context":{"text":"CINTILLO","link":"http:\/\/www.grieta.org.mx\/index.php\/category\/cintillo\/"},"img":{"alt_text":"","src":"https:\/\/i0.wp.com\/www.grieta.org.mx\/wp-content\/uploads\/2019\/02\/DESAPARECIDOSjal.jpg?resize=350%2C200","width":350,"height":200,"srcset":"https:\/\/i0.wp.com\/www.grieta.org.mx\/wp-content\/uploads\/2019\/02\/DESAPARECIDOSjal.jpg?resize=350%2C200 1x, https:\/\/i0.wp.com\/www.grieta.org.mx\/wp-content\/uploads\/2019\/02\/DESAPARECIDOSjal.jpg?resize=525%2C300 1.5x"},"classes":[]},{"id":36120,"url":"http:\/\/www.grieta.org.mx\/index.php\/2019\/07\/05\/gobierno-de-jalisco-desaparece-de-sus-registros-a-5-mil-752-personas-que-estaban-reportadas-como-desaparecidas\/","url_meta":{"origin":3273,"position":4},"title":"Gobierno de Jalisco \u201cdesaparece\u201d de sus registros a 5 mil 752 personas que estaban reportadas como desaparecidas","author":"grieta","date":"5 julio, 2019","format":false,"excerpt":"\u00a0 El Gobierno de Jalisco actualiz\u00f3 el Sistema de Informaci\u00f3n de V\u00edctimas de Desaparici\u00f3n (SISOVID) donde pas\u00f3 de 7 mil 504 personas desaparecidas a s\u00f3lo mil 752, esto lo hizo sin presentar mayores evidencias que expliquen c\u00f3mo y por qu\u00e9 de la noche a la ma\u00f1ana, 5 mil 752 desaparecidos\u2026","rel":"","context":"En &quot;CINTILLO&quot;","block_context":{"text":"CINTILLO","link":"http:\/\/www.grieta.org.mx\/index.php\/category\/cintillo\/"},"img":{"alt_text":"","src":"https:\/\/i0.wp.com\/www.grieta.org.mx\/wp-content\/uploads\/2019\/07\/Alfaro-696x348.jpg?resize=350%2C200","width":350,"height":200,"srcset":"https:\/\/i0.wp.com\/www.grieta.org.mx\/wp-content\/uploads\/2019\/07\/Alfaro-696x348.jpg?resize=350%2C200 1x, https:\/\/i0.wp.com\/www.grieta.org.mx\/wp-content\/uploads\/2019\/07\/Alfaro-696x348.jpg?resize=525%2C300 1.5x"},"classes":[]},{"id":45310,"url":"http:\/\/www.grieta.org.mx\/index.php\/2020\/02\/20\/976-ninas-y-ninos-estan-actualmente-desaparecidos-en-jalisco\/","url_meta":{"origin":3273,"position":5},"title":"976 ni\u00f1as y ni\u00f1os est\u00e1n actualmente desaparecidos en Jalisco","author":"grieta","date":"20 febrero, 2020","format":false,"excerpt":"Foto: Zona Docs La conmoci\u00f3n nacional que gener\u00f3 la desaparici\u00f3n y posterior feminicidio de F\u00e1tima Cecilia, de 7 a\u00f1os, en la Ciudad de M\u00e9xico, deber\u00eda colocar el foco de atenci\u00f3n en el incremento de las desapariciones de ni\u00f1as y ni\u00f1as en el pa\u00eds; sin embargo, organizaciones como la\u00a0Red por los\u2026","rel":"","context":"En &quot;CINTILLO&quot;","block_context":{"text":"CINTILLO","link":"http:\/\/www.grieta.org.mx\/index.php\/category\/cintillo\/"},"img":{"alt_text":"","src":"https:\/\/i0.wp.com\/www.grieta.org.mx\/wp-content\/uploads\/2020\/02\/result-7-1050x640.jpg?resize=350%2C200","width":350,"height":200,"srcset":"https:\/\/i0.wp.com\/www.grieta.org.mx\/wp-content\/uploads\/2020\/02\/result-7-1050x640.jpg?resize=350%2C200 1x, https:\/\/i0.wp.com\/www.grieta.org.mx\/wp-content\/uploads\/2020\/02\/result-7-1050x640.jpg?resize=525%2C300 1.5x, https:\/\/i0.wp.com\/www.grieta.org.mx\/wp-content\/uploads\/2020\/02\/result-7-1050x640.jpg?resize=700%2C400 2x, https:\/\/i0.wp.com\/www.grieta.org.mx\/wp-content\/uploads\/2020\/02\/result-7-1050x640.jpg?resize=1050%2C600 3x"},"classes":[]}],"_links":{"self":[{"href":"http:\/\/www.grieta.org.mx\/index.php\/wp-json\/wp\/v2\/posts\/3273","targetHints":{"allow":["GET"]}}],"collection":[{"href":"http:\/\/www.grieta.org.mx\/index.php\/wp-json\/wp\/v2\/posts"}],"about":[{"href":"http:\/\/www.grieta.org.mx\/index.php\/wp-json\/wp\/v2\/types\/post"}],"author":[{"embeddable":true,"href":"http:\/\/www.grieta.org.mx\/index.php\/wp-json\/wp\/v2\/users\/2"}],"replies":[{"embeddable":true,"href":"http:\/\/www.grieta.org.mx\/index.php\/wp-json\/wp\/v2\/comments?post=3273"}],"version-history":[{"count":1,"href":"http:\/\/www.grieta.org.mx\/index.php\/wp-json\/wp\/v2\/posts\/3273\/revisions"}],"predecessor-version":[{"id":10833,"href":"http:\/\/www.grieta.org.mx\/index.php\/wp-json\/wp\/v2\/posts\/3273\/revisions\/10833"}],"wp:featuredmedia":[{"embeddable":true,"href":"http:\/\/www.grieta.org.mx\/index.php\/wp-json\/wp\/v2\/media\/21928"}],"wp:attachment":[{"href":"http:\/\/www.grieta.org.mx\/index.php\/wp-json\/wp\/v2\/media?parent=3273"}],"wp:term":[{"taxonomy":"category","embeddable":true,"href":"http:\/\/www.grieta.org.mx\/index.php\/wp-json\/wp\/v2\/categories?post=3273"},{"taxonomy":"post_tag","embeddable":true,"href":"http:\/\/www.grieta.org.mx\/index.php\/wp-json\/wp\/v2\/tags?post=3273"}],"curies":[{"name":"wp","href":"https:\/\/api.w.org\/{rel}","templated":true}]}}