{"id":327,"date":"2016-02-15T17:55:20","date_gmt":"2016-02-15T17:55:20","guid":{"rendered":"http:\/\/50.22.11.12\/~grietaor\/?p=327"},"modified":"2016-02-28T23:50:08","modified_gmt":"2016-02-28T23:50:08","slug":"irrumpen-frente-a-instalaciones-educativas-para-reclamar-pago","status":"publish","type":"post","link":"http:\/\/www.grieta.org.mx\/index.php\/2016\/02\/15\/irrumpen-frente-a-instalaciones-educativas-para-reclamar-pago\/","title":{"rendered":"Irrumpen frente a instalaciones educativas para reclamar pago"},"content":{"rendered":"<p>Febrero 15, 2016<\/p>\n<p>Redacci\u00f3n La Jornada Baja California, Tijuana<\/p>\n<figure id=\"attachment_331\" aria-describedby=\"caption-attachment-331\" style=\"width: 482px\" class=\"wp-caption aligncenter\"><img loading=\"lazy\" decoding=\"async\" data-attachment-id=\"331\" data-permalink=\"http:\/\/www.grieta.org.mx\/index.php\/2016\/02\/15\/irrumpen-frente-a-instalaciones-educativas-para-reclamar-pago\/maestros_0\/\" data-orig-file=\"http:\/\/www.grieta.org.mx\/wp-content\/uploads\/2016\/02\/maestros_0.jpg\" data-orig-size=\"660,440\" data-comments-opened=\"0\" data-image-meta=\"{&quot;aperture&quot;:&quot;0&quot;,&quot;credit&quot;:&quot;&quot;,&quot;camera&quot;:&quot;&quot;,&quot;caption&quot;:&quot;&quot;,&quot;created_timestamp&quot;:&quot;0&quot;,&quot;copyright&quot;:&quot;&quot;,&quot;focal_length&quot;:&quot;0&quot;,&quot;iso&quot;:&quot;0&quot;,&quot;shutter_speed&quot;:&quot;0&quot;,&quot;title&quot;:&quot;&quot;,&quot;orientation&quot;:&quot;0&quot;}\" data-image-title=\"maestros_0\" data-image-description=\"\" data-image-caption=\"&lt;p&gt;Cientos de maestros y padres de familia se manifestaron afuera de l Sistema Educativo Estatal en Tijuana el 15 de feberero de 2016. Foto Julieta Mart\u00ednez&lt;\/p&gt;\n\" data-medium-file=\"http:\/\/www.grieta.org.mx\/wp-content\/uploads\/2016\/02\/maestros_0-300x200.jpg\" data-large-file=\"http:\/\/www.grieta.org.mx\/wp-content\/uploads\/2016\/02\/maestros_0.jpg\" class=\" wp-image-331\" src=\"http:\/\/grieta.org.mx\/wp-content\/uploads\/2016\/02\/maestros_0-300x200.jpg\" alt=\"Cientos de maestros y padres de familia se manifestaron afuera de l Sistema Educativo Estatal en Tijuana el 15 de feberero de 2016. Foto Julieta Mart\u00ednez\" width=\"482\" height=\"321\" srcset=\"http:\/\/www.grieta.org.mx\/wp-content\/uploads\/2016\/02\/maestros_0-300x200.jpg 300w, http:\/\/www.grieta.org.mx\/wp-content\/uploads\/2016\/02\/maestros_0.jpg 660w\" sizes=\"auto, (max-width: 482px) 100vw, 482px\" \/><figcaption id=\"caption-attachment-331\" class=\"wp-caption-text\">Cientos de maestros y padres de familia se manifestaron afuera de l Sistema Educativo Estatal en Tijuana el 15 de feberero de 2016. Foto Julieta Mart\u00ednez<\/figcaption><\/figure>\n<p>Cerca de 300 padres de familia y maestros interinos de la secci\u00f3n 37 del SNTE se manifiestan frente a las instalaciones del Sistema Educativo Estatal para exigir el pago de sueldos atrasados desde el inicio escolar.<\/p>\n<p>La manifestaci\u00f3n inici\u00f3 de las 9 de la ma\u00f1ana y para las 9:40am algunos ingresaron a las oficinas.<\/p>\n<p>No se les ha pagado hasta que no se liquide a profesores liberados para su jubilaci\u00f3n, quienes mientras dura el proceso siguen cobrando sus quincenas.<\/p>\n<p>El fin de semana pasado, la autoridades educativas se comprometieron a que el 26 de este mes dar\u00e1n una parte del adeudo a los maestros interinos que dejaron de laborar para exigir que se les cubra el adeudo, mientras padres de familia tomaron dos escuelas para reclamar que sus hijos tengan clases.<\/p>\n<p><a href=\"http:\/\/jornadabc.mx\/tijuana\/15-02-2016\/irrumpen-frente-instalaciones-educativas-para-reclamar-pago\" target=\"_blank\">http:\/\/jornadabc.mx\/tijuana\/15-02-2016\/irrumpen-frente-instalaciones-educativas-para-reclamar-pago<\/a><\/p>\n","protected":false},"excerpt":{"rendered":"<p>Febrero 15, 2016 Redacci\u00f3n La Jornada Baja California, Tijuana Cerca de 300 padres de familia y maestros interinos de la secci\u00f3n 37 del SNTE se manifiestan frente a las instalaciones &hellip; <a href=\"http:\/\/www.grieta.org.mx\/index.php\/2016\/02\/15\/irrumpen-frente-a-instalaciones-educativas-para-reclamar-pago\/\" class=\"more-link\">Leer m\u00e1s<\/a><\/p>\n","protected":false},"author":2,"featured_media":21928,"comment_status":"closed","ping_status":"open","sticky":false,"template":"","format":"standard","meta":{"ngg_post_thumbnail":0,"_jetpack_newsletter_access":"","_jetpack_dont_email_post_to_subs":false,"_jetpack_newsletter_tier_id":0,"_jetpack_memberships_contains_paywalled_content":false,"_jetpack_memberships_contains_paid_content":false,"footnotes":""},"categories":[80],"tags":[113,107],"class_list":["post-327","post","type-post","status-publish","format-standard","has-post-thumbnail","hentry","category-cintillo","tag-conflictos-laborales","tag-educacion","entry"],"jetpack_featured_media_url":"http:\/\/www.grieta.org.mx\/wp-content\/uploads\/2018\/03\/14524434_1106112876131411_958039263622046936_o.jpg","jetpack_sharing_enabled":true,"jetpack_shortlink":"https:\/\/wp.me\/p7ZJR4-5h","jetpack_likes_enabled":false,"jetpack-related-posts":[{"id":26368,"url":"http:\/\/www.grieta.org.mx\/index.php\/2018\/09\/10\/padres-de-familia-toman-secundaria-diurna-2-en-ensenada\/","url_meta":{"origin":327,"position":0},"title":"Padres de familia \u201ctoman\u201d secundaria Diurna 2 en Ensenada","author":"grieta","date":"10 septiembre, 2018","format":false,"excerpt":"Zeta Tijuana. Lorena Lamas, Fotos: Lorena Lamas\/ Los alumnos solo tienen tres horas de clases diarias La escuela secundaria Diurna 2 Matutina en Ensenada fue tomada este lunes 10 de septiembre por los padres de familia, debido a que desde que inici\u00f3 el presente ciclo escolar solo han tenido jornadas\u2026","rel":"","context":"En &quot;Baja California&quot;","block_context":{"text":"Baja California","link":"http:\/\/www.grieta.org.mx\/index.php\/category\/noticias-nacionales\/baja-california\/"},"img":{"alt_text":"","src":"https:\/\/i0.wp.com\/www.grieta.org.mx\/wp-content\/uploads\/2018\/09\/WhatsApp-Image-2018-09-10-at-07.54.50-750x500.jpeg?resize=350%2C200","width":350,"height":200,"srcset":"https:\/\/i0.wp.com\/www.grieta.org.mx\/wp-content\/uploads\/2018\/09\/WhatsApp-Image-2018-09-10-at-07.54.50-750x500.jpeg?resize=350%2C200 1x, https:\/\/i0.wp.com\/www.grieta.org.mx\/wp-content\/uploads\/2018\/09\/WhatsApp-Image-2018-09-10-at-07.54.50-750x500.jpeg?resize=525%2C300 1.5x, https:\/\/i0.wp.com\/www.grieta.org.mx\/wp-content\/uploads\/2018\/09\/WhatsApp-Image-2018-09-10-at-07.54.50-750x500.jpeg?resize=700%2C400 2x"},"classes":[]},{"id":333,"url":"http:\/\/www.grieta.org.mx\/index.php\/2016\/02\/22\/bloquean-carretera-por-incumplimiento-de-pago-a-maestros-interinos\/","url_meta":{"origin":327,"position":1},"title":"Bloquean carretera por incumplimiento de pago a maestros interinos","author":"grieta","date":"22 febrero, 2016","format":false,"excerpt":"Febrero 22, 2016 Antonio Heras, Tijuana Por la ausencia de maestros frente a grupo provocado por el incumplimiento del pago salarial del Sistema Educativo Estatal, padres de familia de una escuela primaria bloquearon los carriles de la carretera Tecate-Tijuana, a la altura del fraccionamiento El Refugio. Los manifestantes exigieron a\u2026","rel":"","context":"En &quot;CINTILLO&quot;","block_context":{"text":"CINTILLO","link":"http:\/\/www.grieta.org.mx\/index.php\/category\/cintillo\/"},"img":{"alt_text":"","src":"https:\/\/i0.wp.com\/www.grieta.org.mx\/wp-content\/uploads\/2018\/03\/14524434_1106112876131411_958039263622046936_o.jpg?resize=350%2C200","width":350,"height":200,"srcset":"https:\/\/i0.wp.com\/www.grieta.org.mx\/wp-content\/uploads\/2018\/03\/14524434_1106112876131411_958039263622046936_o.jpg?resize=350%2C200 1x, https:\/\/i0.wp.com\/www.grieta.org.mx\/wp-content\/uploads\/2018\/03\/14524434_1106112876131411_958039263622046936_o.jpg?resize=525%2C300 1.5x, https:\/\/i0.wp.com\/www.grieta.org.mx\/wp-content\/uploads\/2018\/03\/14524434_1106112876131411_958039263622046936_o.jpg?resize=700%2C400 2x"},"classes":[]},{"id":367,"url":"http:\/\/www.grieta.org.mx\/index.php\/2016\/08\/16\/padres-de-familia-se-unen-al-reclamo-de-maestros-en-baja-california\/","url_meta":{"origin":327,"position":2},"title":"Movilizaciones contra la reforma educativa en Baja California","author":"grieta","date":"16 agosto, 2016","format":false,"excerpt":"16\/08\/16. CNTE levanta plant\u00f3n en BC; regresar\u00e1n a clases y preparan foros UniMexicali 10\/07\/16. Anuncian \"?profes\"? movilizaci\u00f3n (Baja California) El Vig\u00eda 07\/07\/16. Maestros bloquearon 25 minutos garita comercial El Sol de Tijuana 27\/06\/16. Paralizan la Zona R\u00edo m\u00e1s de mil profes en protesta (BC) El Sol de Tijuana 20\/06\/16. Se\u2026","rel":"","context":"En &quot;Baja California&quot;","block_context":{"text":"Baja California","link":"http:\/\/www.grieta.org.mx\/index.php\/category\/noticias-nacionales\/baja-california\/"},"img":{"alt_text":"","src":"https:\/\/i0.wp.com\/www.grieta.org.mx\/wp-content\/uploads\/2018\/03\/14524434_1106112876131411_958039263622046936_o.jpg?resize=350%2C200","width":350,"height":200,"srcset":"https:\/\/i0.wp.com\/www.grieta.org.mx\/wp-content\/uploads\/2018\/03\/14524434_1106112876131411_958039263622046936_o.jpg?resize=350%2C200 1x, https:\/\/i0.wp.com\/www.grieta.org.mx\/wp-content\/uploads\/2018\/03\/14524434_1106112876131411_958039263622046936_o.jpg?resize=525%2C300 1.5x, https:\/\/i0.wp.com\/www.grieta.org.mx\/wp-content\/uploads\/2018\/03\/14524434_1106112876131411_958039263622046936_o.jpg?resize=700%2C400 2x"},"classes":[]},{"id":14661,"url":"http:\/\/www.grieta.org.mx\/index.php\/2016\/06\/16\/si-luchamos-por-separado-por-separado-nos-van-a-fregar-maestros\/","url_meta":{"origin":327,"position":3},"title":"Si luchamos por separado, por separado nos van a fregar: maestros","author":"grieta","date":"16 junio, 2016","format":false,"excerpt":"Por Redacci\u00f3n Tijuana, 16 de junio.- Unos 200 integrantes del Movimiento de Resissstencia Estatal encabezados por el profesor Marco Antonio Pacheco Pe\u00f1a marcharon contra la reforma educativa y la detenci\u00f3n del l\u00edder de la Coordinadora Nacional de Trabajadores de la Educaci\u00f3n Rub\u00e9n N\u00fa\u00f1ez. Portando pancartas con las fotos de los\u2026","rel":"","context":"En &quot;CINTILLO&quot;","block_context":{"text":"CINTILLO","link":"http:\/\/www.grieta.org.mx\/index.php\/category\/cintillo\/"},"img":{"alt_text":"","src":"https:\/\/i0.wp.com\/www.grieta.org.mx\/wp-content\/uploads\/2018\/03\/14524434_1106112876131411_958039263622046936_o.jpg?resize=350%2C200","width":350,"height":200,"srcset":"https:\/\/i0.wp.com\/www.grieta.org.mx\/wp-content\/uploads\/2018\/03\/14524434_1106112876131411_958039263622046936_o.jpg?resize=350%2C200 1x, https:\/\/i0.wp.com\/www.grieta.org.mx\/wp-content\/uploads\/2018\/03\/14524434_1106112876131411_958039263622046936_o.jpg?resize=525%2C300 1.5x, https:\/\/i0.wp.com\/www.grieta.org.mx\/wp-content\/uploads\/2018\/03\/14524434_1106112876131411_958039263622046936_o.jpg?resize=700%2C400 2x"},"classes":[]},{"id":325,"url":"http:\/\/www.grieta.org.mx\/index.php\/2016\/02\/16\/continuan-padres-tomando-escuelas-por-falta-de-pago-a-maestros\/","url_meta":{"origin":327,"position":4},"title":"Contin\u00faan padres tomando escuelas por falta de pago a maestros","author":"grieta","date":"16 febrero, 2016","format":false,"excerpt":"Febrero 16, 2016 Hamlet Alc\u00e1ntara, Tijuana Padres e familia contin\u00faan tomando escuelas de Tijuana en apoyo de falta de pago de maestros interinos, a pesar de los avances en las negociaciones que se\u00f1ala la Secretar\u00eda de Educaci\u00f3n y Bienestar Social (SEBS) tiene con los dirigentes sindicales. En esta ocasi\u00f3n un\u2026","rel":"","context":"En &quot;CINTILLO&quot;","block_context":{"text":"CINTILLO","link":"http:\/\/www.grieta.org.mx\/index.php\/category\/cintillo\/"},"img":{"alt_text":"","src":"https:\/\/i0.wp.com\/www.grieta.org.mx\/wp-content\/uploads\/2018\/03\/14524434_1106112876131411_958039263622046936_o.jpg?resize=350%2C200","width":350,"height":200,"srcset":"https:\/\/i0.wp.com\/www.grieta.org.mx\/wp-content\/uploads\/2018\/03\/14524434_1106112876131411_958039263622046936_o.jpg?resize=350%2C200 1x, https:\/\/i0.wp.com\/www.grieta.org.mx\/wp-content\/uploads\/2018\/03\/14524434_1106112876131411_958039263622046936_o.jpg?resize=525%2C300 1.5x, https:\/\/i0.wp.com\/www.grieta.org.mx\/wp-content\/uploads\/2018\/03\/14524434_1106112876131411_958039263622046936_o.jpg?resize=700%2C400 2x"},"classes":[]},{"id":6609,"url":"http:\/\/www.grieta.org.mx\/index.php\/2016\/03\/07\/ni-dorados-ni-privilegiados-maestros-malpagados\/","url_meta":{"origin":327,"position":5},"title":"Ni dorados ni privilegiados, maestros malpagados","author":"grieta","date":"7 marzo, 2016","format":false,"excerpt":"Gabriela Mart\u00ednez, Jorge Heras, Hamlet Alc\u00e1ntara y Antonio Heras. Tijuana, B.C. El Sindicato Nacional de Trabajadores de la Educaci\u00f3n (SNTE) tard\u00f3 tres semanas desde que padres de familia comenzaron a tomar escuelas de nivel b\u00e1sico en la zona 24, situadas en el Este de Tijuana, para levantar la voz y\u2026","rel":"","context":"En &quot;CINTILLO&quot;","block_context":{"text":"CINTILLO","link":"http:\/\/www.grieta.org.mx\/index.php\/category\/cintillo\/"},"img":{"alt_text":"","src":"https:\/\/i0.wp.com\/www.grieta.org.mx\/wp-content\/uploads\/2018\/03\/14524434_1106112876131411_958039263622046936_o.jpg?resize=350%2C200","width":350,"height":200,"srcset":"https:\/\/i0.wp.com\/www.grieta.org.mx\/wp-content\/uploads\/2018\/03\/14524434_1106112876131411_958039263622046936_o.jpg?resize=350%2C200 1x, https:\/\/i0.wp.com\/www.grieta.org.mx\/wp-content\/uploads\/2018\/03\/14524434_1106112876131411_958039263622046936_o.jpg?resize=525%2C300 1.5x, https:\/\/i0.wp.com\/www.grieta.org.mx\/wp-content\/uploads\/2018\/03\/14524434_1106112876131411_958039263622046936_o.jpg?resize=700%2C400 2x"},"classes":[]}],"_links":{"self":[{"href":"http:\/\/www.grieta.org.mx\/index.php\/wp-json\/wp\/v2\/posts\/327","targetHints":{"allow":["GET"]}}],"collection":[{"href":"http:\/\/www.grieta.org.mx\/index.php\/wp-json\/wp\/v2\/posts"}],"about":[{"href":"http:\/\/www.grieta.org.mx\/index.php\/wp-json\/wp\/v2\/types\/post"}],"author":[{"embeddable":true,"href":"http:\/\/www.grieta.org.mx\/index.php\/wp-json\/wp\/v2\/users\/2"}],"replies":[{"embeddable":true,"href":"http:\/\/www.grieta.org.mx\/index.php\/wp-json\/wp\/v2\/comments?post=327"}],"version-history":[{"count":1,"href":"http:\/\/www.grieta.org.mx\/index.php\/wp-json\/wp\/v2\/posts\/327\/revisions"}],"predecessor-version":[{"id":362,"href":"http:\/\/www.grieta.org.mx\/index.php\/wp-json\/wp\/v2\/posts\/327\/revisions\/362"}],"wp:featuredmedia":[{"embeddable":true,"href":"http:\/\/www.grieta.org.mx\/index.php\/wp-json\/wp\/v2\/media\/21928"}],"wp:attachment":[{"href":"http:\/\/www.grieta.org.mx\/index.php\/wp-json\/wp\/v2\/media?parent=327"}],"wp:term":[{"taxonomy":"category","embeddable":true,"href":"http:\/\/www.grieta.org.mx\/index.php\/wp-json\/wp\/v2\/categories?post=327"},{"taxonomy":"post_tag","embeddable":true,"href":"http:\/\/www.grieta.org.mx\/index.php\/wp-json\/wp\/v2\/tags?post=327"}],"curies":[{"name":"wp","href":"https:\/\/api.w.org\/{rel}","templated":true}]}}