{"id":3255,"date":"2016-02-01T14:19:38","date_gmt":"2016-02-01T14:19:38","guid":{"rendered":"http:\/\/50.22.11.12\/~grietaor\/?p=3255"},"modified":"2016-03-14T14:23:06","modified_gmt":"2016-03-14T14:23:06","slug":"en-jalisco-nace-por-amor-a-ellos-una-organizacion-que-busca-a-los-desaparecidos","status":"publish","type":"post","link":"http:\/\/www.grieta.org.mx\/index.php\/2016\/02\/01\/en-jalisco-nace-por-amor-a-ellos-una-organizacion-que-busca-a-los-desaparecidos\/","title":{"rendered":"En Jalisco: Nace \u201cPor amor a ellos\u201d, una organizaci\u00f3n que busca a los desaparecidos"},"content":{"rendered":"<p>Por: Darwin Franco Migues (@darwinfranco)<\/p>\n<p>Proyecto Diez<br \/>\n01 de febrero 2015.- Debido a las presiones gubernamentales que pretenden institucionalizar la b\u00fasqueda de los desaparecidos del estado, un gran n\u00famero de las y los integrantes de Familias Unidas por Nuestros Desaparecidos Jalisco (FUNDEJ), anunci\u00f3 tras un acto p\u00fablico y la emisi\u00f3n de un comunicado su separaci\u00f3n de dicha organizaci\u00f3n por considerar que \u201cese no es el camino que desean para encontrar a sus seres queridos\u201d. Ahora estas familias se agrupan en amor y b\u00fasqueda a trav\u00e9s del colectivo Por amor a ellos.<\/p>\n<p>En el acto p\u00fablico que realizaron el pasado 31 de enero en el Parque Revoluci\u00f3n (parque rojo), alrededor de 20 familias de desaparecidos manifestaron que: \u201cel nombre de Fundej fue tomado para formar una A.C. por familias que consideran que ese ser\u00e1 el camino para encontrar a sus hijos. Esperamos de todo coraz\u00f3n que sus esperanzas se vean recompensadas y que los gobiernos que les prometieron buscar, cumplan y lo hagan\u201d.<\/p>\n<p>FUNDEJ fue creada en enero de 2014 y desde su fundaci\u00f3n no dej\u00f3 de insistir en lo grave que es para Jalisco ser el segundo estado con m\u00e1s desaparecidos del pa\u00eds. Su presi\u00f3n fue tal que consigui\u00f3 que el gobernador, Arist\u00f3teles Sandoval, tras 64 d\u00edas de espera, recibiera a las familias de los desaparecidos en Palacio de Gobierno, el 15 de mayo de 2015. En esa reuni\u00f3n el gobernador se comprometi\u00f3 a trabajar de manera inmediata para revertir esta tragedia y orden\u00f3 la creaci\u00f3n de mesas de trabajo para resolver cada uno de los casos de FUNDEJ.<\/p>\n<p>Las \u201cmesas de trabajo\u201d duraron alrededor de seis meses y no existieron avances reales en la b\u00fasqueda ni cambios en la manera en que ministerios p\u00fablicos y personal de la Fiscal\u00eda General de Jalisco tratan a las familias de los desaparecidos. FUNDEJ, en consecuencia, abandon\u00f3 las mesas, el 13 de octubre de 2015.<\/p>\n<p>Lee: 2015, el a\u00f1o con m\u00e1s desaparecidos en la historia de Jalisco<\/p>\n<p>Desde ese d\u00eda, como se asegura en el comunicado que leyeron los integrantes de Por amor a ellos, las familias de desaparecidos han visto crecer \u201cla presi\u00f3n del gobierno hacia ellos\u201d, ya que como ha ocurrido en otros estados del pa\u00eds como Baja California Norte, Nuevo Le\u00f3n, Coahuila, Michoac\u00e1n o Guerrero; aqu\u00ed en Jalisco tambi\u00e9n se pretende \u201cacallar las voces\u201d de las familias de los desaparecidos y generar acciones para \u201cdividirlas y\/o corromperlas\u201d.<\/p>\n<p>En los estados mencionados existen m\u00e1s de un colectivo de desaparecidos y los motivos de su separaci\u00f3n corresponden a la decisi\u00f3n de algunos grupos de trabajar desde lo institucional.<\/p>\n<p>Por estos motivos, en Por amor a ellos consideraron que no existen las condiciones ni la confianza para trabajar con el gobierno de Jalisco y su Fiscal\u00eda General, as\u00ed que no desean que la b\u00fasqueda de su familiares se d\u00e9 a trav\u00e9s de la institucionalizaci\u00f3n de su lucha; por ello, prefieren seguir buscando por sus propios medios como hasta ahora lo han hecho.<\/p>\n<p>Sin embargo, dijeron que estar\u00edan vigilantes de las promesas realizadas a las familias de FUNDEJ, y que velar\u00edan por la seguridad de sus compa\u00f1eras pero insistieron \u201cno caminaremos por ese camino, porque ya muchos antes que nosotros lo recorrieron y no encontraron respuesta\u201d, puesto que \u201cnuestros familiares desaparecidos est\u00e1n por encima de todo tr\u00e1mite u ofrecimiento econ\u00f3mico que en su momento quiera dar este gobierno estatal como ya hoy lo hace el gobierno federal\u201d.<\/p>\n<p>El gobierno federal, a trav\u00e9s de la Comisi\u00f3n Ejecutiva de Atenci\u00f3n a V\u00edctimas (CEAV) ha iniciado la entrega de compensaciones econ\u00f3micas a familiares de desaparecidos de Veracruz y Michoac\u00e1n. Estos mismos ofrecimientos tambi\u00e9n se les han propuesto por parte de la Secretar\u00eda de Gobernaci\u00f3n a algunos de los padres de los 43 normalistas, los cuales han denunciado p\u00fablicamente estos hechos que consideran atentan contra su dignidad y la de los 43 j\u00f3venes desaparecidos en Iguala, Guerreo, el 26 de septiembre de 2014.<\/p>\n<p>Aqu\u00ed en Jalisco esto no ha sucedido pero Por amor a ellos no quieren que comience a suceder lo que ya pasa en otras partes del pa\u00eds; por ello, en su acto p\u00fablico reafirmaron que continuar\u00edan \u201ccomo desde el primer d\u00eda, exigiendo, brindando apoyo a las familias que nos lo pidan, siendo la voz de las familias de los municipios del interior del estado, pidiendo su apoyo solidario en manifestaciones y difusi\u00f3n de informaci\u00f3n\u201d. Asegurando adem\u00e1s que en este nuevo colectivo no hay representantes ni voceros porque \u201cjuntos son una sola voz\u201d.<\/p>\n<p>En Jalisco, desde enero de 2006 al 31 de diciembre de 2015, existen 2 mil 962 personas desaparecidas. Esto sit\u00faa al estado como la segunda entidad del pa\u00eds con mayor n\u00famero de desaparecidos. La autoridad en Jalisco, como precisaron los integrantes de Por amor a ellos, parece estar m\u00e1s interesada en \u201cdividir a las familias\u201d que en buscar realmente a los 2 mil 962 desaparecidos.<\/p>\n<p><a href=\"http:\/\/www.proyectodiez.mx\/nace-por-amor-a-ellos-una-organizacion-que-busca-a-los-desaparecidos\/\" target=\"_blank\">http:\/\/www.proyectodiez.mx\/nace-por-amor-a-ellos-una-organizacion-que-busca-a-los-desaparecidos\/<\/a><\/p>\n","protected":false},"excerpt":{"rendered":"<p>Por: Darwin Franco Migues (@darwinfranco) Proyecto Diez 01 de febrero 2015.- Debido a las presiones gubernamentales que pretenden institucionalizar la b\u00fasqueda de los desaparecidos del estado, un gran n\u00famero de &hellip; <a href=\"http:\/\/www.grieta.org.mx\/index.php\/2016\/02\/01\/en-jalisco-nace-por-amor-a-ellos-una-organizacion-que-busca-a-los-desaparecidos\/\" class=\"more-link\">Leer m\u00e1s<\/a><\/p>\n","protected":false},"author":2,"featured_media":21928,"comment_status":"closed","ping_status":"open","sticky":false,"template":"","format":"standard","meta":{"ngg_post_thumbnail":0,"_jetpack_newsletter_access":"","_jetpack_dont_email_post_to_subs":false,"_jetpack_newsletter_tier_id":0,"_jetpack_memberships_contains_paywalled_content":false,"_jetpack_memberships_contains_paid_content":false,"footnotes":""},"categories":[80,230],"tags":[121],"class_list":["post-3255","post","type-post","status-publish","format-standard","has-post-thumbnail","hentry","category-cintillo","category-jalisco","tag-desaparecidos","entry"],"jetpack_featured_media_url":"http:\/\/www.grieta.org.mx\/wp-content\/uploads\/2018\/03\/14524434_1106112876131411_958039263622046936_o.jpg","jetpack_sharing_enabled":true,"jetpack_shortlink":"https:\/\/wp.me\/p7ZJR4-Qv","jetpack_likes_enabled":false,"jetpack-related-posts":[{"id":48180,"url":"http:\/\/www.grieta.org.mx\/index.php\/2020\/04\/23\/temen-fundej-incineracion-de-personas-no-identificadas-sin-protocolos-jalisco\/","url_meta":{"origin":3255,"position":0},"title":"Temen Fundej incineraci\u00f3n de personas no identificadas sin protocolos (Jalisco)","author":"grieta","date":"23 abril, 2020","format":false,"excerpt":"Foto: Jorge Alberto Mendoza Redacci\u00f3n \/ EL Diario NTR Tras la aprobaci\u00f3n del protocolo manejo de cuerpos de personas que fallecieron a causa de Covid-19, integrantes de la organizaci\u00f3n Familias Unidas por Nuestros Desaparecidos Jalisco (Fundej) temen que el gobierno de Jalisco utilice este momento de contingencia para incinerar los\u2026","rel":"","context":"En &quot;CINTILLO&quot;","block_context":{"text":"CINTILLO","link":"http:\/\/www.grieta.org.mx\/index.php\/category\/cintillo\/"},"img":{"alt_text":"","src":"https:\/\/i0.wp.com\/www.grieta.org.mx\/wp-content\/uploads\/2020\/04\/2020-04-23_06-04-54___7221.jpg?resize=350%2C200","width":350,"height":200,"srcset":"https:\/\/i0.wp.com\/www.grieta.org.mx\/wp-content\/uploads\/2020\/04\/2020-04-23_06-04-54___7221.jpg?resize=350%2C200 1x, https:\/\/i0.wp.com\/www.grieta.org.mx\/wp-content\/uploads\/2020\/04\/2020-04-23_06-04-54___7221.jpg?resize=525%2C300 1.5x, https:\/\/i0.wp.com\/www.grieta.org.mx\/wp-content\/uploads\/2020\/04\/2020-04-23_06-04-54___7221.jpg?resize=700%2C400 2x"},"classes":[]},{"id":3268,"url":"http:\/\/www.grieta.org.mx\/index.php\/2016\/01\/31\/familiares-se-deslindan-de-fundej\/","url_meta":{"origin":3255,"position":1},"title":"Familiares se deslindan de Fundej","author":"grieta","date":"31 enero, 2016","format":false,"excerpt":"Priscila Hern\u00e1ndez Flores Como cada domingo de fin de mes, los familiares de personas desaparecidas salieron a las calles acompa\u00f1adas con la fotograf\u00eda de sus hijos, esposos o hermanos. Mientras que las familias disfrutaban de un domingo de paseo de bicicleta, ellos dieron a conocer que se deslindan de la\u2026","rel":"","context":"En &quot;CINTILLO&quot;","block_context":{"text":"CINTILLO","link":"http:\/\/www.grieta.org.mx\/index.php\/category\/cintillo\/"},"img":{"alt_text":"","src":"https:\/\/i0.wp.com\/www.grieta.org.mx\/wp-content\/uploads\/2018\/03\/14524434_1106112876131411_958039263622046936_o.jpg?resize=350%2C200","width":350,"height":200,"srcset":"https:\/\/i0.wp.com\/www.grieta.org.mx\/wp-content\/uploads\/2018\/03\/14524434_1106112876131411_958039263622046936_o.jpg?resize=350%2C200 1x, https:\/\/i0.wp.com\/www.grieta.org.mx\/wp-content\/uploads\/2018\/03\/14524434_1106112876131411_958039263622046936_o.jpg?resize=525%2C300 1.5x, https:\/\/i0.wp.com\/www.grieta.org.mx\/wp-content\/uploads\/2018\/03\/14524434_1106112876131411_958039263622046936_o.jpg?resize=700%2C400 2x"},"classes":[]},{"id":3241,"url":"http:\/\/www.grieta.org.mx\/index.php\/2016\/09\/12\/desaparecidos-en-jalisco\/","url_meta":{"origin":3255,"position":2},"title":"Desaparecidos en Jalisco","author":"grieta","date":"12 septiembre, 2016","format":false,"excerpt":"12\/09\/16. Exigen resolver falta de presupuesto en b\u00fasqueda de desaparecidosNtr Guadalajara 30\/08\/16. Gobierno de Jalisco oculta la tragedia de los desaparecidosSomos el Medio 10\/08\/16. Jalisco, tercer lugar en desapariciones Ntr Guadalajara 15\/06\/16. Familiares de desaparecidos van ante la oficina de la ONU Ntr Guadalajara 08\/06\/16. Jalisco: cr\u00edmenes de lesa humanidad\u2026","rel":"","context":"En &quot;Desaparecidos&quot;","block_context":{"text":"Desaparecidos","link":"http:\/\/www.grieta.org.mx\/index.php\/category\/temas-nacionales\/desaparecidos\/"},"img":{"alt_text":"","src":"https:\/\/i0.wp.com\/www.grieta.org.mx\/wp-content\/uploads\/2018\/03\/14524434_1106112876131411_958039263622046936_o.jpg?resize=350%2C200","width":350,"height":200,"srcset":"https:\/\/i0.wp.com\/www.grieta.org.mx\/wp-content\/uploads\/2018\/03\/14524434_1106112876131411_958039263622046936_o.jpg?resize=350%2C200 1x, https:\/\/i0.wp.com\/www.grieta.org.mx\/wp-content\/uploads\/2018\/03\/14524434_1106112876131411_958039263622046936_o.jpg?resize=525%2C300 1.5x, https:\/\/i0.wp.com\/www.grieta.org.mx\/wp-content\/uploads\/2018\/03\/14524434_1106112876131411_958039263622046936_o.jpg?resize=700%2C400 2x"},"classes":[]},{"id":63414,"url":"http:\/\/www.grieta.org.mx\/index.php\/2022\/02\/15\/ante-un-gobierno-ciego-sordo-y-mudo-familiares-de-desaparecidos-se-unen-jalisco\/","url_meta":{"origin":3255,"position":3},"title":"Ante un gobierno ciego, sordo y mudo, familiares de desaparecidos se unen (Jalisco)","author":"grieta","date":"15 febrero, 2022","format":false,"excerpt":"Foto:\u00a0\u00a0Lauro Rodr\u00edguez Lauro Rodr\u00edguez\u00a0 \/ El Diario NTR Guadalajara cumple 480 a\u00f1os. En este marco, no hay nada que celebrar, m\u00e1s de 15 mil jaliscienses est\u00e1n desaparecidos. Familias Unidas por Nuestros Desaparecidos Jalisco (Fundej) sali\u00f3 a marchar para recordarle al Estado que es incompetente para buscar a quienes fueron desaparecidos,\u2026","rel":"","context":"En &quot;CINTILLO&quot;","block_context":{"text":"CINTILLO","link":"http:\/\/www.grieta.org.mx\/index.php\/category\/cintillo\/"},"img":{"alt_text":"","src":"https:\/\/i0.wp.com\/www.grieta.org.mx\/wp-content\/uploads\/2022\/02\/2022-02-15_11-02-26___6418.jpg?resize=350%2C200","width":350,"height":200,"srcset":"https:\/\/i0.wp.com\/www.grieta.org.mx\/wp-content\/uploads\/2022\/02\/2022-02-15_11-02-26___6418.jpg?resize=350%2C200 1x, https:\/\/i0.wp.com\/www.grieta.org.mx\/wp-content\/uploads\/2022\/02\/2022-02-15_11-02-26___6418.jpg?resize=525%2C300 1.5x, https:\/\/i0.wp.com\/www.grieta.org.mx\/wp-content\/uploads\/2022\/02\/2022-02-15_11-02-26___6418.jpg?resize=700%2C400 2x"},"classes":[]},{"id":53017,"url":"http:\/\/www.grieta.org.mx\/index.php\/2020\/09\/02\/segundo-miercoles-por-los-desaparecidos-jalisco\/","url_meta":{"origin":3255,"position":4},"title":"Segundo mi\u00e9rcoles por los desaparecidos (Jalisco)","author":"grieta","date":"2 septiembre, 2020","format":false,"excerpt":"Foto: Isaura L\u00f3pez Villalobos Isauda L\u00f3pez Villalobos \/ UDGTV La Federaci\u00f3n de Estudiantes Universitarios (FEU) llega al d\u00eda programado de realizar cada primer mi\u00e9rcoles del mes,\u00a0una manifestaci\u00f3n para apoyar a las familias de personas desaparecidas\u00a0en coordinaci\u00f3n con el colectivo de Familias Unidas por Nuestros Desaparecidos en Jalisco (FUNDEJ). Con la\u2026","rel":"","context":"En &quot;CINTILLO&quot;","block_context":{"text":"CINTILLO","link":"http:\/\/www.grieta.org.mx\/index.php\/category\/cintillo\/"},"img":{"alt_text":"","src":"https:\/\/i0.wp.com\/www.grieta.org.mx\/wp-content\/uploads\/2020\/09\/Piden-busqueda-Isaura-Lopez-630x420-1.jpeg?resize=350%2C200","width":350,"height":200,"srcset":"https:\/\/i0.wp.com\/www.grieta.org.mx\/wp-content\/uploads\/2020\/09\/Piden-busqueda-Isaura-Lopez-630x420-1.jpeg?resize=350%2C200 1x, https:\/\/i0.wp.com\/www.grieta.org.mx\/wp-content\/uploads\/2020\/09\/Piden-busqueda-Isaura-Lopez-630x420-1.jpeg?resize=525%2C300 1.5x"},"classes":[]},{"id":4276,"url":"http:\/\/www.grieta.org.mx\/index.php\/2015\/10\/14\/por-que-dejo-fundej-las-mesas-de-trabajo-con-el-gobierno-de-jalisco\/","url_meta":{"origin":3255,"position":5},"title":"\u00bfPor qu\u00e9 dej\u00f3 FUNDEJ las mesas de trabajo con el Gobierno de Jalisco?","author":"grieta","date":"14 octubre, 2015","format":false,"excerpt":"Por: Darwin Franco Migues En lo que va del 2015, en promedio, han desaparecido en Jalisco tres personas por d\u00eda 14 de octubre 2015.- Familias Unidas por Nuestros Desaparecidos Jalisco (FUNDEJ) abandon\u00f3 el pasado 9 de octubre las mesas de trabajo con el Gobierno de Jalisco porque ninguna de las\u2026","rel":"","context":"En &quot;CINTILLO&quot;","block_context":{"text":"CINTILLO","link":"http:\/\/www.grieta.org.mx\/index.php\/category\/cintillo\/"},"img":{"alt_text":"","src":"https:\/\/i0.wp.com\/www.grieta.org.mx\/wp-content\/uploads\/2018\/03\/14524434_1106112876131411_958039263622046936_o.jpg?resize=350%2C200","width":350,"height":200,"srcset":"https:\/\/i0.wp.com\/www.grieta.org.mx\/wp-content\/uploads\/2018\/03\/14524434_1106112876131411_958039263622046936_o.jpg?resize=350%2C200 1x, https:\/\/i0.wp.com\/www.grieta.org.mx\/wp-content\/uploads\/2018\/03\/14524434_1106112876131411_958039263622046936_o.jpg?resize=525%2C300 1.5x, https:\/\/i0.wp.com\/www.grieta.org.mx\/wp-content\/uploads\/2018\/03\/14524434_1106112876131411_958039263622046936_o.jpg?resize=700%2C400 2x"},"classes":[]}],"_links":{"self":[{"href":"http:\/\/www.grieta.org.mx\/index.php\/wp-json\/wp\/v2\/posts\/3255","targetHints":{"allow":["GET"]}}],"collection":[{"href":"http:\/\/www.grieta.org.mx\/index.php\/wp-json\/wp\/v2\/posts"}],"about":[{"href":"http:\/\/www.grieta.org.mx\/index.php\/wp-json\/wp\/v2\/types\/post"}],"author":[{"embeddable":true,"href":"http:\/\/www.grieta.org.mx\/index.php\/wp-json\/wp\/v2\/users\/2"}],"replies":[{"embeddable":true,"href":"http:\/\/www.grieta.org.mx\/index.php\/wp-json\/wp\/v2\/comments?post=3255"}],"version-history":[{"count":1,"href":"http:\/\/www.grieta.org.mx\/index.php\/wp-json\/wp\/v2\/posts\/3255\/revisions"}],"predecessor-version":[{"id":3258,"href":"http:\/\/www.grieta.org.mx\/index.php\/wp-json\/wp\/v2\/posts\/3255\/revisions\/3258"}],"wp:featuredmedia":[{"embeddable":true,"href":"http:\/\/www.grieta.org.mx\/index.php\/wp-json\/wp\/v2\/media\/21928"}],"wp:attachment":[{"href":"http:\/\/www.grieta.org.mx\/index.php\/wp-json\/wp\/v2\/media?parent=3255"}],"wp:term":[{"taxonomy":"category","embeddable":true,"href":"http:\/\/www.grieta.org.mx\/index.php\/wp-json\/wp\/v2\/categories?post=3255"},{"taxonomy":"post_tag","embeddable":true,"href":"http:\/\/www.grieta.org.mx\/index.php\/wp-json\/wp\/v2\/tags?post=3255"}],"curies":[{"name":"wp","href":"https:\/\/api.w.org\/{rel}","templated":true}]}}