{"id":32513,"date":"2019-04-25T18:51:30","date_gmt":"2019-04-25T23:51:30","guid":{"rendered":"http:\/\/www.grieta.org.mx\/?p=32513"},"modified":"2019-04-25T18:51:30","modified_gmt":"2019-04-25T23:51:30","slug":"marinos-regresan-a-morelos-10-anos-despues-del-operativo-donde-murio-arturo-beltran-leyva","status":"publish","type":"post","link":"http:\/\/www.grieta.org.mx\/index.php\/2019\/04\/25\/marinos-regresan-a-morelos-10-anos-despues-del-operativo-donde-murio-arturo-beltran-leyva\/","title":{"rendered":"Marinos regresan a Morelos 10 a\u00f1os despu\u00e9s del operativo donde muri\u00f3 Arturo Beltr\u00e1n Leyva"},"content":{"rendered":"<p><img loading=\"lazy\" decoding=\"async\" data-attachment-id=\"32514\" data-permalink=\"http:\/\/www.grieta.org.mx\/index.php\/2019\/04\/25\/marinos-regresan-a-morelos-10-anos-despues-del-operativo-donde-murio-arturo-beltran-leyva\/116ce3668c1556216983_standard_desktop_medium_retina\/\" data-orig-file=\"http:\/\/www.grieta.org.mx\/wp-content\/uploads\/2019\/04\/116ce3668c1556216983_standard_desktop_medium_retina.jpeg\" data-orig-size=\"1264,711\" data-comments-opened=\"0\" data-image-meta=\"{&quot;aperture&quot;:&quot;0&quot;,&quot;credit&quot;:&quot;&quot;,&quot;camera&quot;:&quot;&quot;,&quot;caption&quot;:&quot;&quot;,&quot;created_timestamp&quot;:&quot;0&quot;,&quot;copyright&quot;:&quot;&quot;,&quot;focal_length&quot;:&quot;0&quot;,&quot;iso&quot;:&quot;0&quot;,&quot;shutter_speed&quot;:&quot;0&quot;,&quot;title&quot;:&quot;&quot;,&quot;orientation&quot;:&quot;0&quot;}\" data-image-title=\"116ce3668c1556216983_standard_desktop_medium_retina\" data-image-description=\"\" data-image-caption=\"\" data-medium-file=\"http:\/\/www.grieta.org.mx\/wp-content\/uploads\/2019\/04\/116ce3668c1556216983_standard_desktop_medium_retina-300x169.jpeg\" data-large-file=\"http:\/\/www.grieta.org.mx\/wp-content\/uploads\/2019\/04\/116ce3668c1556216983_standard_desktop_medium_retina-1024x576.jpeg\" src=\"http:\/\/www.grieta.org.mx\/wp-content\/uploads\/2019\/04\/116ce3668c1556216983_standard_desktop_medium_retina-1024x576.jpeg\" alt=\"\" width=\"819\" height=\"460\" class=\"alignleft size-large wp-image-32514\" srcset=\"http:\/\/www.grieta.org.mx\/wp-content\/uploads\/2019\/04\/116ce3668c1556216983_standard_desktop_medium_retina-1024x576.jpeg 1024w, http:\/\/www.grieta.org.mx\/wp-content\/uploads\/2019\/04\/116ce3668c1556216983_standard_desktop_medium_retina-300x169.jpeg 300w, http:\/\/www.grieta.org.mx\/wp-content\/uploads\/2019\/04\/116ce3668c1556216983_standard_desktop_medium_retina-768x432.jpeg 768w, http:\/\/www.grieta.org.mx\/wp-content\/uploads\/2019\/04\/116ce3668c1556216983_standard_desktop_medium_retina-889x500.jpeg 889w, http:\/\/www.grieta.org.mx\/wp-content\/uploads\/2019\/04\/116ce3668c1556216983_standard_desktop_medium_retina.jpeg 1264w\" sizes=\"auto, (max-width: 819px) 100vw, 819px\" \/><\/p>\n<p>Ver\u00f3nica Bcaz \/ El Financiero<\/p>\n<blockquote><p>El Gobierno de Morelos confirm\u00f3, sin especificar el n\u00famero, la llegada de elementos de la Marina tras hechos violentos en el estado.<\/p><\/blockquote>\n<p>El Gobierno de Morelos confirm\u00f3 este jueves el arribo de elementos de la Secretar\u00eda de Marina (Semar) al estado, tras los hechos violentos ocurridos en un restaurante de Cuautla que dej\u00f3 seis muertos el 14 de abril. La \u00faltima vez que se registr\u00f3 la llegada de marinos al estado fue en 2009, en el operativo donde muri\u00f3 el l\u00edder del c\u00e1rtel de Los Beltr\u00e1n Leyva, Arturo Beltr\u00e1n Leyva.<\/p>\n<p>\u201cSe tiene contemplada la llegada de elementos, no sabemos todav\u00eda cu\u00e1ntos, acabo de colgar con el comisionado (Jos\u00e9 Antonio Ort\u00edz Guarneros) y se tiene contemplado ya de inmediato, en todo el estado; hay una investigaci\u00f3n muy importante de lo ocurrido en Cuautla\u201d, detall\u00f3 el jefe de la Oficina de la Gubernatura, Jos\u00e9 Manuel Sanz Rivera.<\/p>\n<p>En Morelos, la \u00faltima vez que se registr\u00f3 la llegada de elementos de la Marina fue en diciembre de 2009 en el operativo en los edificios de lujo Altitude, en Cuernavaca, en donde cay\u00f3 abatido Beltr\u00e1n Leyva, evento que desde entonces deton\u00f3 la violencia en el estado.<\/p>\n<p>Sin embargo, posterior a ello solo se contaba con la presencia de la Polic\u00eda Federal, los elementos de la 24\u00b0 Zona Militar y los de la Comisi\u00f3n Estatal de Seguridad P\u00fablica, ahora Mando \u00danico Coordinado.<\/p>\n<p>Durante la primera quincena de marzo, tras solicitud del Gobierno estatal, la Polic\u00eda Federal envi\u00f3 200 integrantes m\u00e1s de esta corporaci\u00f3n para reforzar la estrategia para la seguridad y la paz en Morelos, tras la ola de ataques a bares, discotecas y centros nocturnos.<\/p>\n<p>En el tiroteo que se registr\u00f3 en el restaurante &#8216;Los Estanques&#8217;, en Cuautla, autoridades oficiales confirmaron la muerte de seis personas, de las cuales tres eran menores de edad.<\/p>\n<p>Sobre el caso, d\u00edas despu\u00e9s, el titular de la Comisi\u00f3n Estatal de Seguridad, Jos\u00e9 Antonio Ort\u00edz Guarneros, revel\u00f3 que en el restaurante presuntamente se encontraba un l\u00edder de plaza del C\u00e1rtel Jalisco Nueva Generaci\u00f3n (CJNG), apodado &#8216;El Ray&#8217;, quien huy\u00f3 al momento de la agresi\u00f3n. Fue entonces que las autoridades estatales y federales determinaron la presencia de elementos de la Marina, quienes ya vigilan los 36 municipios del estado.<\/p>\n<p>\u201cHay una investigaci\u00f3n muy importante, de la cual tenemos conocimiento de todo lo relacionado a esta situaci\u00f3n. Con base a eso se tuvo una reuni\u00f3n en lunes y otra hoy y les puedo decir que se va a reforzar la seguridad\u201d, recalc\u00f3 Sanz Rivera.<\/p>\n<p>Agreg\u00f3 sin m\u00e1s detalles que esta decisi\u00f3n fue a ra\u00edz de un informe de una investigaci\u00f3n abierta que el Gobierno estatal entreg\u00f3 a la Federaci\u00f3n, con la que se confirm\u00f3 el env\u00edo de marinos.<br \/>\nSigue la escalada de violencia<\/p>\n<p>Este jueves se registr\u00f3 el asesinato de una mujer en la colonia Pradera de Cuernavaca. La Fiscal\u00eda General del Estado inform\u00f3 que se trat\u00f3 de un ataque directo.<\/p>\n<p>Asimismo, la delincuencia organizada esta semana arroj\u00f3 bombas molotov a un corral\u00f3n de la ruta Verdes de Morelos en Jiutepec.<\/p>\n<p>Y, en \u00faltimos d\u00edas, bares y restaurantes anunciaron el cierre de sus puertas, ante la ola de violencia e inseguridad que vive la entidad. <\/p>\n<p><a href=\"https:\/\/www.elfinanciero.com.mx\/nacional\/marinos-regresan-a-morelos-10-anos-despues-del-operativo-donde-murio-arturo-beltran-leyva\">https:\/\/www.elfinanciero.com.mx\/nacional\/marinos-regresan-a-morelos-10-anos-despues-del-operativo-donde-murio-arturo-beltran-leyva<\/a><\/p>\n","protected":false},"excerpt":{"rendered":"<p>Ver\u00f3nica Bcaz \/ El Financiero El Gobierno de Morelos confirm\u00f3, sin especificar el n\u00famero, la llegada de elementos de la Marina tras hechos violentos en el estado. El Gobierno de &hellip; <a href=\"http:\/\/www.grieta.org.mx\/index.php\/2019\/04\/25\/marinos-regresan-a-morelos-10-anos-despues-del-operativo-donde-murio-arturo-beltran-leyva\/\" class=\"more-link\">Leer m\u00e1s<\/a><\/p>\n","protected":false},"author":2,"featured_media":32514,"comment_status":"closed","ping_status":"closed","sticky":false,"template":"","format":"standard","meta":{"ngg_post_thumbnail":0,"_jetpack_newsletter_access":"","_jetpack_dont_email_post_to_subs":false,"_jetpack_newsletter_tier_id":0,"_jetpack_memberships_contains_paywalled_content":false,"_jetpack_memberships_contains_paid_content":false,"footnotes":""},"categories":[80,912,1901,22,2,83],"tags":[1617,614,2412],"class_list":["post-32513","post","type-post","status-publish","format-standard","has-post-thumbnail","hentry","category-cintillo","category-militarizacion","category-militarizacion-en-morelos","category-morelos","category-noticias-nacionales","category-temas-nacionales","tag-marina","tag-militarizacion","tag-policia-federal","entry"],"jetpack_featured_media_url":"http:\/\/www.grieta.org.mx\/wp-content\/uploads\/2019\/04\/116ce3668c1556216983_standard_desktop_medium_retina.jpeg","jetpack_sharing_enabled":true,"jetpack_shortlink":"https:\/\/wp.me\/p7ZJR4-8sp","jetpack_likes_enabled":false,"jetpack-related-posts":[{"id":16398,"url":"http:\/\/www.grieta.org.mx\/index.php\/2016\/07\/07\/elementos-de-elite-del-ejercito-marina-y-pf-refuerzan-seguridad-en-sierra-de-badiraguato-sin\/","url_meta":{"origin":32513,"position":0},"title":"Elementos de \u00e9lite del Ej\u00e9rcito, Marina y PF refuerzan seguridad en sierra de Badiraguato (SIN)","author":"grieta","date":"7 julio, 2016","format":false,"excerpt":"Redacci\u00f3n Noroeste. BADIRAGUATO._ Elementos de las Fuerzas Especiales del Ej\u00e9rcito Mexicano reforzaron las acciones del Operativo Sierra-Madre en busca de integrantes de la delincuencia organizada que se enfrentaron hace casi un mes en la zona serrana de Badiraguato, en Sinaloa. Seg\u00fan Noticieros Televisa, en el reforzamiento del operativo tambi\u00e9n participan\u2026","rel":"","context":"En &quot;CINTILLO&quot;","block_context":{"text":"CINTILLO","link":"http:\/\/www.grieta.org.mx\/index.php\/category\/cintillo\/"},"img":{"alt_text":"","src":"https:\/\/i0.wp.com\/www.grieta.org.mx\/wp-content\/uploads\/2018\/03\/14524434_1106112876131411_958039263622046936_o.jpg?resize=350%2C200","width":350,"height":200,"srcset":"https:\/\/i0.wp.com\/www.grieta.org.mx\/wp-content\/uploads\/2018\/03\/14524434_1106112876131411_958039263622046936_o.jpg?resize=350%2C200 1x, https:\/\/i0.wp.com\/www.grieta.org.mx\/wp-content\/uploads\/2018\/03\/14524434_1106112876131411_958039263622046936_o.jpg?resize=525%2C300 1.5x, https:\/\/i0.wp.com\/www.grieta.org.mx\/wp-content\/uploads\/2018\/03\/14524434_1106112876131411_958039263622046936_o.jpg?resize=700%2C400 2x"},"classes":[]},{"id":30607,"url":"http:\/\/www.grieta.org.mx\/index.php\/2019\/03\/07\/anuncian-arribo-de-fuerzas-federales-a-morelos\/","url_meta":{"origin":32513,"position":1},"title":"Anuncian arribo de fuerzas federales a Morelos","author":"grieta","date":"7 marzo, 2019","format":false,"excerpt":"H\u00e9ctor Ra\u00fal Gonz\u00e1lez \/ La silla rota Esta semana Blanco Bravo reconoci\u00f3 un incremento en la incidencia delictiva en la entidad que gobierna y solicit\u00f3 en consecuencia el apoyo del gobierno federal MORELOS (La Silla Rota).- El gobierno de Andr\u00e9s Manuel L\u00f3pez Obrador respondi\u00f3 a la solicitud del gobernador Cuauht\u00e9moc\u2026","rel":"","context":"En &quot;CINTILLO&quot;","block_context":{"text":"CINTILLO","link":"http:\/\/www.grieta.org.mx\/index.php\/category\/cintillo\/"},"img":{"alt_text":"","src":"https:\/\/i0.wp.com\/www.grieta.org.mx\/wp-content\/uploads\/2019\/03\/secretariogobiernomorelos-focus-min0.07-0.51-480-345.jpg?resize=350%2C200","width":350,"height":200},"classes":[]},{"id":27896,"url":"http:\/\/www.grieta.org.mx\/index.php\/2018\/12\/05\/refuerzan-operativos-en-focos-rojos-de-temixco\/","url_meta":{"origin":32513,"position":2},"title":"Refuerzan operativos en focos rojos de Temixco, Morelos","author":"grieta","date":"5 diciembre, 2018","format":false,"excerpt":"CARLOS SOBERANES \/ Diario de Morelos TEMIXCO, MORELOS.- La alcaldesa de Temixco, Juana Ocampo Dom\u00ednguez, confirm\u00f3 que implementan operativos y recorridos con personal de la Sedena y elementos del Mando \u00danico, como parte de la estrategia de seguridad del Gobierno estatal. Aunado a ello, dijo que como parte del plan\u2026","rel":"","context":"En &quot;Militarizaci\u00f3n&quot;","block_context":{"text":"Militarizaci\u00f3n","link":"http:\/\/www.grieta.org.mx\/index.php\/category\/temas-nacionales\/militarizacion\/"},"img":{"alt_text":"","src":"https:\/\/i0.wp.com\/www.grieta.org.mx\/wp-content\/uploads\/2018\/03\/14524434_1106112876131411_958039263622046936_o.jpg?resize=350%2C200","width":350,"height":200,"srcset":"https:\/\/i0.wp.com\/www.grieta.org.mx\/wp-content\/uploads\/2018\/03\/14524434_1106112876131411_958039263622046936_o.jpg?resize=350%2C200 1x, https:\/\/i0.wp.com\/www.grieta.org.mx\/wp-content\/uploads\/2018\/03\/14524434_1106112876131411_958039263622046936_o.jpg?resize=525%2C300 1.5x, https:\/\/i0.wp.com\/www.grieta.org.mx\/wp-content\/uploads\/2018\/03\/14524434_1106112876131411_958039263622046936_o.jpg?resize=700%2C400 2x"},"classes":[]},{"id":28515,"url":"http:\/\/www.grieta.org.mx\/index.php\/2019\/01\/08\/policias-de-transito-tambien-van-a-guardia-nacional-en-morelos\/","url_meta":{"origin":32513,"position":3},"title":"Polic\u00edas de Tr\u00e1nsito tambi\u00e9n van a Guardia Nacional en Morelos","author":"grieta","date":"8 enero, 2019","format":false,"excerpt":"H\u00e9ctor Gonz\u00e1lez \/ La silla rota CUERNAVACA, MORELOS.- La estrategia de seguridad aplicada en Morelos seguir\u00e1 la l\u00ednea establecida por el gobierno de Andr\u00e9s Manuel L\u00f3pez Obrador: Guardia Nacional y Polic\u00eda de Mando \u00danico, a la que adem\u00e1s se sumar\u00e1n los agentes de Tr\u00e1nsito y Vialidad, dijo Jos\u00e9 Manuel Sanz,\u2026","rel":"","context":"En &quot;CINTILLO&quot;","block_context":{"text":"CINTILLO","link":"http:\/\/www.grieta.org.mx\/index.php\/category\/cintillo\/"},"img":{"alt_text":"","src":"https:\/\/i0.wp.com\/www.grieta.org.mx\/wp-content\/uploads\/2019\/01\/mandounicomorelos-focus-0-0-480-345.jpg?resize=350%2C200","width":350,"height":200},"classes":[]},{"id":27903,"url":"http:\/\/www.grieta.org.mx\/index.php\/2018\/12\/04\/blindan-morelos-con-900-soldados-y-30-policias-federales\/","url_meta":{"origin":32513,"position":4},"title":"Blindan Morelos con 900 soldados y 30 polic\u00edas federales","author":"grieta","date":"4 diciembre, 2018","format":false,"excerpt":"Redacci\u00f3n \/ Diario de Coahuila CUERNAVACA, Mor., diciembre 4 (EL UNIVERSAL).- Desde este fin de semana, 900 elementos del Ej\u00e9rcito y 30 de la Polic\u00eda Federal recorren la entidad en labores de seguridad y vigilancia en coordinaci\u00f3n con la Polic\u00eda de Mando \u00danico de Morelos. Los elementos de respaldo tienen\u2026","rel":"","context":"En &quot;Militarizaci\u00f3n&quot;","block_context":{"text":"Militarizaci\u00f3n","link":"http:\/\/www.grieta.org.mx\/index.php\/category\/temas-nacionales\/militarizacion\/"},"img":{"alt_text":"","src":"https:\/\/i0.wp.com\/www.grieta.org.mx\/wp-content\/uploads\/2018\/12\/f620x350-712051_743069_0.jpg?resize=350%2C200","width":350,"height":200,"srcset":"https:\/\/i0.wp.com\/www.grieta.org.mx\/wp-content\/uploads\/2018\/12\/f620x350-712051_743069_0.jpg?resize=350%2C200 1x, https:\/\/i0.wp.com\/www.grieta.org.mx\/wp-content\/uploads\/2018\/12\/f620x350-712051_743069_0.jpg?resize=525%2C300 1.5x"},"classes":[]},{"id":53685,"url":"http:\/\/www.grieta.org.mx\/index.php\/2020\/09\/16\/militarizacion-de-los-puertos-afectaria-ddhh-marinos-mercantes\/","url_meta":{"origin":32513,"position":5},"title":"Militarizaci\u00f3n de los puertos afectar\u00eda DDHH: marinos mercantes","author":"Admin","date":"16 septiembre, 2020","format":false,"excerpt":"Redacci\u00f3n \/ La silla rota (Veracruz) Elementos de la Marina Mercante explican porque no apoyan la militarizaci\u00f3n que para ellos resulta inminente tras las reformas planteadas Veracruz, Ver.- La militarizaci\u00f3n del transporte mar\u00edtimo podr\u00eda ser inminente tras las reformas propuestas al Congreso de la Uni\u00f3n, las cuales promueven cambios en\u2026","rel":"","context":"En &quot;CINTILLO&quot;","block_context":{"text":"CINTILLO","link":"http:\/\/www.grieta.org.mx\/index.php\/category\/cintillo\/"},"img":{"alt_text":"","src":"https:\/\/i0.wp.com\/www.grieta.org.mx\/wp-content\/uploads\/2020\/09\/cuartoscuro692627digital-focus-0-0-983-557.jpg?resize=350%2C200","width":350,"height":200,"srcset":"https:\/\/i0.wp.com\/www.grieta.org.mx\/wp-content\/uploads\/2020\/09\/cuartoscuro692627digital-focus-0-0-983-557.jpg?resize=350%2C200 1x, https:\/\/i0.wp.com\/www.grieta.org.mx\/wp-content\/uploads\/2020\/09\/cuartoscuro692627digital-focus-0-0-983-557.jpg?resize=525%2C300 1.5x, https:\/\/i0.wp.com\/www.grieta.org.mx\/wp-content\/uploads\/2020\/09\/cuartoscuro692627digital-focus-0-0-983-557.jpg?resize=700%2C400 2x"},"classes":[]}],"_links":{"self":[{"href":"http:\/\/www.grieta.org.mx\/index.php\/wp-json\/wp\/v2\/posts\/32513","targetHints":{"allow":["GET"]}}],"collection":[{"href":"http:\/\/www.grieta.org.mx\/index.php\/wp-json\/wp\/v2\/posts"}],"about":[{"href":"http:\/\/www.grieta.org.mx\/index.php\/wp-json\/wp\/v2\/types\/post"}],"author":[{"embeddable":true,"href":"http:\/\/www.grieta.org.mx\/index.php\/wp-json\/wp\/v2\/users\/2"}],"replies":[{"embeddable":true,"href":"http:\/\/www.grieta.org.mx\/index.php\/wp-json\/wp\/v2\/comments?post=32513"}],"version-history":[{"count":1,"href":"http:\/\/www.grieta.org.mx\/index.php\/wp-json\/wp\/v2\/posts\/32513\/revisions"}],"predecessor-version":[{"id":32515,"href":"http:\/\/www.grieta.org.mx\/index.php\/wp-json\/wp\/v2\/posts\/32513\/revisions\/32515"}],"wp:featuredmedia":[{"embeddable":true,"href":"http:\/\/www.grieta.org.mx\/index.php\/wp-json\/wp\/v2\/media\/32514"}],"wp:attachment":[{"href":"http:\/\/www.grieta.org.mx\/index.php\/wp-json\/wp\/v2\/media?parent=32513"}],"wp:term":[{"taxonomy":"category","embeddable":true,"href":"http:\/\/www.grieta.org.mx\/index.php\/wp-json\/wp\/v2\/categories?post=32513"},{"taxonomy":"post_tag","embeddable":true,"href":"http:\/\/www.grieta.org.mx\/index.php\/wp-json\/wp\/v2\/tags?post=32513"}],"curies":[{"name":"wp","href":"https:\/\/api.w.org\/{rel}","templated":true}]}}