{"id":32509,"date":"2019-04-23T18:33:53","date_gmt":"2019-04-23T23:33:53","guid":{"rendered":"http:\/\/www.grieta.org.mx\/?p=32509"},"modified":"2019-04-25T18:44:13","modified_gmt":"2019-04-25T23:44:13","slug":"tren-maya-dos-bocas-y-naim-sin-estudios-ambientales-admite-semarnat-tabasco","status":"publish","type":"post","link":"http:\/\/www.grieta.org.mx\/index.php\/2019\/04\/23\/tren-maya-dos-bocas-y-naim-sin-estudios-ambientales-admite-semarnat-tabasco\/","title":{"rendered":"Tren Maya, Dos Bocas y NAIM sin estudios ambientales, admite Semarnat (Tabasco)"},"content":{"rendered":"<figure id=\"attachment_32510\" aria-describedby=\"caption-attachment-32510\" style=\"width: 749px\" class=\"wp-caption alignleft\"><img loading=\"lazy\" decoding=\"async\" data-attachment-id=\"32510\" data-permalink=\"http:\/\/www.grieta.org.mx\/index.php\/2019\/04\/23\/tren-maya-dos-bocas-y-naim-sin-estudios-ambientales-admite-semarnat-tabasco\/screenshot_2019-04-25-tren-maya-dos-bocas-y-naim-sin-estudios-ambientales-admite-semarnat\/\" data-orig-file=\"http:\/\/www.grieta.org.mx\/wp-content\/uploads\/2019\/04\/Screenshot_2019-04-25-Tren-Maya-Dos-Bocas-y-NAIM-sin-estudios-ambientales-admite-Semarnat.png\" data-orig-size=\"937,584\" data-comments-opened=\"0\" data-image-meta=\"{&quot;aperture&quot;:&quot;0&quot;,&quot;credit&quot;:&quot;&quot;,&quot;camera&quot;:&quot;&quot;,&quot;caption&quot;:&quot;&quot;,&quot;created_timestamp&quot;:&quot;0&quot;,&quot;copyright&quot;:&quot;&quot;,&quot;focal_length&quot;:&quot;0&quot;,&quot;iso&quot;:&quot;0&quot;,&quot;shutter_speed&quot;:&quot;0&quot;,&quot;title&quot;:&quot;&quot;,&quot;orientation&quot;:&quot;0&quot;}\" data-image-title=\"Screenshot_2019-04-25 Tren Maya, Dos Bocas y NAIM sin estudios ambientales, admite Semarnat\" data-image-description=\"\" data-image-caption=\"&lt;p&gt;Con la construcci\u00f3n de la Refiner\u00eda de Dos Bocas, en Tabasco, se pone en peligro la biodiversidad de la zona. Foto: Carlos P\u00e9rez&lt;\/p&gt;\n\" data-medium-file=\"http:\/\/www.grieta.org.mx\/wp-content\/uploads\/2019\/04\/Screenshot_2019-04-25-Tren-Maya-Dos-Bocas-y-NAIM-sin-estudios-ambientales-admite-Semarnat-300x187.png\" data-large-file=\"http:\/\/www.grieta.org.mx\/wp-content\/uploads\/2019\/04\/Screenshot_2019-04-25-Tren-Maya-Dos-Bocas-y-NAIM-sin-estudios-ambientales-admite-Semarnat.png\" src=\"http:\/\/www.grieta.org.mx\/wp-content\/uploads\/2019\/04\/Screenshot_2019-04-25-Tren-Maya-Dos-Bocas-y-NAIM-sin-estudios-ambientales-admite-Semarnat.png\" alt=\"\" width=\"749\" height=\"467\" class=\"size-full wp-image-32510\" srcset=\"http:\/\/www.grieta.org.mx\/wp-content\/uploads\/2019\/04\/Screenshot_2019-04-25-Tren-Maya-Dos-Bocas-y-NAIM-sin-estudios-ambientales-admite-Semarnat.png 937w, http:\/\/www.grieta.org.mx\/wp-content\/uploads\/2019\/04\/Screenshot_2019-04-25-Tren-Maya-Dos-Bocas-y-NAIM-sin-estudios-ambientales-admite-Semarnat-300x187.png 300w, http:\/\/www.grieta.org.mx\/wp-content\/uploads\/2019\/04\/Screenshot_2019-04-25-Tren-Maya-Dos-Bocas-y-NAIM-sin-estudios-ambientales-admite-Semarnat-768x479.png 768w, http:\/\/www.grieta.org.mx\/wp-content\/uploads\/2019\/04\/Screenshot_2019-04-25-Tren-Maya-Dos-Bocas-y-NAIM-sin-estudios-ambientales-admite-Semarnat-802x500.png 802w\" sizes=\"auto, (max-width: 749px) 100vw, 749px\" \/><figcaption id=\"caption-attachment-32510\" class=\"wp-caption-text\">Con la construcci\u00f3n de la Refiner\u00eda de Dos Bocas, en Tabasco, se pone en peligro la biodiversidad de la zona. Foto: Carlos P\u00e9rez<\/figcaption><\/figure>\n<p>Gabriel Xantomila, Bertha Becerra y Rafael Ram\u00edrez \/ El Sol de M\u00e9xico <\/p>\n<p>Los megaproyectos de infraestructura y energ\u00eda anunciados por el gobierno de Andr\u00e9s Manuel L\u00f3pez Obrador, como el Tren Maya, el Tren Trans\u00edstmico, la Refiner\u00eda de Dos Bocas en Tabasco, y el Nuevo Aeropuerto Internacional de M\u00e9xico (NAIM) en la Base A\u00e9rea de Santa Luc\u00eda, a\u00fan no cuentan con estudios de impacto ambiental, admiti\u00f3 la titular de la Secretar\u00eda del Medio Ambiente y Recursos Naturales (Semarnat), Josefa Gonz\u00e1lez Blanco, durante una reuni\u00f3n con diputados federales. Lo que despert\u00f3 la molestia de ambientalistas.<\/p>\n<p>Ante este escenario, el Representante de la Unesco en M\u00e9xico, Fr\u00e9deric Vacheron, consider\u00f3 que la construcci\u00f3n del Tren Maya tiene que tener una visi\u00f3n hol\u00edstica para que este proyecto sea un plus para el desarrollo de M\u00e9xico y no un problema que puede afectar las poblaciones, la biodiversidad y el aspecto cultural.<\/p>\n<p>\u201cEs muy importante que Unesco est\u00e9 al principio de este proyecto y no al final. No somos un Tribunal. Somos una agencia de cooperaci\u00f3n y que el gobierno nos abra la puerta para que podamos aportar los conocimientos de la comunidad internacional en t\u00e9rminos de cultura, biodiversidad y la conservaci\u00f3n del patrimonio. Tambi\u00e9n del concepto de turismo sostenible que trabajamos con la Organizaci\u00f3n Mundial de Turismo\u201d, sentenci\u00f3 Fr\u00e9derich Vacheron, representante de la Unesco.<\/p>\n<p>El diplom\u00e1tico explic\u00f3 que ya sostuvieron varias reuniones sobre este proyecto del Tren Maya para acompa\u00f1ar al gobierno y asegurar que puede cumplir con sus compromisos internacionales.<\/p>\n<p>\u201cTodav\u00eda no hemos firmado un acuerdo con el gobierno, pero ya hablamos de que obviamente, este proyecto est\u00e1 situado en una zona en donde hay muchos sitios que son patrimonio mundial de la humanidad, que tienen un valor universal excepcional\u201d.<\/p>\n<p>Adem\u00e1s, existe el compromiso de M\u00e9xico con la Convenci\u00f3n de la Protecci\u00f3n del Patrimonio Mundial y justamente, los lineamientos de conservaci\u00f3n y tambi\u00e9n de v\u00ednculo con el desarrollo local, se\u00f1al\u00f3.<\/p>\n<p>El ambientalista, V\u00edctor Hirales, fundador de la organizaci\u00f3n \u201cDerecho Sin Fronteras\u201d, calific\u00f3 como \u201cabominable\u201d la ineptitud de la Semarnat, debido a que en esta Secretar\u00eda \u201cno son capaces de dar seguimiento o de acompa\u00f1ar con un trabajo de prospectiva\u201d estos megaproyectos.<\/p>\n<p><img loading=\"lazy\" decoding=\"async\" data-attachment-id=\"32511\" data-permalink=\"http:\/\/www.grieta.org.mx\/index.php\/2019\/04\/23\/tren-maya-dos-bocas-y-naim-sin-estudios-ambientales-admite-semarnat-tabasco\/screenshot_2019-04-25-tren-maya-dos-bocas-y-naim-sin-estudios-ambientales-admite-semarnat1\/\" data-orig-file=\"http:\/\/www.grieta.org.mx\/wp-content\/uploads\/2019\/04\/Screenshot_2019-04-25-Tren-Maya-Dos-Bocas-y-NAIM-sin-estudios-ambientales-admite-Semarnat1.png\" data-orig-size=\"850,530\" data-comments-opened=\"0\" data-image-meta=\"{&quot;aperture&quot;:&quot;0&quot;,&quot;credit&quot;:&quot;&quot;,&quot;camera&quot;:&quot;&quot;,&quot;caption&quot;:&quot;&quot;,&quot;created_timestamp&quot;:&quot;0&quot;,&quot;copyright&quot;:&quot;&quot;,&quot;focal_length&quot;:&quot;0&quot;,&quot;iso&quot;:&quot;0&quot;,&quot;shutter_speed&quot;:&quot;0&quot;,&quot;title&quot;:&quot;&quot;,&quot;orientation&quot;:&quot;0&quot;}\" data-image-title=\"Screenshot_2019-04-25 Tren Maya, Dos Bocas y NAIM sin estudios ambientales, admite Semarnat(1)\" data-image-description=\"\" data-image-caption=\"\" data-medium-file=\"http:\/\/www.grieta.org.mx\/wp-content\/uploads\/2019\/04\/Screenshot_2019-04-25-Tren-Maya-Dos-Bocas-y-NAIM-sin-estudios-ambientales-admite-Semarnat1-300x187.png\" data-large-file=\"http:\/\/www.grieta.org.mx\/wp-content\/uploads\/2019\/04\/Screenshot_2019-04-25-Tren-Maya-Dos-Bocas-y-NAIM-sin-estudios-ambientales-admite-Semarnat1.png\" src=\"http:\/\/www.grieta.org.mx\/wp-content\/uploads\/2019\/04\/Screenshot_2019-04-25-Tren-Maya-Dos-Bocas-y-NAIM-sin-estudios-ambientales-admite-Semarnat1.png\" alt=\"\" width=\"680\" height=\"424\" class=\"alignleft size-full wp-image-32511\" srcset=\"http:\/\/www.grieta.org.mx\/wp-content\/uploads\/2019\/04\/Screenshot_2019-04-25-Tren-Maya-Dos-Bocas-y-NAIM-sin-estudios-ambientales-admite-Semarnat1.png 850w, http:\/\/www.grieta.org.mx\/wp-content\/uploads\/2019\/04\/Screenshot_2019-04-25-Tren-Maya-Dos-Bocas-y-NAIM-sin-estudios-ambientales-admite-Semarnat1-300x187.png 300w, http:\/\/www.grieta.org.mx\/wp-content\/uploads\/2019\/04\/Screenshot_2019-04-25-Tren-Maya-Dos-Bocas-y-NAIM-sin-estudios-ambientales-admite-Semarnat1-768x479.png 768w, http:\/\/www.grieta.org.mx\/wp-content\/uploads\/2019\/04\/Screenshot_2019-04-25-Tren-Maya-Dos-Bocas-y-NAIM-sin-estudios-ambientales-admite-Semarnat1-802x500.png 802w\" sizes=\"auto, (max-width: 680px) 100vw, 680px\" \/><\/p>\n<p>Y dijo que ante la carencia de informaci\u00f3n referente al tema, su organizaci\u00f3n, dar\u00e1 a conocer en octubre un estudio con los factores de impacto ambiental sobre el Tren Maya, y enfatiz\u00f3 que \u201cno necesariamente se requiere de un proyecto ejecutivo para desarrollar un estudio de impacto ambiental\u201d.<\/p>\n<p>La eventual construcci\u00f3n del Tren Maya, agreg\u00f3, acarrear\u00e1 una sobrepoblaci\u00f3n en su trayecto y su ruta \u201cforzosamente tendr\u00e1 impactos negativos en el medioambiente\u201d. Por ello, explica que se debe medir y prever qu\u00e9 tan negativos van a ser esos efectos, y adem\u00e1s c\u00f3mo se va a solucionar la regeneraci\u00f3n del ecosistema en la zona, a fin de que no se vean interrumpidos los corredores biol\u00f3gicos o rutas migratorias de los animales de la regi\u00f3n donde cruzar\u00e1 el tren.<\/p>\n<p>Advirti\u00f3 adem\u00e1s que el impacto m\u00e1s grave que provocar\u00e1 la construcci\u00f3n ser\u00e1 al agua, pues estima que s\u00f3lo 30 por ciento de los habitantes de los estados por donde cruza el tren tienen acceso al agua, y este impacto se va volver m\u00e1s grave porque no hay una estrategia de potabilizaci\u00f3n del agua ni de alcantarillado o de tratamiento de aguas residuales.<\/p>\n<p>Especies como el Jaguar, el Tapir, el Venado cola blanca, el Pavo ocelado y el Pecar\u00ed de labios blancos, este \u00faltimo ligado a la mitolog\u00eda nahua, encabezan la lista de extinci\u00f3n, que con la construcci\u00f3n del Tren Maya, el riesgo de desaparecer es doble, advirtieron especialistas, instituciones, organismos y parlamentarios.<\/p>\n<p>Otro peligro de contaminaci\u00f3n grave, tiene que ver con los manglares, cenotes, r\u00edos subterr\u00e1neos, cavernas, y manantiales. A ello se suman la desforestaci\u00f3n de bosques, montes y monta\u00f1as.<\/p>\n<p>Los estados de Chiapas, Tabasco, Campeche, Yucat\u00e1n y Quintana Roo, por los cuales se prev\u00e9 que la ruta del tren sea establecida, son hogar para miles de especies vegetales y animales, muchas de las cuales se encuentran clasificadas como especies protegidas o en grave peligro de extinci\u00f3n.<\/p>\n<p>Las legisladoras Julieta Mac\u00edas R\u00e1bago y Dulce Mar\u00eda M\u00e9ndez de la Luz Dauz\u00f3n, expresaron su preocupaci\u00f3n y desconfianza, considerandos los da\u00f1os recientes con el desmonte en el predio destinado para la construcci\u00f3n de la refiner\u00eda Dos Bocas, que incumplieron requisitos de la norma ambiental.<\/p>\n<p>EN PELIGRO MANGLARES Y CENOTES<\/p>\n<p>Datos de Comisi\u00f3n Nacional para el Conocimiento y Uso de la Biodiversidad (Conabio), Chiapas, Tabasco, Campeche, Quintana Roo y Yucat\u00e1n, albergan 63.6 por ciento de la superficie de mangar en nuestro pa\u00eds, la mitad se encuentra en Campeche. La Procuradur\u00eda Federal de Protecci\u00f3n al Ambiente (Profepa) ha se\u00f1alado que las actividades humanas constituyen la principal amenaza para estas reservas.<\/p>\n<p><a href=\"https:\/\/www.elsoldemexico.com.mx\/mexico\/sociedad\/tren-maya-dos-bocas-y-naim-sin-estudios-ambientales-admite-semarnat-3356919.html\">https:\/\/www.elsoldemexico.com.mx\/mexico\/sociedad\/tren-maya-dos-bocas-y-naim-sin-estudios-ambientales-admite-semarnat-3356919.html<\/a><\/p>\n","protected":false},"excerpt":{"rendered":"<p>Gabriel Xantomila, Bertha Becerra y Rafael Ram\u00edrez \/ El Sol de M\u00e9xico Los megaproyectos de infraestructura y energ\u00eda anunciados por el gobierno de Andr\u00e9s Manuel L\u00f3pez Obrador, como el Tren &hellip; <a href=\"http:\/\/www.grieta.org.mx\/index.php\/2019\/04\/23\/tren-maya-dos-bocas-y-naim-sin-estudios-ambientales-admite-semarnat-tabasco\/\" class=\"more-link\">Leer m\u00e1s<\/a><\/p>\n","protected":false},"author":2,"featured_media":32510,"comment_status":"closed","ping_status":"closed","sticky":false,"template":"","format":"standard","meta":{"ngg_post_thumbnail":0,"_jetpack_newsletter_access":"","_jetpack_dont_email_post_to_subs":false,"_jetpack_newsletter_tier_id":0,"_jetpack_memberships_contains_paywalled_content":false,"_jetpack_memberships_contains_paid_content":false,"footnotes":""},"categories":[80,7,3,922,948,2,2198,2138,32,2026,2159],"tags":[464,96,2077,1878],"class_list":["post-32509","post","type-post","status-publish","format-standard","has-post-thumbnail","hentry","category-cintillo","category-hidrocarburos","category-megaproyectos","category-megaproyectos-estados","category-mp-tabasco","category-noticias-nacionales","category-refineria-dos-bocas","category-rechazo-a-desarrollo-de-refineria-en-dos-bocas-tabasco","category-tabasco","category-tren-maya","category-tren-maya-en-tabasco","tag-impacto-ambiental","tag-megaproyectos","tag-refinerias","tag-tren-maya","entry"],"jetpack_featured_media_url":"http:\/\/www.grieta.org.mx\/wp-content\/uploads\/2019\/04\/Screenshot_2019-04-25-Tren-Maya-Dos-Bocas-y-NAIM-sin-estudios-ambientales-admite-Semarnat.png","jetpack_sharing_enabled":true,"jetpack_shortlink":"https:\/\/wp.me\/p7ZJR4-8sl","jetpack_likes_enabled":false,"jetpack-related-posts":[{"id":29462,"url":"http:\/\/www.grieta.org.mx\/index.php\/2019\/02\/18\/migrantes-construirian-tren-maya-y-refineria-en-tabasco\/","url_meta":{"origin":32509,"position":0},"title":"Migrantes \u2018construir\u00edan\u2019 Tren Maya y refiner\u00eda en Tabasco","author":"grieta","date":"18 febrero, 2019","format":false,"excerpt":"Redacci\u00f3n \/ XEVA Noticias Ra\u00fal Bonifaz Mohedano, diputado federal de Morena y presidente de la Comisi\u00f3n de la Frontera Sur en el Congreso de la Uni\u00f3n, adelant\u00f3 que hay un proyecto que podr\u00eda contemplar la contrataci\u00f3n de migrantes en obras federales en el sur del pa\u00eds. El legislador federal expuso\u2026","rel":"","context":"En &quot;16. Pueblo Maya&quot;","block_context":{"text":"16. Pueblo Maya","link":"http:\/\/www.grieta.org.mx\/index.php\/category\/espejos-de-la-resistencia\/16-pueblo-maya\/"},"img":{"alt_text":"","src":"https:\/\/i0.wp.com\/www.grieta.org.mx\/wp-content\/uploads\/2019\/02\/tren-1550524057-621x354.jpg?resize=350%2C200","width":350,"height":200,"srcset":"https:\/\/i0.wp.com\/www.grieta.org.mx\/wp-content\/uploads\/2019\/02\/tren-1550524057-621x354.jpg?resize=350%2C200 1x, https:\/\/i0.wp.com\/www.grieta.org.mx\/wp-content\/uploads\/2019\/02\/tren-1550524057-621x354.jpg?resize=525%2C300 1.5x"},"classes":[]},{"id":37886,"url":"http:\/\/www.grieta.org.mx\/index.php\/2019\/08\/14\/reprueban-activistas-aval-ambiental-a-construccion-de-refineria-en-dos-bocas\/","url_meta":{"origin":32509,"position":1},"title":"Reprueban activistas aval ambiental a construcci\u00f3n de refiner\u00eda en Dos Bocas","author":"grieta","date":"14 agosto, 2019","format":false,"excerpt":"Agencia Reforma \/ Noticaribe CIUDAD DE M\u00c9XICO, MX.- Un d\u00eda despu\u00e9s de que la Agencia de Seguridad, Energ\u00eda y Ambiente (ASEA) autoriz\u00f3 el resolutivo de impacto ambiental para la construcci\u00f3n de la Refiner\u00eda de Dos Bocas en Para\u00edso, Tabasco, organizaciones denunciaron que dicha autorizaci\u00f3n no debi\u00f3 ser aprobada. El Centro\u2026","rel":"","context":"En &quot;CINTILLO&quot;","block_context":{"text":"CINTILLO","link":"http:\/\/www.grieta.org.mx\/index.php\/category\/cintillo\/"},"img":{"alt_text":"","src":"https:\/\/i0.wp.com\/www.grieta.org.mx\/wp-content\/uploads\/2019\/08\/DosBocas-e1565890889473.png?resize=350%2C200","width":350,"height":200,"srcset":"https:\/\/i0.wp.com\/www.grieta.org.mx\/wp-content\/uploads\/2019\/08\/DosBocas-e1565890889473.png?resize=350%2C200 1x, https:\/\/i0.wp.com\/www.grieta.org.mx\/wp-content\/uploads\/2019\/08\/DosBocas-e1565890889473.png?resize=525%2C300 1.5x, https:\/\/i0.wp.com\/www.grieta.org.mx\/wp-content\/uploads\/2019\/08\/DosBocas-e1565890889473.png?resize=700%2C400 2x"},"classes":[]},{"id":69483,"url":"http:\/\/www.grieta.org.mx\/index.php\/2024\/08\/03\/pescadores-protestan-frente-a-refineria-de-dos-bocas-por-contaminacion-del-rio-seco-tabasco\/","url_meta":{"origin":32509,"position":2},"title":"Pescadores protestan frente a Refiner\u00eda de Dos Bocas por contaminaci\u00f3n del R\u00edo Seco (Tabasco)","author":"grieta","date":"3 agosto, 2024","format":false,"excerpt":"Pescadores protestaron frente a la Refiner\u00eda de Dos Bocas para exigir a AMLO una soluci\u00f3n a la contaminaci\u00f3n en el R\u00edo Seco Jos\u00e9 G\u00f3mez \/ El Heraldo de Tabasco Este s\u00e1bado 3 de agosto de 2024 pescadores se plantaron fuera de la Refiner\u00eda Olmeca para exigirle al presidente, Andr\u00e9s Manuel\u2026","rel":"","context":"En &quot;CINTILLO&quot;","block_context":{"text":"CINTILLO","link":"http:\/\/www.grieta.org.mx\/index.php\/category\/cintillo\/"},"img":{"alt_text":"","src":"https:\/\/i0.wp.com\/www.grieta.org.mx\/wp-content\/uploads\/2024\/08\/Screenshot-2024-08-28-at-14-18-17-Que-exigieron-pescadores-a-AMLO-frente-a-la-Refineria-Olmeca-El-Heraldo-de-Tabasco-Noticias-Locales-Policiacas-sobre-Mexico-Tabasco-y-el-Mundo.png?resize=350%2C200","width":350,"height":200,"srcset":"https:\/\/i0.wp.com\/www.grieta.org.mx\/wp-content\/uploads\/2024\/08\/Screenshot-2024-08-28-at-14-18-17-Que-exigieron-pescadores-a-AMLO-frente-a-la-Refineria-Olmeca-El-Heraldo-de-Tabasco-Noticias-Locales-Policiacas-sobre-Mexico-Tabasco-y-el-Mundo.png?resize=350%2C200 1x, https:\/\/i0.wp.com\/www.grieta.org.mx\/wp-content\/uploads\/2024\/08\/Screenshot-2024-08-28-at-14-18-17-Que-exigieron-pescadores-a-AMLO-frente-a-la-Refineria-Olmeca-El-Heraldo-de-Tabasco-Noticias-Locales-Policiacas-sobre-Mexico-Tabasco-y-el-Mundo.png?resize=525%2C300 1.5x, https:\/\/i0.wp.com\/www.grieta.org.mx\/wp-content\/uploads\/2024\/08\/Screenshot-2024-08-28-at-14-18-17-Que-exigieron-pescadores-a-AMLO-frente-a-la-Refineria-Olmeca-El-Heraldo-de-Tabasco-Noticias-Locales-Policiacas-sobre-Mexico-Tabasco-y-el-Mundo.png?resize=700%2C400 2x"},"classes":[]},{"id":52615,"url":"http:\/\/www.grieta.org.mx\/index.php\/2020\/08\/11\/presentan-amparo-y-queja-ante-la-cidh-por-cinco-megaproyectos\/","url_meta":{"origin":32509,"position":3},"title":"Presentan amparo y queja ante la CIDH por cinco megaproyectos","author":"grieta","date":"11 agosto, 2020","format":false,"excerpt":"Texto: Daliri Oropeza Foto: Presidencia\/ Pie de P\u00e1gina Organizaciones aliadas a defensores del territorio interpusieron recursos legales e internacionales contra cinco megaproyectos del gobierno federal: Tren Maya, Corredor Interoc\u00e9anico, Nuevo Aeropuerto Internacional De Santa Lucia, Refiner\u00eda Dos Bocas, Proyecto Integral Morelos Organizaciones civiles interpusieron dos nuevos recursos legales e internacionales\u2026","rel":"","context":"En &quot;16. Pueblo Maya&quot;","block_context":{"text":"16. Pueblo Maya","link":"http:\/\/www.grieta.org.mx\/index.php\/category\/espejos-de-la-resistencia\/16-pueblo-maya\/"},"img":{"alt_text":"","src":"https:\/\/i0.wp.com\/www.grieta.org.mx\/wp-content\/uploads\/2020\/08\/Dosbocas_gobiernodemexico00-e1597185213445.jpg?resize=350%2C200","width":350,"height":200,"srcset":"https:\/\/i0.wp.com\/www.grieta.org.mx\/wp-content\/uploads\/2020\/08\/Dosbocas_gobiernodemexico00-e1597185213445.jpg?resize=350%2C200 1x, https:\/\/i0.wp.com\/www.grieta.org.mx\/wp-content\/uploads\/2020\/08\/Dosbocas_gobiernodemexico00-e1597185213445.jpg?resize=525%2C300 1.5x, https:\/\/i0.wp.com\/www.grieta.org.mx\/wp-content\/uploads\/2020\/08\/Dosbocas_gobiernodemexico00-e1597185213445.jpg?resize=700%2C400 2x"},"classes":[]},{"id":33121,"url":"http:\/\/www.grieta.org.mx\/index.php\/2019\/05\/06\/refineria-dos-bocas-obtiene-permiso-para-procesar-crudo-por-30-anos-le-falta-evaluacion-ambiental-tabasco\/","url_meta":{"origin":32509,"position":4},"title":"Refiner\u00eda Dos Bocas obtiene permiso para procesar crudo por 30 a\u00f1os; le falta evaluaci\u00f3n ambiental (Tabasco)","author":"grieta","date":"6 mayo, 2019","format":false,"excerpt":"Nayeli Rold\u00e1n \/ Animal Pol\u00edtico Petr\u00f3leos Mexicanos obtuvo uno de los permisos establecidos en la ley para poder operar la refiner\u00eda en Dos Bocas, Tabasco. Se trata de la autorizaci\u00f3n para el procesamiento de crudo para los siguientes 30 a\u00f1os, emitida por la Secretar\u00eda de Energ\u00eda encabezada por Roc\u00edo Nahle,\u2026","rel":"","context":"En &quot;CINTILLO&quot;","block_context":{"text":"CINTILLO","link":"http:\/\/www.grieta.org.mx\/index.php\/category\/cintillo\/"},"img":{"alt_text":"","src":"https:\/\/i0.wp.com\/www.grieta.org.mx\/wp-content\/uploads\/2019\/05\/direct-4.jpg?resize=350%2C200","width":350,"height":200,"srcset":"https:\/\/i0.wp.com\/www.grieta.org.mx\/wp-content\/uploads\/2019\/05\/direct-4.jpg?resize=350%2C200 1x, https:\/\/i0.wp.com\/www.grieta.org.mx\/wp-content\/uploads\/2019\/05\/direct-4.jpg?resize=525%2C300 1.5x, https:\/\/i0.wp.com\/www.grieta.org.mx\/wp-content\/uploads\/2019\/05\/direct-4.jpg?resize=700%2C400 2x"},"classes":[]},{"id":34203,"url":"http:\/\/www.grieta.org.mx\/index.php\/2019\/05\/18\/71-de-usuarios-en-redes-sociales-estan-en-contra-de-la-construccion-de-la-refineria-dos-bocas-tabasco\/","url_meta":{"origin":32509,"position":5},"title":"71% de usuarios en redes sociales est\u00e1n en contra de la construcci\u00f3n de la refiner\u00eda Dos Bocas (Tabasco)","author":"grieta","date":"18 mayo, 2019","format":false,"excerpt":"Redacci\u00f3n \/ Cambio de Michoac\u00e1n Ciudad de M\u00e9xico.- El pasado 9 de mayo en su conferencia matutina, Andr\u00e9s Manuel L\u00f3pez Obrador anunci\u00f3 que se hab\u00eda declarado \u201cdesierta\u201d la licitaci\u00f3n para que empresas privadas participaran en la construcci\u00f3n de la refiner\u00eda Dos Bocas en Tabasco. El gobierno federal anunci\u00f3 que dicha\u2026","rel":"","context":"En &quot;CINTILLO&quot;","block_context":{"text":"CINTILLO","link":"http:\/\/www.grieta.org.mx\/index.php\/category\/cintillo\/"},"img":{"alt_text":"","src":"https:\/\/i0.wp.com\/www.grieta.org.mx\/wp-content\/uploads\/2019\/06\/0b3ae6f0a06cecdb1690124b521b0613dos.jpg?resize=350%2C200","width":350,"height":200,"srcset":"https:\/\/i0.wp.com\/www.grieta.org.mx\/wp-content\/uploads\/2019\/06\/0b3ae6f0a06cecdb1690124b521b0613dos.jpg?resize=350%2C200 1x, https:\/\/i0.wp.com\/www.grieta.org.mx\/wp-content\/uploads\/2019\/06\/0b3ae6f0a06cecdb1690124b521b0613dos.jpg?resize=525%2C300 1.5x, https:\/\/i0.wp.com\/www.grieta.org.mx\/wp-content\/uploads\/2019\/06\/0b3ae6f0a06cecdb1690124b521b0613dos.jpg?resize=700%2C400 2x, https:\/\/i0.wp.com\/www.grieta.org.mx\/wp-content\/uploads\/2019\/06\/0b3ae6f0a06cecdb1690124b521b0613dos.jpg?resize=1050%2C600 3x, https:\/\/i0.wp.com\/www.grieta.org.mx\/wp-content\/uploads\/2019\/06\/0b3ae6f0a06cecdb1690124b521b0613dos.jpg?resize=1400%2C800 4x"},"classes":[]}],"_links":{"self":[{"href":"http:\/\/www.grieta.org.mx\/index.php\/wp-json\/wp\/v2\/posts\/32509","targetHints":{"allow":["GET"]}}],"collection":[{"href":"http:\/\/www.grieta.org.mx\/index.php\/wp-json\/wp\/v2\/posts"}],"about":[{"href":"http:\/\/www.grieta.org.mx\/index.php\/wp-json\/wp\/v2\/types\/post"}],"author":[{"embeddable":true,"href":"http:\/\/www.grieta.org.mx\/index.php\/wp-json\/wp\/v2\/users\/2"}],"replies":[{"embeddable":true,"href":"http:\/\/www.grieta.org.mx\/index.php\/wp-json\/wp\/v2\/comments?post=32509"}],"version-history":[{"count":1,"href":"http:\/\/www.grieta.org.mx\/index.php\/wp-json\/wp\/v2\/posts\/32509\/revisions"}],"predecessor-version":[{"id":32512,"href":"http:\/\/www.grieta.org.mx\/index.php\/wp-json\/wp\/v2\/posts\/32509\/revisions\/32512"}],"wp:featuredmedia":[{"embeddable":true,"href":"http:\/\/www.grieta.org.mx\/index.php\/wp-json\/wp\/v2\/media\/32510"}],"wp:attachment":[{"href":"http:\/\/www.grieta.org.mx\/index.php\/wp-json\/wp\/v2\/media?parent=32509"}],"wp:term":[{"taxonomy":"category","embeddable":true,"href":"http:\/\/www.grieta.org.mx\/index.php\/wp-json\/wp\/v2\/categories?post=32509"},{"taxonomy":"post_tag","embeddable":true,"href":"http:\/\/www.grieta.org.mx\/index.php\/wp-json\/wp\/v2\/tags?post=32509"}],"curies":[{"name":"wp","href":"https:\/\/api.w.org\/{rel}","templated":true}]}}