{"id":32484,"date":"2019-04-03T17:25:26","date_gmt":"2019-04-03T23:25:26","guid":{"rendered":"http:\/\/www.grieta.org.mx\/?p=32484"},"modified":"2019-04-25T17:34:55","modified_gmt":"2019-04-25T22:34:55","slug":"se-militariza-morelos-con-plan-soldado-amigo","status":"publish","type":"post","link":"http:\/\/www.grieta.org.mx\/index.php\/2019\/04\/03\/se-militariza-morelos-con-plan-soldado-amigo\/","title":{"rendered":"Se militariza Morelos con plan &#8220;Soldado Amigo&#8221;"},"content":{"rendered":"<figure id=\"attachment_32485\" aria-describedby=\"caption-attachment-32485\" style=\"width: 617px\" class=\"wp-caption alignleft\"><img loading=\"lazy\" decoding=\"async\" data-attachment-id=\"32485\" data-permalink=\"http:\/\/www.grieta.org.mx\/index.php\/2019\/04\/03\/se-militariza-morelos-con-plan-soldado-amigo\/soldadoamigo4-focus-0-0-617-443\/\" data-orig-file=\"http:\/\/www.grieta.org.mx\/wp-content\/uploads\/2019\/04\/soldadoamigo4-focus-0-0-617-443.jpg\" data-orig-size=\"617,443\" data-comments-opened=\"0\" data-image-meta=\"{&quot;aperture&quot;:&quot;0&quot;,&quot;credit&quot;:&quot;&quot;,&quot;camera&quot;:&quot;&quot;,&quot;caption&quot;:&quot;&quot;,&quot;created_timestamp&quot;:&quot;0&quot;,&quot;copyright&quot;:&quot;&quot;,&quot;focal_length&quot;:&quot;0&quot;,&quot;iso&quot;:&quot;0&quot;,&quot;shutter_speed&quot;:&quot;0&quot;,&quot;title&quot;:&quot;&quot;,&quot;orientation&quot;:&quot;0&quot;}\" data-image-title=\"soldadoamigo4-focus-0-0-617-443\" data-image-description=\"\" data-image-caption=\"&lt;p&gt;C\u00e9lulas de 10 soldados, polic\u00edas federales y estatales circular\u00e1n por las calles de la ciudad (Fotos: H\u00e9ctor Gonz\u00e1lez)&lt;\/p&gt;\n\" data-medium-file=\"http:\/\/www.grieta.org.mx\/wp-content\/uploads\/2019\/04\/soldadoamigo4-focus-0-0-617-443-300x215.jpg\" data-large-file=\"http:\/\/www.grieta.org.mx\/wp-content\/uploads\/2019\/04\/soldadoamigo4-focus-0-0-617-443.jpg\" src=\"http:\/\/www.grieta.org.mx\/wp-content\/uploads\/2019\/04\/soldadoamigo4-focus-0-0-617-443.jpg\" alt=\"\" width=\"617\" height=\"443\" class=\"size-full wp-image-32485\" srcset=\"http:\/\/www.grieta.org.mx\/wp-content\/uploads\/2019\/04\/soldadoamigo4-focus-0-0-617-443.jpg 617w, http:\/\/www.grieta.org.mx\/wp-content\/uploads\/2019\/04\/soldadoamigo4-focus-0-0-617-443-300x215.jpg 300w\" sizes=\"auto, (max-width: 617px) 100vw, 617px\" \/><figcaption id=\"caption-attachment-32485\" class=\"wp-caption-text\">C\u00e9lulas de 10 soldados, polic\u00edas federales y estatales circular\u00e1n por las calles de la ciudad (Fotos: H\u00e9ctor Gonz\u00e1lez)<\/figcaption><\/figure>\n<p>H\u00e9ctor Gonz\u00e1lez \/ La Silla Rota<\/p>\n<p>Ante los altos \u00edndices de violencia que se viven en Morelos, ciudadanos, empresarios, soldados y polic\u00edas pusieron en marcha una nueva estrategia de seguridad que, presumen, lograr\u00e1 reducir la inseguridad en el estado.<\/p>\n<p>Fue por iniciativa del Consejo Ciudadano de Seguridad P\u00fablica de Morelos como surgi\u00f3 el programa denominado Soldado amigo, integrado por soldados y polic\u00edas que formar\u00e1n parte de la Guardia Nacional.<\/p>\n<p>C\u00e9lulas de 10 soldados, polic\u00edas federales y estatales circular\u00e1n por las calles de la ciudad.<\/p>\n<p>Tres militares, armados solo con toletes, ingresar\u00e1n a bares, restaurantes y discotecas para socializar con los clientes y encargados de los negocios.<\/p>\n<p><img loading=\"lazy\" decoding=\"async\" data-attachment-id=\"32486\" data-permalink=\"http:\/\/www.grieta.org.mx\/index.php\/2019\/04\/03\/se-militariza-morelos-con-plan-soldado-amigo\/direct-77\/\" data-orig-file=\"http:\/\/www.grieta.org.mx\/wp-content\/uploads\/2019\/04\/direct-17.jpg\" data-orig-size=\"700,440\" data-comments-opened=\"0\" data-image-meta=\"{&quot;aperture&quot;:&quot;0&quot;,&quot;credit&quot;:&quot;&quot;,&quot;camera&quot;:&quot;&quot;,&quot;caption&quot;:&quot;&quot;,&quot;created_timestamp&quot;:&quot;0&quot;,&quot;copyright&quot;:&quot;&quot;,&quot;focal_length&quot;:&quot;0&quot;,&quot;iso&quot;:&quot;0&quot;,&quot;shutter_speed&quot;:&quot;0&quot;,&quot;title&quot;:&quot;&quot;,&quot;orientation&quot;:&quot;0&quot;}\" data-image-title=\"direct\" data-image-description=\"\" data-image-caption=\"\" data-medium-file=\"http:\/\/www.grieta.org.mx\/wp-content\/uploads\/2019\/04\/direct-17-300x189.jpg\" data-large-file=\"http:\/\/www.grieta.org.mx\/wp-content\/uploads\/2019\/04\/direct-17.jpg\" src=\"http:\/\/www.grieta.org.mx\/wp-content\/uploads\/2019\/04\/direct-17.jpg\" alt=\"\" width=\"700\" height=\"440\" class=\"alignleft size-full wp-image-32486\" srcset=\"http:\/\/www.grieta.org.mx\/wp-content\/uploads\/2019\/04\/direct-17.jpg 700w, http:\/\/www.grieta.org.mx\/wp-content\/uploads\/2019\/04\/direct-17-300x189.jpg 300w\" sizes=\"auto, (max-width: 700px) 100vw, 700px\" \/><\/p>\n<p>Afuera, el resto de los soldados y polic\u00edas, quienes portan armas de fuego, largas y cortas, establecer\u00e1n un per\u00edmetro para garantizar la seguridad tanto de los militares desarmados, como de los clientes en caso de que se registre alguna agresi\u00f3n.<\/p>\n<p>El General Armando G\u00f3mez Mendoza, comandante de la 24 Zona Militar, explic\u00f3 que el programa es una iniciativa del Consejo Ciudadano de Seguridad P\u00fablica.<\/p>\n<p>\u201cEl programa Soldado Amigo se origin\u00f3 por iniciativa del Consejo Ciudadano, se invit\u00f3 a personal de la Comisi\u00f3n de Derechos Humanos y empezamos a organizarnos, una vez organizados tuvimos que invitar a la iniciativa privada con la finalidad de tener un conjunto de instituciones y organizaciones que permitan realizar actividades tendientes a hacer una actividad de seguridad preventiva.<\/p>\n<p><img loading=\"lazy\" decoding=\"async\" data-attachment-id=\"32487\" data-permalink=\"http:\/\/www.grieta.org.mx\/index.php\/2019\/04\/03\/se-militariza-morelos-con-plan-soldado-amigo\/direct-78\/\" data-orig-file=\"http:\/\/www.grieta.org.mx\/wp-content\/uploads\/2019\/04\/direct-18.jpg\" data-orig-size=\"700,394\" data-comments-opened=\"0\" data-image-meta=\"{&quot;aperture&quot;:&quot;0&quot;,&quot;credit&quot;:&quot;&quot;,&quot;camera&quot;:&quot;&quot;,&quot;caption&quot;:&quot;&quot;,&quot;created_timestamp&quot;:&quot;0&quot;,&quot;copyright&quot;:&quot;&quot;,&quot;focal_length&quot;:&quot;0&quot;,&quot;iso&quot;:&quot;0&quot;,&quot;shutter_speed&quot;:&quot;0&quot;,&quot;title&quot;:&quot;&quot;,&quot;orientation&quot;:&quot;0&quot;}\" data-image-title=\"direct\" data-image-description=\"\" data-image-caption=\"\" data-medium-file=\"http:\/\/www.grieta.org.mx\/wp-content\/uploads\/2019\/04\/direct-18-300x169.jpg\" data-large-file=\"http:\/\/www.grieta.org.mx\/wp-content\/uploads\/2019\/04\/direct-18.jpg\" src=\"http:\/\/www.grieta.org.mx\/wp-content\/uploads\/2019\/04\/direct-18.jpg\" alt=\"\" width=\"700\" height=\"394\" class=\"alignleft size-full wp-image-32487\" srcset=\"http:\/\/www.grieta.org.mx\/wp-content\/uploads\/2019\/04\/direct-18.jpg 700w, http:\/\/www.grieta.org.mx\/wp-content\/uploads\/2019\/04\/direct-18-300x169.jpg 300w\" sizes=\"auto, (max-width: 700px) 100vw, 700px\" \/><\/p>\n<p>\u201cUna vez organizados tuvimos que capacitar al personal militar, personal de la polic\u00eda en temas de sociabilizaci\u00f3n y de Derechos Humanos, ya la parte operativa que es la que echamos a andar el d\u00eda de hoy consiste en que cada patrulla de las que ustedes ven en la calle, la patrulla constituida por personal de la polic\u00eda, personal militar, va a llevar tres individuos militares, como ustedes lo observaron, sin arma larga, y van a poder acceder a diversos comercios, discotecas, todo aquel que se afilie a este programa para poder inhibir delitos ya que fuera estar\u00e1 la patrulla y as\u00ed la gente logre saber que ese comercio es un comercio seguro\u201d, dijo el General.<\/p>\n<p>Rafael Rueda Moncalian, presidente del Consejo, inform\u00f3 que los soldados y polic\u00edas que participan en el programa han sido capacitados en temas de respeto a los derechos humanos y de acercamiento cordial con la sociedad.<\/p>\n<p>\u201cUn consejo ciudadano y Derechos Humanos capacit\u00f3 a nuestras Fuerzas Armadas, nuestra futura Guardia Nacional, la cual recibimos con mucho aprecio, pudimos arrancar este programa denominado Soldado Amigo, el cual el d\u00eda de hoy vamos a dar el banderazo.<\/p>\n<p>\u201cLa idea es que los mandos a la hora que hagan sus patrullajes, sus caminatas, sobre todo sin armas, puedan pasar a estos negocios, saludar al due\u00f1o, saludar a las personas y lo mismo el propietario les puede invitar un vaso de agua, un refresco , pasar al ba\u00f1o. \u00bfCu\u00e1l es la idea? Socializar, tenemos que socializar con nuestros cuerpos de seguridad y qu\u00e9 mas que con nuestra nueva Guardia Nacional\u201d, dijo.<\/p>\n<p>Empresarios restauranteros, due\u00f1os de bares, discotecas y dirigentes de c\u00e1maras manifestaron su respaldo a este programa.<\/p>\n<p><img loading=\"lazy\" decoding=\"async\" data-attachment-id=\"32488\" data-permalink=\"http:\/\/www.grieta.org.mx\/index.php\/2019\/04\/03\/se-militariza-morelos-con-plan-soldado-amigo\/direct-79\/\" data-orig-file=\"http:\/\/www.grieta.org.mx\/wp-content\/uploads\/2019\/04\/direct-19.jpg\" data-orig-size=\"700,394\" data-comments-opened=\"0\" data-image-meta=\"{&quot;aperture&quot;:&quot;0&quot;,&quot;credit&quot;:&quot;&quot;,&quot;camera&quot;:&quot;&quot;,&quot;caption&quot;:&quot;&quot;,&quot;created_timestamp&quot;:&quot;0&quot;,&quot;copyright&quot;:&quot;&quot;,&quot;focal_length&quot;:&quot;0&quot;,&quot;iso&quot;:&quot;0&quot;,&quot;shutter_speed&quot;:&quot;0&quot;,&quot;title&quot;:&quot;&quot;,&quot;orientation&quot;:&quot;0&quot;}\" data-image-title=\"direct\" data-image-description=\"\" data-image-caption=\"\" data-medium-file=\"http:\/\/www.grieta.org.mx\/wp-content\/uploads\/2019\/04\/direct-19-300x169.jpg\" data-large-file=\"http:\/\/www.grieta.org.mx\/wp-content\/uploads\/2019\/04\/direct-19.jpg\" src=\"http:\/\/www.grieta.org.mx\/wp-content\/uploads\/2019\/04\/direct-19.jpg\" alt=\"\" width=\"700\" height=\"394\" class=\"alignleft size-full wp-image-32488\" srcset=\"http:\/\/www.grieta.org.mx\/wp-content\/uploads\/2019\/04\/direct-19.jpg 700w, http:\/\/www.grieta.org.mx\/wp-content\/uploads\/2019\/04\/direct-19-300x169.jpg 300w\" sizes=\"auto, (max-width: 700px) 100vw, 700px\" \/><\/p>\n<p>Antonio S\u00e1nchez Pur\u00f3n, presidente en Cuernavaca de la C\u00e1mara Nacional de Comercio, Servicios y Turismo (Canaco Servytur) se\u00f1al\u00f3 que durante varios sexenios, Morelos no se ha logrado resolver la crisis de inseguridad y violencia que padecen sus habitantes y visitantes.<\/p>\n<p>\u201cMorelos tiene muchos a\u00f1os, muchos sexenios, en los cuales no hemos podido acabar de salir de esa sombra, de ese flagelo que es la inseguridad y hoy por hoy me parece que se empiezan a dar los pasos para que esta situaci\u00f3n se revierta y como corresponsables dentro del rol que nos corresponde vamos a estar trabajando con todas las fuerzas federales y con las fuerzas estatales.<\/p>\n<p>\u201cHoy estamos empezando a pasar de las palabras a los hechos y al actuar, sin embargo me parece que hay mucho trecho por caminar y hoy se empiezan a dar los primeros pasos, hoy requerimos correr y no caminar\u201d, expres\u00f3 el empresario.<\/p>\n<blockquote><p>La Guardia Nacional en Morelos estar\u00e1 integrada por 1 mil 800 elementos<\/p><\/blockquote>\n<p>Parte de ellos son quienes conforman este programa al que, en un mes, se sumar\u00e1 la puesta en funcionamiento de una aplicaci\u00f3n m\u00f3vil mediante la cual los ciudadanos podr\u00e1n entrar el contacto directamente con la 24 Zona Militar.<\/p>\n<p>\u201cLes voy a dar la primicia, estamos desarrollando una aplicaci\u00f3n, una aplicaci\u00f3n donde va a tener aplicaci\u00f3n de bot\u00f3n de p\u00e1nico, tanto para empresas, como para ciudadanos, son dos botones de p\u00e1nico en la misma aplicaci\u00f3n y una serie de denuncias que nos pueden hacer en esa aplicaci\u00f3n. Eso nos va a permitir tener una reacci\u00f3n inmediata sobre alg\u00fan evento que se pueda suscitar en alguna parte de los diferentes municipios del Estado.<\/p>\n<p>\u201cEso es complemento de este programa, preveo, ya la est\u00e1n realizando, personal de una empresa, preveo que en un mes tengamos la primera parte, lo vamos a probar y posteriormente ya lo vamos a echar a andar junto con este programa\u201d, dijo el comandante de la 24 Zona Militar.<\/p>\n<p>Los negocios que se sumen a este programa recibir\u00e1n una placa con la que acreditar\u00e1n que cuentan con sus permisos y licencias de funcionamiento en regla y que son visitados de manera constante por las c\u00e9lulas del Programa Soldado Amigo.<\/p>\n<p><a href=\"https:\/\/lasillarota.com\/estados\/se-militariza-morelos-con-plan-soldado-amigo-morelos-soldado-amigo\/278710\">https:\/\/lasillarota.com\/estados\/se-militariza-morelos-con-plan-soldado-amigo-morelos-soldado-amigo\/278710<\/a><\/p>\n","protected":false},"excerpt":{"rendered":"<p>H\u00e9ctor Gonz\u00e1lez \/ La Silla Rota Ante los altos \u00edndices de violencia que se viven en Morelos, ciudadanos, empresarios, soldados y polic\u00edas pusieron en marcha una nueva estrategia de seguridad &hellip; <a href=\"http:\/\/www.grieta.org.mx\/index.php\/2019\/04\/03\/se-militariza-morelos-con-plan-soldado-amigo\/\" class=\"more-link\">Leer m\u00e1s<\/a><\/p>\n","protected":false},"author":2,"featured_media":32488,"comment_status":"closed","ping_status":"closed","sticky":false,"template":"","format":"standard","meta":{"ngg_post_thumbnail":0,"_jetpack_newsletter_access":"","_jetpack_dont_email_post_to_subs":false,"_jetpack_newsletter_tier_id":0,"_jetpack_memberships_contains_paywalled_content":false,"_jetpack_memberships_contains_paid_content":false,"footnotes":""},"categories":[80,912,1901,22,2,83],"tags":[2295,614],"class_list":["post-32484","post","type-post","status-publish","format-standard","has-post-thumbnail","hentry","category-cintillo","category-militarizacion","category-militarizacion-en-morelos","category-morelos","category-noticias-nacionales","category-temas-nacionales","tag-guardia-nacional","tag-militarizacion","entry"],"jetpack_featured_media_url":"http:\/\/www.grieta.org.mx\/wp-content\/uploads\/2019\/04\/direct-19.jpg","jetpack_sharing_enabled":true,"jetpack_shortlink":"https:\/\/wp.me\/p7ZJR4-8rW","jetpack_likes_enabled":false,"jetpack-related-posts":[{"id":27903,"url":"http:\/\/www.grieta.org.mx\/index.php\/2018\/12\/04\/blindan-morelos-con-900-soldados-y-30-policias-federales\/","url_meta":{"origin":32484,"position":0},"title":"Blindan Morelos con 900 soldados y 30 polic\u00edas federales","author":"grieta","date":"4 diciembre, 2018","format":false,"excerpt":"Redacci\u00f3n \/ Diario de Coahuila CUERNAVACA, Mor., diciembre 4 (EL UNIVERSAL).- Desde este fin de semana, 900 elementos del Ej\u00e9rcito y 30 de la Polic\u00eda Federal recorren la entidad en labores de seguridad y vigilancia en coordinaci\u00f3n con la Polic\u00eda de Mando \u00danico de Morelos. Los elementos de respaldo tienen\u2026","rel":"","context":"En &quot;Militarizaci\u00f3n&quot;","block_context":{"text":"Militarizaci\u00f3n","link":"http:\/\/www.grieta.org.mx\/index.php\/category\/temas-nacionales\/militarizacion\/"},"img":{"alt_text":"","src":"https:\/\/i0.wp.com\/www.grieta.org.mx\/wp-content\/uploads\/2018\/12\/f620x350-712051_743069_0.jpg?resize=350%2C200","width":350,"height":200,"srcset":"https:\/\/i0.wp.com\/www.grieta.org.mx\/wp-content\/uploads\/2018\/12\/f620x350-712051_743069_0.jpg?resize=350%2C200 1x, https:\/\/i0.wp.com\/www.grieta.org.mx\/wp-content\/uploads\/2018\/12\/f620x350-712051_743069_0.jpg?resize=525%2C300 1.5x"},"classes":[]},{"id":30607,"url":"http:\/\/www.grieta.org.mx\/index.php\/2019\/03\/07\/anuncian-arribo-de-fuerzas-federales-a-morelos\/","url_meta":{"origin":32484,"position":1},"title":"Anuncian arribo de fuerzas federales a Morelos","author":"grieta","date":"7 marzo, 2019","format":false,"excerpt":"H\u00e9ctor Ra\u00fal Gonz\u00e1lez \/ La silla rota Esta semana Blanco Bravo reconoci\u00f3 un incremento en la incidencia delictiva en la entidad que gobierna y solicit\u00f3 en consecuencia el apoyo del gobierno federal MORELOS (La Silla Rota).- El gobierno de Andr\u00e9s Manuel L\u00f3pez Obrador respondi\u00f3 a la solicitud del gobernador Cuauht\u00e9moc\u2026","rel":"","context":"En &quot;CINTILLO&quot;","block_context":{"text":"CINTILLO","link":"http:\/\/www.grieta.org.mx\/index.php\/category\/cintillo\/"},"img":{"alt_text":"","src":"https:\/\/i0.wp.com\/www.grieta.org.mx\/wp-content\/uploads\/2019\/03\/secretariogobiernomorelos-focus-min0.07-0.51-480-345.jpg?resize=350%2C200","width":350,"height":200},"classes":[]},{"id":28515,"url":"http:\/\/www.grieta.org.mx\/index.php\/2019\/01\/08\/policias-de-transito-tambien-van-a-guardia-nacional-en-morelos\/","url_meta":{"origin":32484,"position":2},"title":"Polic\u00edas de Tr\u00e1nsito tambi\u00e9n van a Guardia Nacional en Morelos","author":"grieta","date":"8 enero, 2019","format":false,"excerpt":"H\u00e9ctor Gonz\u00e1lez \/ La silla rota CUERNAVACA, MORELOS.- La estrategia de seguridad aplicada en Morelos seguir\u00e1 la l\u00ednea establecida por el gobierno de Andr\u00e9s Manuel L\u00f3pez Obrador: Guardia Nacional y Polic\u00eda de Mando \u00danico, a la que adem\u00e1s se sumar\u00e1n los agentes de Tr\u00e1nsito y Vialidad, dijo Jos\u00e9 Manuel Sanz,\u2026","rel":"","context":"En &quot;CINTILLO&quot;","block_context":{"text":"CINTILLO","link":"http:\/\/www.grieta.org.mx\/index.php\/category\/cintillo\/"},"img":{"alt_text":"","src":"https:\/\/i0.wp.com\/www.grieta.org.mx\/wp-content\/uploads\/2019\/01\/mandounicomorelos-focus-0-0-480-345.jpg?resize=350%2C200","width":350,"height":200},"classes":[]},{"id":38618,"url":"http:\/\/www.grieta.org.mx\/index.php\/2019\/08\/26\/guerrero-retienen-a-soldados-y-policias-que-trasladaban-municiones-en-cajas-del-dif-video\/","url_meta":{"origin":32484,"position":3},"title":"Guerrero: Retienen a soldados y polic\u00edas que trasladaban municiones en cajas del DIF (Video)","author":"Admin","date":"26 agosto, 2019","format":false,"excerpt":"Ezequiel Flores Contreras \/ Proceso CHILPANCINGO, Gro. (apro).- Habitantes del municipio de Coyuca de Catal\u00e1n retuvieron a soldados y polic\u00edas estatales acusados de resguardar un cargamento de municiones escondido en cajas de despensa del DIF del gobierno de H\u00e9ctor Astudillo Flores. Las balas de diferentes calibres eran trasladadas a la\u2026","rel":"","context":"En &quot;CINTILLO&quot;","block_context":{"text":"CINTILLO","link":"http:\/\/www.grieta.org.mx\/index.php\/category\/cintillo\/"},"img":{"alt_text":"","src":"https:\/\/i0.wp.com\/www.grieta.org.mx\/wp-content\/uploads\/2019\/08\/New-Project-6-11-870x522.jpg?resize=350%2C200","width":350,"height":200,"srcset":"https:\/\/i0.wp.com\/www.grieta.org.mx\/wp-content\/uploads\/2019\/08\/New-Project-6-11-870x522.jpg?resize=350%2C200 1x, https:\/\/i0.wp.com\/www.grieta.org.mx\/wp-content\/uploads\/2019\/08\/New-Project-6-11-870x522.jpg?resize=525%2C300 1.5x, https:\/\/i0.wp.com\/www.grieta.org.mx\/wp-content\/uploads\/2019\/08\/New-Project-6-11-870x522.jpg?resize=700%2C400 2x"},"classes":[]},{"id":30604,"url":"http:\/\/www.grieta.org.mx\/index.php\/2019\/03\/04\/pide-cuauhtemoc-blanco-a-congreso-de-morelos-aprobar-guardia-nacional\/","url_meta":{"origin":32484,"position":4},"title":"Pide Cuauht\u00e9moc Blanco a Congreso de Morelos aprobar Guardia Nacional","author":"grieta","date":"4 marzo, 2019","format":false,"excerpt":"H\u00e9ctor Gonz\u00e1lez \/ La silla Rota El Mandatario reconoci\u00f3 que en materia de seguridad es peor de lo que imaginaba, por lo que pidi\u00f3 aprobar la iniciativa de Guardia Nacional Tras el incremento en los \u00edndices de violencia registrados en la entidad y tras los ataques registrados en bares de\u2026","rel":"","context":"En &quot;CINTILLO&quot;","block_context":{"text":"CINTILLO","link":"http:\/\/www.grieta.org.mx\/index.php\/category\/cintillo\/"},"img":{"alt_text":"","src":"https:\/\/i0.wp.com\/www.grieta.org.mx\/wp-content\/uploads\/2019\/03\/cuauhtemocblanco_1-focus-0.23-0.33-480-345.jpg?resize=350%2C200","width":350,"height":200},"classes":[]},{"id":27892,"url":"http:\/\/www.grieta.org.mx\/index.php\/2018\/12\/08\/implementaran-de-nuevo-el-mando-unico\/","url_meta":{"origin":32484,"position":5},"title":"Implementar\u00e1n de nuevo el Mando \u00danico","author":"grieta","date":"8 diciembre, 2018","format":false,"excerpt":"Omar Romero \/ Diario de Morelos Cuernavaca, Morelos.- El Mando \u00danico se implementar\u00e1 de nueva cuenta en la entidad, adelant\u00f3 el comisionado estatal de Seguridad P\u00fablica, el Vicealmirante Jos\u00e9 Antonio Ortiz Guarneros, quien dijo que ahora s\u00ed ya no habr\u00e1 polic\u00edas municipales y todos ser\u00e1n elementos estatales. Explic\u00f3 que ayer\u2026","rel":"","context":"En &quot;Militarizaci\u00f3n&quot;","block_context":{"text":"Militarizaci\u00f3n","link":"http:\/\/www.grieta.org.mx\/index.php\/category\/temas-nacionales\/militarizacion\/"},"img":{"alt_text":"","src":"https:\/\/i0.wp.com\/www.grieta.org.mx\/wp-content\/uploads\/2018\/12\/Vicealmirante-Ortiz-Guarneros-2_result.jpg?resize=350%2C200","width":350,"height":200,"srcset":"https:\/\/i0.wp.com\/www.grieta.org.mx\/wp-content\/uploads\/2018\/12\/Vicealmirante-Ortiz-Guarneros-2_result.jpg?resize=350%2C200 1x, https:\/\/i0.wp.com\/www.grieta.org.mx\/wp-content\/uploads\/2018\/12\/Vicealmirante-Ortiz-Guarneros-2_result.jpg?resize=525%2C300 1.5x, https:\/\/i0.wp.com\/www.grieta.org.mx\/wp-content\/uploads\/2018\/12\/Vicealmirante-Ortiz-Guarneros-2_result.jpg?resize=700%2C400 2x, https:\/\/i0.wp.com\/www.grieta.org.mx\/wp-content\/uploads\/2018\/12\/Vicealmirante-Ortiz-Guarneros-2_result.jpg?resize=1050%2C600 3x"},"classes":[]}],"_links":{"self":[{"href":"http:\/\/www.grieta.org.mx\/index.php\/wp-json\/wp\/v2\/posts\/32484","targetHints":{"allow":["GET"]}}],"collection":[{"href":"http:\/\/www.grieta.org.mx\/index.php\/wp-json\/wp\/v2\/posts"}],"about":[{"href":"http:\/\/www.grieta.org.mx\/index.php\/wp-json\/wp\/v2\/types\/post"}],"author":[{"embeddable":true,"href":"http:\/\/www.grieta.org.mx\/index.php\/wp-json\/wp\/v2\/users\/2"}],"replies":[{"embeddable":true,"href":"http:\/\/www.grieta.org.mx\/index.php\/wp-json\/wp\/v2\/comments?post=32484"}],"version-history":[{"count":1,"href":"http:\/\/www.grieta.org.mx\/index.php\/wp-json\/wp\/v2\/posts\/32484\/revisions"}],"predecessor-version":[{"id":32489,"href":"http:\/\/www.grieta.org.mx\/index.php\/wp-json\/wp\/v2\/posts\/32484\/revisions\/32489"}],"wp:featuredmedia":[{"embeddable":true,"href":"http:\/\/www.grieta.org.mx\/index.php\/wp-json\/wp\/v2\/media\/32488"}],"wp:attachment":[{"href":"http:\/\/www.grieta.org.mx\/index.php\/wp-json\/wp\/v2\/media?parent=32484"}],"wp:term":[{"taxonomy":"category","embeddable":true,"href":"http:\/\/www.grieta.org.mx\/index.php\/wp-json\/wp\/v2\/categories?post=32484"},{"taxonomy":"post_tag","embeddable":true,"href":"http:\/\/www.grieta.org.mx\/index.php\/wp-json\/wp\/v2\/tags?post=32484"}],"curies":[{"name":"wp","href":"https:\/\/api.w.org\/{rel}","templated":true}]}}