{"id":32410,"date":"2019-04-16T17:51:28","date_gmt":"2019-04-16T22:51:28","guid":{"rendered":"http:\/\/www.grieta.org.mx\/?p=32410"},"modified":"2019-04-22T17:57:37","modified_gmt":"2019-04-22T22:57:37","slug":"denuncian-construccion-de-departamentos-pese-a-suspension-oficial-ciudad-de-mexico","status":"publish","type":"post","link":"http:\/\/www.grieta.org.mx\/index.php\/2019\/04\/16\/denuncian-construccion-de-departamentos-pese-a-suspension-oficial-ciudad-de-mexico\/","title":{"rendered":"Denuncian construcci\u00f3n de departamentos pese a suspensi\u00f3n oficial (Ciudad de M\u00e9xico)"},"content":{"rendered":"<p><img loading=\"lazy\" decoding=\"async\" data-attachment-id=\"32407\" data-permalink=\"http:\/\/www.grieta.org.mx\/?attachment_id=32407\" data-orig-file=\"http:\/\/www.grieta.org.mx\/wp-content\/uploads\/2019\/04\/1086373621.jpg\" data-orig-size=\"1000,541\" data-comments-opened=\"0\" data-image-meta=\"{&quot;aperture&quot;:&quot;0&quot;,&quot;credit&quot;:&quot;&quot;,&quot;camera&quot;:&quot;&quot;,&quot;caption&quot;:&quot;&quot;,&quot;created_timestamp&quot;:&quot;0&quot;,&quot;copyright&quot;:&quot;&quot;,&quot;focal_length&quot;:&quot;0&quot;,&quot;iso&quot;:&quot;0&quot;,&quot;shutter_speed&quot;:&quot;0&quot;,&quot;title&quot;:&quot;&quot;,&quot;orientation&quot;:&quot;0&quot;}\" data-image-title=\"1086373621\" data-image-description=\"\" data-image-caption=\"\" data-medium-file=\"http:\/\/www.grieta.org.mx\/wp-content\/uploads\/2019\/04\/1086373621-300x162.jpg\" data-large-file=\"http:\/\/www.grieta.org.mx\/wp-content\/uploads\/2019\/04\/1086373621.jpg\" src=\"http:\/\/www.grieta.org.mx\/wp-content\/uploads\/2019\/04\/1086373621-300x162.jpg\" alt=\"\" width=\"600\" height=\"462\" class=\"alignleft size-medium wp-image-32407\" \/><\/p>\n<p>Daniela Pastrana\/PiedeP\u00e1gina<\/p>\n<blockquote><p>Desde 2015 la inmobiliaria Quiero Casa construye 133 departamentos sobre un manantial. A pesar de que en diciembre pasado a obra fue suspendida por parte de las autoridades, su construcci\u00f3n contin\u00faa, de acuerdo con los vecinos, quienes han presionado para detener las obras pues la zona sufre escasez de agua.<\/p><\/blockquote>\n<p>Texto: Arturo Contreras<\/p>\n<p>Fotos: Archivo \/ Ernesto \u00c1lvarez y Arturo Contreras<\/p>\n<p>Vecinos de los Pedregales de Coyoac\u00e1n denunciaron ante la alcald\u00eda que la obra ubicada en Aztecas 215 contin\u00faa en construcci\u00f3n pese a la orden de suspensi\u00f3n.<\/p>\n<p>El pasado 11 de diciembre, el Instituto de Verificaci\u00f3n Administrativa de la ciudad (Invea), la entidad encargada de que comercios, inmuebles y veh\u00edculos cumplan con las disposiciones legales, suspendi\u00f3 la construcci\u00f3n de las tres torres de departamentos.<\/p>\n<p>Una de las torres de departamentos ya hab\u00eda empezado a ser ocupada, a pesar de que sobre los departamentos hay una gr\u00faa de construcci\u00f3n y el resto de las torres a\u00fan no se terminan.<\/p>\n<p>De acuerdo con Gustavo L\u00f3pez, uno de los vecinos, la ocupaci\u00f3n parcial se hizo sin que los condominios contaran las licencias de t\u00e9rmino de obra y de ocupaci\u00f3n correspondientes.<\/p>\n<p>Desde diciembre pasado, los sellos de suspensi\u00f3n han sido violados cuatro veces, y las obras en el lugar contin\u00faan, de acuerdo con los vecinos.<\/p>\n<p>\u201cTodos los d\u00edas han trabajado ininterrumpidamente. Desde las ocho de la ma\u00f1ana entra una cuadrilla de trabajadores, entre 15 o 20, y a las seis de la tarde salen\u201d, acus\u00f3 Gustavo L\u00f3pez durante una reuni\u00f3n de los vecinos con las autoridades de la alcald\u00eda de Coyoac\u00e1n.<\/p>\n<p>\u201cEl pasado 29 de marzo, mientras estaban ah\u00ed los del Invea en una verificaci\u00f3n por lo de los sellos, estaban saliendo los trabajadores. Y (las autoridades) no hicieron nada\u201d, a\u00f1adi\u00f3 y se\u00f1al\u00f3 a los representantes de ese Instituto presentes en la reuni\u00f3n.<\/p>\n<p>Los funcionarios respondieron:<\/p>\n<p>\u201cDesde que se pusieron los sellos, entraban y sal\u00edan coches de las personas que viven en el edificio. Nosotros, el verificador adscrito, no puede capturar o poner a disposici\u00f3n del Ministerio P\u00fablico a nadie\u201d. explic\u00f3 el director de Desarrollo Tecnol\u00f3gico y Modernizaci\u00f3n Administrativa del Invea, Omecuauhtlecoatzin Puebla Ramiro.<\/p>\n<p>Ome Puebla, como se present\u00f3, asegur\u00f3 que el Invea no puede violentar el derecho de vivienda de nadie. Por lo tanto, si los trabajadores dicen que son habitantes, al Instituto no le queda m\u00e1s que creerles y ya no puede hacer nada.<\/p>\n<p>Antes de que terminara la reuni\u00f3n, Ome Puebla sugiri\u00f3 a los vecinos levantar una denuncia ante la Procuradur\u00eda Ambiental y del Ordenamiento Territorial, la encargada de estos temas en la ciudad, y que si tienen pruebas de que las obras siguen, podr\u00edan empezar un caso.<\/p>\n<p>La obra fue suspendida por el Invea a petici\u00f3n de la Secretar\u00eda de Desarrollo Urbano y Vivienda, d\u00edas despu\u00e9s de que inici\u00f3 la actual administraci\u00f3n en la Ciudad de M\u00e9xico.<\/p>\n<p>\u201cEs una constructora que lleva 4 a\u00f1os, burl\u00e1ndose de las autoridades\u201d, insisti\u00f3 el vecino Gustavo L\u00f3pez.<\/p>\n<p><img loading=\"lazy\" decoding=\"async\" data-attachment-id=\"32408\" data-permalink=\"http:\/\/www.grieta.org.mx\/?attachment_id=32408\" data-orig-file=\"http:\/\/www.grieta.org.mx\/wp-content\/uploads\/2019\/04\/1-1-1200x900.jpg\" data-orig-size=\"1200,900\" data-comments-opened=\"0\" data-image-meta=\"{&quot;aperture&quot;:&quot;2.4&quot;,&quot;credit&quot;:&quot;&quot;,&quot;camera&quot;:&quot;SM-A750G&quot;,&quot;caption&quot;:&quot;&quot;,&quot;created_timestamp&quot;:&quot;1555326783&quot;,&quot;copyright&quot;:&quot;&quot;,&quot;focal_length&quot;:&quot;1.87&quot;,&quot;iso&quot;:&quot;40&quot;,&quot;shutter_speed&quot;:&quot;0.0011600928074246&quot;,&quot;title&quot;:&quot;&quot;,&quot;orientation&quot;:&quot;1&quot;}\" data-image-title=\"1-1-1200&amp;#215;900\" data-image-description=\"\" data-image-caption=\"\" data-medium-file=\"http:\/\/www.grieta.org.mx\/wp-content\/uploads\/2019\/04\/1-1-1200x900-300x225.jpg\" data-large-file=\"http:\/\/www.grieta.org.mx\/wp-content\/uploads\/2019\/04\/1-1-1200x900-1024x768.jpg\" src=\"http:\/\/www.grieta.org.mx\/wp-content\/uploads\/2019\/04\/1-1-1200x900-300x225.jpg\" alt=\"\" width=\"600\" height=\"525\" class=\"alignleft size-medium wp-image-32408\" \/><\/p>\n<p>Alcald\u00eda ordena quitar rampa<br \/>\nLa alcald\u00eda de Coyoac\u00e1n pedir\u00e1 a la constructora Quiero Casa, responsable de la obra, que retire una rampa de cemento que construy\u00f3 sobre avenida Aztecas. Tambi\u00e9n pedir\u00e1 que se retire la cerca del predio, pues invade la banqueta y no permite pasar a la gente.<\/p>\n<p>\u00c9sta es la primera respuesta que da la alcald\u00eda a la solicitud de suspensi\u00f3n de obra que un grupo vecinal ha solicitado porque la obra no cuenta con los permisos necesarios, y adem\u00e1s se construye sobre un manantial somero que, sospechan, es potable.<\/p>\n<p>Hace cuatro a\u00f1os los vecinos del lugar, muchos pertenecientes a la Asamblea General de los Pueblos, Barrios, Colonias y Pedregales de Coyoac\u00e1n, descubrieron que la obra se estaba construyendo sobre un paso de agua.<\/p>\n<p>Tambi\u00e9n desde hace cuatro a\u00f1os la constructora bombeaba el agua del manantial y la vierte directo en el ca\u00f1o, porque si no, sus departamentos no tendr\u00edan lugares de estacionamiento. Algo as\u00ed como unos 5.6 millones de litros de agua al d\u00eda, lo suficiente para atender a 15 mil 300 personas.<\/p>\n<p>De forma parad\u00f3jica, la zona hist\u00f3ricamente ha sufrido de escasez de agua. \u00c9ste 1 de abril, en la gaceta oficial de la Ciudad se public\u00f3 que el abasto de agua en esta zona se har\u00eda por medio de pipas. Los vecinos aseguran que no les alcanzan para nada y que incluso, se han usado para fines partidistas.<\/p>\n<p>De acuerdo con Juan Carlos Ruiz, director Jur\u00eddico de la direcci\u00f3n general de gobierno de Coyoac\u00e1n, las acciones que est\u00e1 tomando la autoridad son por la Administraci\u00f3n de Obras, y no por el \u00e1rea de regularizaci\u00f3n, por lo que de momento, es lo \u00fanico que pueden hacer.<\/p>\n<p><a href=\"https:\/\/piedepagina.mx\/denuncian-construccion-de-departamentos-pese-a-suspension-oficial\/\">https:\/\/piedepagina.mx\/denuncian-construccion-de-departamentos-pese-a-suspension-oficial\/<\/a><\/p>\n","protected":false},"excerpt":{"rendered":"<p>Daniela Pastrana\/PiedeP\u00e1gina Desde 2015 la inmobiliaria Quiero Casa construye 133 departamentos sobre un manantial. A pesar de que en diciembre pasado a obra fue suspendida por parte de las autoridades, &hellip; <a href=\"http:\/\/www.grieta.org.mx\/index.php\/2019\/04\/16\/denuncian-construccion-de-departamentos-pese-a-suspension-oficial-ciudad-de-mexico\/\" class=\"more-link\">Leer m\u00e1s<\/a><\/p>\n","protected":false},"author":2,"featured_media":32407,"comment_status":"closed","ping_status":"closed","sticky":false,"template":"","format":"standard","meta":{"ngg_post_thumbnail":0,"_jetpack_newsletter_access":"","_jetpack_dont_email_post_to_subs":false,"_jetpack_newsletter_tier_id":0,"_jetpack_memberships_contains_paywalled_content":false,"_jetpack_memberships_contains_paid_content":false,"footnotes":""},"categories":[80,14,1044,1119,2],"tags":[824,1740],"class_list":["post-32410","post","type-post","status-publish","format-standard","has-post-thumbnail","hentry","category-cintillo","category-ciudad-de-mexico","category-desarrollos-inmobiliarios-en-la-ciudad-de-mexico","category-conflictos-por-falta-de-agua-en-la-ciudad-de-mexico","category-noticias-nacionales","tag-aztecas","tag-planton-aztecas","entry"],"jetpack_featured_media_url":"http:\/\/www.grieta.org.mx\/wp-content\/uploads\/2019\/04\/1086373621.jpg","jetpack_sharing_enabled":true,"jetpack_shortlink":"https:\/\/wp.me\/p7ZJR4-8qK","jetpack_likes_enabled":false,"jetpack-related-posts":[{"id":28072,"url":"http:\/\/www.grieta.org.mx\/index.php\/2018\/12\/13\/suspenden-construccion-de-aztecas-215-vecinos-van-por-cancelacion\/","url_meta":{"origin":32410,"position":0},"title":"Suspenden construcci\u00f3n de Aztecas 215. Vecinos van por cancelaci\u00f3n","author":"grieta","date":"13 diciembre, 2018","format":false,"excerpt":"Texto: Arturo Contreras. Foto: Ernesto \u00c1lvarez\/PI\u00c9 DE P\u00c1GINA Despu\u00e9s de m\u00e1s de dos a\u00f1os de resistencia, vecinos de los pedregales de Coyoac\u00e1n, al sur de la ciudad, lograron que se suspendiera un proyecto inmobiliario erigido sobre un manantial, y cuyos constructores tiraban miles de litros de agua al drenaje. Sin\u2026","rel":"","context":"En &quot;CINTILLO&quot;","block_context":{"text":"CINTILLO","link":"http:\/\/www.grieta.org.mx\/index.php\/category\/cintillo\/"},"img":{"alt_text":"","src":"https:\/\/i0.wp.com\/www.grieta.org.mx\/wp-content\/uploads\/2018\/03\/14524434_1106112876131411_958039263622046936_o.jpg?resize=350%2C200","width":350,"height":200,"srcset":"https:\/\/i0.wp.com\/www.grieta.org.mx\/wp-content\/uploads\/2018\/03\/14524434_1106112876131411_958039263622046936_o.jpg?resize=350%2C200 1x, https:\/\/i0.wp.com\/www.grieta.org.mx\/wp-content\/uploads\/2018\/03\/14524434_1106112876131411_958039263622046936_o.jpg?resize=525%2C300 1.5x, https:\/\/i0.wp.com\/www.grieta.org.mx\/wp-content\/uploads\/2018\/03\/14524434_1106112876131411_958039263622046936_o.jpg?resize=700%2C400 2x"},"classes":[]},{"id":11577,"url":"http:\/\/www.grieta.org.mx\/index.php\/2016\/09\/02\/movilizaciones-contra-proyectos-inmobiliarios-en-la-ciudad-de-mexico\/","url_meta":{"origin":32410,"position":1},"title":"Protestas y organizaci\u00f3n contra proyectos inmobiliarios en la Ciudad de M\u00e9xico","author":"grieta","date":"2 septiembre, 2016","format":false,"excerpt":"01\/09\/16. Agua de predio de Aztecas 215 s\u00ed es potable: UNAM (CDMX)El Big data 01\/08\/16. Pobladores denuncian invasi\u00f3n descontrolada de construcciones en Xochimilco Desinform\u00e9monos 28\/07\/16. Vecinos de Xochimilco padecen \u201cefectos colaterales\u201d del boom inmobiliario El big data 24\/07\/16. Constructora rompi\u00f3 manantial en la CdMx y mil 500 millones de litros\u2026","rel":"","context":"En &quot;Ciudad de M\u00e9xico&quot;","block_context":{"text":"Ciudad de M\u00e9xico","link":"http:\/\/www.grieta.org.mx\/index.php\/category\/noticias-nacionales\/ciudad-de-mexico\/"},"img":{"alt_text":"","src":"https:\/\/i0.wp.com\/www.grieta.org.mx\/wp-content\/uploads\/2018\/03\/14524434_1106112876131411_958039263622046936_o.jpg?resize=350%2C200","width":350,"height":200,"srcset":"https:\/\/i0.wp.com\/www.grieta.org.mx\/wp-content\/uploads\/2018\/03\/14524434_1106112876131411_958039263622046936_o.jpg?resize=350%2C200 1x, https:\/\/i0.wp.com\/www.grieta.org.mx\/wp-content\/uploads\/2018\/03\/14524434_1106112876131411_958039263622046936_o.jpg?resize=525%2C300 1.5x, https:\/\/i0.wp.com\/www.grieta.org.mx\/wp-content\/uploads\/2018\/03\/14524434_1106112876131411_958039263622046936_o.jpg?resize=700%2C400 2x"},"classes":[]},{"id":31490,"url":"http:\/\/www.grieta.org.mx\/index.php\/2019\/03\/29\/la-pelea-de-un-pueblo-de-mexico-por-defender-su-agua-de-la-especulacion-inmobiliaria-fotos\/","url_meta":{"origin":32410,"position":2},"title":"La pelea de un pueblo de M\u00e9xico por defender su agua de la especulaci\u00f3n inmobiliaria (Ciudad de M\u00e9xico)","author":"grieta","date":"29 marzo, 2019","format":false,"excerpt":"Eliana Gilet\/Sputnik La calidad de vida en la Ciudad de M\u00e9xico ha empeorado ante el desmedido crecimiento de complejos habitacionales, de mala calidad y a precios altos, que afectan la vida comunitaria y tambi\u00e9n a las napas subterr\u00e1neas de agua. Sputnik te presenta un caso que refleja este grave conflicto\u2026","rel":"","context":"En &quot;CINTILLO&quot;","block_context":{"text":"CINTILLO","link":"http:\/\/www.grieta.org.mx\/index.php\/category\/cintillo\/"},"img":{"alt_text":"","src":"https:\/\/i0.wp.com\/www.grieta.org.mx\/wp-content\/uploads\/2019\/03\/1086373621.jpg?resize=350%2C200","width":350,"height":200,"srcset":"https:\/\/i0.wp.com\/www.grieta.org.mx\/wp-content\/uploads\/2019\/03\/1086373621.jpg?resize=350%2C200 1x, https:\/\/i0.wp.com\/www.grieta.org.mx\/wp-content\/uploads\/2019\/03\/1086373621.jpg?resize=525%2C300 1.5x, https:\/\/i0.wp.com\/www.grieta.org.mx\/wp-content\/uploads\/2019\/03\/1086373621.jpg?resize=700%2C400 2x"},"classes":[]},{"id":26637,"url":"http:\/\/www.grieta.org.mx\/index.php\/2018\/09\/15\/policias-de-la-cdmx-detienen-a-dos-defensores-del-agua-cuando-documentaban-en-el-planton-azteca\/","url_meta":{"origin":32410,"position":3},"title":"Polic\u00edas de la CDMX detienen a dos defensores del agua cuando documentaban en el plant\u00f3n Azteca","author":"grieta","date":"15 septiembre, 2018","format":false,"excerpt":"Redacci\u00f3n\/somos el medio CDMX, 15 de septiembre 2018.-\u00a0Polic\u00edas de la Secretaria de Seguridad P\u00fablica de la Ciudad de M\u00e9xico, detuvieron a dos activistas que realizaban una transmisi\u00f3n en vivo donde denunciaban la afectaci\u00f3n a la v\u00eda p\u00fablica que la inmobiliaria Quiero Casa realizaba sobre la banqueta. Al rededor de las\u00a010:30\u2026","rel":"","context":"En &quot;CINTILLO&quot;","block_context":{"text":"CINTILLO","link":"http:\/\/www.grieta.org.mx\/index.php\/category\/cintillo\/"},"img":{"alt_text":"","src":"https:\/\/i0.wp.com\/www.grieta.org.mx\/wp-content\/uploads\/2018\/03\/14524434_1106112876131411_958039263622046936_o.jpg?resize=350%2C200","width":350,"height":200,"srcset":"https:\/\/i0.wp.com\/www.grieta.org.mx\/wp-content\/uploads\/2018\/03\/14524434_1106112876131411_958039263622046936_o.jpg?resize=350%2C200 1x, https:\/\/i0.wp.com\/www.grieta.org.mx\/wp-content\/uploads\/2018\/03\/14524434_1106112876131411_958039263622046936_o.jpg?resize=525%2C300 1.5x, https:\/\/i0.wp.com\/www.grieta.org.mx\/wp-content\/uploads\/2018\/03\/14524434_1106112876131411_958039263622046936_o.jpg?resize=700%2C400 2x"},"classes":[]},{"id":26442,"url":"http:\/\/www.grieta.org.mx\/index.php\/2018\/09\/15\/detiene-la-policia-de-la-ciudad-de-mexico-a-integrantes-de-la-asamblea-general-de-los-pueblos-barrios-y-colonias-de-coyoacan\/","url_meta":{"origin":32410,"position":4},"title":"Detiene la polic\u00eda de la Ciudad de M\u00e9xico a integrantes de la Asamblea General de los Pueblos, Barrios y Colonias de Coyoac\u00e1n","author":"grieta","date":"15 septiembre, 2018","format":false,"excerpt":"COLECTIVO GRIETA El d\u00eda de hoy, s\u00e1bado 15 de septiembre hacia las 10:30 hrs., polic\u00edas capitalinos detuvieron con lujo de violencia a Gustavo Rosas y Vicente Soria, defensores del manantial ubicado en el predio de Aztecas 215, donde la inmobiliaria \"Quiero Casa\" de los hermanos Shabot Cherem lleva dos a\u00f1os\u2026","rel":"","context":"En &quot;CINTILLO&quot;","block_context":{"text":"CINTILLO","link":"http:\/\/www.grieta.org.mx\/index.php\/category\/cintillo\/"},"img":{"alt_text":"","src":"https:\/\/i0.wp.com\/www.grieta.org.mx\/wp-content\/uploads\/2018\/03\/14524434_1106112876131411_958039263622046936_o.jpg?resize=350%2C200","width":350,"height":200,"srcset":"https:\/\/i0.wp.com\/www.grieta.org.mx\/wp-content\/uploads\/2018\/03\/14524434_1106112876131411_958039263622046936_o.jpg?resize=350%2C200 1x, https:\/\/i0.wp.com\/www.grieta.org.mx\/wp-content\/uploads\/2018\/03\/14524434_1106112876131411_958039263622046936_o.jpg?resize=525%2C300 1.5x, https:\/\/i0.wp.com\/www.grieta.org.mx\/wp-content\/uploads\/2018\/03\/14524434_1106112876131411_958039263622046936_o.jpg?resize=700%2C400 2x"},"classes":[]},{"id":11587,"url":"http:\/\/www.grieta.org.mx\/index.php\/2016\/04\/30\/planton-de-comunidades-pedregales-de-coyoacan-contra-los-proyectos-inmobiliarios\/","url_meta":{"origin":32410,"position":5},"title":"Plant\u00f3n de comunidades Pedregales de Coyoac\u00e1n, contra los proyectos inmobiliarios","author":"grieta","date":"30 abril, 2016","format":false,"excerpt":"Documental que describe la lucha de Comunidades de Pedregales de Coyoac\u00e1n, contra proyectos devastadores, que amenazan a todos los pueblos Pueblos y barrios de Coyoac\u00e1n, ente los que se encuentran La Candelaria, Santo Domingo, Santa \u00darsula, Los Reyes, adem\u00e1s de vecinxs de Iztacalco, Santa Fe y Magdalena Contreras, se unieron\u2026","rel":"","context":"En &quot;cdmx&quot;","block_context":{"text":"cdmx","link":"http:\/\/www.grieta.org.mx\/index.php\/category\/cdmx\/"},"img":{"alt_text":"","src":"https:\/\/i0.wp.com\/www.grieta.org.mx\/wp-content\/uploads\/2018\/03\/14524434_1106112876131411_958039263622046936_o.jpg?resize=350%2C200","width":350,"height":200,"srcset":"https:\/\/i0.wp.com\/www.grieta.org.mx\/wp-content\/uploads\/2018\/03\/14524434_1106112876131411_958039263622046936_o.jpg?resize=350%2C200 1x, https:\/\/i0.wp.com\/www.grieta.org.mx\/wp-content\/uploads\/2018\/03\/14524434_1106112876131411_958039263622046936_o.jpg?resize=525%2C300 1.5x, https:\/\/i0.wp.com\/www.grieta.org.mx\/wp-content\/uploads\/2018\/03\/14524434_1106112876131411_958039263622046936_o.jpg?resize=700%2C400 2x"},"classes":[]}],"_links":{"self":[{"href":"http:\/\/www.grieta.org.mx\/index.php\/wp-json\/wp\/v2\/posts\/32410","targetHints":{"allow":["GET"]}}],"collection":[{"href":"http:\/\/www.grieta.org.mx\/index.php\/wp-json\/wp\/v2\/posts"}],"about":[{"href":"http:\/\/www.grieta.org.mx\/index.php\/wp-json\/wp\/v2\/types\/post"}],"author":[{"embeddable":true,"href":"http:\/\/www.grieta.org.mx\/index.php\/wp-json\/wp\/v2\/users\/2"}],"replies":[{"embeddable":true,"href":"http:\/\/www.grieta.org.mx\/index.php\/wp-json\/wp\/v2\/comments?post=32410"}],"version-history":[{"count":1,"href":"http:\/\/www.grieta.org.mx\/index.php\/wp-json\/wp\/v2\/posts\/32410\/revisions"}],"predecessor-version":[{"id":32411,"href":"http:\/\/www.grieta.org.mx\/index.php\/wp-json\/wp\/v2\/posts\/32410\/revisions\/32411"}],"wp:featuredmedia":[{"embeddable":true,"href":"http:\/\/www.grieta.org.mx\/index.php\/wp-json\/wp\/v2\/media\/32407"}],"wp:attachment":[{"href":"http:\/\/www.grieta.org.mx\/index.php\/wp-json\/wp\/v2\/media?parent=32410"}],"wp:term":[{"taxonomy":"category","embeddable":true,"href":"http:\/\/www.grieta.org.mx\/index.php\/wp-json\/wp\/v2\/categories?post=32410"},{"taxonomy":"post_tag","embeddable":true,"href":"http:\/\/www.grieta.org.mx\/index.php\/wp-json\/wp\/v2\/tags?post=32410"}],"curies":[{"name":"wp","href":"https:\/\/api.w.org\/{rel}","templated":true}]}}