{"id":32339,"date":"2019-04-16T13:05:10","date_gmt":"2019-04-16T18:05:10","guid":{"rendered":"http:\/\/www.grieta.org.mx\/?p=32339"},"modified":"2019-04-17T13:13:23","modified_gmt":"2019-04-17T18:13:23","slug":"para-actividades-el-88-de-medicos-residentes-del-hospital-civil-de-oaxaca","status":"publish","type":"post","link":"http:\/\/www.grieta.org.mx\/index.php\/2019\/04\/16\/para-actividades-el-88-de-medicos-residentes-del-hospital-civil-de-oaxaca\/","title":{"rendered":"Para actividades el 88% de m\u00e9dicos residentes del Hospital Civil de Oaxaca"},"content":{"rendered":"<p>Noticias.<\/p>\n<p><img loading=\"lazy\" decoding=\"async\" data-attachment-id=\"32340\" data-permalink=\"http:\/\/www.grieta.org.mx\/index.php\/2019\/04\/16\/para-actividades-el-88-de-medicos-residentes-del-hospital-civil-de-oaxaca\/image_14_424_0\/\" data-orig-file=\"http:\/\/www.grieta.org.mx\/wp-content\/uploads\/2019\/04\/image_14_424_0.jpg\" data-orig-size=\"1144,645\" data-comments-opened=\"0\" data-image-meta=\"{&quot;aperture&quot;:&quot;0&quot;,&quot;credit&quot;:&quot;&quot;,&quot;camera&quot;:&quot;&quot;,&quot;caption&quot;:&quot;&quot;,&quot;created_timestamp&quot;:&quot;0&quot;,&quot;copyright&quot;:&quot;&quot;,&quot;focal_length&quot;:&quot;0&quot;,&quot;iso&quot;:&quot;0&quot;,&quot;shutter_speed&quot;:&quot;0&quot;,&quot;title&quot;:&quot;&quot;,&quot;orientation&quot;:&quot;0&quot;}\" data-image-title=\"image_14_424_0\" data-image-description=\"\" data-image-caption=\"\" data-medium-file=\"http:\/\/www.grieta.org.mx\/wp-content\/uploads\/2019\/04\/image_14_424_0-300x169.jpg\" data-large-file=\"http:\/\/www.grieta.org.mx\/wp-content\/uploads\/2019\/04\/image_14_424_0-1024x577.jpg\" src=\"http:\/\/www.grieta.org.mx\/wp-content\/uploads\/2019\/04\/image_14_424_0-1024x577.jpg\" alt=\"\" width=\"1024\" height=\"577\" class=\"alignleft size-large wp-image-32340\" srcset=\"http:\/\/www.grieta.org.mx\/wp-content\/uploads\/2019\/04\/image_14_424_0-1024x577.jpg 1024w, http:\/\/www.grieta.org.mx\/wp-content\/uploads\/2019\/04\/image_14_424_0-300x169.jpg 300w, http:\/\/www.grieta.org.mx\/wp-content\/uploads\/2019\/04\/image_14_424_0-768x433.jpg 768w, http:\/\/www.grieta.org.mx\/wp-content\/uploads\/2019\/04\/image_14_424_0-887x500.jpg 887w, http:\/\/www.grieta.org.mx\/wp-content\/uploads\/2019\/04\/image_14_424_0.jpg 1144w\" sizes=\"auto, (max-width: 1024px) 100vw, 1024px\" \/><\/p>\n<p>Nadia Altamirano,<\/p>\n<p>Oaxaca de Ju\u00e1rez, Oax.- S\u00f3lo diez de los 83 m\u00e9dicos residentes adscritos a las \u00e1reas de urgencias del Hospital General doctor Aurelio Valdivieso cumple con sus guardias, el resto se mantiene en asamblea permanente.<\/p>\n<p>La medida es parte del movimiento que en el pa\u00eds implementaron residentes de 64 unidades m\u00e9dicas que enfrentan retraso en el pago de sus becas quincenales o la amenaza o descuento del bono sexenal de tres mil pesos a cubrir entre desde diciembre pasado.<\/p>\n<p>La jefa de m\u00e9dicos residentes, Cynthia Cruz Mart\u00ednez, reconoci\u00f3 que el paro parcial alenta los servicios de un nosocomio que por ser fe concentraci\u00f3n trabaja al 120 por ciento de su capacidad.<\/p>\n<p><a href=\"https:\/\/www.nvinoticias.com\/nota\/114508\/para-actividades-el-88-de-medicos-residentes-del-hospital-civil-de-oaxaca\" rel=\"noopener noreferrer\" target=\"_blank\">https:\/\/www.nvinoticias.com\/nota\/114508\/para-actividades-el-88-de-medicos-residentes-del-hospital-civil-de-oaxaca<\/a><\/p>\n","protected":false},"excerpt":{"rendered":"<p>Noticias. Nadia Altamirano, Oaxaca de Ju\u00e1rez, Oax.- S\u00f3lo diez de los 83 m\u00e9dicos residentes adscritos a las \u00e1reas de urgencias del Hospital General doctor Aurelio Valdivieso cumple con sus guardias, &hellip; <a href=\"http:\/\/www.grieta.org.mx\/index.php\/2019\/04\/16\/para-actividades-el-88-de-medicos-residentes-del-hospital-civil-de-oaxaca\/\" class=\"more-link\">Leer m\u00e1s<\/a><\/p>\n","protected":false},"author":2,"featured_media":21928,"comment_status":"closed","ping_status":"closed","sticky":false,"template":"","format":"standard","meta":{"ngg_post_thumbnail":0,"_jetpack_newsletter_access":"","_jetpack_dont_email_post_to_subs":false,"_jetpack_newsletter_tier_id":0,"_jetpack_memberships_contains_paywalled_content":false,"_jetpack_memberships_contains_paid_content":false,"footnotes":""},"categories":[80,1728,2,25],"tags":[],"class_list":["post-32339","post","type-post","status-publish","format-standard","has-post-thumbnail","hentry","category-cintillo","category-crisis-del-sector-salud-en-oaxaca","category-noticias-nacionales","category-oaxaca","entry"],"jetpack_featured_media_url":"http:\/\/www.grieta.org.mx\/wp-content\/uploads\/2018\/03\/14524434_1106112876131411_958039263622046936_o.jpg","jetpack_sharing_enabled":true,"jetpack_shortlink":"https:\/\/wp.me\/p7ZJR4-8pB","jetpack_likes_enabled":false,"jetpack-related-posts":[{"id":31808,"url":"http:\/\/www.grieta.org.mx\/index.php\/2019\/04\/06\/paran-labores-medicos-residentes-del-hospital-valdivieso-oaxaca\/","url_meta":{"origin":32339,"position":0},"title":"Paran labores m\u00e9dicos residentes del Hospital Valdivieso (Oaxaca)","author":"grieta","date":"6 abril, 2019","format":false,"excerpt":"Noticias. Nadia Altamirano, Por temor a que les retiren derecho a bono de fin de a\u00f1o. Los 83 m\u00e9dicos residentes del Hospital General Doctor Aurelio Valdivieso iniciaron a las 7:00 horas de este viernes un paro indefinido de labores para evitar que les retiren un bono extraordinario de fin de\u2026","rel":"","context":"En &quot;CINTILLO&quot;","block_context":{"text":"CINTILLO","link":"http:\/\/www.grieta.org.mx\/index.php\/category\/cintillo\/"},"img":{"alt_text":"","src":"https:\/\/i0.wp.com\/www.grieta.org.mx\/wp-content\/uploads\/2019\/04\/whatsapp_image_2017-11-10_at_12.56.09_pm.jpg?resize=350%2C200","width":350,"height":200,"srcset":"https:\/\/i0.wp.com\/www.grieta.org.mx\/wp-content\/uploads\/2019\/04\/whatsapp_image_2017-11-10_at_12.56.09_pm.jpg?resize=350%2C200 1x, https:\/\/i0.wp.com\/www.grieta.org.mx\/wp-content\/uploads\/2019\/04\/whatsapp_image_2017-11-10_at_12.56.09_pm.jpg?resize=525%2C300 1.5x, https:\/\/i0.wp.com\/www.grieta.org.mx\/wp-content\/uploads\/2019\/04\/whatsapp_image_2017-11-10_at_12.56.09_pm.jpg?resize=700%2C400 2x, https:\/\/i0.wp.com\/www.grieta.org.mx\/wp-content\/uploads\/2019\/04\/whatsapp_image_2017-11-10_at_12.56.09_pm.jpg?resize=1050%2C600 3x"},"classes":[]},{"id":32197,"url":"http:\/\/www.grieta.org.mx\/index.php\/2019\/04\/14\/medicos-se-van-a-paro-este-lunes-oaxaca\/","url_meta":{"origin":32339,"position":1},"title":"M\u00e9dicos se van a paro este lunes (Oaxaca)","author":"grieta","date":"14 abril, 2019","format":false,"excerpt":"Noticias. Los Servicios de Salud de Oaxaca no han pagado a los m\u00e9dicos desde febrero, a pesar de que ellos no han dejado de prestar atenci\u00f3n a miles de pacientes que a diario acuden a hospitales p\u00fablicos del estado. Nadia Altamirano, El retraso en el pago quincenal de cinco mil\u2026","rel":"","context":"En &quot;CINTILLO&quot;","block_context":{"text":"CINTILLO","link":"http:\/\/www.grieta.org.mx\/index.php\/category\/cintillo\/"},"img":{"alt_text":"","src":"https:\/\/i0.wp.com\/www.grieta.org.mx\/wp-content\/uploads\/2019\/04\/image_14_424.jpg?resize=350%2C200","width":350,"height":200,"srcset":"https:\/\/i0.wp.com\/www.grieta.org.mx\/wp-content\/uploads\/2019\/04\/image_14_424.jpg?resize=350%2C200 1x, https:\/\/i0.wp.com\/www.grieta.org.mx\/wp-content\/uploads\/2019\/04\/image_14_424.jpg?resize=525%2C300 1.5x, https:\/\/i0.wp.com\/www.grieta.org.mx\/wp-content\/uploads\/2019\/04\/image_14_424.jpg?resize=700%2C400 2x, https:\/\/i0.wp.com\/www.grieta.org.mx\/wp-content\/uploads\/2019\/04\/image_14_424.jpg?resize=1050%2C600 3x"},"classes":[]},{"id":32342,"url":"http:\/\/www.grieta.org.mx\/index.php\/2019\/04\/15\/protestan-medicos-residentes-en-colima-por-falta-de-pagos-suman-ya-21-estados\/","url_meta":{"origin":32339,"position":2},"title":"Protestan m\u00e9dicos residentes en Colima por falta de pagos; suman ya 21 estados","author":"grieta","date":"15 abril, 2019","format":false,"excerpt":"Juan Carlos Flores|CN COLIMANOTICIAS, 15 de abril de 2019 Colima, Col.- Al igual que en 21 estados del pa\u00eds, m\u00e9dicos residentes de Colima y Manzanillo protestaron por falta de pagos. Los galenos contin\u00faan sus labores bajo protesta, algunos de ellos portando alg\u00fan distintivo. Reportes indican que los m\u00e9dicos se manifestaron\u2026","rel":"","context":"En &quot;CINTILLO&quot;","block_context":{"text":"CINTILLO","link":"http:\/\/www.grieta.org.mx\/index.php\/category\/cintillo\/"},"img":{"alt_text":"","src":"https:\/\/i0.wp.com\/www.grieta.org.mx\/wp-content\/uploads\/2018\/03\/14524434_1106112876131411_958039263622046936_o.jpg?resize=350%2C200","width":350,"height":200,"srcset":"https:\/\/i0.wp.com\/www.grieta.org.mx\/wp-content\/uploads\/2018\/03\/14524434_1106112876131411_958039263622046936_o.jpg?resize=350%2C200 1x, https:\/\/i0.wp.com\/www.grieta.org.mx\/wp-content\/uploads\/2018\/03\/14524434_1106112876131411_958039263622046936_o.jpg?resize=525%2C300 1.5x, https:\/\/i0.wp.com\/www.grieta.org.mx\/wp-content\/uploads\/2018\/03\/14524434_1106112876131411_958039263622046936_o.jpg?resize=700%2C400 2x"},"classes":[]},{"id":31511,"url":"http:\/\/www.grieta.org.mx\/index.php\/2019\/03\/29\/residentes-de-10-hospitales-paran-labores-por-falta-de-pago-secretaria-de-salud-promete-pagar-adeudos\/","url_meta":{"origin":32339,"position":3},"title":"Residentes de 10 hospitales paran labores por falta de pago; Secretar\u00eda de Salud promete pagar adeudos","author":"grieta","date":"29 marzo, 2019","format":false,"excerpt":"Animal Pol\u00edtico, Los afectados acusan que no reciben el pago de su beca desde hace dos quincenas; la Secretar\u00eda de Salud dice que se debe a tr\u00e1mites administrativos. C\u00e9sar Reveles, Los m\u00e9dicos residentes de al menos 10 hospitales, dependientes de la Secretar\u00eda de Salud federal, iniciaron un paro de actividades\u2026","rel":"","context":"En &quot;CINTILLO&quot;","block_context":{"text":"CINTILLO","link":"http:\/\/www.grieta.org.mx\/index.php\/category\/cintillo\/"},"img":{"alt_text":"","src":"https:\/\/i0.wp.com\/www.grieta.org.mx\/wp-content\/uploads\/2019\/03\/Salud.jpg?resize=350%2C200","width":350,"height":200,"srcset":"https:\/\/i0.wp.com\/www.grieta.org.mx\/wp-content\/uploads\/2019\/03\/Salud.jpg?resize=350%2C200 1x, https:\/\/i0.wp.com\/www.grieta.org.mx\/wp-content\/uploads\/2019\/03\/Salud.jpg?resize=525%2C300 1.5x, https:\/\/i0.wp.com\/www.grieta.org.mx\/wp-content\/uploads\/2019\/03\/Salud.jpg?resize=700%2C400 2x, https:\/\/i0.wp.com\/www.grieta.org.mx\/wp-content\/uploads\/2019\/03\/Salud.jpg?resize=1050%2C600 3x, https:\/\/i0.wp.com\/www.grieta.org.mx\/wp-content\/uploads\/2019\/03\/Salud.jpg?resize=1400%2C800 4x"},"classes":[]},{"id":49313,"url":"http:\/\/www.grieta.org.mx\/index.php\/2020\/05\/15\/medicos-residentes-de-hospital-del-issste-en-monterrey-estan-en-paro-por-falta-de-pago-nuevo-leon\/","url_meta":{"origin":32339,"position":4},"title":"M\u00e9dicos residentes de hospital del ISSSTE en Monterrey est\u00e1n en paro por falta de pago (Nuevo Le\u00f3n)","author":"grieta","date":"15 mayo, 2020","format":false,"excerpt":"Los m\u00e9dicos reportaron el problema desde la primera quincena de marzo, pero a la fecha sus demandas no han sido atendidas. ANIMAL POL\u00cdTICO Los m\u00e9dicos residentes del Hospital Regional ISSSTE Monterrey se encuentran en paro de labores debido a que no han recibido sus pagos desde marzo pasado. La Asamblea\u2026","rel":"","context":"En &quot;CINTILLO&quot;","block_context":{"text":"CINTILLO","link":"http:\/\/www.grieta.org.mx\/index.php\/category\/cintillo\/"},"img":{"alt_text":"","src":"https:\/\/i0.wp.com\/www.grieta.org.mx\/wp-content\/uploads\/2020\/05\/residentes-e1589563253742.jpg?resize=350%2C200","width":350,"height":200,"srcset":"https:\/\/i0.wp.com\/www.grieta.org.mx\/wp-content\/uploads\/2020\/05\/residentes-e1589563253742.jpg?resize=350%2C200 1x, https:\/\/i0.wp.com\/www.grieta.org.mx\/wp-content\/uploads\/2020\/05\/residentes-e1589563253742.jpg?resize=525%2C300 1.5x, https:\/\/i0.wp.com\/www.grieta.org.mx\/wp-content\/uploads\/2020\/05\/residentes-e1589563253742.jpg?resize=700%2C400 2x, https:\/\/i0.wp.com\/www.grieta.org.mx\/wp-content\/uploads\/2020\/05\/residentes-e1589563253742.jpg?resize=1050%2C600 3x"},"classes":[]},{"id":32146,"url":"http:\/\/www.grieta.org.mx\/index.php\/2019\/04\/09\/marchan-medicos-residentes-para-exigir-el-pago-de-sus-salarios-ciudad-de-mexico\/","url_meta":{"origin":32339,"position":5},"title":"Marchan m\u00e9dicos residentes para exigir el pago de sus salarios (Ciudad de M\u00e9xico)","author":"grieta","date":"9 abril, 2019","format":false,"excerpt":"La Izquierda Diario M\u00e9dicos residentes del Hospital General de M\u00e9xico protestan en el Z\u00f3calo de la Ciudad de M\u00e9xico para exigir el pago de tres quincenas atrasadas, as\u00ed como el del bono sexenal. Cientos de m\u00e9dicos residentes del Hospital General de M\u00e9xico realizaron una \u201ccaminata por la dignidad\u201d de su\u2026","rel":"","context":"En &quot;CINTILLO&quot;","block_context":{"text":"CINTILLO","link":"http:\/\/www.grieta.org.mx\/index.php\/category\/cintillo\/"},"img":{"alt_text":"","src":"https:\/\/i0.wp.com\/www.grieta.org.mx\/wp-content\/uploads\/2019\/04\/arton127739-8b8af.jpg?resize=350%2C200","width":350,"height":200,"srcset":"https:\/\/i0.wp.com\/www.grieta.org.mx\/wp-content\/uploads\/2019\/04\/arton127739-8b8af.jpg?resize=350%2C200 1x, https:\/\/i0.wp.com\/www.grieta.org.mx\/wp-content\/uploads\/2019\/04\/arton127739-8b8af.jpg?resize=525%2C300 1.5x, https:\/\/i0.wp.com\/www.grieta.org.mx\/wp-content\/uploads\/2019\/04\/arton127739-8b8af.jpg?resize=700%2C400 2x"},"classes":[]}],"_links":{"self":[{"href":"http:\/\/www.grieta.org.mx\/index.php\/wp-json\/wp\/v2\/posts\/32339","targetHints":{"allow":["GET"]}}],"collection":[{"href":"http:\/\/www.grieta.org.mx\/index.php\/wp-json\/wp\/v2\/posts"}],"about":[{"href":"http:\/\/www.grieta.org.mx\/index.php\/wp-json\/wp\/v2\/types\/post"}],"author":[{"embeddable":true,"href":"http:\/\/www.grieta.org.mx\/index.php\/wp-json\/wp\/v2\/users\/2"}],"replies":[{"embeddable":true,"href":"http:\/\/www.grieta.org.mx\/index.php\/wp-json\/wp\/v2\/comments?post=32339"}],"version-history":[{"count":1,"href":"http:\/\/www.grieta.org.mx\/index.php\/wp-json\/wp\/v2\/posts\/32339\/revisions"}],"predecessor-version":[{"id":32341,"href":"http:\/\/www.grieta.org.mx\/index.php\/wp-json\/wp\/v2\/posts\/32339\/revisions\/32341"}],"wp:featuredmedia":[{"embeddable":true,"href":"http:\/\/www.grieta.org.mx\/index.php\/wp-json\/wp\/v2\/media\/21928"}],"wp:attachment":[{"href":"http:\/\/www.grieta.org.mx\/index.php\/wp-json\/wp\/v2\/media?parent=32339"}],"wp:term":[{"taxonomy":"category","embeddable":true,"href":"http:\/\/www.grieta.org.mx\/index.php\/wp-json\/wp\/v2\/categories?post=32339"},{"taxonomy":"post_tag","embeddable":true,"href":"http:\/\/www.grieta.org.mx\/index.php\/wp-json\/wp\/v2\/tags?post=32339"}],"curies":[{"name":"wp","href":"https:\/\/api.w.org\/{rel}","templated":true}]}}