{"id":32162,"date":"2019-04-11T08:15:10","date_gmt":"2019-04-11T13:15:10","guid":{"rendered":"http:\/\/www.grieta.org.mx\/?p=32162"},"modified":"2019-04-13T08:30:32","modified_gmt":"2019-04-13T13:30:32","slug":"a-cien-anos-de-zapata-pobladores-de-morelos-repudian-la-termoelectrica-de-huexca","status":"publish","type":"post","link":"http:\/\/www.grieta.org.mx\/index.php\/2019\/04\/11\/a-cien-anos-de-zapata-pobladores-de-morelos-repudian-la-termoelectrica-de-huexca\/","title":{"rendered":"A cien a\u00f1os de Zapata, pobladores de Morelos repudian la termoel\u00e9ctrica de Huexca"},"content":{"rendered":"<p><img loading=\"lazy\" decoding=\"async\" data-attachment-id=\"32164\" data-permalink=\"http:\/\/www.grieta.org.mx\/index.php\/2019\/04\/11\/a-cien-anos-de-zapata-pobladores-de-morelos-repudian-la-termoelectrica-de-huexca\/chinameca\/\" data-orig-file=\"http:\/\/www.grieta.org.mx\/wp-content\/uploads\/2019\/04\/Chinameca.jpg\" data-orig-size=\"701,395\" data-comments-opened=\"0\" data-image-meta=\"{&quot;aperture&quot;:&quot;0&quot;,&quot;credit&quot;:&quot;&quot;,&quot;camera&quot;:&quot;&quot;,&quot;caption&quot;:&quot;&quot;,&quot;created_timestamp&quot;:&quot;0&quot;,&quot;copyright&quot;:&quot;&quot;,&quot;focal_length&quot;:&quot;0&quot;,&quot;iso&quot;:&quot;0&quot;,&quot;shutter_speed&quot;:&quot;0&quot;,&quot;title&quot;:&quot;&quot;,&quot;orientation&quot;:&quot;0&quot;}\" data-image-title=\"Chinameca\" data-image-description=\"\" data-image-caption=\"\" data-medium-file=\"http:\/\/www.grieta.org.mx\/wp-content\/uploads\/2019\/04\/Chinameca-300x169.jpg\" data-large-file=\"http:\/\/www.grieta.org.mx\/wp-content\/uploads\/2019\/04\/Chinameca.jpg\" class=\"alignleft size-medium wp-image-32164\" src=\"http:\/\/www.grieta.org.mx\/wp-content\/uploads\/2019\/04\/Chinameca-300x169.jpg\" alt=\"\" width=\"600\" height=\"338\" srcset=\"http:\/\/www.grieta.org.mx\/wp-content\/uploads\/2019\/04\/Chinameca-300x169.jpg 300w, http:\/\/www.grieta.org.mx\/wp-content\/uploads\/2019\/04\/Chinameca.jpg 701w\" sizes=\"auto, (max-width: 600px) 100vw, 600px\" \/><\/p>\n<blockquote><p>Tras las tensiones entre pobladores y el Gobierno Federal, el acto de conmemoraci\u00f3n a los 100 a\u00f1os del asesinato del General Emiliano Zapata oficial se traslad\u00f3 a Cuernavaca, mientras los pobladores de Morelos realizaron un acto en Chinameca, donde repudiaron los megaproyectos del nuevo gobierno.<\/p><\/blockquote>\n<p>Axomalli Villanueva\/LA IZQUIERDA DIARIO<\/p>\n<p>El d\u00eda mi\u00e9rcoles, durante la conmemoraci\u00f3n de Emiliano Zapata, cientos de activistas defensores del territorio y la autonom\u00eda comunitaria llegaron a Chinameca, Morelos, donde representantes de m\u00e1s de una centena de organizaciones y pueblos, gritaron consignas contra el Estado y vivas a Zapata<\/p>\n<p>Las organizaciones campesinas e ind\u00edgenas condenaron un\u00e1nime a los megaproyectos del nuevo gobierno, incluyendo a la termoel\u00e9ctrica de Huexca y entre otros, al Tren Maya y al Corredor Trans\u00edtsmico.<\/p>\n<p>Por otro lado, el Ej\u00e9rcito Zapatista de Liberaci\u00f3n Nacional (EZLN) denunci\u00f3 a la militarizaci\u00f3n en la zona zapatista, mediante su vocera Marichuy, quien se present\u00f3 en las pasadas campa\u00f1as como candidata independiente a presidenta de la rep\u00fablica.<\/p>\n<p>Las manifestaciones se integraron a un desfile conmemorativo que se le hizo al \u201cCaudillo del Sur\u201d por su 100 aniversario luctuoso. M\u00e1s tarde, pobladores anunciaron que realizar\u00e1n una cabalgata silenciosa.<\/p>\n<p>En febrero, el presidente convoc\u00f3 una consulta sobre una pol\u00e9mica central termoel\u00e9ctrica, situada a pocos kil\u00f3metros del mausoleo de Zapata, en Cuautla. El mandatario pas\u00f3 de oponerse a su puesta en marcha hasta apoyarla tras su llegada al poder.<\/p>\n<p>El cambio de postura le vali\u00f3 las cr\u00edticas de los opositores al proyecto, preocupados por su impacto medioambiental. El asesinato, a\u00fan sin resolver, del activista opositor al proyecto Samir Flores calde\u00f3 a\u00fan m\u00e1s el ambiente a pocos d\u00edas del plebiscito.<\/p>\n<p>Pese a que L\u00f3pez Obrador ha adoptado la imagen de Emiliano Zapata, como una reivindicaci\u00f3n de su gobierno, esta ha sido cuestionada por organizaciones de izquierda, activistas y defensores del territorio, por ser una mera simulaci\u00f3n, mientras que los planes de privatizaci\u00f3n y despojo de bienes comunes contin\u00faan con los megaproyectos.<\/p>\n<p><img loading=\"lazy\" decoding=\"async\" data-attachment-id=\"32163\" data-permalink=\"http:\/\/www.grieta.org.mx\/index.php\/2019\/04\/11\/a-cien-anos-de-zapata-pobladores-de-morelos-repudian-la-termoelectrica-de-huexca\/huexca-2\/\" data-orig-file=\"http:\/\/www.grieta.org.mx\/wp-content\/uploads\/2019\/04\/Huexca-2.jpg\" data-orig-size=\"701,395\" data-comments-opened=\"0\" data-image-meta=\"{&quot;aperture&quot;:&quot;0&quot;,&quot;credit&quot;:&quot;&quot;,&quot;camera&quot;:&quot;&quot;,&quot;caption&quot;:&quot;&quot;,&quot;created_timestamp&quot;:&quot;0&quot;,&quot;copyright&quot;:&quot;&quot;,&quot;focal_length&quot;:&quot;0&quot;,&quot;iso&quot;:&quot;0&quot;,&quot;shutter_speed&quot;:&quot;0&quot;,&quot;title&quot;:&quot;&quot;,&quot;orientation&quot;:&quot;0&quot;}\" data-image-title=\"Huexca 2\" data-image-description=\"\" data-image-caption=\"\" data-medium-file=\"http:\/\/www.grieta.org.mx\/wp-content\/uploads\/2019\/04\/Huexca-2-300x169.jpg\" data-large-file=\"http:\/\/www.grieta.org.mx\/wp-content\/uploads\/2019\/04\/Huexca-2.jpg\" class=\"alignleft size-medium wp-image-32163\" src=\"http:\/\/www.grieta.org.mx\/wp-content\/uploads\/2019\/04\/Huexca-2-300x169.jpg\" alt=\"\" width=\"600\" height=\"338\" srcset=\"http:\/\/www.grieta.org.mx\/wp-content\/uploads\/2019\/04\/Huexca-2-300x169.jpg 300w, http:\/\/www.grieta.org.mx\/wp-content\/uploads\/2019\/04\/Huexca-2.jpg 701w\" sizes=\"auto, (max-width: 600px) 100vw, 600px\" \/><\/p>\n<p><a href=\"http:\/\/www.laizquierdadiario.mx\/A-cien-anos-de-Zapata-pobladores-de-Morelos-repudian-la-termoelectrica-de-Huexca\" target=\"_blank\" rel=\"noopener noreferrer\">http:\/\/www.laizquierdadiario.mx\/A-cien-anos-de-Zapata-pobladores-de-Morelos-repudian-la-termoelectrica-de-Huexca<\/a><\/p>\n","protected":false},"excerpt":{"rendered":"<p>Tras las tensiones entre pobladores y el Gobierno Federal, el acto de conmemoraci\u00f3n a los 100 a\u00f1os del asesinato del General Emiliano Zapata oficial se traslad\u00f3 a Cuernavaca, mientras los &hellip; <a href=\"http:\/\/www.grieta.org.mx\/index.php\/2019\/04\/11\/a-cien-anos-de-zapata-pobladores-de-morelos-repudian-la-termoelectrica-de-huexca\/\" class=\"more-link\">Leer m\u00e1s<\/a><\/p>\n","protected":false},"author":2,"featured_media":32163,"comment_status":"closed","ping_status":"closed","sticky":false,"template":"","format":"standard","meta":{"ngg_post_thumbnail":0,"_jetpack_newsletter_access":"","_jetpack_dont_email_post_to_subs":false,"_jetpack_newsletter_tier_id":0,"_jetpack_memberships_contains_paywalled_content":false,"_jetpack_memberships_contains_paid_content":false,"footnotes":""},"categories":[80,79,1278,22,2,1762,1171,83],"tags":[2470,2232,96,2471,2472],"class_list":["post-32162","post","type-post","status-publish","format-standard","has-post-thumbnail","hentry","category-cintillo","category-cni","category-despojo-de-tierras-y-territorios","category-morelos","category-noticias-nacionales","category-rechazo-a-los-megaproyectos-en-morelos","category-rechazo-al-proyecto-integral-morelos-pim-en-morelos","category-temas-nacionales","tag-chinameca","tag-conflictos-sociales-por-megaproyectos","tag-megaproyectos","tag-samir","tag-zapata","entry"],"jetpack_featured_media_url":"http:\/\/www.grieta.org.mx\/wp-content\/uploads\/2019\/04\/Huexca-2.jpg","jetpack_sharing_enabled":true,"jetpack_shortlink":"https:\/\/wp.me\/p7ZJR4-8mK","jetpack_likes_enabled":false,"jetpack-related-posts":[{"id":39825,"url":"http:\/\/www.grieta.org.mx\/index.php\/2019\/04\/09\/comunidades-de-morelos-impiden-visita-de-amlo-a-chinameca-por-conmemoracion-de-los-100-anos-del-asesinato-de-zapata\/","url_meta":{"origin":32162,"position":0},"title":"Comunidades de Morelos impiden visita de AMLO a Chinameca por conmemoraci\u00f3n de los 100 a\u00f1os del asesinato de Zapata","author":"grieta","date":"9 abril, 2019","format":false,"excerpt":"Foto: Desinform\u00e9monos Por la amenaza de los opositores a la termoel\u00e9ctrica de boicotear la visita de Andr\u00e9s Manuel L\u00f3pez Obrador a Morelos para la conmemoraci\u00f3n del 100 Aniversario Luctuoso del General \u201cEmiliano Zapata\u201d, ma\u00f1ana 10 de abril, la presidencia de la Rep\u00fablica y el gobierno del estado decidieron realizar la\u2026","rel":"","context":"En &quot;Morelos&quot;","block_context":{"text":"Morelos","link":"http:\/\/www.grieta.org.mx\/index.php\/category\/noticias-nacionales\/morelos\/"},"img":{"alt_text":"","src":"https:\/\/i0.wp.com\/www.grieta.org.mx\/wp-content\/uploads\/2019\/10\/56544660_2671274132914262_635867322602487808_n.jpg?resize=350%2C200","width":350,"height":200,"srcset":"https:\/\/i0.wp.com\/www.grieta.org.mx\/wp-content\/uploads\/2019\/10\/56544660_2671274132914262_635867322602487808_n.jpg?resize=350%2C200 1x, https:\/\/i0.wp.com\/www.grieta.org.mx\/wp-content\/uploads\/2019\/10\/56544660_2671274132914262_635867322602487808_n.jpg?resize=525%2C300 1.5x, https:\/\/i0.wp.com\/www.grieta.org.mx\/wp-content\/uploads\/2019\/10\/56544660_2671274132914262_635867322602487808_n.jpg?resize=700%2C400 2x"},"classes":[]},{"id":32083,"url":"http:\/\/www.grieta.org.mx\/index.php\/2019\/04\/10\/grupos-campesinos-protestan-en-la-tierra-de-emiliano-zapata-por-proyectos-de-despojo-de-amlo-morelos\/","url_meta":{"origin":32162,"position":1},"title":"Grupos campesinos protestan en la tierra de Emiliano Zapata por proyectos de \u201cdespojo\u201d de AMLO (Morelos)","author":"grieta","date":"10 abril, 2019","format":false,"excerpt":"Redacci\u00f3n \/ Sinembargo El 10 de abril de 1919, Emiliano Zapata fue emboscado y asesinado en una hacienda de Chinameca, Morelos. Hoy, a cien a\u00f1os de su homicidio, campesinos y activistas se manifiestan por los asesinatos de activistas y tambi\u00e9n en contra de los \u201cproyectos de despojo\u201d del Presidente L\u00f3pez\u2026","rel":"","context":"En &quot;10. Huexca&quot;","block_context":{"text":"10. Huexca","link":"http:\/\/www.grieta.org.mx\/index.php\/category\/espejos-de-la-resistencia\/10-huexca\/"},"img":{"alt_text":"","src":"https:\/\/i0.wp.com\/www.grieta.org.mx\/wp-content\/uploads\/2019\/04\/marcha-zapata.jpg?resize=350%2C200","width":350,"height":200,"srcset":"https:\/\/i0.wp.com\/www.grieta.org.mx\/wp-content\/uploads\/2019\/04\/marcha-zapata.jpg?resize=350%2C200 1x, https:\/\/i0.wp.com\/www.grieta.org.mx\/wp-content\/uploads\/2019\/04\/marcha-zapata.jpg?resize=525%2C300 1.5x, https:\/\/i0.wp.com\/www.grieta.org.mx\/wp-content\/uploads\/2019\/04\/marcha-zapata.jpg?resize=700%2C400 2x, https:\/\/i0.wp.com\/www.grieta.org.mx\/wp-content\/uploads\/2019\/04\/marcha-zapata.jpg?resize=1050%2C600 3x"},"classes":[]},{"id":32310,"url":"http:\/\/www.grieta.org.mx\/index.php\/2019\/04\/10\/grupos-campesinos-protestan-en-la-tierra-de-emiliano-zapata-por-proyectos-de-despojo-de-amlo\/","url_meta":{"origin":32162,"position":2},"title":"Grupos campesinos protestan en la tierra de Emiliano Zapata por proyectos de \u201cdespojo\u201d de AMLO","author":"grieta","date":"10 abril, 2019","format":false,"excerpt":"Redacci\u00f3n \/ Sin Embargo El 10 de abril de 1919, Emiliano Zapata fue emboscado y asesinado en una hacienda de Chinameca, Morelos. Hoy, a cien a\u00f1os de su homicidio, campesinos y activistas se manifiestan por los asesinatos de activistas y tambi\u00e9n en contra de los \u201cproyectos de despojo\u201d del Presidente\u2026","rel":"","context":"En &quot;11. Amilcingo&quot;","block_context":{"text":"11. Amilcingo","link":"http:\/\/www.grieta.org.mx\/index.php\/category\/espejos-de-la-resistencia\/11-amilcingo\/"},"img":{"alt_text":"","src":"https:\/\/i0.wp.com\/www.grieta.org.mx\/wp-content\/uploads\/2019\/04\/marcha-zapata-1.jpg?resize=350%2C200","width":350,"height":200,"srcset":"https:\/\/i0.wp.com\/www.grieta.org.mx\/wp-content\/uploads\/2019\/04\/marcha-zapata-1.jpg?resize=350%2C200 1x, https:\/\/i0.wp.com\/www.grieta.org.mx\/wp-content\/uploads\/2019\/04\/marcha-zapata-1.jpg?resize=525%2C300 1.5x, https:\/\/i0.wp.com\/www.grieta.org.mx\/wp-content\/uploads\/2019\/04\/marcha-zapata-1.jpg?resize=700%2C400 2x, https:\/\/i0.wp.com\/www.grieta.org.mx\/wp-content\/uploads\/2019\/04\/marcha-zapata-1.jpg?resize=1050%2C600 3x"},"classes":[]},{"id":30601,"url":"http:\/\/www.grieta.org.mx\/index.php\/2019\/03\/10\/movilizaciones-en-chinameca-declaran-a-amlo-no-grato-en-morelos\/","url_meta":{"origin":32162,"position":3},"title":"Movilizaciones en Chinameca; declaran a AMLO \u201cno grato\u201d en Morelos","author":"grieta","date":"10 marzo, 2019","format":false,"excerpt":"Dulce Valdepe\u00f1a \/ Quadrat\u00edn Morelos TEMOAC, Mor., 10 de marzo del 2019.- Realizar una movilizaci\u00f3n nacional e internacional en la comunidad de Chinameca, del municipio de Ayala el pr\u00f3ximo 10 de abril, fue confirmado por la asamblea de pueblos este fin de semana en el marco del centenario luctuoso del\u2026","rel":"","context":"En &quot;10. Huexca&quot;","block_context":{"text":"10. Huexca","link":"http:\/\/www.grieta.org.mx\/index.php\/category\/espejos-de-la-resistencia\/10-huexca\/"},"img":{"alt_text":"","src":"https:\/\/i0.wp.com\/www.grieta.org.mx\/wp-content\/uploads\/2019\/03\/4923A95A-ED5C-43E0-AAF3-54259CC667FE-1160x700.jpeg?resize=350%2C200","width":350,"height":200,"srcset":"https:\/\/i0.wp.com\/www.grieta.org.mx\/wp-content\/uploads\/2019\/03\/4923A95A-ED5C-43E0-AAF3-54259CC667FE-1160x700.jpeg?resize=350%2C200 1x, https:\/\/i0.wp.com\/www.grieta.org.mx\/wp-content\/uploads\/2019\/03\/4923A95A-ED5C-43E0-AAF3-54259CC667FE-1160x700.jpeg?resize=525%2C300 1.5x, https:\/\/i0.wp.com\/www.grieta.org.mx\/wp-content\/uploads\/2019\/03\/4923A95A-ED5C-43E0-AAF3-54259CC667FE-1160x700.jpeg?resize=700%2C400 2x, https:\/\/i0.wp.com\/www.grieta.org.mx\/wp-content\/uploads\/2019\/03\/4923A95A-ED5C-43E0-AAF3-54259CC667FE-1160x700.jpeg?resize=1050%2C600 3x"},"classes":[]},{"id":32302,"url":"http:\/\/www.grieta.org.mx\/index.php\/2019\/04\/09\/crean-plan-de-resistencia-contra-megaproyectos-en-morelos\/","url_meta":{"origin":32162,"position":4},"title":"Crean plan de resistencia contra megaproyectos en Morelos","author":"grieta","date":"9 abril, 2019","format":false,"excerpt":"H\u00e9ctor Gonz\u00e1lez \/ La Silla Rota Activistas de al menos 20 estados del pa\u00eds est\u00e1n reunidos en la comunidad de Amilcingo, municipio de Temoac, para definir el plan de acci\u00f3n y resistencia contra los megaproyectos del gobierno federal, entre ellos la central termoel\u00e9ctrica de ciclo combinado de Huexca y el\u2026","rel":"","context":"En &quot;11. Amilcingo&quot;","block_context":{"text":"11. Amilcingo","link":"http:\/\/www.grieta.org.mx\/index.php\/category\/espejos-de-la-resistencia\/11-amilcingo\/"},"img":{"alt_text":"","src":"https:\/\/i0.wp.com\/www.grieta.org.mx\/wp-content\/uploads\/2018\/03\/14524434_1106112876131411_958039263622046936_o.jpg?resize=350%2C200","width":350,"height":200,"srcset":"https:\/\/i0.wp.com\/www.grieta.org.mx\/wp-content\/uploads\/2018\/03\/14524434_1106112876131411_958039263622046936_o.jpg?resize=350%2C200 1x, https:\/\/i0.wp.com\/www.grieta.org.mx\/wp-content\/uploads\/2018\/03\/14524434_1106112876131411_958039263622046936_o.jpg?resize=525%2C300 1.5x, https:\/\/i0.wp.com\/www.grieta.org.mx\/wp-content\/uploads\/2018\/03\/14524434_1106112876131411_958039263622046936_o.jpg?resize=700%2C400 2x"},"classes":[]},{"id":32091,"url":"http:\/\/www.grieta.org.mx\/index.php\/2019\/04\/10\/entre-consignas-contra-el-mal-gobierno-lanzan-vivas-a-zapata-en-chinameca-morelos\/","url_meta":{"origin":32162,"position":5},"title":"Entre consignas contra el \u201cmal gobierno\u201d, lanzan vivas a Zapata en Chinameca (Morelos)","author":"grieta","date":"10 abril, 2019","format":false,"excerpt":"POR JAIME LUIS BRITO \/ Proceso CHINAMECA, Mor. (apro).- Las consignas contra el \u201cmal gobierno\u201d se confunden con las bandas de guerra y de viento, y los aplausos de los padres de familia de las escuelas de este municipio, cuyos alumnos desfilan cada a\u00f1o para recordar al Caudillo del Sur,\u2026","rel":"","context":"En &quot;CINTILLO&quot;","block_context":{"text":"CINTILLO","link":"http:\/\/www.grieta.org.mx\/index.php\/category\/cintillo\/"},"img":{"alt_text":"","src":"https:\/\/i0.wp.com\/www.grieta.org.mx\/wp-content\/uploads\/2019\/04\/zzz.jpg?resize=350%2C200","width":350,"height":200,"srcset":"https:\/\/i0.wp.com\/www.grieta.org.mx\/wp-content\/uploads\/2019\/04\/zzz.jpg?resize=350%2C200 1x, https:\/\/i0.wp.com\/www.grieta.org.mx\/wp-content\/uploads\/2019\/04\/zzz.jpg?resize=525%2C300 1.5x, https:\/\/i0.wp.com\/www.grieta.org.mx\/wp-content\/uploads\/2019\/04\/zzz.jpg?resize=700%2C400 2x"},"classes":[]}],"_links":{"self":[{"href":"http:\/\/www.grieta.org.mx\/index.php\/wp-json\/wp\/v2\/posts\/32162","targetHints":{"allow":["GET"]}}],"collection":[{"href":"http:\/\/www.grieta.org.mx\/index.php\/wp-json\/wp\/v2\/posts"}],"about":[{"href":"http:\/\/www.grieta.org.mx\/index.php\/wp-json\/wp\/v2\/types\/post"}],"author":[{"embeddable":true,"href":"http:\/\/www.grieta.org.mx\/index.php\/wp-json\/wp\/v2\/users\/2"}],"replies":[{"embeddable":true,"href":"http:\/\/www.grieta.org.mx\/index.php\/wp-json\/wp\/v2\/comments?post=32162"}],"version-history":[{"count":1,"href":"http:\/\/www.grieta.org.mx\/index.php\/wp-json\/wp\/v2\/posts\/32162\/revisions"}],"predecessor-version":[{"id":32165,"href":"http:\/\/www.grieta.org.mx\/index.php\/wp-json\/wp\/v2\/posts\/32162\/revisions\/32165"}],"wp:featuredmedia":[{"embeddable":true,"href":"http:\/\/www.grieta.org.mx\/index.php\/wp-json\/wp\/v2\/media\/32163"}],"wp:attachment":[{"href":"http:\/\/www.grieta.org.mx\/index.php\/wp-json\/wp\/v2\/media?parent=32162"}],"wp:term":[{"taxonomy":"category","embeddable":true,"href":"http:\/\/www.grieta.org.mx\/index.php\/wp-json\/wp\/v2\/categories?post=32162"},{"taxonomy":"post_tag","embeddable":true,"href":"http:\/\/www.grieta.org.mx\/index.php\/wp-json\/wp\/v2\/tags?post=32162"}],"curies":[{"name":"wp","href":"https:\/\/api.w.org\/{rel}","templated":true}]}}