{"id":32159,"date":"2019-04-12T08:02:05","date_gmt":"2019-04-12T13:02:05","guid":{"rendered":"http:\/\/www.grieta.org.mx\/?p=32159"},"modified":"2019-04-13T08:14:49","modified_gmt":"2019-04-13T13:14:49","slug":"se-agudiza-situacion-migrante-en-la-frontera-sur-de-mexico","status":"publish","type":"post","link":"http:\/\/www.grieta.org.mx\/index.php\/2019\/04\/12\/se-agudiza-situacion-migrante-en-la-frontera-sur-de-mexico\/","title":{"rendered":"Se agudiza situaci\u00f3n migrante en la frontera sur de M\u00e9xico"},"content":{"rendered":"<p>Originarios de Centroam\u00e9rica, as\u00ed como del Caribe y pa\u00edses de Asia y \u00c1frica, un n\u00famero desconocido de migrantes se concentra en la frontera sur de M\u00e9xico. Autoridades hablan de miles, aunque sin una cifra exacta.<\/p>\n<p>LA IZQUIERDA DIARIO M\u00c9XICO<\/p>\n<figure id=\"attachment_32160\" aria-describedby=\"caption-attachment-32160\" style=\"width: 600px\" class=\"wp-caption alignleft\"><img loading=\"lazy\" decoding=\"async\" data-attachment-id=\"32160\" data-permalink=\"http:\/\/www.grieta.org.mx\/index.php\/2019\/04\/12\/se-agudiza-situacion-migrante-en-la-frontera-sur-de-mexico\/migrantes-sur\/\" data-orig-file=\"http:\/\/www.grieta.org.mx\/wp-content\/uploads\/2019\/04\/Migrantes-sur.jpg\" data-orig-size=\"701,395\" data-comments-opened=\"0\" data-image-meta=\"{&quot;aperture&quot;:&quot;0&quot;,&quot;credit&quot;:&quot;&quot;,&quot;camera&quot;:&quot;&quot;,&quot;caption&quot;:&quot;&quot;,&quot;created_timestamp&quot;:&quot;0&quot;,&quot;copyright&quot;:&quot;&quot;,&quot;focal_length&quot;:&quot;0&quot;,&quot;iso&quot;:&quot;0&quot;,&quot;shutter_speed&quot;:&quot;0&quot;,&quot;title&quot;:&quot;&quot;,&quot;orientation&quot;:&quot;0&quot;}\" data-image-title=\"Migrantes sur\" data-image-description=\"\" data-image-caption=\"&lt;p&gt;Foto: Cuarto Oscuro&lt;\/p&gt;\n\" data-medium-file=\"http:\/\/www.grieta.org.mx\/wp-content\/uploads\/2019\/04\/Migrantes-sur-300x169.jpg\" data-large-file=\"http:\/\/www.grieta.org.mx\/wp-content\/uploads\/2019\/04\/Migrantes-sur.jpg\" class=\"size-medium wp-image-32160\" src=\"http:\/\/www.grieta.org.mx\/wp-content\/uploads\/2019\/04\/Migrantes-sur-300x169.jpg\" alt=\"\" width=\"600\" height=\"338\" srcset=\"http:\/\/www.grieta.org.mx\/wp-content\/uploads\/2019\/04\/Migrantes-sur-300x169.jpg 300w, http:\/\/www.grieta.org.mx\/wp-content\/uploads\/2019\/04\/Migrantes-sur.jpg 701w\" sizes=\"auto, (max-width: 600px) 100vw, 600px\" \/><figcaption id=\"caption-attachment-32160\" class=\"wp-caption-text\">Foto: Cuarto Oscuro<\/figcaption><\/figure>\n<p>El Instituto Nacional de Migraci\u00f3n (INM) confirm\u00f3 la entrada a M\u00e9xico de un grupo de aproximadamente 350 migrantes centroamericanos, ocurrida la madrugada de este viernes. El grupo logr\u00f3 evadir la reja fronteriza en Ciudad Hidalgo, Chiapas y se reuni\u00f3 con otros migrantes para formar una caravana de aproximadamente 800 integrantes.<\/p>\n<p>Hacia el mediod\u00eda, la caravana avanzaba con direcci\u00f3n a Tapachula, Chiapas.<\/p>\n<p>La informaci\u00f3n circulada por el INM no dej\u00f3 de criminalizar a las y los migrantes, asegurando que su actitud hab\u00eda sido &#8220;hostil&#8221; en todo momento. Tambi\u00e9n los responsabilizaron por la agresi\u00f3n en contra de un polic\u00eda local. Por su parte, prensa de circulaci\u00f3n nacional report\u00f3 el ingreso este viernes de casi tres mil migrantes a trav\u00e9s del puente internacional Rodolfo Robles.<\/p>\n<blockquote><p>&#8220;La madrugada del jueves se report\u00f3 la entrada de otro grupo proveniente de Honduras, El Salvador, Nicaragua y Guatemala, conformado por casi 6 mil migrantes&#8221;.<\/p><\/blockquote>\n<p>Originarios de Centroam\u00e9rica, as\u00ed como del Caribe y pa\u00edses de Asia y \u00c1frica, un n\u00famero desconocido de migrantes se concentra en la frontera sur de M\u00e9xico. Autoridades hablan de miles, aunque sin una cifra exacta.A principios de mes se registraron protestas en donde al menos dos mil migrantes de Hait\u00ed, India, Angola, Camer\u00fan, entre otros pa\u00edses, reclamaron al gobierno de M\u00e9xico la resoluci\u00f3n de sus peticiones de permiso para continuar su camino hacia Estados Unidos.<\/p>\n<p>El gobierno de Andr\u00e9s Manuel L\u00f3pez Obrador, a trav\u00e9s de su Secretar\u00eda de Gobernaci\u00f3n, ha insistido en asegurar que la presencia de miles de migrantes en la frontera sur no podr\u00eda provocar una crisis, al tiempo en que ha calificado la atenci\u00f3n al problema como una cuesti\u00f3n de seguridad nacional.<\/p>\n<p>&#8220;Las cifras de deportaciones por parte del gobierno mexicano han ido en aumento -para benepl\u00e1cito de la Casa Blanca-. Tan s\u00f3lo durante el primer trimestre de 2019, el gobierno de L\u00f3pez Obrador ha realizado casi 30 mil detenciones de migrantes&#8221;.<\/p>\n<p>La situaci\u00f3n de estos miles de trabajadores internacionales trasciende las cifras y los discursos oficiales. Mientras en M\u00e9xico est\u00e1n a merced de un gobierno que en los hechos est\u00e1 funcionando como filtro al servicio de los reclamos estadounidenses, en aqu\u00e9l pa\u00eds la situaci\u00f3n no es mejor.<\/p>\n<p>Este mismo viernes, Donald Trump anunci\u00f3 que su gobierno analiza el traslado de migrantes a distritos de los llamados &#8220;ciudades santuario&#8221;. Esto como represalia ante la negativa que han encontrado las medidas m\u00e1s reaccionarias de su pol\u00edtica antiinmigrante y racista -como el muro fronterizo- en el Congreso de Estados Unidos.<\/p>\n<p>Sin derechos, sin garant\u00edas, sin un registro de cu\u00e1ntos son ni de d\u00f3nde vienen, miles de migrantes que fueron forzados a abandonar sus hogares, huyendo de la precarizaci\u00f3n y la violencia, enfrentan, adem\u00e1s de los peligros del crimen organizado, la indolencia de los gobiernos. La diversificaci\u00f3n de los pa\u00edses de origen de quienes componen estas oleadas migrantes, confirma la magnitud de la crisis provocada por la voracidad capitalista por todo el globo.<\/p>\n<p>De cara a esta situaci\u00f3n, es importante rodear de solidaridad activa a las y los miles de trabajadores internacionales. Contra la detenci\u00f3n y deportaci\u00f3n, as\u00ed como la separaci\u00f3n de familias migrantes. Contra el muro de Trumo y sus pol\u00edticas xen\u00f3fobas y racistas. As\u00ed mismo, se impone la necesidad de poner en pie un movimiento que, por todo el continente, denuncie y enfrente la injerencia imperialista en la regi\u00f3n; por plenos derechos pol\u00edticos y sociales para todas y todos lo migrantes, a la voz de \u00a1Libre tr\u00e1nsito! \u00a1Ning\u00fan ser humano es ilegal!<\/p>\n<p><a href=\"http:\/\/www.laizquierdadiario.mx\/Se-agudiza-situacion-migrante-en-la-frontera-sur-de-Mexico\" rel=\"noopener noreferrer\" target=\"_blank\">http:\/\/www.laizquierdadiario.mx\/Se-agudiza-situacion-migrante-en-la-frontera-sur-de-Mexico<\/a><\/p>\n","protected":false},"excerpt":{"rendered":"<p>Originarios de Centroam\u00e9rica, as\u00ed como del Caribe y pa\u00edses de Asia y \u00c1frica, un n\u00famero desconocido de migrantes se concentra en la frontera sur de M\u00e9xico. Autoridades hablan de miles, &hellip; <a href=\"http:\/\/www.grieta.org.mx\/index.php\/2019\/04\/12\/se-agudiza-situacion-migrante-en-la-frontera-sur-de-mexico\/\" class=\"more-link\">Leer m\u00e1s<\/a><\/p>\n","protected":false},"author":2,"featured_media":32160,"comment_status":"closed","ping_status":"closed","sticky":false,"template":"","format":"standard","meta":{"ngg_post_thumbnail":0,"_jetpack_newsletter_access":"","_jetpack_dont_email_post_to_subs":false,"_jetpack_newsletter_tier_id":0,"_jetpack_memberships_contains_paywalled_content":false,"_jetpack_memberships_contains_paid_content":false,"footnotes":""},"categories":[80,86,83],"tags":[1871,1194,2416],"class_list":["post-32159","post","type-post","status-publish","format-standard","has-post-thumbnail","hentry","category-cintillo","category-migrantes","category-temas-nacionales","tag-caravana-de-migrantes-centroamericanos","tag-criminalizacion-de-migrantes","tag-migrantes-africanos","entry"],"jetpack_featured_media_url":"http:\/\/www.grieta.org.mx\/wp-content\/uploads\/2019\/04\/Migrantes-sur.jpg","jetpack_sharing_enabled":true,"jetpack_shortlink":"https:\/\/wp.me\/p7ZJR4-8mH","jetpack_likes_enabled":false,"jetpack-related-posts":[{"id":30360,"url":"http:\/\/www.grieta.org.mx\/index.php\/2019\/03\/07\/hay-en-baja-california-mil-250-centroamericanos-de-la-tercera-caravana-de-migrantes\/","url_meta":{"origin":32159,"position":0},"title":"Hay en Baja California mil 250 centroamericanos de la tercera caravana de migrantes","author":"grieta","date":"7 marzo, 2019","format":false,"excerpt":"Lindero Norte. Antonio Heras, Mexicali.- En el nuevo \u00e9xodo de centroamericanos a la frontera noroeste de M\u00e9xico se reportan mil 250 migrantes que solicitar\u00e1n asilo pol\u00edtico al gobierno de Estados Unidos. En Mexicali se encuentran 900 personas y 350 en Tijuana Durante este mi\u00e9rcoles llegaron a Mexicali 357 integrantes de\u2026","rel":"","context":"En &quot;Baja California&quot;","block_context":{"text":"Baja California","link":"http:\/\/www.grieta.org.mx\/index.php\/category\/noticias-nacionales\/baja-california\/"},"img":{"alt_text":"","src":"https:\/\/i0.wp.com\/www.grieta.org.mx\/wp-content\/uploads\/2018\/03\/14524434_1106112876131411_958039263622046936_o.jpg?resize=350%2C200","width":350,"height":200,"srcset":"https:\/\/i0.wp.com\/www.grieta.org.mx\/wp-content\/uploads\/2018\/03\/14524434_1106112876131411_958039263622046936_o.jpg?resize=350%2C200 1x, https:\/\/i0.wp.com\/www.grieta.org.mx\/wp-content\/uploads\/2018\/03\/14524434_1106112876131411_958039263622046936_o.jpg?resize=525%2C300 1.5x, https:\/\/i0.wp.com\/www.grieta.org.mx\/wp-content\/uploads\/2018\/03\/14524434_1106112876131411_958039263622046936_o.jpg?resize=700%2C400 2x"},"classes":[]},{"id":34812,"url":"http:\/\/www.grieta.org.mx\/index.php\/2019\/06\/14\/los-sacrificados-del-acuerdo-con-trump\/","url_meta":{"origin":32159,"position":1},"title":"Los sacrificados del acuerdo con Trump","author":"grieta","date":"14 junio, 2019","format":false,"excerpt":"Alejandro Sald\u00edvar Y Mathieu Tourliere CIUDAD DE M\u00c9XICO (Proceso TV).- A cambio de evitar la arbitraria imposici\u00f3n de un arancel de 5% a sus exportaciones hacia Estados Unidos, M\u00e9xico acept\u00f3 el pasado viernes 7 frenar el \u00e9xodo centroamericano y convertirse de facto en un \u201ctercer pa\u00eds seguro\u201d para retener aqu\u00ed\u2026","rel":"","context":"En &quot;CINTILLO&quot;","block_context":{"text":"CINTILLO","link":"http:\/\/www.grieta.org.mx\/index.php\/category\/cintillo\/"},"img":{"alt_text":"","src":"https:\/\/i0.wp.com\/www.grieta.org.mx\/wp-content\/uploads\/2019\/06\/Trump-v%C3%ADctimas.jpg?resize=350%2C200","width":350,"height":200},"classes":[]},{"id":32442,"url":"http:\/\/www.grieta.org.mx\/index.php\/2019\/04\/23\/detienen-con-brutalidad-a-cientos-de-migrantes-en-mexico\/","url_meta":{"origin":32159,"position":2},"title":"Detienen con brutalidad a cientos de migrantes en M\u00e9xico","author":"grieta","date":"23 abril, 2019","format":false,"excerpt":"SPUNIK https:\/\/video.img.ria.ru\/Out\/Flv\/20190423\/2019_04_23_Mexico16x9_ohkm5ptu.bmv.mp4 Cientos de migrantes fueron detenidos por la Polic\u00eda mexicana y agentes de inmigraci\u00f3n durante una redada sorpresa sobre una caravana en el estado de Chiapas. Hombres, mujeres y ni\u00f1os estaban descansando a las afueras de la ciudad de Pijijiapan cuando las autoridades que patrullaban la zona comenzaron a\u2026","rel":"","context":"En &quot;CINTILLO&quot;","block_context":{"text":"CINTILLO","link":"http:\/\/www.grieta.org.mx\/index.php\/category\/cintillo\/"},"img":{"alt_text":"","src":"https:\/\/i0.wp.com\/www.grieta.org.mx\/wp-content\/uploads\/2018\/03\/14524434_1106112876131411_958039263622046936_o.jpg?resize=350%2C200","width":350,"height":200,"srcset":"https:\/\/i0.wp.com\/www.grieta.org.mx\/wp-content\/uploads\/2018\/03\/14524434_1106112876131411_958039263622046936_o.jpg?resize=350%2C200 1x, https:\/\/i0.wp.com\/www.grieta.org.mx\/wp-content\/uploads\/2018\/03\/14524434_1106112876131411_958039263622046936_o.jpg?resize=525%2C300 1.5x, https:\/\/i0.wp.com\/www.grieta.org.mx\/wp-content\/uploads\/2018\/03\/14524434_1106112876131411_958039263622046936_o.jpg?resize=700%2C400 2x"},"classes":[]},{"id":27552,"url":"http:\/\/www.grieta.org.mx\/index.php\/2018\/11\/06\/pisa-oaxaca-segunda-caravana-de-migrantes\/","url_meta":{"origin":32159,"position":3},"title":"Pisa Oaxaca segunda caravana de migrantes","author":"grieta","date":"6 noviembre, 2018","format":false,"excerpt":"Noticias. Miguel Angel, Un grupo de mil 500 migrantes centroamericanos ingres\u00f3 ayer a territorio oaxaque\u00f1o, pasando la noche en San Pedro Tapanatepec, de acuerdo a Francisco Garc\u00eda L\u00f3pez, representante de la Secretar\u00eda General de Gobierno (Segego) en el Istmo de Tehuantepec. Se espera que hoy se trasladen rumbo a la\u2026","rel":"","context":"En &quot;Caravanas de poblaciones migrantes en Oaxaca&quot;","block_context":{"text":"Caravanas de poblaciones migrantes en Oaxaca","link":"http:\/\/www.grieta.org.mx\/index.php\/category\/noticias-nacionales\/oaxaca\/caravanas-de-poblaciones-migrantes-en-oaxaca\/"},"img":{"alt_text":"","src":"https:\/\/i0.wp.com\/www.grieta.org.mx\/wp-content\/uploads\/2018\/11\/image_24_246.jpg?resize=350%2C200","width":350,"height":200,"srcset":"https:\/\/i0.wp.com\/www.grieta.org.mx\/wp-content\/uploads\/2018\/11\/image_24_246.jpg?resize=350%2C200 1x, https:\/\/i0.wp.com\/www.grieta.org.mx\/wp-content\/uploads\/2018\/11\/image_24_246.jpg?resize=525%2C300 1.5x, https:\/\/i0.wp.com\/www.grieta.org.mx\/wp-content\/uploads\/2018\/11\/image_24_246.jpg?resize=700%2C400 2x, https:\/\/i0.wp.com\/www.grieta.org.mx\/wp-content\/uploads\/2018\/11\/image_24_246.jpg?resize=1050%2C600 3x"},"classes":[]},{"id":36478,"url":"http:\/\/www.grieta.org.mx\/index.php\/2019\/07\/12\/flujo-migratorio-no-cesa-en-el-sur-de-veracruz-pese-a-los-operativos\/","url_meta":{"origin":32159,"position":4},"title":"Flujo migratorio no cesa en el sur de Veracruz, pese a los operativos","author":"grieta","date":"12 julio, 2019","format":false,"excerpt":"Noem\u00ed Garc\u00eda \/ Imagen del Golfo A pesar de los operativos que se han implementado en la frontera sur de M\u00e9xico, para contener el flujo migratorio hacia Estados Unidos, durante esta semana aument\u00f3 la presencia de adolescentes e incluso familias completas procedentes de otros pa\u00edses de Centroam\u00e9rica por este municipio.\u2026","rel":"","context":"En &quot;Caravana de poblaciones migrantes en Veracruz&quot;","block_context":{"text":"Caravana de poblaciones migrantes en Veracruz","link":"http:\/\/www.grieta.org.mx\/index.php\/category\/noticias-nacionales\/veracruz\/caravana-de-poblaciones-migrantes-en-veracruz\/"},"img":{"alt_text":"","src":"https:\/\/i0.wp.com\/www.grieta.org.mx\/wp-content\/uploads\/2019\/07\/568752_d.jpg?resize=350%2C200","width":350,"height":200,"srcset":"https:\/\/i0.wp.com\/www.grieta.org.mx\/wp-content\/uploads\/2019\/07\/568752_d.jpg?resize=350%2C200 1x, https:\/\/i0.wp.com\/www.grieta.org.mx\/wp-content\/uploads\/2019\/07\/568752_d.jpg?resize=525%2C300 1.5x"},"classes":[]},{"id":43355,"url":"http:\/\/www.grieta.org.mx\/index.php\/2020\/01\/21\/cientos-de-migrantes-se-enfrentan-con-la-guardia-nacional-mexicana-tras-cruzar-el-rio-suchiate\/","url_meta":{"origin":32159,"position":5},"title":"Cientos de migrantes se enfrentan con la Guardia Nacional mexicana tras cruzar el r\u00edo Suchiate","author":"grieta","date":"21 enero, 2020","format":false,"excerpt":"Los centroamericanos intentan cruzar la frontera ante la falta de respuesta de L\u00f3pez Obrador al pedido de que se les deje transitar hacia Estados Unidos Agentes mexicanos impiden la entrada de migrantes en la frontera, entre Guatemala y M\u00e9xico. En video, agentes migratorios detienen migrantes en las carreteras de Tabasco\u2026","rel":"","context":"En &quot;CINTILLO&quot;","block_context":{"text":"CINTILLO","link":"http:\/\/www.grieta.org.mx\/index.php\/category\/cintillo\/"},"img":{"alt_text":"","src":"https:\/\/i0.wp.com\/www.grieta.org.mx\/wp-content\/uploads\/2018\/03\/14524434_1106112876131411_958039263622046936_o.jpg?resize=350%2C200","width":350,"height":200,"srcset":"https:\/\/i0.wp.com\/www.grieta.org.mx\/wp-content\/uploads\/2018\/03\/14524434_1106112876131411_958039263622046936_o.jpg?resize=350%2C200 1x, https:\/\/i0.wp.com\/www.grieta.org.mx\/wp-content\/uploads\/2018\/03\/14524434_1106112876131411_958039263622046936_o.jpg?resize=525%2C300 1.5x, https:\/\/i0.wp.com\/www.grieta.org.mx\/wp-content\/uploads\/2018\/03\/14524434_1106112876131411_958039263622046936_o.jpg?resize=700%2C400 2x"},"classes":[]}],"_links":{"self":[{"href":"http:\/\/www.grieta.org.mx\/index.php\/wp-json\/wp\/v2\/posts\/32159","targetHints":{"allow":["GET"]}}],"collection":[{"href":"http:\/\/www.grieta.org.mx\/index.php\/wp-json\/wp\/v2\/posts"}],"about":[{"href":"http:\/\/www.grieta.org.mx\/index.php\/wp-json\/wp\/v2\/types\/post"}],"author":[{"embeddable":true,"href":"http:\/\/www.grieta.org.mx\/index.php\/wp-json\/wp\/v2\/users\/2"}],"replies":[{"embeddable":true,"href":"http:\/\/www.grieta.org.mx\/index.php\/wp-json\/wp\/v2\/comments?post=32159"}],"version-history":[{"count":1,"href":"http:\/\/www.grieta.org.mx\/index.php\/wp-json\/wp\/v2\/posts\/32159\/revisions"}],"predecessor-version":[{"id":32161,"href":"http:\/\/www.grieta.org.mx\/index.php\/wp-json\/wp\/v2\/posts\/32159\/revisions\/32161"}],"wp:featuredmedia":[{"embeddable":true,"href":"http:\/\/www.grieta.org.mx\/index.php\/wp-json\/wp\/v2\/media\/32160"}],"wp:attachment":[{"href":"http:\/\/www.grieta.org.mx\/index.php\/wp-json\/wp\/v2\/media?parent=32159"}],"wp:term":[{"taxonomy":"category","embeddable":true,"href":"http:\/\/www.grieta.org.mx\/index.php\/wp-json\/wp\/v2\/categories?post=32159"},{"taxonomy":"post_tag","embeddable":true,"href":"http:\/\/www.grieta.org.mx\/index.php\/wp-json\/wp\/v2\/tags?post=32159"}],"curies":[{"name":"wp","href":"https:\/\/api.w.org\/{rel}","templated":true}]}}