{"id":3204,"date":"2015-06-28T13:29:22","date_gmt":"2015-06-28T13:29:22","guid":{"rendered":"http:\/\/50.22.11.12\/~grietaor\/?p=3204"},"modified":"2016-04-25T00:08:29","modified_gmt":"2016-04-25T00:08:29","slug":"se-unen-agrupaciones-de-maestros-para-oponerse-a-la-evaluacion","status":"publish","type":"post","link":"http:\/\/www.grieta.org.mx\/index.php\/2015\/06\/28\/se-unen-agrupaciones-de-maestros-para-oponerse-a-la-evaluacion\/","title":{"rendered":"Se unen agrupaciones de maestros para oponerse a la evaluaci\u00f3n"},"content":{"rendered":"<p>Elizabeth Rivera<\/p>\n<p>La Asamblea Magisterial Democr\u00e1tica (AMD) acord\u00f3 este s\u00e1bado que no van participar en el examen de evaluaci\u00f3n que la Secretar\u00eda de Educaci\u00f3n P\u00fablica (SEP) planea realizar en septiembre pr\u00f3ximo.<\/p>\n<p>Norma Alicia Camacho Guti\u00e9rrez, integrante de la asamblea y maestra del programa Secundaria a Distancia para Adultos (SEA) en Guadalajara, inform\u00f3 que ese fue uno de los tres principales puntos tomados en la reuni\u00f3n efectuada en un sal\u00f3n de un hotel de la zona centro.<\/p>\n<p>\u201cNosotros manifestamos reiteradamente nuestro rechazo a la evaluaci\u00f3n por ser punitiva, porque busca prioritariamente el despido de los trabajadores, de los maestros; es la esencia de esa mentada evaluaci\u00f3n. No busca mejorar el sistema educativo, busca el despido masivo de maestros\u201d, afirm\u00f3 la maestra.<\/p>\n<p>El rechazo a la evaluaci\u00f3n, tomado en consenso por el gremio magisterial, se llevar\u00e1 a las distintas regiones de Jalisco.<\/p>\n<p>David Guzm\u00e1n, maestro de Telesecundaria en el municipio de San Crist\u00f3bal de la Barranca, coment\u00f3 que una evaluaci\u00f3n justa los debe de tomar en cuenta y les debe de dar a conocer el resultado, basado en el principio de la transparencia.<\/p>\n<p>\u201cComo hemos visto, la evaluaci\u00f3n va con todo y para todos, como una de las reformas estructurales impulsadas entre otras que ya se est\u00e1n aplicando al 100%. Nosotros estamos en contra de la evaluaci\u00f3n por ser en parte inconstitucional, o en parte por no tener las bases fundamentales para que sea en condiciones m\u00e1s justas para todos; en donde hay muchos carencias, necesidades, frustraciones magisteriales, familiares, en fin, un sinn\u00famero de factores que tienen que evaluarse. En realidad una evaluaci\u00f3n tiene que ser bien planeada y bien fundamentada y transparente, no nada m\u00e1s evaluar por evaluar\u201d, indic\u00f3 el profesor.<\/p>\n<p>Otros dos puntos que se pactaron son la defensa de los derechos de los trabajadores y la protecci\u00f3n de la escuela p\u00fablica. \u201cEso es prioritario como movimiento, como Frente Jalisciense\u201d, asever\u00f3 la profesora Norma Alicia Camacho.<\/p>\n<p>Por su lado, Juan Carlos Banderas Renter\u00eda comunic\u00f3 que en la reuni\u00f3n realizada ayer hubo presencia de 168 maestros de todo en estado de Jalisco: de Puerto Vallarta y de las regiones Sur de Ciudad Guzm\u00e1n, Altos Norte, Ci\u00e9nega, Valles, Centro y se sumaron otras organizaciones, entre ellas de los Trabajadores de Secundaria a Distancia para Adultos (SEA) Red Isaki, as\u00ed como maestros de los colegios de Bachilleres (Cobaej) y de Estudios Cient\u00edficos y Tecnol\u00f3gicos (Cecitej), de la Coordinadora Nacional de Trabajadores de la Educaci\u00f3n (CNTE), grupos de jubilados, entre otros.<\/p>\n<p>Tambi\u00e9n se aprob\u00f3 formar un Frente que provisionalmente se le dar\u00e1 el nombre de la Asamblea Democr\u00e1tica.<\/p>\n<p>\u201cHoy se reconoce como el referente m\u00e1s grande a nivel nacional de la lucha por la defensa de la escuela p\u00fablica y de los derechos de los trabajadores a la Coordinadora Nacional de Trabajadores de la Educaci\u00f3n\u201d, explic\u00f3 Banderas Renter\u00eda.<\/p>\n<p>El Frente de Jalisco dijo que se sumar\u00e1 a las acciones que emprenda la CNTE y que se tomar\u00e1n este domingo en la ciudad de M\u00e9xico.<\/p>\n<p>El acuerdo se tom\u00f3 este s\u00e1bado en la asamblea estatal en donde tambi\u00e9n se decidi\u00f3 efectuar una gran marcha el pr\u00f3ximo s\u00e1bado 4 de julio, a las 10:00 horas, con punto de partida en la sede de Televisa Guadalajara, en Alemania y Enrique D\u00edaz de Le\u00f3n y arribo a Palacio de Gobierno.<\/p>\n<p>\u201cTelevisa ha iniciado hace a\u00f1os una campa\u00f1a medi\u00e1tica contra el maestro \u2018que es el \u00fanico responsable de los malos aprendizajes\u00b4. Hoy nosotros sabemos que Televisa miente, que en el aprendizaje influyen muchos factores\u201d, explic\u00f3 Juan Carlos Banderas.<\/p>\n<p>La movilizaci\u00f3n pretende reunir a \u201cmiles\u201d de profesores y se har\u00e1 en s\u00e1bado para no afectar el cierre de clases del ciclo escolar.<\/p>\n<p><a href=\"http:\/\/lajornadajalisco.com.mx\/2015\/06\/se-unen-agrupaciones-de-maestros-para-oponerse-a-la-evaluacion\/\" target=\"_blank\">http:\/\/lajornadajalisco.com.mx\/2015\/06\/se-unen-agrupaciones-de-maestros-para-oponerse-a-la-evaluacion\/<\/a><\/p>\n","protected":false},"excerpt":{"rendered":"<p>Elizabeth Rivera La Asamblea Magisterial Democr\u00e1tica (AMD) acord\u00f3 este s\u00e1bado que no van participar en el examen de evaluaci\u00f3n que la Secretar\u00eda de Educaci\u00f3n P\u00fablica (SEP) planea realizar en septiembre &hellip; <a href=\"http:\/\/www.grieta.org.mx\/index.php\/2015\/06\/28\/se-unen-agrupaciones-de-maestros-para-oponerse-a-la-evaluacion\/\" class=\"more-link\">Leer m\u00e1s<\/a><\/p>\n","protected":false},"author":2,"featured_media":21928,"comment_status":"closed","ping_status":"open","sticky":false,"template":"","format":"standard","meta":{"ngg_post_thumbnail":0,"_jetpack_newsletter_access":"","_jetpack_dont_email_post_to_subs":false,"_jetpack_newsletter_tier_id":0,"_jetpack_memberships_contains_paywalled_content":false,"_jetpack_memberships_contains_paid_content":false,"footnotes":""},"categories":[80,230],"tags":[107,133,135],"class_list":["post-3204","post","type-post","status-publish","format-standard","has-post-thumbnail","hentry","category-cintillo","category-jalisco","tag-educacion","tag-maestros","tag-reforma-educativa","entry"],"jetpack_featured_media_url":"http:\/\/www.grieta.org.mx\/wp-content\/uploads\/2018\/03\/14524434_1106112876131411_958039263622046936_o.jpg","jetpack_sharing_enabled":true,"jetpack_shortlink":"https:\/\/wp.me\/p7ZJR4-PG","jetpack_likes_enabled":false,"jetpack-related-posts":[{"id":2211,"url":"http:\/\/www.grieta.org.mx\/index.php\/2016\/03\/09\/maestros-protestan-y-encierran-a-vela\/","url_meta":{"origin":3204,"position":0},"title":"Maestros protestan y \u2018encierran\u2019 a Vela","author":"grieta","date":"9 marzo, 2016","format":false,"excerpt":"La Secretar\u00eda de Educaci\u00f3n admiti\u00f3 la suspensi\u00f3n de clases en 45 escuelas Miles de maestros, estudiantes y padres de familia marcharon desde el lugar donde se juntan el bulevar Domingo Arrieta y la vialidad Dolores del R\u00edo a las instalaciones de la Secretar\u00eda de Educaci\u00f3n del Estado (SEED) para oponerse\u2026","rel":"","context":"En &quot;CINTILLO&quot;","block_context":{"text":"CINTILLO","link":"http:\/\/www.grieta.org.mx\/index.php\/category\/cintillo\/"},"img":{"alt_text":"","src":"https:\/\/i0.wp.com\/www.grieta.org.mx\/wp-content\/uploads\/2018\/03\/14524434_1106112876131411_958039263622046936_o.jpg?resize=350%2C200","width":350,"height":200,"srcset":"https:\/\/i0.wp.com\/www.grieta.org.mx\/wp-content\/uploads\/2018\/03\/14524434_1106112876131411_958039263622046936_o.jpg?resize=350%2C200 1x, https:\/\/i0.wp.com\/www.grieta.org.mx\/wp-content\/uploads\/2018\/03\/14524434_1106112876131411_958039263622046936_o.jpg?resize=525%2C300 1.5x, https:\/\/i0.wp.com\/www.grieta.org.mx\/wp-content\/uploads\/2018\/03\/14524434_1106112876131411_958039263622046936_o.jpg?resize=700%2C400 2x"},"classes":[]},{"id":3908,"url":"http:\/\/www.grieta.org.mx\/index.php\/2016\/03\/18\/padres-de-familia-protestan-por-despido-de-maestros\/","url_meta":{"origin":3204,"position":1},"title":"Padres de familia protestan por despido de maestros","author":"grieta","date":"18 marzo, 2016","format":false,"excerpt":"Los paterfamilias exigieron con pancartas que se mantenga en sus puestos a los docentes. Daniel Pacheco\/SIPSE PLAYA DEL CARMEN, Q. Roo.- Padres de familia de la escuela primaria \u2018Maestro Mexicano\u2019, ubicada en la colonia Ejido de Playa del Carmen, se manifestaron ayer por el despido de una maestra que se\u2026","rel":"","context":"En &quot;CINTILLO&quot;","block_context":{"text":"CINTILLO","link":"http:\/\/www.grieta.org.mx\/index.php\/category\/cintillo\/"},"img":{"alt_text":"","src":"https:\/\/i0.wp.com\/www.grieta.org.mx\/wp-content\/uploads\/2018\/03\/14524434_1106112876131411_958039263622046936_o.jpg?resize=350%2C200","width":350,"height":200,"srcset":"https:\/\/i0.wp.com\/www.grieta.org.mx\/wp-content\/uploads\/2018\/03\/14524434_1106112876131411_958039263622046936_o.jpg?resize=350%2C200 1x, https:\/\/i0.wp.com\/www.grieta.org.mx\/wp-content\/uploads\/2018\/03\/14524434_1106112876131411_958039263622046936_o.jpg?resize=525%2C300 1.5x, https:\/\/i0.wp.com\/www.grieta.org.mx\/wp-content\/uploads\/2018\/03\/14524434_1106112876131411_958039263622046936_o.jpg?resize=700%2C400 2x"},"classes":[]},{"id":3173,"url":"http:\/\/www.grieta.org.mx\/index.php\/2016\/02\/25\/entierran-maestros-reforma-educativa\/","url_meta":{"origin":3204,"position":2},"title":"\u2018Entierran\u2019 maestros reforma educativa","author":"grieta","date":"25 febrero, 2016","format":false,"excerpt":"por Tania Yareli Casillas La reforma educativa en M\u00e9xico es una reforma laboral y administrativa, que atenta contra los derechos del magisterio, enfatizaron cerca de 100 maestros que marcharon ayer desde el Parque Revoluci\u00f3n hasta la Plaza Liberaci\u00f3n en el Centro de la ciudad. El profesor Juan Ubaldo Guevara, que\u2026","rel":"","context":"En &quot;CINTILLO&quot;","block_context":{"text":"CINTILLO","link":"http:\/\/www.grieta.org.mx\/index.php\/category\/cintillo\/"},"img":{"alt_text":"","src":"https:\/\/i0.wp.com\/www.grieta.org.mx\/wp-content\/uploads\/2018\/03\/14524434_1106112876131411_958039263622046936_o.jpg?resize=350%2C200","width":350,"height":200,"srcset":"https:\/\/i0.wp.com\/www.grieta.org.mx\/wp-content\/uploads\/2018\/03\/14524434_1106112876131411_958039263622046936_o.jpg?resize=350%2C200 1x, https:\/\/i0.wp.com\/www.grieta.org.mx\/wp-content\/uploads\/2018\/03\/14524434_1106112876131411_958039263622046936_o.jpg?resize=525%2C300 1.5x, https:\/\/i0.wp.com\/www.grieta.org.mx\/wp-content\/uploads\/2018\/03\/14524434_1106112876131411_958039263622046936_o.jpg?resize=700%2C400 2x"},"classes":[]},{"id":20853,"url":"http:\/\/www.grieta.org.mx\/index.php\/2016\/09\/02\/demandan-en-marcha-reinstalacion-de-maestros-despedidos-morelos\/","url_meta":{"origin":3204,"position":3},"title":"Demandan en marcha reinstalaci\u00f3n de maestros despedidos (MORELOS)","author":"grieta","date":"2 septiembre, 2016","format":false,"excerpt":"Tlaulli Preciado, Morelos. Como parte de las acciones nacionales, maestros de Morelos volvieron a salir este jueves a las calles de Cuernavaca para demandar la abrogaci\u00f3n de la reforma educativa y exigir la reinstalaci\u00f3n de los 25 profesores de la entidad cesados por no haber presentado la evaluaci\u00f3n de permanencia.\u2026","rel":"","context":"En &quot;CINTILLO&quot;","block_context":{"text":"CINTILLO","link":"http:\/\/www.grieta.org.mx\/index.php\/category\/cintillo\/"},"img":{"alt_text":"","src":"https:\/\/i0.wp.com\/www.grieta.org.mx\/wp-content\/uploads\/2018\/03\/14524434_1106112876131411_958039263622046936_o.jpg?resize=350%2C200","width":350,"height":200,"srcset":"https:\/\/i0.wp.com\/www.grieta.org.mx\/wp-content\/uploads\/2018\/03\/14524434_1106112876131411_958039263622046936_o.jpg?resize=350%2C200 1x, https:\/\/i0.wp.com\/www.grieta.org.mx\/wp-content\/uploads\/2018\/03\/14524434_1106112876131411_958039263622046936_o.jpg?resize=525%2C300 1.5x, https:\/\/i0.wp.com\/www.grieta.org.mx\/wp-content\/uploads\/2018\/03\/14524434_1106112876131411_958039263622046936_o.jpg?resize=700%2C400 2x"},"classes":[]},{"id":3590,"url":"http:\/\/www.grieta.org.mx\/index.php\/2016\/06\/20\/maestros-protestan-contra-la-evaluacion-del-magisterio-en-quintana-roo\/","url_meta":{"origin":3204,"position":4},"title":"Movilizaciones contra la Reforma Educativa y la evaluaci\u00f3n magisterial en Quintana Roo","author":"grieta","date":"20 junio, 2016","format":false,"excerpt":"20\/06\/16. Condenan colectivos y magisterio de Canc\u00fan represi\u00f3n en OaxacaIQ Canc\u00fan 16\/06\/16. Padres de familia cierran escuela primaria en Chetumal; no reconocen calificaciones de maestro cesado y los ni\u00f1os pierdenNoticaribe 14\/04\/16. Presentan queja formal contra intimidaci\u00f3n a ni\u00f1osSipse 14\/04\/16. Maestros despedidos pondr\u00e1n demanda contra la SEyCSipse 18\/03\/16. Padres de familia\u2026","rel":"","context":"En &quot;NOTICIAS NACIONALES&quot;","block_context":{"text":"NOTICIAS NACIONALES","link":"http:\/\/www.grieta.org.mx\/index.php\/category\/noticias-nacionales\/"},"img":{"alt_text":"","src":"https:\/\/i0.wp.com\/www.grieta.org.mx\/wp-content\/uploads\/2018\/03\/14524434_1106112876131411_958039263622046936_o.jpg?resize=350%2C200","width":350,"height":200,"srcset":"https:\/\/i0.wp.com\/www.grieta.org.mx\/wp-content\/uploads\/2018\/03\/14524434_1106112876131411_958039263622046936_o.jpg?resize=350%2C200 1x, https:\/\/i0.wp.com\/www.grieta.org.mx\/wp-content\/uploads\/2018\/03\/14524434_1106112876131411_958039263622046936_o.jpg?resize=525%2C300 1.5x, https:\/\/i0.wp.com\/www.grieta.org.mx\/wp-content\/uploads\/2018\/03\/14524434_1106112876131411_958039263622046936_o.jpg?resize=700%2C400 2x"},"classes":[]},{"id":3549,"url":"http:\/\/www.grieta.org.mx\/index.php\/2016\/03\/11\/notifican-de-cese-a-24-de-26-maestros-que-no-aplicaron-la-evaluacion-docente\/","url_meta":{"origin":3204,"position":5},"title":"Notifican de cese a 24 de 26 maestros que no aplicaron la evaluaci\u00f3n docente","author":"grieta","date":"11 marzo, 2016","format":false,"excerpt":"Por: MART\u00cdN CATAL\u00c1N LERMA marzo 11, 2016 Otros 70 profesores no realizaron la prueba y no fueron separados del cargo: Montoya ? Continuar\u00e1n con toma de la Seduzac hasta que haya una mesa de di\u00e1logo con el gobernador La Secretar\u00eda de Educaci\u00f3n de Zacatecas (Seduzac) entreg\u00f3 notificaciones de cese a\u2026","rel":"","context":"En &quot;CINTILLO&quot;","block_context":{"text":"CINTILLO","link":"http:\/\/www.grieta.org.mx\/index.php\/category\/cintillo\/"},"img":{"alt_text":"","src":"https:\/\/i0.wp.com\/www.grieta.org.mx\/wp-content\/uploads\/2018\/03\/14524434_1106112876131411_958039263622046936_o.jpg?resize=350%2C200","width":350,"height":200,"srcset":"https:\/\/i0.wp.com\/www.grieta.org.mx\/wp-content\/uploads\/2018\/03\/14524434_1106112876131411_958039263622046936_o.jpg?resize=350%2C200 1x, https:\/\/i0.wp.com\/www.grieta.org.mx\/wp-content\/uploads\/2018\/03\/14524434_1106112876131411_958039263622046936_o.jpg?resize=525%2C300 1.5x, https:\/\/i0.wp.com\/www.grieta.org.mx\/wp-content\/uploads\/2018\/03\/14524434_1106112876131411_958039263622046936_o.jpg?resize=700%2C400 2x"},"classes":[]}],"_links":{"self":[{"href":"http:\/\/www.grieta.org.mx\/index.php\/wp-json\/wp\/v2\/posts\/3204","targetHints":{"allow":["GET"]}}],"collection":[{"href":"http:\/\/www.grieta.org.mx\/index.php\/wp-json\/wp\/v2\/posts"}],"about":[{"href":"http:\/\/www.grieta.org.mx\/index.php\/wp-json\/wp\/v2\/types\/post"}],"author":[{"embeddable":true,"href":"http:\/\/www.grieta.org.mx\/index.php\/wp-json\/wp\/v2\/users\/2"}],"replies":[{"embeddable":true,"href":"http:\/\/www.grieta.org.mx\/index.php\/wp-json\/wp\/v2\/comments?post=3204"}],"version-history":[{"count":1,"href":"http:\/\/www.grieta.org.mx\/index.php\/wp-json\/wp\/v2\/posts\/3204\/revisions"}],"predecessor-version":[{"id":10801,"href":"http:\/\/www.grieta.org.mx\/index.php\/wp-json\/wp\/v2\/posts\/3204\/revisions\/10801"}],"wp:featuredmedia":[{"embeddable":true,"href":"http:\/\/www.grieta.org.mx\/index.php\/wp-json\/wp\/v2\/media\/21928"}],"wp:attachment":[{"href":"http:\/\/www.grieta.org.mx\/index.php\/wp-json\/wp\/v2\/media?parent=3204"}],"wp:term":[{"taxonomy":"category","embeddable":true,"href":"http:\/\/www.grieta.org.mx\/index.php\/wp-json\/wp\/v2\/categories?post=3204"},{"taxonomy":"post_tag","embeddable":true,"href":"http:\/\/www.grieta.org.mx\/index.php\/wp-json\/wp\/v2\/tags?post=3204"}],"curies":[{"name":"wp","href":"https:\/\/api.w.org\/{rel}","templated":true}]}}