{"id":31999,"date":"2019-04-08T00:14:10","date_gmt":"2019-04-08T05:14:10","guid":{"rendered":"http:\/\/www.grieta.org.mx\/?p=31999"},"modified":"2019-04-11T00:18:39","modified_gmt":"2019-04-11T05:18:39","slug":"maestros-se-manifiestan-frente-a-sege-por-suspension-de-programa-de-ingles-san-luis-potosi","status":"publish","type":"post","link":"http:\/\/www.grieta.org.mx\/index.php\/2019\/04\/08\/maestros-se-manifiestan-frente-a-sege-por-suspension-de-programa-de-ingles-san-luis-potosi\/","title":{"rendered":"Maestros se manifiestan frente a SEGE por suspensi\u00f3n de programa de ingl\u00e9s (San Luis Potos\u00ed)"},"content":{"rendered":"<p><img loading=\"lazy\" decoding=\"async\" data-attachment-id=\"32000\" data-permalink=\"http:\/\/www.grieta.org.mx\/index.php\/2019\/04\/08\/maestros-se-manifiestan-frente-a-sege-por-suspension-de-programa-de-ingles-san-luis-potosi\/maestros-se-manifiestan-frente-a-sege-por-suspension-de-programa-de-ingles-slp-abr\/\" data-orig-file=\"http:\/\/www.grieta.org.mx\/wp-content\/uploads\/2019\/04\/Maestros-se-manifiestan-frente-a-SEGE-por-suspensi\u00f3n-de-programa-de-ingl\u00e9s-slp-abr.jpg\" data-orig-size=\"768,479\" data-comments-opened=\"0\" data-image-meta=\"{&quot;aperture&quot;:&quot;0&quot;,&quot;credit&quot;:&quot;&quot;,&quot;camera&quot;:&quot;&quot;,&quot;caption&quot;:&quot;&quot;,&quot;created_timestamp&quot;:&quot;0&quot;,&quot;copyright&quot;:&quot;&quot;,&quot;focal_length&quot;:&quot;0&quot;,&quot;iso&quot;:&quot;0&quot;,&quot;shutter_speed&quot;:&quot;0&quot;,&quot;title&quot;:&quot;&quot;,&quot;orientation&quot;:&quot;0&quot;}\" data-image-title=\"Maestros se manifiestan frente a SEGE por suspensi\u00f3n de programa de ingl\u00e9s slp abr\" data-image-description=\"\" data-image-caption=\"\" data-medium-file=\"http:\/\/www.grieta.org.mx\/wp-content\/uploads\/2019\/04\/Maestros-se-manifiestan-frente-a-SEGE-por-suspensi\u00f3n-de-programa-de-ingl\u00e9s-slp-abr-300x187.jpg\" data-large-file=\"http:\/\/www.grieta.org.mx\/wp-content\/uploads\/2019\/04\/Maestros-se-manifiestan-frente-a-SEGE-por-suspensi\u00f3n-de-programa-de-ingl\u00e9s-slp-abr.jpg\" class=\"alignleft  wp-image-32000\" src=\"http:\/\/www.grieta.org.mx\/wp-content\/uploads\/2019\/04\/Maestros-se-manifiestan-frente-a-SEGE-por-suspensi\u00f3n-de-programa-de-ingl\u00e9s-slp-abr-300x187.jpg\" alt=\"\" width=\"398\" height=\"248\" srcset=\"http:\/\/www.grieta.org.mx\/wp-content\/uploads\/2019\/04\/Maestros-se-manifiestan-frente-a-SEGE-por-suspensi\u00f3n-de-programa-de-ingl\u00e9s-slp-abr-300x187.jpg 300w, http:\/\/www.grieta.org.mx\/wp-content\/uploads\/2019\/04\/Maestros-se-manifiestan-frente-a-SEGE-por-suspensi\u00f3n-de-programa-de-ingl\u00e9s-slp-abr.jpg 768w\" sizes=\"auto, (max-width: 398px) 100vw, 398px\" \/><br \/>\nPatricia Calvillo \/ El Sol de San Luis<\/p>\n<blockquote><p>En el programa escolar viene especificada la clase de ingl\u00e9s y los ni\u00f1os de preescolar y primaria no est\u00e1n recibiendo la instrucci\u00f3n<\/p><\/blockquote>\n<p>Decenas de maestros se manifiestan a las afueras de la Secretar\u00eda de Educaci\u00f3n del Gobierno del Estado, SEGE, debido a que refieren que a 500 de ellos les avisaron que el programa PRONI de ingl\u00e9s entra en receso, con lo cual se quedaron sin trabajo desde finales del mes de diciembre del a\u00f1o pasado. Por lo pronto se encuentran en manifestaci\u00f3n pero prometen tomar las instalaciones en caso de recibir una negativa hacia recuperar sus horas de clase.<\/p>\n<p>Previamente hab\u00edan acudido al Congreso del Estado donde el Coordinador Nacional de Maestros de Ingl\u00e9s, Jorge Nieto Gonz\u00e1lez, hab\u00eda expuesto esta situaci\u00f3n a los diputados, sin embargo al encontrar poca atenci\u00f3n, definieron acudir a las instalaciones de la Secretar\u00eda de Educaci\u00f3n del Gobierno del Estado a manera de presionar para recuperar sus grupos, toda vez que indican que el recurso de este programa viene etiquetado y est\u00e1 totalmente garantizado, por lo que se desconoce el motivo verdadero por el cual la autoridad ha incumplido con la asignaci\u00f3n de las horas de trabajo.<\/p>\n<p>Incluso narr\u00f3 que en el programa escolar de preescolar y primaria viene especificado que es obligatoria la clase de ingl\u00e9s y actualmente unos 70 mil los ni\u00f1os no est\u00e1n recibiendo este tipo de instrucci\u00f3n educativa, con lo cual se quedar\u00e1n en ceros sus boletas; algunos padres decidieron contratar en sus escuelas a maestros de ese idioma pag\u00e1ndoles cantidades risorias por una materia que viene se\u00f1alada dentro del calendario de actividades acad\u00e9micas.<\/p>\n<p>Se sabe que son cuatro estados de la rep\u00fablica mexicana los que se encuentran en esta din\u00e1mica sin regresar a clases, nunca se les paga tiempo y est\u00e1n contratados bajo el sistema de outsourcing.<\/p>\n<p>Recientemente les lleg\u00f3 un mail donde les informaban de esta situaci\u00f3n, aunque ellos afirman que el recurso est\u00e1 garantizado &#8220;estamos peleando que nos regresen a clase porque nos mandaron a un receso de la manera m\u00e1s informal, porque nada m\u00e1s se nos avis\u00f3 por correo, sin pensar que muchos de nosotros s\u00f3lo tenemos esa forma de sobrevivir, nos han comentado que no hay recurso, a pesar de que \u00e9ste est\u00e1 garantizado dentro del paquete fiscal del a\u00f1o pasado, si va a llegar al Gobierno del Estado, pero la Secretar\u00eda de Educaci\u00f3n de Gobierno del Estado, solamente nos dice que todav\u00eda no volvamos a clase, porque no hay dinero, pero tambi\u00e9n estamos peleando el hecho de que est\u00e1n basificando algunos maestros y a nosotros no nos est\u00e1n incluyendo&#8221;, narr\u00f3 la maestra mayela Ter\u00e1n una de las afectadas.<\/p>\n<p>Tambi\u00e9n indicaron que el sueldo es muy bajo, el maestro que m\u00e1s gana es 7 mil pesos \u201ces inconcebible eso, siempre estamos pensando si vamos a tener trabajo al otro d\u00eda, no nos quieren reconocer, le titular de la SEGE no nos atiende, Joel Ram\u00edrez D\u00edaz nos deja sin trabajo, precisamente esta semana se alivia una compa\u00f1era y el titular de educaci\u00f3n la deja sin trabajo&#8221;.<\/p>\n<p><a href=\"https:\/\/www.elsoldesanluis.com.mx\/local\/maestros-se-manifiestan-frente-a-sege-por-suspension-de-programa-proni-de-ingles-3293008.html\" target=\"_blank\" rel=\"noopener noreferrer\">https:\/\/www.elsoldesanluis.com.mx\/local\/maestros-se-manifiestan-frente-a-sege-por-suspension-de-programa-proni-de-ingles-3293008.html<\/a><\/p>\n","protected":false},"excerpt":{"rendered":"<p>Patricia Calvillo \/ El Sol de San Luis En el programa escolar viene especificada la clase de ingl\u00e9s y los ni\u00f1os de preescolar y primaria no est\u00e1n recibiendo la instrucci\u00f3n &hellip; <a href=\"http:\/\/www.grieta.org.mx\/index.php\/2019\/04\/08\/maestros-se-manifiestan-frente-a-sege-por-suspension-de-programa-de-ingles-san-luis-potosi\/\" class=\"more-link\">Leer m\u00e1s<\/a><\/p>\n","protected":false},"author":2,"featured_media":32000,"comment_status":"closed","ping_status":"closed","sticky":false,"template":"","format":"standard","meta":{"ngg_post_thumbnail":0,"_jetpack_newsletter_access":"","_jetpack_dont_email_post_to_subs":false,"_jetpack_newsletter_tier_id":0,"_jetpack_memberships_contains_paywalled_content":false,"_jetpack_memberships_contains_paid_content":false,"footnotes":""},"categories":[80,910,1273,2,29,141,83],"tags":[2455,163,1291,487,1290,2450],"class_list":{"0":"post-31999","1":"post","2":"type-post","3":"status-publish","4":"format-standard","5":"has-post-thumbnail","6":"hentry","7":"category-cintillo","8":"category-explotacion-y-precariedad-laboral","9":"category-explotacion-y-precariedad-laboral-en-san-luis-potosi","10":"category-noticias-nacionales","11":"category-san-luis-potosi","13":"category-temas-nacionales","14":"tag-cege","15":"tag-despidos","16":"tag-explotacion-laboral","17":"tag-outsourcing","18":"tag-precariedad-laboral","19":"tag-protesta-maestros","20":"entry"},"jetpack_featured_media_url":"http:\/\/www.grieta.org.mx\/wp-content\/uploads\/2019\/04\/Maestros-se-manifiestan-frente-a-SEGE-por-suspensi\u00f3n-de-programa-de-ingl\u00e9s-slp-abr.jpg","jetpack_sharing_enabled":true,"jetpack_shortlink":"https:\/\/wp.me\/p7ZJR4-8k7","jetpack_likes_enabled":false,"jetpack-related-posts":[{"id":31996,"url":"http:\/\/www.grieta.org.mx\/index.php\/2019\/04\/10\/liberan-la-sege-autoridades-afirman-fue-pacifico-maestros-lo-niegan-san-luis-potosi\/","url_meta":{"origin":31999,"position":0},"title":"Liberan la SEGE, autoridades afirman fue pac\u00edfico, maestros lo niegan (San Luis Potos\u00ed)","author":"grieta","date":"10 abril, 2019","format":false,"excerpt":"El Sol de San Luis Se procedi\u00f3 a liberar pac\u00edficamente los accesos a la dependencia y garantizar as\u00ed que se preste el servicio a la ciudadan\u00eda Luego de que desde el lunes pasado se buscara a trav\u00e9s del di\u00e1logo con un grupo de alrededor de 30 o 40 personas, de\u2026","rel":"","context":"En &quot;CINTILLO&quot;","block_context":{"text":"CINTILLO","link":"http:\/\/www.grieta.org.mx\/index.php\/category\/cintillo\/"},"img":{"alt_text":"","src":"https:\/\/i0.wp.com\/www.grieta.org.mx\/wp-content\/uploads\/2019\/04\/Liberan-la-SEGE-autoridades-afirman-fue-pac%C3%ADfico-maestros-lo-niegan-slp-abr.jpg?resize=350%2C200","width":350,"height":200,"srcset":"https:\/\/i0.wp.com\/www.grieta.org.mx\/wp-content\/uploads\/2019\/04\/Liberan-la-SEGE-autoridades-afirman-fue-pac%C3%ADfico-maestros-lo-niegan-slp-abr.jpg?resize=350%2C200 1x, https:\/\/i0.wp.com\/www.grieta.org.mx\/wp-content\/uploads\/2019\/04\/Liberan-la-SEGE-autoridades-afirman-fue-pac%C3%ADfico-maestros-lo-niegan-slp-abr.jpg?resize=525%2C300 1.5x, https:\/\/i0.wp.com\/www.grieta.org.mx\/wp-content\/uploads\/2019\/04\/Liberan-la-SEGE-autoridades-afirman-fue-pac%C3%ADfico-maestros-lo-niegan-slp-abr.jpg?resize=700%2C400 2x"},"classes":[]},{"id":31980,"url":"http:\/\/www.grieta.org.mx\/index.php\/2019\/04\/10\/desalojan-a-docentes-de-ingles-responden-con-bloqueo-en-la-57-san-luis-potosi\/","url_meta":{"origin":31999,"position":1},"title":"Desalojan a docentes de ingl\u00e9s; responden con bloqueo en la 57 (San Luis Potos\u00ed)","author":"grieta","date":"10 abril, 2019","format":false,"excerpt":"Rub\u00e9n Pacheco \/ Pulso SEGE presenta denuncia por privaci\u00f3n ilegal de la libertad Alrededor de 50 profesores del Programa Nacional de ingl\u00e9s (Proni), bloquearon dos carriles de la carretera 57 con direcci\u00f3n de poniente a oriente a la altura de la Terminal Terrestre Potosina (TTP). Los docentes se ubicaron en\u2026","rel":"","context":"En &quot;CINTILLO&quot;","block_context":{"text":"CINTILLO","link":"http:\/\/www.grieta.org.mx\/index.php\/category\/cintillo\/"},"img":{"alt_text":"","src":"https:\/\/i0.wp.com\/www.grieta.org.mx\/wp-content\/uploads\/2019\/04\/Desalojan-a-docentes-de-ingl%C3%A9s-responden-con-bloqueo-en-la-57-slp-abr.jpg?resize=350%2C200","width":350,"height":200,"srcset":"https:\/\/i0.wp.com\/www.grieta.org.mx\/wp-content\/uploads\/2019\/04\/Desalojan-a-docentes-de-ingl%C3%A9s-responden-con-bloqueo-en-la-57-slp-abr.jpg?resize=350%2C200 1x, https:\/\/i0.wp.com\/www.grieta.org.mx\/wp-content\/uploads\/2019\/04\/Desalojan-a-docentes-de-ingl%C3%A9s-responden-con-bloqueo-en-la-57-slp-abr.jpg?resize=525%2C300 1.5x"},"classes":[]},{"id":33503,"url":"http:\/\/www.grieta.org.mx\/index.php\/2019\/05\/13\/maestros-jubilados-temen-colapso-de-fondo-de-pensiones-san-luis-potosi\/","url_meta":{"origin":31999,"position":2},"title":"Maestros jubilados temen colapso de fondo de pensiones (San Luis Potos\u00ed)","author":"grieta","date":"13 mayo, 2019","format":false,"excerpt":"Jorge Torres \/ Plano Informativo Se reunieron con Joel Ram\u00edrez D\u00edaz, titular de la Secretar\u00eda de Educaci\u00f3n de Gobierno del Estado (SEGE) y Oziel Yudiche Lara. San Luis Potos\u00ed, SLP.- Esta ma\u00f1ana alrededor de 400 profesores que representan a mil 400 jubilados y pensionados del sistema de Telesecundarias que est\u00e1n\u2026","rel":"","context":"En &quot;CINTILLO&quot;","block_context":{"text":"CINTILLO","link":"http:\/\/www.grieta.org.mx\/index.php\/category\/cintillo\/"},"img":{"alt_text":"","src":"https:\/\/i0.wp.com\/www.grieta.org.mx\/wp-content\/uploads\/2019\/05\/Maestros-jubilados-temen-colapso-de-fondo-de-pensiones-slp-may.jpg?resize=350%2C200","width":350,"height":200,"srcset":"https:\/\/i0.wp.com\/www.grieta.org.mx\/wp-content\/uploads\/2019\/05\/Maestros-jubilados-temen-colapso-de-fondo-de-pensiones-slp-may.jpg?resize=350%2C200 1x, https:\/\/i0.wp.com\/www.grieta.org.mx\/wp-content\/uploads\/2019\/05\/Maestros-jubilados-temen-colapso-de-fondo-de-pensiones-slp-may.jpg?resize=525%2C300 1.5x, https:\/\/i0.wp.com\/www.grieta.org.mx\/wp-content\/uploads\/2019\/05\/Maestros-jubilados-temen-colapso-de-fondo-de-pensiones-slp-may.jpg?resize=700%2C400 2x"},"classes":[]},{"id":23349,"url":"http:\/\/www.grieta.org.mx\/index.php\/2018\/05\/29\/sege-analiza-caso-de-8-profesores-despedidos-de-la-universidad-tecnologica-san-luis-potosi\/","url_meta":{"origin":31999,"position":3},"title":"Sege analiza caso de 8 profesores despedidos de la Universidad Tecnol\u00f3gica (San Luis Potos\u00ed)","author":"grieta","date":"29 mayo, 2018","format":false,"excerpt":"Redaccion El Heraldo SLP Debido a la situaci\u00f3n financiera del sector educativo se est\u00e1n tomando ajustes administrativos, justifica el titular de la dependencia El secretario de Educaci\u00f3n de Gobierno del Estado (SEGE), Joel Ram\u00edrez D\u00edaz se\u00f1al\u00f3 que hay mesas de trabajo con los profesores de la Universidad Tecnol\u00f3gica de San\u2026","rel":"","context":"En &quot;CINTILLO&quot;","block_context":{"text":"CINTILLO","link":"http:\/\/www.grieta.org.mx\/index.php\/category\/cintillo\/"},"img":{"alt_text":"","src":"https:\/\/i0.wp.com\/www.grieta.org.mx\/wp-content\/uploads\/2018\/05\/Sege-analiza-caso-de-8-profesores-despedidos-de-la-Universidad-Tecnol%C3%B3gica.jpg?resize=350%2C200","width":350,"height":200,"srcset":"https:\/\/i0.wp.com\/www.grieta.org.mx\/wp-content\/uploads\/2018\/05\/Sege-analiza-caso-de-8-profesores-despedidos-de-la-Universidad-Tecnol%C3%B3gica.jpg?resize=350%2C200 1x, https:\/\/i0.wp.com\/www.grieta.org.mx\/wp-content\/uploads\/2018\/05\/Sege-analiza-caso-de-8-profesores-despedidos-de-la-Universidad-Tecnol%C3%B3gica.jpg?resize=525%2C300 1.5x"},"classes":[]},{"id":29536,"url":"http:\/\/www.grieta.org.mx\/index.php\/2019\/02\/24\/profesores-de-inea-denuncian-falta-de-pago-san-luis-potosi\/","url_meta":{"origin":31999,"position":4},"title":"Profesores de INEA denuncian falta de pago (San Luis Potos\u00ed)","author":"grieta","date":"24 febrero, 2019","format":false,"excerpt":"Paola De la Rosa \/ Plano Informativo Los maestros afectados son de municipios como Charcas, Venado, Matehuala, Tamazunchale, la capital entre otros, quienes est\u00e1n trabajando bajo protesta. San Luis Potos\u00ed, SLP.- La secretaria general del Sindicato de Instituto Estatal de Educaci\u00f3n para Adultos (INEA), Gabriela L\u00f3pez Andrade denunci\u00f3 que un\u2026","rel":"","context":"En &quot;CINTILLO&quot;","block_context":{"text":"CINTILLO","link":"http:\/\/www.grieta.org.mx\/index.php\/category\/cintillo\/"},"img":{"alt_text":"","src":"https:\/\/i0.wp.com\/www.grieta.org.mx\/wp-content\/uploads\/2019\/02\/Profesores-de-INEA-denuncian-falta-de-pago-slp-feb.jpg?resize=350%2C200","width":350,"height":200,"srcset":"https:\/\/i0.wp.com\/www.grieta.org.mx\/wp-content\/uploads\/2019\/02\/Profesores-de-INEA-denuncian-falta-de-pago-slp-feb.jpg?resize=350%2C200 1x, https:\/\/i0.wp.com\/www.grieta.org.mx\/wp-content\/uploads\/2019\/02\/Profesores-de-INEA-denuncian-falta-de-pago-slp-feb.jpg?resize=525%2C300 1.5x"},"classes":[]},{"id":32012,"url":"http:\/\/www.grieta.org.mx\/index.php\/2019\/04\/10\/en-rezago-4-mil-demandas-laborales-en-slp-styps-san-luis-potosi\/","url_meta":{"origin":31999,"position":5},"title":"En rezago 4 mil demandas laborales en SLP: STyPS (San Luis Potos\u00ed)","author":"grieta","date":"10 abril, 2019","format":false,"excerpt":"Berenice Guti\u00e9rrez \/ GlobalMedia La cantidad es mayor a las que se prev\u00e9n anualmente, adem\u00e1s en el marco de la reforma laboral el secretario del Trabajo Manuel Lozano consider\u00f3 que dos o m\u00e1s organizaciones sindicales en una misma compa\u00f1\u00eda no es pr\u00e1ctico San Luis Potos\u00ed, M\u00e9xico (10 abril 2019).- En\u2026","rel":"","context":"En &quot;CINTILLO&quot;","block_context":{"text":"CINTILLO","link":"http:\/\/www.grieta.org.mx\/index.php\/category\/cintillo\/"},"img":{"alt_text":"","src":"https:\/\/i0.wp.com\/www.grieta.org.mx\/wp-content\/uploads\/2019\/04\/En-rezago-4-mil-demandas-laborales-en-SLP-STyPS-slp-abr.jpg?resize=350%2C200","width":350,"height":200,"srcset":"https:\/\/i0.wp.com\/www.grieta.org.mx\/wp-content\/uploads\/2019\/04\/En-rezago-4-mil-demandas-laborales-en-SLP-STyPS-slp-abr.jpg?resize=350%2C200 1x, https:\/\/i0.wp.com\/www.grieta.org.mx\/wp-content\/uploads\/2019\/04\/En-rezago-4-mil-demandas-laborales-en-SLP-STyPS-slp-abr.jpg?resize=525%2C300 1.5x"},"classes":[]}],"_links":{"self":[{"href":"http:\/\/www.grieta.org.mx\/index.php\/wp-json\/wp\/v2\/posts\/31999","targetHints":{"allow":["GET"]}}],"collection":[{"href":"http:\/\/www.grieta.org.mx\/index.php\/wp-json\/wp\/v2\/posts"}],"about":[{"href":"http:\/\/www.grieta.org.mx\/index.php\/wp-json\/wp\/v2\/types\/post"}],"author":[{"embeddable":true,"href":"http:\/\/www.grieta.org.mx\/index.php\/wp-json\/wp\/v2\/users\/2"}],"replies":[{"embeddable":true,"href":"http:\/\/www.grieta.org.mx\/index.php\/wp-json\/wp\/v2\/comments?post=31999"}],"version-history":[{"count":1,"href":"http:\/\/www.grieta.org.mx\/index.php\/wp-json\/wp\/v2\/posts\/31999\/revisions"}],"predecessor-version":[{"id":32001,"href":"http:\/\/www.grieta.org.mx\/index.php\/wp-json\/wp\/v2\/posts\/31999\/revisions\/32001"}],"wp:featuredmedia":[{"embeddable":true,"href":"http:\/\/www.grieta.org.mx\/index.php\/wp-json\/wp\/v2\/media\/32000"}],"wp:attachment":[{"href":"http:\/\/www.grieta.org.mx\/index.php\/wp-json\/wp\/v2\/media?parent=31999"}],"wp:term":[{"taxonomy":"category","embeddable":true,"href":"http:\/\/www.grieta.org.mx\/index.php\/wp-json\/wp\/v2\/categories?post=31999"},{"taxonomy":"post_tag","embeddable":true,"href":"http:\/\/www.grieta.org.mx\/index.php\/wp-json\/wp\/v2\/tags?post=31999"}],"curies":[{"name":"wp","href":"https:\/\/api.w.org\/{rel}","templated":true}]}}