{"id":31957,"date":"2019-04-05T19:16:34","date_gmt":"2019-04-06T01:16:34","guid":{"rendered":"http:\/\/www.grieta.org.mx\/?p=31957"},"modified":"2019-04-10T19:24:43","modified_gmt":"2019-04-11T00:24:43","slug":"metoouanl-protestan-por-acoso-en-filosofia-y-letras-nuevo-leon","status":"publish","type":"post","link":"http:\/\/www.grieta.org.mx\/index.php\/2019\/04\/05\/metoouanl-protestan-por-acoso-en-filosofia-y-letras-nuevo-leon\/","title":{"rendered":"#MeTooUANL: protestan por acoso en Filosof\u00eda y Letras (Nuevo Le\u00f3n)"},"content":{"rendered":"<p><img loading=\"lazy\" decoding=\"async\" data-attachment-id=\"31958\" data-permalink=\"http:\/\/www.grieta.org.mx\/index.php\/2019\/04\/05\/metoouanl-protestan-por-acoso-en-filosofia-y-letras-nuevo-leon\/metoouanl-protestan-por-acoso-en-filosofia-y-letras1-nl-abr\/\" data-orig-file=\"http:\/\/www.grieta.org.mx\/wp-content\/uploads\/2019\/04\/MeTooUANL-protestan-por-acoso-en-Filosof\u00eda-y-Letras1-nl-abr.jpg\" data-orig-size=\"1200,900\" data-comments-opened=\"0\" data-image-meta=\"{&quot;aperture&quot;:&quot;0&quot;,&quot;credit&quot;:&quot;&quot;,&quot;camera&quot;:&quot;&quot;,&quot;caption&quot;:&quot;&quot;,&quot;created_timestamp&quot;:&quot;0&quot;,&quot;copyright&quot;:&quot;&quot;,&quot;focal_length&quot;:&quot;0&quot;,&quot;iso&quot;:&quot;0&quot;,&quot;shutter_speed&quot;:&quot;0&quot;,&quot;title&quot;:&quot;&quot;,&quot;orientation&quot;:&quot;0&quot;}\" data-image-title=\"MeTooUANL protestan por acoso en Filosof\u00eda y Letras1 nl abr\" data-image-description=\"\" data-image-caption=\"\" data-medium-file=\"http:\/\/www.grieta.org.mx\/wp-content\/uploads\/2019\/04\/MeTooUANL-protestan-por-acoso-en-Filosof\u00eda-y-Letras1-nl-abr-300x225.jpg\" data-large-file=\"http:\/\/www.grieta.org.mx\/wp-content\/uploads\/2019\/04\/MeTooUANL-protestan-por-acoso-en-Filosof\u00eda-y-Letras1-nl-abr-1024x768.jpg\" class=\"alignleft  wp-image-31958\" src=\"http:\/\/www.grieta.org.mx\/wp-content\/uploads\/2019\/04\/MeTooUANL-protestan-por-acoso-en-Filosof\u00eda-y-Letras1-nl-abr-300x225.jpg\" alt=\"\" width=\"525\" height=\"394\" srcset=\"http:\/\/www.grieta.org.mx\/wp-content\/uploads\/2019\/04\/MeTooUANL-protestan-por-acoso-en-Filosof\u00eda-y-Letras1-nl-abr-300x225.jpg 300w, http:\/\/www.grieta.org.mx\/wp-content\/uploads\/2019\/04\/MeTooUANL-protestan-por-acoso-en-Filosof\u00eda-y-Letras1-nl-abr-768x576.jpg 768w, http:\/\/www.grieta.org.mx\/wp-content\/uploads\/2019\/04\/MeTooUANL-protestan-por-acoso-en-Filosof\u00eda-y-Letras1-nl-abr-1024x768.jpg 1024w, http:\/\/www.grieta.org.mx\/wp-content\/uploads\/2019\/04\/MeTooUANL-protestan-por-acoso-en-Filosof\u00eda-y-Letras1-nl-abr-667x500.jpg 667w, http:\/\/www.grieta.org.mx\/wp-content\/uploads\/2019\/04\/MeTooUANL-protestan-por-acoso-en-Filosof\u00eda-y-Letras1-nl-abr.jpg 1200w\" sizes=\"auto, (max-width: 525px) 100vw, 525px\" \/><br \/>\nAracely Garza \/ Excelsior<\/p>\n<blockquote><p>Las estudiantes que protestaron hoy en la Facultad de Filosof\u00eda y Letras de la UANL denunciaron al maestro Orestes Cabrales, quien ha sido se\u00f1alado en #MeTooEscritoresMexicanos<\/p><\/blockquote>\n<p>MONTERREY, NUEVO LE\u00d3N<\/p>\n<p>Ahora fue en la Facultad de Filosof\u00eda y Letras de la UANL en donde se registr\u00f3 una manifestaci\u00f3n en contra del acoso sexual.<\/p>\n<p><img loading=\"lazy\" decoding=\"async\" data-attachment-id=\"31959\" data-permalink=\"http:\/\/www.grieta.org.mx\/index.php\/2019\/04\/05\/metoouanl-protestan-por-acoso-en-filosofia-y-letras-nuevo-leon\/metoouanl-protestan-por-acoso-en-filosofia-y-letras2-nl-abr\/\" data-orig-file=\"http:\/\/www.grieta.org.mx\/wp-content\/uploads\/2019\/04\/MeTooUANL-protestan-por-acoso-en-Filosof\u00eda-y-Letras2-nl-abr.jpg\" data-orig-size=\"480,362\" data-comments-opened=\"0\" data-image-meta=\"{&quot;aperture&quot;:&quot;0&quot;,&quot;credit&quot;:&quot;&quot;,&quot;camera&quot;:&quot;&quot;,&quot;caption&quot;:&quot;&quot;,&quot;created_timestamp&quot;:&quot;0&quot;,&quot;copyright&quot;:&quot;&quot;,&quot;focal_length&quot;:&quot;0&quot;,&quot;iso&quot;:&quot;0&quot;,&quot;shutter_speed&quot;:&quot;0&quot;,&quot;title&quot;:&quot;&quot;,&quot;orientation&quot;:&quot;0&quot;}\" data-image-title=\"MeTooUANL protestan por acoso en Filosof\u00eda y Letras2 nl abr\" data-image-description=\"\" data-image-caption=\"\" data-medium-file=\"http:\/\/www.grieta.org.mx\/wp-content\/uploads\/2019\/04\/MeTooUANL-protestan-por-acoso-en-Filosof\u00eda-y-Letras2-nl-abr-300x226.jpg\" data-large-file=\"http:\/\/www.grieta.org.mx\/wp-content\/uploads\/2019\/04\/MeTooUANL-protestan-por-acoso-en-Filosof\u00eda-y-Letras2-nl-abr.jpg\" class=\"alignleft  wp-image-31959\" src=\"http:\/\/www.grieta.org.mx\/wp-content\/uploads\/2019\/04\/MeTooUANL-protestan-por-acoso-en-Filosof\u00eda-y-Letras2-nl-abr-300x226.jpg\" alt=\"\" width=\"575\" height=\"433\" srcset=\"http:\/\/www.grieta.org.mx\/wp-content\/uploads\/2019\/04\/MeTooUANL-protestan-por-acoso-en-Filosof\u00eda-y-Letras2-nl-abr-300x226.jpg 300w, http:\/\/www.grieta.org.mx\/wp-content\/uploads\/2019\/04\/MeTooUANL-protestan-por-acoso-en-Filosof\u00eda-y-Letras2-nl-abr.jpg 480w\" sizes=\"auto, (max-width: 575px) 100vw, 575px\" \/><\/p>\n<p>Hace unos d\u00edas, estudiantes de la Facultad de Artes Visuales hicieron lo propio ante el presunto acoso sexual de un profesor identificado en redes como Aldrich.<\/p>\n<p>Este viernes, un grupo de unas 25 j\u00f3venes denunciaron acoso y hostigamiento por parte de docentes y estudiantes. Las manifestantes dijeron que lo que desean es visibilizar el problema en esa instituci\u00f3n.<\/p>\n<blockquote><p>&#8220;Este es un problema de todas las facultades, no solo de una&#8221;, dijo Mariel Gonz\u00e1lez, estudiante de la Facultad.<\/p><\/blockquote>\n<p>Las estudiantes denunciaron en concreto al maestro Orestes Cabrales, quien de hecho es se\u00f1alado en #MeTooEscritoresMexicanos.<\/p>\n<p>Las v\u00edctimas aseguraron que la UANL no ha mostrado una postura firme respecto a los hechos, aunque ya publicaron un comunicado en el que aseguran que est\u00e1n atendiendo el tema.<\/p>\n<p><a href=\"https:\/\/www.excelsior.com.mx\/nacional\/metoouanl-protestan-por-acoso-en-filosofia-y-letras\/1306057#imagen-1\" target=\"_blank\" rel=\"noopener noreferrer\">https:\/\/www.excelsior.com.mx\/nacional\/metoouanl-protestan-por-acoso-en-filosofia-y-letras\/1306057#imagen-1<\/a><\/p>\n","protected":false},"excerpt":{"rendered":"<p>Aracely Garza \/ Excelsior Las estudiantes que protestaron hoy en la Facultad de Filosof\u00eda y Letras de la UANL denunciaron al maestro Orestes Cabrales, quien ha sido se\u00f1alado en #MeTooEscritoresMexicanos &hellip; <a href=\"http:\/\/www.grieta.org.mx\/index.php\/2019\/04\/05\/metoouanl-protestan-por-acoso-en-filosofia-y-letras-nuevo-leon\/\" class=\"more-link\">Leer m\u00e1s<\/a><\/p>\n","protected":false},"author":2,"featured_media":31958,"comment_status":"closed","ping_status":"closed","sticky":false,"template":"","format":"standard","meta":{"ngg_post_thumbnail":0,"_jetpack_newsletter_access":"","_jetpack_dont_email_post_to_subs":false,"_jetpack_newsletter_tier_id":0,"_jetpack_memberships_contains_paywalled_content":false,"_jetpack_memberships_contains_paid_content":false,"footnotes":""},"categories":[80,2,24,202,2332],"tags":[1824,2441,348,1565,1630],"class_list":{"0":"post-31957","1":"post","2":"type-post","3":"status-publish","4":"format-standard","5":"has-post-thumbnail","6":"hentry","7":"category-cintillo","8":"category-noticias-nacionales","9":"category-nuevo-leon","11":"category-violencia-contra-las-mujeres-en-nuevo-leon","12":"tag-acoso-sexual","13":"tag-protesta-estudiantil","14":"tag-uanl","15":"tag-violencia-contra-estudiantes","16":"tag-violencia-contra-las-mujeres","17":"entry"},"jetpack_featured_media_url":"http:\/\/www.grieta.org.mx\/wp-content\/uploads\/2019\/04\/MeTooUANL-protestan-por-acoso-en-Filosof\u00eda-y-Letras1-nl-abr.jpg","jetpack_sharing_enabled":true,"jetpack_shortlink":"https:\/\/wp.me\/p7ZJR4-8jr","jetpack_likes_enabled":false,"jetpack-related-posts":[{"id":31964,"url":"http:\/\/www.grieta.org.mx\/index.php\/2019\/04\/08\/crean-red-contra-el-acoso-en-la-uanl-nuevo-leon\/","url_meta":{"origin":31957,"position":0},"title":"Crean Red contra el acoso en la UANL (Nuevo Le\u00f3n)","author":"grieta","date":"8 abril, 2019","format":false,"excerpt":"Melva Frutos \/ Posta Anuncian protesta el pr\u00f3ximo 3 de mayo. NUEVO LE\u00d3N.- Alumnas y ex alumnas de la Universidad Aut\u00f3noma de Nuevo Le\u00f3n (UANL) han creado una Red de Acompa\u00f1amiento para v\u00edctimas de acoso, a la vez que han anunciado una protesta que se efectuar\u00e1 el pr\u00f3ximo 3 de\u2026","rel":"","context":"En &quot;CINTILLO&quot;","block_context":{"text":"CINTILLO","link":"http:\/\/www.grieta.org.mx\/index.php\/category\/cintillo\/"},"img":{"alt_text":"","src":"https:\/\/i0.wp.com\/www.grieta.org.mx\/wp-content\/uploads\/2019\/04\/Crean-Red-contra-el-acoso-en-la-UANL-nl-abr.jpg?resize=350%2C200","width":350,"height":200,"srcset":"https:\/\/i0.wp.com\/www.grieta.org.mx\/wp-content\/uploads\/2019\/04\/Crean-Red-contra-el-acoso-en-la-UANL-nl-abr.jpg?resize=350%2C200 1x, https:\/\/i0.wp.com\/www.grieta.org.mx\/wp-content\/uploads\/2019\/04\/Crean-Red-contra-el-acoso-en-la-UANL-nl-abr.jpg?resize=525%2C300 1.5x"},"classes":[]},{"id":32849,"url":"http:\/\/www.grieta.org.mx\/index.php\/2019\/05\/01\/convocan-a-mitin-contra-acoso-en-la-uanl-nuevo-leon\/","url_meta":{"origin":31957,"position":1},"title":"Convocan a mitin contra acoso en la UANL (Nuevo Le\u00f3n)","author":"grieta","date":"1 mayo, 2019","format":false,"excerpt":"Victoria F\u00e9lix \/ Milenio Por el silencio de la Universidad Aut\u00f3noma de Nuevo Le\u00f3n (UANL) frente a las protestas y denuncias de acoso sexual por parte de profesores, alumnas y ex alumnas convocaron a un mitin para este viernes 3 de mayo. Paloma Petra, una de las voceras de la\u2026","rel":"","context":"En &quot;CINTILLO&quot;","block_context":{"text":"CINTILLO","link":"http:\/\/www.grieta.org.mx\/index.php\/category\/cintillo\/"},"img":{"alt_text":"","src":"https:\/\/i0.wp.com\/www.grieta.org.mx\/wp-content\/uploads\/2019\/05\/Convocan-a-mitin-contra-acoso-en-la-UANL-nl-may.jpeg?resize=350%2C200","width":350,"height":200,"srcset":"https:\/\/i0.wp.com\/www.grieta.org.mx\/wp-content\/uploads\/2019\/05\/Convocan-a-mitin-contra-acoso-en-la-UANL-nl-may.jpeg?resize=350%2C200 1x, https:\/\/i0.wp.com\/www.grieta.org.mx\/wp-content\/uploads\/2019\/05\/Convocan-a-mitin-contra-acoso-en-la-UANL-nl-may.jpeg?resize=525%2C300 1.5x, https:\/\/i0.wp.com\/www.grieta.org.mx\/wp-content\/uploads\/2019\/05\/Convocan-a-mitin-contra-acoso-en-la-UANL-nl-may.jpeg?resize=700%2C400 2x"},"classes":[]},{"id":31950,"url":"http:\/\/www.grieta.org.mx\/index.php\/2019\/03\/29\/metoo-en-la-autonoma-de-nuevo-leon-estudiantes-denuncian-acoso\/","url_meta":{"origin":31957,"position":2},"title":"#MeToo en la Aut\u00f3noma de Nuevo Le\u00f3n: estudiantes denuncian acoso","author":"grieta","date":"29 marzo, 2019","format":false,"excerpt":"Aracely Garza \/ Excelsior Versiones de algunas estudiantes aseguran que un docente ha acosado a varias alumnas y que incluso las ha obligado a sostener relaciones y cibersexo MONTERREY, NUEVO LE\u00d3N Estudiantes de la Facultad de Artes Visuales de la Universidad Aut\u00f3noma de Nuevo Le\u00f3n (UANL) realizaron una protesta para\u2026","rel":"","context":"En &quot;CINTILLO&quot;","block_context":{"text":"CINTILLO","link":"http:\/\/www.grieta.org.mx\/index.php\/category\/cintillo\/"},"img":{"alt_text":"","src":"https:\/\/i0.wp.com\/www.grieta.org.mx\/wp-content\/uploads\/2019\/04\/MeToo-en-la-Aut%C3%B3noma-de-Nuevo-Le%C3%B3n-estudiantes-denuncian-acoso1-nl-abr.jpg?resize=350%2C200","width":350,"height":200,"srcset":"https:\/\/i0.wp.com\/www.grieta.org.mx\/wp-content\/uploads\/2019\/04\/MeToo-en-la-Aut%C3%B3noma-de-Nuevo-Le%C3%B3n-estudiantes-denuncian-acoso1-nl-abr.jpg?resize=350%2C200 1x, https:\/\/i0.wp.com\/www.grieta.org.mx\/wp-content\/uploads\/2019\/04\/MeToo-en-la-Aut%C3%B3noma-de-Nuevo-Le%C3%B3n-estudiantes-denuncian-acoso1-nl-abr.jpg?resize=525%2C300 1.5x"},"classes":[]},{"id":31961,"url":"http:\/\/www.grieta.org.mx\/index.php\/2019\/04\/10\/viven-acoso-alumnas-por-hacker-de-famus-nuevo-leon\/","url_meta":{"origin":31957,"position":3},"title":"Viven acoso alumnas por hacker de &#8216;Famus&#8217; (Nuevo Le\u00f3n)","author":"grieta","date":"10 abril, 2019","format":false,"excerpt":"Miranda Arias \/ abcnoticias Las alumnas dijeron que es de a diario que alguien sufra de este acoso Monterrey.- Como si fuera una pel\u00edcula de terror y suspenso es como viven diariamente las estudiantes de la Facultad de M\u00fasica de la UANL, al ser acosadas por el \"Hacker de Famus\"\u2026","rel":"","context":"En &quot;CINTILLO&quot;","block_context":{"text":"CINTILLO","link":"http:\/\/www.grieta.org.mx\/index.php\/category\/cintillo\/"},"img":{"alt_text":"","src":"https:\/\/i0.wp.com\/www.grieta.org.mx\/wp-content\/uploads\/2019\/04\/Viven-acoso-alumnas-por-hacker-de-Famus-nl-abr.jpg?resize=350%2C200","width":350,"height":200,"srcset":"https:\/\/i0.wp.com\/www.grieta.org.mx\/wp-content\/uploads\/2019\/04\/Viven-acoso-alumnas-por-hacker-de-Famus-nl-abr.jpg?resize=350%2C200 1x, https:\/\/i0.wp.com\/www.grieta.org.mx\/wp-content\/uploads\/2019\/04\/Viven-acoso-alumnas-por-hacker-de-Famus-nl-abr.jpg?resize=525%2C300 1.5x, https:\/\/i0.wp.com\/www.grieta.org.mx\/wp-content\/uploads\/2019\/04\/Viven-acoso-alumnas-por-hacker-de-Famus-nl-abr.jpg?resize=700%2C400 2x"},"classes":[]},{"id":33288,"url":"http:\/\/www.grieta.org.mx\/index.php\/2019\/04\/25\/marchan-en-el-centro-contra-la-violencia-de-genero-nuevo-leon\/","url_meta":{"origin":31957,"position":4},"title":"Marchan en el centro contra la violencia de g\u00e9nero (Nuevo Le\u00f3n)","author":"grieta","date":"25 abril, 2019","format":false,"excerpt":"Ricardo Alan\u00eds \/ Milenio Las mujeres alzaron la voz en la protesta contra quienes ejercen el machismo. Unas 70 integrantes del colectivo Asamblea Feminista de Nuevo Le\u00f3n realizaron una marcha por calles del centro de Monterrey la tarde de ayer para protestar por actos de violencia en contra de las\u2026","rel":"","context":"En &quot;CINTILLO&quot;","block_context":{"text":"CINTILLO","link":"http:\/\/www.grieta.org.mx\/index.php\/category\/cintillo\/"},"img":{"alt_text":"","src":"https:\/\/i0.wp.com\/www.grieta.org.mx\/wp-content\/uploads\/2019\/05\/Marchan-en-el-centro-contra-la-violencia-de-g%C3%A9nero-nl-may.jpg?resize=350%2C200","width":350,"height":200,"srcset":"https:\/\/i0.wp.com\/www.grieta.org.mx\/wp-content\/uploads\/2019\/05\/Marchan-en-el-centro-contra-la-violencia-de-g%C3%A9nero-nl-may.jpg?resize=350%2C200 1x, https:\/\/i0.wp.com\/www.grieta.org.mx\/wp-content\/uploads\/2019\/05\/Marchan-en-el-centro-contra-la-violencia-de-g%C3%A9nero-nl-may.jpg?resize=525%2C300 1.5x, https:\/\/i0.wp.com\/www.grieta.org.mx\/wp-content\/uploads\/2019\/05\/Marchan-en-el-centro-contra-la-violencia-de-g%C3%A9nero-nl-may.jpg?resize=700%2C400 2x"},"classes":[]},{"id":40985,"url":"http:\/\/www.grieta.org.mx\/index.php\/2019\/11\/05\/autoridades-de-la-fcpys-encubren-hostigamiento-y-acoso-sexual-estudiantes-ciudad-de-mexico\/","url_meta":{"origin":31957,"position":5},"title":"Autoridades de la FCPyS encubren hostigamiento y acoso sexual: estudiantes (Ciudad de M\u00e9xico)","author":"grieta","date":"5 noviembre, 2019","format":false,"excerpt":"Jordana Gonz\u00e1lez \/ Contral\u00ednea Esta tarde, estudiantes de la Facultad de Ciencias Pol\u00edticas y Sociales se\u00f1alaron que las autoridades encubren la violencia de g\u00e9nero. Durante una manifestaci\u00f3n, se\u00f1alaron que maestros acusados de ser presuntamente hostigadores contin\u00faan en la escuela que dirige la doctora Ang\u00e9lica Cu\u00e9llar V\u00e1zquez, candidata a la Rector\u00eda\u2026","rel":"","context":"En &quot;CINTILLO&quot;","block_context":{"text":"CINTILLO","link":"http:\/\/www.grieta.org.mx\/index.php\/category\/cintillo\/"},"img":{"alt_text":"","src":"https:\/\/i0.wp.com\/www.grieta.org.mx\/wp-content\/uploads\/2019\/11\/Autoridades-de-la-FCPyS-encubren-hostigamiento-y-acoso-sexual-estudiantes-cdmx-nov.jpg?resize=350%2C200","width":350,"height":200},"classes":[]}],"_links":{"self":[{"href":"http:\/\/www.grieta.org.mx\/index.php\/wp-json\/wp\/v2\/posts\/31957","targetHints":{"allow":["GET"]}}],"collection":[{"href":"http:\/\/www.grieta.org.mx\/index.php\/wp-json\/wp\/v2\/posts"}],"about":[{"href":"http:\/\/www.grieta.org.mx\/index.php\/wp-json\/wp\/v2\/types\/post"}],"author":[{"embeddable":true,"href":"http:\/\/www.grieta.org.mx\/index.php\/wp-json\/wp\/v2\/users\/2"}],"replies":[{"embeddable":true,"href":"http:\/\/www.grieta.org.mx\/index.php\/wp-json\/wp\/v2\/comments?post=31957"}],"version-history":[{"count":1,"href":"http:\/\/www.grieta.org.mx\/index.php\/wp-json\/wp\/v2\/posts\/31957\/revisions"}],"predecessor-version":[{"id":31960,"href":"http:\/\/www.grieta.org.mx\/index.php\/wp-json\/wp\/v2\/posts\/31957\/revisions\/31960"}],"wp:featuredmedia":[{"embeddable":true,"href":"http:\/\/www.grieta.org.mx\/index.php\/wp-json\/wp\/v2\/media\/31958"}],"wp:attachment":[{"href":"http:\/\/www.grieta.org.mx\/index.php\/wp-json\/wp\/v2\/media?parent=31957"}],"wp:term":[{"taxonomy":"category","embeddable":true,"href":"http:\/\/www.grieta.org.mx\/index.php\/wp-json\/wp\/v2\/categories?post=31957"},{"taxonomy":"post_tag","embeddable":true,"href":"http:\/\/www.grieta.org.mx\/index.php\/wp-json\/wp\/v2\/tags?post=31957"}],"curies":[{"name":"wp","href":"https:\/\/api.w.org\/{rel}","templated":true}]}}