{"id":31935,"date":"2019-04-05T15:30:43","date_gmt":"2019-04-05T21:30:43","guid":{"rendered":"http:\/\/www.grieta.org.mx\/?p=31935"},"modified":"2019-04-10T15:52:18","modified_gmt":"2019-04-10T20:52:18","slug":"jefe-de-prensa-de-chapman-vuelve-a-agredir-a-periodista-sinaloa","status":"publish","type":"post","link":"http:\/\/www.grieta.org.mx\/index.php\/2019\/04\/05\/jefe-de-prensa-de-chapman-vuelve-a-agredir-a-periodista-sinaloa\/","title":{"rendered":"Jefe de prensa de Chapman vuelve a agredir a periodista (Sinaloa)"},"content":{"rendered":"<p><img loading=\"lazy\" decoding=\"async\" data-attachment-id=\"31936\" data-permalink=\"http:\/\/www.grieta.org.mx\/index.php\/2019\/04\/05\/jefe-de-prensa-de-chapman-vuelve-a-agredir-a-periodista-sinaloa\/jefe_de_prensa_de_chapman_vuelve_a_agredir_a_periodista-jpg_1727466156\/\" data-orig-file=\"http:\/\/www.grieta.org.mx\/wp-content\/uploads\/2019\/04\/jefe_de_prensa_de_chapman_vuelve_a_agredir_a_periodista.jpg_1727466156.jpg\" data-orig-size=\"960,540\" data-comments-opened=\"0\" data-image-meta=\"{&quot;aperture&quot;:&quot;0&quot;,&quot;credit&quot;:&quot;&quot;,&quot;camera&quot;:&quot;&quot;,&quot;caption&quot;:&quot;&quot;,&quot;created_timestamp&quot;:&quot;0&quot;,&quot;copyright&quot;:&quot;&quot;,&quot;focal_length&quot;:&quot;0&quot;,&quot;iso&quot;:&quot;0&quot;,&quot;shutter_speed&quot;:&quot;0&quot;,&quot;title&quot;:&quot;&quot;,&quot;orientation&quot;:&quot;0&quot;}\" data-image-title=\"jefe_de_prensa_de_chapman_vuelve_a_agredir_a_periodista.jpg_1727466156\" data-image-description=\"\" data-image-caption=\"\" data-medium-file=\"http:\/\/www.grieta.org.mx\/wp-content\/uploads\/2019\/04\/jefe_de_prensa_de_chapman_vuelve_a_agredir_a_periodista.jpg_1727466156-300x169.jpg\" data-large-file=\"http:\/\/www.grieta.org.mx\/wp-content\/uploads\/2019\/04\/jefe_de_prensa_de_chapman_vuelve_a_agredir_a_periodista.jpg_1727466156.jpg\" class=\" wp-image-31936 aligncenter\" src=\"http:\/\/www.grieta.org.mx\/wp-content\/uploads\/2019\/04\/jefe_de_prensa_de_chapman_vuelve_a_agredir_a_periodista.jpg_1727466156-300x169.jpg\" alt=\"\" width=\"762\" height=\"429\" srcset=\"http:\/\/www.grieta.org.mx\/wp-content\/uploads\/2019\/04\/jefe_de_prensa_de_chapman_vuelve_a_agredir_a_periodista.jpg_1727466156-300x169.jpg 300w, http:\/\/www.grieta.org.mx\/wp-content\/uploads\/2019\/04\/jefe_de_prensa_de_chapman_vuelve_a_agredir_a_periodista.jpg_1727466156-768x432.jpg 768w, http:\/\/www.grieta.org.mx\/wp-content\/uploads\/2019\/04\/jefe_de_prensa_de_chapman_vuelve_a_agredir_a_periodista.jpg_1727466156-889x500.jpg 889w, http:\/\/www.grieta.org.mx\/wp-content\/uploads\/2019\/04\/jefe_de_prensa_de_chapman_vuelve_a_agredir_a_periodista.jpg_1727466156.jpg 960w\" sizes=\"auto, (max-width: 762px) 100vw, 762px\" \/><\/p>\n<p>Mar\u00eda de Jes\u00fas Estrada \/ Debate<\/p>\n<p>Los Mochis, Sinaloa.-<strong>\u00a0El director de Comunicaci\u00f3n Social del Ayuntamiento de Ahome, David Membrila Cisneros<\/strong>, pas\u00f3 de su actitud intimidatoria a la obstaculizaci\u00f3n y agresi\u00f3n directa contra la\u00a0<strong>periodista de EL DEBATE.\u00a0<\/strong><\/p>\n<p>Si antes videograb\u00f3 a la\u00a0periodista\u00a0cuando entrevistaba al padre de la ni\u00f1a, a quien\u00a0<strong>Chapman\u00a0<\/strong>diagnostic\u00f3 con \u201cobesidad espantosa\u201d, lo que le gener\u00f3 un esc\u00e1ndalo en su contra, ayer la lastim\u00f3 de manera f\u00edsica para obstaculizar su labor en la conferencia de prensa que daba el\u00a0<strong>alcalde Manuel Guillermo Chapman Moreno<\/strong>\u00a0a los medios de comunicaci\u00f3n en el inicio de la\u00a0Expoceres. Y es que se interpone entre ella y el alcalde para entorpecerla.<\/p>\n<p>Pese a que la periodista le llam\u00f3 la atenci\u00f3n de que la estaba lastimando, el funcionario no hizo el m\u00e1s m\u00ednimo intento por evitarlo. Por el contrario, sigui\u00f3 con su actitud, como EL DEBATE lo tiene documentado en un video.<\/p>\n<p><strong>Funcionario hostiga a periodista de EL DEBATE<\/strong><br \/>\nEl director de Comunicaci\u00f3n Social del Ayuntamiento de Ahome, David Membrila Cisneros, intimid\u00f3 a periodista de EL DEBATE mientras entrevistaba al padre de la ni\u00f1a Nancy, en Goros.<\/p>\n<p>En la acci\u00f3n, que fue videograbada por los medios de comunicaci\u00f3n, el funcionario municipal, adem\u00e1s de grabar a la periodista a muy corta distancia, la interrumpe en varias ocasiones cuando hace las preguntas al padre de familia.<\/p>\n<p>Ayer se repiti\u00f3 una situaci\u00f3n similar cuando el funcionario se interpuso entre ella y el alcalde Billy Chapman, impidiendo que ella realizara su trabajo.<\/p>\n<p><a href=\"https:\/\/www.debate.com.mx\/sinaloa\/losmochis\/Jefe-de-prensa-de-Chapman-vuelve-a-agredir-a-periodista-videos-20190405-0011.html\">https:\/\/www.debate.com.mx\/sinaloa\/losmochis\/Jefe-de-prensa-de-Chapman-vuelve-a-agredir-a-periodista-videos-20190405-0011.html<\/a><\/p>\n","protected":false},"excerpt":{"rendered":"<p>Mar\u00eda de Jes\u00fas Estrada \/ Debate Los Mochis, Sinaloa.-\u00a0El director de Comunicaci\u00f3n Social del Ayuntamiento de Ahome, David Membrila Cisneros, pas\u00f3 de su actitud intimidatoria a la obstaculizaci\u00f3n y agresi\u00f3n &hellip; <a href=\"http:\/\/www.grieta.org.mx\/index.php\/2019\/04\/05\/jefe-de-prensa-de-chapman-vuelve-a-agredir-a-periodista-sinaloa\/\" class=\"more-link\">Leer m\u00e1s<\/a><\/p>\n","protected":false},"author":2,"featured_media":31936,"comment_status":"closed","ping_status":"closed","sticky":false,"template":"","format":"standard","meta":{"ngg_post_thumbnail":0,"_jetpack_newsletter_access":"","_jetpack_dont_email_post_to_subs":false,"_jetpack_newsletter_tier_id":0,"_jetpack_memberships_contains_paywalled_content":false,"_jetpack_memberships_contains_paid_content":false,"footnotes":""},"categories":[80,2,30,83,88,1239],"tags":[],"class_list":["post-31935","post","type-post","status-publish","format-standard","has-post-thumbnail","hentry","category-cintillo","category-noticias-nacionales","category-sinaloa","category-temas-nacionales","category-violencia-contra-periodistas","category-violencia-contra-periodistas-en-sinaloa","entry"],"jetpack_featured_media_url":"http:\/\/www.grieta.org.mx\/wp-content\/uploads\/2019\/04\/jefe_de_prensa_de_chapman_vuelve_a_agredir_a_periodista.jpg_1727466156.jpg","jetpack_sharing_enabled":true,"jetpack_shortlink":"https:\/\/wp.me\/p7ZJR4-8j5","jetpack_likes_enabled":false,"jetpack-related-posts":[{"id":37001,"url":"http:\/\/www.grieta.org.mx\/index.php\/2019\/07\/18\/mario-martini-pide-al-alcalde-de-mazatlan-que-cese-el-hostigamiento-sinaloa\/","url_meta":{"origin":31935,"position":0},"title":"Mario Martini pide al alcalde de Mazatl\u00e1n que cese el hostigamiento (Sinaloa)","author":"grieta","date":"18 julio, 2019","format":false,"excerpt":"Foto: ilustrativa Blanca Regalado Mazatl\u00e1n, Sinaloa.- En la recepci\u00f3n de la oficina de Presi-dencia, el periodista Mario Martini llam\u00f3 al alcalde que cese el hostigamiento y que ordene a sus funcionarios que dejen de agredir y perseguir a reporteros. Martini solicit\u00f3 hablar con el mandatario municipal, pero le informaron que\u2026","rel":"","context":"En &quot;CINTILLO&quot;","block_context":{"text":"CINTILLO","link":"http:\/\/www.grieta.org.mx\/index.php\/category\/cintillo\/"},"img":{"alt_text":"","src":"https:\/\/i0.wp.com\/www.grieta.org.mx\/wp-content\/uploads\/2019\/07\/WhatsApp-Image-2019-07-16-at-16.47.16.jpeg?resize=350%2C200","width":350,"height":200,"srcset":"https:\/\/i0.wp.com\/www.grieta.org.mx\/wp-content\/uploads\/2019\/07\/WhatsApp-Image-2019-07-16-at-16.47.16.jpeg?resize=350%2C200 1x, https:\/\/i0.wp.com\/www.grieta.org.mx\/wp-content\/uploads\/2019\/07\/WhatsApp-Image-2019-07-16-at-16.47.16.jpeg?resize=525%2C300 1.5x, https:\/\/i0.wp.com\/www.grieta.org.mx\/wp-content\/uploads\/2019\/07\/WhatsApp-Image-2019-07-16-at-16.47.16.jpeg?resize=700%2C400 2x, https:\/\/i0.wp.com\/www.grieta.org.mx\/wp-content\/uploads\/2019\/07\/WhatsApp-Image-2019-07-16-at-16.47.16.jpeg?resize=1050%2C600 3x"},"classes":[]},{"id":36996,"url":"http:\/\/www.grieta.org.mx\/index.php\/2019\/07\/20\/periodistas-exigen-respeto-a-la-libertad-de-expresion-en-sinaloa\/","url_meta":{"origin":31935,"position":1},"title":"Periodistas exigen respeto a la libertad de expresi\u00f3n en Sinaloa","author":"grieta","date":"20 julio, 2019","format":false,"excerpt":"Foto: El Debate La Asociaci\u00f3n de Periodistas y Comunicadores 7 de Junio realizaron un llamado a los alcaldes de Mazatl\u00e1n, Culiac\u00e1n y Ahome de hostigamieno, intimidaci\u00f3n y amenazas a reporteros Redacci\u00f3n \/ El Debate Culiac\u00e1n.-Tras varios casos denunciados de hostigamiento, intimidaci\u00f3n y hasta amenazas a reporteros en el estado, la\u2026","rel":"","context":"En &quot;CINTILLO&quot;","block_context":{"text":"CINTILLO","link":"http:\/\/www.grieta.org.mx\/index.php\/category\/cintillo\/"},"img":{"alt_text":"","src":"https:\/\/i0.wp.com\/www.grieta.org.mx\/wp-content\/uploads\/2019\/07\/7_de_junio_crop1563682486465.jpeg_1727466156.jpeg?resize=350%2C200","width":350,"height":200,"srcset":"https:\/\/i0.wp.com\/www.grieta.org.mx\/wp-content\/uploads\/2019\/07\/7_de_junio_crop1563682486465.jpeg_1727466156.jpeg?resize=350%2C200 1x, https:\/\/i0.wp.com\/www.grieta.org.mx\/wp-content\/uploads\/2019\/07\/7_de_junio_crop1563682486465.jpeg_1727466156.jpeg?resize=525%2C300 1.5x, https:\/\/i0.wp.com\/www.grieta.org.mx\/wp-content\/uploads\/2019\/07\/7_de_junio_crop1563682486465.jpeg_1727466156.jpeg?resize=700%2C400 2x"},"classes":[]},{"id":30869,"url":"http:\/\/www.grieta.org.mx\/index.php\/2019\/03\/18\/comunicadores-de-sinaloa-protestan-por-asesinato-del-periodista-santiago-barroso-alfaro\/","url_meta":{"origin":31935,"position":2},"title":"Comunicadores de Sinaloa protestan por asesinato del periodista Santiago Barroso Alfaro","author":"grieta","date":"18 marzo, 2019","format":false,"excerpt":"FOTO: Javier Cabrera\/EL UNIVERSAL Durante la manifestaci\u00f3n recordaron los casos sin resolver de Javier Valdez C\u00e1rdenas, Humberto Mill\u00e1n Salazar, Rafael Mur\u00faa Manriquez y Jes\u00fas Ramos Rodr\u00edguez Javier Cabrera Mart\u00ednez\/EL UNIVERSAL Culiac\u00e1n.- Comunicadores de medios impresos, televisivos y electr\u00f3nicos protestaron en el exterior del atrio de catedral para que se esclarezca\u2026","rel":"","context":"En &quot;CINTILLO&quot;","block_context":{"text":"CINTILLO","link":"http:\/\/www.grieta.org.mx\/index.php\/category\/cintillo\/"},"img":{"alt_text":"","src":"https:\/\/i0.wp.com\/www.grieta.org.mx\/wp-content\/uploads\/2019\/03\/periodistas-culichis.jpg?resize=350%2C200","width":350,"height":200,"srcset":"https:\/\/i0.wp.com\/www.grieta.org.mx\/wp-content\/uploads\/2019\/03\/periodistas-culichis.jpg?resize=350%2C200 1x, https:\/\/i0.wp.com\/www.grieta.org.mx\/wp-content\/uploads\/2019\/03\/periodistas-culichis.jpg?resize=525%2C300 1.5x"},"classes":[]},{"id":31929,"url":"http:\/\/www.grieta.org.mx\/index.php\/2019\/04\/06\/reincidente-el-hostigamiento-contra-periodista-de-el-debate-sinaloa\/","url_meta":{"origin":31935,"position":3},"title":"Reincidente el hostigamiento contra periodista de El Debate (Sinaloa)","author":"grieta","date":"6 abril, 2019","format":false,"excerpt":"Hechos de intimidaci\u00f3n se presentan de nueva cuenta contra periodistas de esta casa editorial Redacci\u00f3n \/ El Debate Los Mochis, Sinaloa.-\u00a0El viernes 5 de abril, alrededor de la 01:00 de la madrugada, una\u00a0periodista de EL DEBATE\u00a0que ya hab\u00eda denunciado un caso de hostigamiento por su labor period\u00edstica encontr\u00f3 las puertas\u2026","rel":"","context":"En &quot;CINTILLO&quot;","block_context":{"text":"CINTILLO","link":"http:\/\/www.grieta.org.mx\/index.php\/category\/cintillo\/"},"img":{"alt_text":"","src":"https:\/\/i0.wp.com\/www.grieta.org.mx\/wp-content\/uploads\/2019\/04\/debate.jpg?resize=350%2C200","width":350,"height":200,"srcset":"https:\/\/i0.wp.com\/www.grieta.org.mx\/wp-content\/uploads\/2019\/04\/debate.jpg?resize=350%2C200 1x, https:\/\/i0.wp.com\/www.grieta.org.mx\/wp-content\/uploads\/2019\/04\/debate.jpg?resize=525%2C300 1.5x, https:\/\/i0.wp.com\/www.grieta.org.mx\/wp-content\/uploads\/2019\/04\/debate.jpg?resize=700%2C400 2x"},"classes":[]},{"id":33559,"url":"http:\/\/www.grieta.org.mx\/index.php\/2019\/05\/15\/periodistas-claman-justicia-para-javier-valdez-sinaloa\/","url_meta":{"origin":31935,"position":4},"title":"Periodistas claman justicia para Javier Valdez (Sinaloa)","author":"grieta","date":"15 mayo, 2019","format":false,"excerpt":"El d\u00eda de hoy se cumplieron dos a\u00f1os del cobarde asesinato del periodista Javier Valdez. Esmeralda Ivonne Ba\u00f1uelos Rodr\u00edguez \/ El Debate Guam\u00fachil,\u00a0Sinaloa.- A dos a\u00f1os del asesinato del periodista Javier Valdez, en la ciudad de Culiac\u00e1n, el club de periodistas de Guam\u00fachil se sum\u00f3 este 15 de mayo a\u2026","rel":"","context":"En &quot;CINTILLO&quot;","block_context":{"text":"CINTILLO","link":"http:\/\/www.grieta.org.mx\/index.php\/category\/cintillo\/"},"img":{"alt_text":"","src":"https:\/\/i0.wp.com\/www.grieta.org.mx\/wp-content\/uploads\/2019\/05\/img-20190515-wa0021.jpeg_749719311.jpeg?resize=350%2C200","width":350,"height":200,"srcset":"https:\/\/i0.wp.com\/www.grieta.org.mx\/wp-content\/uploads\/2019\/05\/img-20190515-wa0021.jpeg_749719311.jpeg?resize=350%2C200 1x, https:\/\/i0.wp.com\/www.grieta.org.mx\/wp-content\/uploads\/2019\/05\/img-20190515-wa0021.jpeg_749719311.jpeg?resize=525%2C300 1.5x, https:\/\/i0.wp.com\/www.grieta.org.mx\/wp-content\/uploads\/2019\/05\/img-20190515-wa0021.jpeg_749719311.jpeg?resize=700%2C400 2x"},"classes":[]},{"id":38167,"url":"http:\/\/www.grieta.org.mx\/index.php\/2019\/08\/15\/periodistas-interponen-queja-en-cedh-por-agresion-de-alcaldes-sinaloa\/","url_meta":{"origin":31935,"position":5},"title":"Periodistas interponen queja en CEDH por agresi\u00f3n de alcaldes (Sinaloa)","author":"grieta","date":"15 agosto, 2019","format":false,"excerpt":"Foto: El Debate La Asociaci\u00f3n de Periodistas 7 de Junio interpusieron\u00a0quejas en la CEDH por agresi\u00f3n de alcaldes Estefan\u00eda L\u00f3pez Corral \/ El Debate Culiac\u00e1n, Sinaloa.- Periodistas que conforma la Asociaci\u00f3n de Periodistas 7 de Junio, interpusieron una denuncia ante la Comisi\u00f3n Estatal de Derechos Humanos por casos de agresi\u00f3n\u2026","rel":"","context":"En &quot;CINTILLO&quot;","block_context":{"text":"CINTILLO","link":"http:\/\/www.grieta.org.mx\/index.php\/category\/cintillo\/"},"img":{"alt_text":"","src":"https:\/\/i0.wp.com\/www.grieta.org.mx\/wp-content\/uploads\/2019\/08\/periodistas_interponen_queja_en_cedh_por_agresixn_de_alcaldes.jpg_219914347.jpg?resize=350%2C200","width":350,"height":200,"srcset":"https:\/\/i0.wp.com\/www.grieta.org.mx\/wp-content\/uploads\/2019\/08\/periodistas_interponen_queja_en_cedh_por_agresixn_de_alcaldes.jpg_219914347.jpg?resize=350%2C200 1x, https:\/\/i0.wp.com\/www.grieta.org.mx\/wp-content\/uploads\/2019\/08\/periodistas_interponen_queja_en_cedh_por_agresixn_de_alcaldes.jpg_219914347.jpg?resize=525%2C300 1.5x, https:\/\/i0.wp.com\/www.grieta.org.mx\/wp-content\/uploads\/2019\/08\/periodistas_interponen_queja_en_cedh_por_agresixn_de_alcaldes.jpg_219914347.jpg?resize=700%2C400 2x"},"classes":[]}],"_links":{"self":[{"href":"http:\/\/www.grieta.org.mx\/index.php\/wp-json\/wp\/v2\/posts\/31935","targetHints":{"allow":["GET"]}}],"collection":[{"href":"http:\/\/www.grieta.org.mx\/index.php\/wp-json\/wp\/v2\/posts"}],"about":[{"href":"http:\/\/www.grieta.org.mx\/index.php\/wp-json\/wp\/v2\/types\/post"}],"author":[{"embeddable":true,"href":"http:\/\/www.grieta.org.mx\/index.php\/wp-json\/wp\/v2\/users\/2"}],"replies":[{"embeddable":true,"href":"http:\/\/www.grieta.org.mx\/index.php\/wp-json\/wp\/v2\/comments?post=31935"}],"version-history":[{"count":1,"href":"http:\/\/www.grieta.org.mx\/index.php\/wp-json\/wp\/v2\/posts\/31935\/revisions"}],"predecessor-version":[{"id":31937,"href":"http:\/\/www.grieta.org.mx\/index.php\/wp-json\/wp\/v2\/posts\/31935\/revisions\/31937"}],"wp:featuredmedia":[{"embeddable":true,"href":"http:\/\/www.grieta.org.mx\/index.php\/wp-json\/wp\/v2\/media\/31936"}],"wp:attachment":[{"href":"http:\/\/www.grieta.org.mx\/index.php\/wp-json\/wp\/v2\/media?parent=31935"}],"wp:term":[{"taxonomy":"category","embeddable":true,"href":"http:\/\/www.grieta.org.mx\/index.php\/wp-json\/wp\/v2\/categories?post=31935"},{"taxonomy":"post_tag","embeddable":true,"href":"http:\/\/www.grieta.org.mx\/index.php\/wp-json\/wp\/v2\/tags?post=31935"}],"curies":[{"name":"wp","href":"https:\/\/api.w.org\/{rel}","templated":true}]}}