{"id":3193,"date":"2015-07-31T13:02:26","date_gmt":"2015-07-31T13:02:26","guid":{"rendered":"http:\/\/50.22.11.12\/~grietaor\/?p=3193"},"modified":"2016-04-25T00:05:53","modified_gmt":"2016-04-25T00:05:53","slug":"maestros-de-jalisco-entregan-amparos-contra-reforma-educativa","status":"publish","type":"post","link":"http:\/\/www.grieta.org.mx\/index.php\/2015\/07\/31\/maestros-de-jalisco-entregan-amparos-contra-reforma-educativa\/","title":{"rendered":"Maestros de Jalisco entregan amparos contra reforma educativa"},"content":{"rendered":"<p>FABIOLA HERN\u00c1NDEZ<\/p>\n<p>        La estrategia jur\u00eddica pretende cancelar la evaluaci\u00f3n a docentes<br \/>\n        Se convocar\u00e1n a m\u00e1s de 400 maestros en la Glorieta de la Minerva<\/p>\n<p>Profesores realizan la segunda entrega de amparos en contra de la Reforma Educativa en Ciudad Judicial<\/p>\n<p>GUADALAJARA, JALISCO (31\/JUL\/2015).- Profesores pertenecientes al Frente Magisterial de Jalisco y a la Red Izaki realizaron la segunda entrega de amparos en contra de la Reforma Educativa en Ciudad Judicial.<\/p>\n<p>Desde las 10 de la ma\u00f1ana, cerca de 200 maestros provenientes de las regiones de Costa Norte, Costa Sur, Sierra de Amula Altos Norte, Altos Sur Regi\u00f3n Valles y Ci\u00e9naga presentaron amparos colectivos e individuales, que en conjunto sumar\u00e1n entre siete y ocho mil recursos legales entregadas a los juzgados federales.Dicha estrategia jur\u00eddica pretenden dejar sin efecto las evaluaciones que realizar\u00e1 el Instituto Nacional para la Evaluaci\u00f3n de la Educaci\u00f3n  a m\u00e1s de siete mil profesores en Jalisco.<\/p>\n<p>El representante legal de los docentes, H\u00e9ctor Alcal\u00e1 asegur\u00f3 que los procesos evaluativos se realizan a destiempo, ya que la ley indica que los ex\u00e1menes deber\u00e1n de ser aplicados en el siguiente ciclo escolar.<\/p>\n<p>\u201cCreemos que se adelant\u00f3 la evaluaci\u00f3n y la ley dice otra cosa. Dice que debe empezar la evaluaci\u00f3n del desempe\u00f1o desde septiembre a diciembre y de febrero a mayo\u201d<\/p>\n<p>Los representantes del movimiento magisterial en Jalisco, aseguraron que la incertidumbre persiste entre los maestros; ya que las autoridades, tanto de la Secretar\u00eda de Educaci\u00f3n como de el Congreso del Estado se han negado a apoyarlos y a brindarles informaci\u00f3n.<\/p>\n<p>Carlos Ramos Gonz\u00e1lez, representante de Red Izaki manifest\u00f3 que los docentes han sufrido estr\u00e9s y enfermedades, ante el miedo de perder su trabajo.<\/p>\n<p>\u201cEsta situaci\u00f3n es reprobable, los profesores se est\u00e1n enfermando. Es una presi\u00f3n muy fuerte porque nos est\u00e1n pidiendo muchos documentos y adem\u00e1s nos van a evaluar con la finalidad de despedirnos\u201d.<\/p>\n<p>Por la tarde, se espera convocar a m\u00e1s de 400 maestros para partir en 10 camiones hacia la Glorieta Minerva. Punto de donde arrancar\u00e1  la marcha contra la privatizaci\u00f3n a los servicios de salud, en solidaridad a los trabajadores del IMSS y del ISSTE.<\/p>\n<p>Mientras llegaba la hora, algunos docentes participaron en un mitin y otros, tomaron las \u00e1reas verdes frente a Ciudad Judicial para dormir y desayunar.<\/p>\n<p>EL INFORMADOR \/ FABIOLA HERN\u00c1NDEZ<\/p>\n<p><a href=\"http:\/\/www.informador.com.mx\/jalisco\/2015\/606428\/6\/maestros-de-jalisco-entregan-amparos-contra-reforma-educativa.htm\" target=\"_blank\">http:\/\/www.informador.com.mx\/jalisco\/2015\/606428\/6\/maestros-de-jalisco-entregan-amparos-contra-reforma-educativa.htm<\/a><\/p>\n","protected":false},"excerpt":{"rendered":"<p>FABIOLA HERN\u00c1NDEZ La estrategia jur\u00eddica pretende cancelar la evaluaci\u00f3n a docentes Se convocar\u00e1n a m\u00e1s de 400 maestros en la Glorieta de la Minerva Profesores realizan la segunda entrega de &hellip; <a href=\"http:\/\/www.grieta.org.mx\/index.php\/2015\/07\/31\/maestros-de-jalisco-entregan-amparos-contra-reforma-educativa\/\" class=\"more-link\">Leer m\u00e1s<\/a><\/p>\n","protected":false},"author":2,"featured_media":21928,"comment_status":"closed","ping_status":"open","sticky":false,"template":"","format":"standard","meta":{"ngg_post_thumbnail":0,"_jetpack_newsletter_access":"","_jetpack_dont_email_post_to_subs":false,"_jetpack_newsletter_tier_id":0,"_jetpack_memberships_contains_paywalled_content":false,"_jetpack_memberships_contains_paid_content":false,"footnotes":""},"categories":[80,230],"tags":[107,133,135],"class_list":["post-3193","post","type-post","status-publish","format-standard","has-post-thumbnail","hentry","category-cintillo","category-jalisco","tag-educacion","tag-maestros","tag-reforma-educativa","entry"],"jetpack_featured_media_url":"http:\/\/www.grieta.org.mx\/wp-content\/uploads\/2018\/03\/14524434_1106112876131411_958039263622046936_o.jpg","jetpack_sharing_enabled":true,"jetpack_shortlink":"https:\/\/wp.me\/p7ZJR4-Pv","jetpack_likes_enabled":false,"jetpack-related-posts":[{"id":3171,"url":"http:\/\/www.grieta.org.mx\/index.php\/2016\/08\/23\/movilizaciones-contra-la-reforma-educativa-y-la-evaluacion-magisterial-en-jalisco\/","url_meta":{"origin":3193,"position":0},"title":"Movilizaciones contra la Reforma educativa y evaluaci\u00f3n magisterial en Jalisco","author":"grieta","date":"23 agosto, 2016","format":false,"excerpt":"23\/08\/16. Maestros se manifestaron en el Aeropuerto Internacional de Guadalajara contra la Reforma Educativa Canal 44 23\/08\/16. Maestros en la regi\u00f3n de Los Altos trabajan bajo protesta (Video)Canal 44 27\/07\/16. Bloquean maestros casetasAM Lagos de Moreno 17\/07\/16. Frente Magisterial advierte accionesNtr Guadalajara 04\/07\/16. Abuchean a Aurelio Nu\u00f1o en JaliscoProceso 23\/06\/16.\u2026","rel":"","context":"En &quot;Jalisco&quot;","block_context":{"text":"Jalisco","link":"http:\/\/www.grieta.org.mx\/index.php\/category\/noticias-nacionales\/jalisco\/"},"img":{"alt_text":"","src":"https:\/\/i0.wp.com\/www.grieta.org.mx\/wp-content\/uploads\/2018\/03\/14524434_1106112876131411_958039263622046936_o.jpg?resize=350%2C200","width":350,"height":200,"srcset":"https:\/\/i0.wp.com\/www.grieta.org.mx\/wp-content\/uploads\/2018\/03\/14524434_1106112876131411_958039263622046936_o.jpg?resize=350%2C200 1x, https:\/\/i0.wp.com\/www.grieta.org.mx\/wp-content\/uploads\/2018\/03\/14524434_1106112876131411_958039263622046936_o.jpg?resize=525%2C300 1.5x, https:\/\/i0.wp.com\/www.grieta.org.mx\/wp-content\/uploads\/2018\/03\/14524434_1106112876131411_958039263622046936_o.jpg?resize=700%2C400 2x"},"classes":[]},{"id":2711,"url":"http:\/\/www.grieta.org.mx\/index.php\/2015\/11\/13\/maestros-colimenses-marchan-contra-la-reforma-educativa-y-evaluacion-docente\/","url_meta":{"origin":3193,"position":1},"title":"Maestros colimenses marchan contra la Reforma Educativa y evaluaci\u00f3n docente","author":"grieta","date":"13 noviembre, 2015","format":false,"excerpt":"Carlos Ruiz La noche de este viernes (13), decenas de profesores de las secciones del Sindicato Nacional de Trabajadores de la Educaci\u00f3n 6 y 39 se manifestaron por las calles de la ciudad de Colima exigiendo la derogaci\u00f3n de la Reforma Educativa y en contra de la evaluaci\u00f3n docente. A\u2026","rel":"","context":"En &quot;CINTILLO&quot;","block_context":{"text":"CINTILLO","link":"http:\/\/www.grieta.org.mx\/index.php\/category\/cintillo\/"},"img":{"alt_text":"","src":"https:\/\/i0.wp.com\/www.grieta.org.mx\/wp-content\/uploads\/2018\/03\/14524434_1106112876131411_958039263622046936_o.jpg?resize=350%2C200","width":350,"height":200,"srcset":"https:\/\/i0.wp.com\/www.grieta.org.mx\/wp-content\/uploads\/2018\/03\/14524434_1106112876131411_958039263622046936_o.jpg?resize=350%2C200 1x, https:\/\/i0.wp.com\/www.grieta.org.mx\/wp-content\/uploads\/2018\/03\/14524434_1106112876131411_958039263622046936_o.jpg?resize=525%2C300 1.5x, https:\/\/i0.wp.com\/www.grieta.org.mx\/wp-content\/uploads\/2018\/03\/14524434_1106112876131411_958039263622046936_o.jpg?resize=700%2C400 2x"},"classes":[]},{"id":3187,"url":"http:\/\/www.grieta.org.mx\/index.php\/2015\/10\/13\/maestros-de-vallarta-se-unen-al-paro-nacional-magisterial-con-mitin-en-la-drse\/","url_meta":{"origin":3193,"position":2},"title":"Maestros de Vallarta se unen al Paro Nacional Magisterial con mitin en la DRSE","author":"grieta","date":"13 octubre, 2015","format":false,"excerpt":"Fernando Sanchez Los profesores tienen confianza en que van a ver caer esta reforma educativa porque est\u00e1 condenada al fracaso y aseguran que deben aprovechar esta lucha, para echar andar una revoluci\u00f3n que implica un cambio en la conciencia Puerto Vallarta.- Este lunes a medio d\u00eda se realizo un mitin\u2026","rel":"","context":"En &quot;CINTILLO&quot;","block_context":{"text":"CINTILLO","link":"http:\/\/www.grieta.org.mx\/index.php\/category\/cintillo\/"},"img":{"alt_text":"","src":"https:\/\/i0.wp.com\/www.grieta.org.mx\/wp-content\/uploads\/2018\/03\/14524434_1106112876131411_958039263622046936_o.jpg?resize=350%2C200","width":350,"height":200,"srcset":"https:\/\/i0.wp.com\/www.grieta.org.mx\/wp-content\/uploads\/2018\/03\/14524434_1106112876131411_958039263622046936_o.jpg?resize=350%2C200 1x, https:\/\/i0.wp.com\/www.grieta.org.mx\/wp-content\/uploads\/2018\/03\/14524434_1106112876131411_958039263622046936_o.jpg?resize=525%2C300 1.5x, https:\/\/i0.wp.com\/www.grieta.org.mx\/wp-content\/uploads\/2018\/03\/14524434_1106112876131411_958039263622046936_o.jpg?resize=700%2C400 2x"},"classes":[]},{"id":20267,"url":"http:\/\/www.grieta.org.mx\/index.php\/2016\/08\/23\/maestros-se-manifestaron-en-el-aeropuerto-internacional-de-guadalajara-contra-la-reforma-educativa-video\/","url_meta":{"origin":3193,"position":3},"title":"Maestros se manifestaron en el Aeropuerto Internacional de Guadalajara contra la Reforma Educativa  (Video)","author":"grieta","date":"23 agosto, 2016","format":false,"excerpt":"Ignacio P\u00e9rez Vega","rel":"","context":"En &quot;CINTILLO&quot;","block_context":{"text":"CINTILLO","link":"http:\/\/www.grieta.org.mx\/index.php\/category\/cintillo\/"},"img":{"alt_text":"","src":"https:\/\/i0.wp.com\/www.grieta.org.mx\/wp-content\/uploads\/2018\/03\/14524434_1106112876131411_958039263622046936_o.jpg?resize=350%2C200","width":350,"height":200,"srcset":"https:\/\/i0.wp.com\/www.grieta.org.mx\/wp-content\/uploads\/2018\/03\/14524434_1106112876131411_958039263622046936_o.jpg?resize=350%2C200 1x, https:\/\/i0.wp.com\/www.grieta.org.mx\/wp-content\/uploads\/2018\/03\/14524434_1106112876131411_958039263622046936_o.jpg?resize=525%2C300 1.5x, https:\/\/i0.wp.com\/www.grieta.org.mx\/wp-content\/uploads\/2018\/03\/14524434_1106112876131411_958039263622046936_o.jpg?resize=700%2C400 2x"},"classes":[]},{"id":15060,"url":"http:\/\/www.grieta.org.mx\/index.php\/2016\/08\/09\/movilizaciones-contra-la-reforma-educativa-en-san-luis-potosi\/","url_meta":{"origin":3193,"position":4},"title":"Movilizaciones contra la reforma educativa en San Luis Potos\u00ed","author":"grieta","date":"9 agosto, 2016","format":false,"excerpt":"04\/08\/16. Se agrupan maestros de SNTE y CNTE contra reforma educativa en SLPLa Jornada San Luis 22\/07\/16. Maestros se vuelven a manifestar en SLPEl Sol de San Luis 21\/07\/16. CNTE en SLP entrega pliego petitorio en Congreso local de SLPQuadratin 13\/07\/16. Marchan maestros en San Luis Potos\u00ed contra la reforma\u2026","rel":"","context":"En &quot;San Luis Potos\u00ed&quot;","block_context":{"text":"San Luis Potos\u00ed","link":"http:\/\/www.grieta.org.mx\/index.php\/category\/noticias-nacionales\/san-luis-potosi\/"},"img":{"alt_text":"","src":"https:\/\/i0.wp.com\/www.grieta.org.mx\/wp-content\/uploads\/2018\/03\/14524434_1106112876131411_958039263622046936_o.jpg?resize=350%2C200","width":350,"height":200,"srcset":"https:\/\/i0.wp.com\/www.grieta.org.mx\/wp-content\/uploads\/2018\/03\/14524434_1106112876131411_958039263622046936_o.jpg?resize=350%2C200 1x, https:\/\/i0.wp.com\/www.grieta.org.mx\/wp-content\/uploads\/2018\/03\/14524434_1106112876131411_958039263622046936_o.jpg?resize=525%2C300 1.5x, https:\/\/i0.wp.com\/www.grieta.org.mx\/wp-content\/uploads\/2018\/03\/14524434_1106112876131411_958039263622046936_o.jpg?resize=700%2C400 2x"},"classes":[]},{"id":3201,"url":"http:\/\/www.grieta.org.mx\/index.php\/2015\/06\/30\/por-reforma-educativa-maestros-protestaron-en-ciudad-judicial\/","url_meta":{"origin":3193,"position":5},"title":"Por Reforma Educativa, maestros protestaron en Ciudad Judicial","author":"grieta","date":"30 junio, 2015","format":false,"excerpt":"Paola Rodr\u00edguez 30 de junio de 2015.- Al menos mil maestros de diferentes entidades del estado tomaron Ciudad Judicial, bloqueando todos los carriles del Perif\u00e9rico de manera intermitente. La raz\u00f3n es la misma que hace dos a\u00f1os: rechazan la Reforma Educativa que impuls\u00f3 el Presidente Enrique Pe\u00f1a Nieto. Rechazan que\u2026","rel":"","context":"En &quot;CINTILLO&quot;","block_context":{"text":"CINTILLO","link":"http:\/\/www.grieta.org.mx\/index.php\/category\/cintillo\/"},"img":{"alt_text":"","src":"https:\/\/i0.wp.com\/www.grieta.org.mx\/wp-content\/uploads\/2018\/03\/14524434_1106112876131411_958039263622046936_o.jpg?resize=350%2C200","width":350,"height":200,"srcset":"https:\/\/i0.wp.com\/www.grieta.org.mx\/wp-content\/uploads\/2018\/03\/14524434_1106112876131411_958039263622046936_o.jpg?resize=350%2C200 1x, https:\/\/i0.wp.com\/www.grieta.org.mx\/wp-content\/uploads\/2018\/03\/14524434_1106112876131411_958039263622046936_o.jpg?resize=525%2C300 1.5x, https:\/\/i0.wp.com\/www.grieta.org.mx\/wp-content\/uploads\/2018\/03\/14524434_1106112876131411_958039263622046936_o.jpg?resize=700%2C400 2x"},"classes":[]}],"_links":{"self":[{"href":"http:\/\/www.grieta.org.mx\/index.php\/wp-json\/wp\/v2\/posts\/3193","targetHints":{"allow":["GET"]}}],"collection":[{"href":"http:\/\/www.grieta.org.mx\/index.php\/wp-json\/wp\/v2\/posts"}],"about":[{"href":"http:\/\/www.grieta.org.mx\/index.php\/wp-json\/wp\/v2\/types\/post"}],"author":[{"embeddable":true,"href":"http:\/\/www.grieta.org.mx\/index.php\/wp-json\/wp\/v2\/users\/2"}],"replies":[{"embeddable":true,"href":"http:\/\/www.grieta.org.mx\/index.php\/wp-json\/wp\/v2\/comments?post=3193"}],"version-history":[{"count":1,"href":"http:\/\/www.grieta.org.mx\/index.php\/wp-json\/wp\/v2\/posts\/3193\/revisions"}],"predecessor-version":[{"id":10796,"href":"http:\/\/www.grieta.org.mx\/index.php\/wp-json\/wp\/v2\/posts\/3193\/revisions\/10796"}],"wp:featuredmedia":[{"embeddable":true,"href":"http:\/\/www.grieta.org.mx\/index.php\/wp-json\/wp\/v2\/media\/21928"}],"wp:attachment":[{"href":"http:\/\/www.grieta.org.mx\/index.php\/wp-json\/wp\/v2\/media?parent=3193"}],"wp:term":[{"taxonomy":"category","embeddable":true,"href":"http:\/\/www.grieta.org.mx\/index.php\/wp-json\/wp\/v2\/categories?post=3193"},{"taxonomy":"post_tag","embeddable":true,"href":"http:\/\/www.grieta.org.mx\/index.php\/wp-json\/wp\/v2\/tags?post=3193"}],"curies":[{"name":"wp","href":"https:\/\/api.w.org\/{rel}","templated":true}]}}