{"id":31909,"date":"2019-02-06T17:35:35","date_gmt":"2019-02-06T23:35:35","guid":{"rendered":"http:\/\/www.grieta.org.mx\/?p=31909"},"modified":"2019-04-09T17:42:43","modified_gmt":"2019-04-09T22:42:43","slug":"rastreadoras-mantienen-la-esperanza-de-localizar-fosas-clandestinas-sinaloa","status":"publish","type":"post","link":"http:\/\/www.grieta.org.mx\/index.php\/2019\/02\/06\/rastreadoras-mantienen-la-esperanza-de-localizar-fosas-clandestinas-sinaloa\/","title":{"rendered":"Rastreadoras mantienen la esperanza de localizar fosas clandestinas (Sinaloa)"},"content":{"rendered":"<p><img loading=\"lazy\" decoding=\"async\" data-attachment-id=\"31910\" data-permalink=\"http:\/\/www.grieta.org.mx\/index.php\/2019\/02\/06\/rastreadoras-mantienen-la-esperanza-de-localizar-fosas-clandestinas-sinaloa\/rastreadoras-jpg_539665225\/\" data-orig-file=\"http:\/\/www.grieta.org.mx\/wp-content\/uploads\/2019\/04\/rastreadoras.jpg_539665225.jpg\" data-orig-size=\"695,521\" data-comments-opened=\"0\" data-image-meta=\"{&quot;aperture&quot;:&quot;0&quot;,&quot;credit&quot;:&quot;&quot;,&quot;camera&quot;:&quot;&quot;,&quot;caption&quot;:&quot;&quot;,&quot;created_timestamp&quot;:&quot;0&quot;,&quot;copyright&quot;:&quot;&quot;,&quot;focal_length&quot;:&quot;0&quot;,&quot;iso&quot;:&quot;0&quot;,&quot;shutter_speed&quot;:&quot;0&quot;,&quot;title&quot;:&quot;&quot;,&quot;orientation&quot;:&quot;0&quot;}\" data-image-title=\"rastreadoras.jpg_539665225\" data-image-description=\"\" data-image-caption=\"\" data-medium-file=\"http:\/\/www.grieta.org.mx\/wp-content\/uploads\/2019\/04\/rastreadoras.jpg_539665225-300x225.jpg\" data-large-file=\"http:\/\/www.grieta.org.mx\/wp-content\/uploads\/2019\/04\/rastreadoras.jpg_539665225.jpg\" class=\" wp-image-31910 aligncenter\" src=\"http:\/\/www.grieta.org.mx\/wp-content\/uploads\/2019\/04\/rastreadoras.jpg_539665225-300x225.jpg\" alt=\"\" width=\"770\" height=\"578\" srcset=\"http:\/\/www.grieta.org.mx\/wp-content\/uploads\/2019\/04\/rastreadoras.jpg_539665225-300x225.jpg 300w, http:\/\/www.grieta.org.mx\/wp-content\/uploads\/2019\/04\/rastreadoras.jpg_539665225-667x500.jpg 667w, http:\/\/www.grieta.org.mx\/wp-content\/uploads\/2019\/04\/rastreadoras.jpg_539665225.jpg 695w\" sizes=\"auto, (max-width: 770px) 100vw, 770px\" \/><\/p>\n<p><em>Sin perder la fe, un grupo de hombres y mujeres, acudieron a las inmediaciones de la comunidad de La Quebrada de los Sandoval en San Ignacio, para tratar de localizar algunas fosas clandestinas<\/em><\/p>\n<p>Redacci\u00f3n \/ El Debate<\/p>\n<p>San Ignacio.- Sin perder la fe, un grupo de hombres y mujeres, acudieron a las inmediaciones de la comunidad de La Quebrada de los Sandoval en San Ignacio, para tratar de\u00a0localizar\u00a0algunas\u00a0fosas clandestinas, de las cuales se ha estado hablando desde hace cerca de dos a\u00f1os, tiempo en el cual han acudido en ocho ocasiones, sin lograr hasta la fecha resultados positivos.<\/p>\n<p>A\u00fan as\u00ed, mantienen viva la<strong>\u00a0esperanza<\/strong>\u00a0de que alg\u00fan d\u00eda su\u00a0<strong>b\u00fasqueda<\/strong>\u00a0rinda frutos, esto a pesar de las incontables llamadas an\u00f3nimas que han recibido indic\u00e1ndoles donde podr\u00eda estar la personas que buscan, pues hay quienes aprovech\u00e1ndose de su dolor y desesperaci\u00f3n, y m\u00e1s a\u00fan de las ganas de encontrar los\u00a0restos\u00a0de su ser querido, han llegado a soltar grandes sumas de dinero, siendo esto informaci\u00f3n falsa.<\/p>\n<p>Sin\u00a0embargo esto no los ha debilitado, ya que el amor de madre, de padre, de hijo o de hermano, no conoce la palabra \u201crendirse\u201d, porque es el coraz\u00f3n lo que los mueve.<\/p>\n<p>Armados con picos, palas, barras y varillas, y con un croquis en la mano, como otras veces lo han hecho, se introdujeron al monte, por horas buscaron cavaron, sin denotar cansancio y molestia, a pesar de las altas temperaturas.<\/p>\n<p>Todos ellos, quienes comparten el dolor de haber perdido un familiar, se dan \u00e1nimos, y comparten los alimentos y bebidas, entre risas y bromas para hacer ameno el momento, ellos saben que no deben rendirse y a\u00fan cuando las m\u00faltiples veces que han acudido a este lugar, volver\u00e1n a hacerlo las veces que sea necesario dijeron.<\/p>\n<p>Y as\u00ed cavando aqu\u00ed, cavando all\u00e1, y buscando entre la vegetaci\u00f3n seca cualquier indicio u objeto, transcurre el tiempo, ocup\u00e1ndose tapar cuidadosamente cada hoyo que hacen, mientras lo hacen algunos callados, otros a pausas relatan un poco de c\u00f3mo es que perdieron a su familiar y de lo mucho que han luchado para localizarlo, de lo grande que es el sufrimiento sobre todo para una madre el no saber\u00a0en donde est\u00e1 su hijo, y pedirle a Dios con todo su coraz\u00f3n localizar sus restos para sepultarlos y tener donde ir a llorarles a llevarles un ramo de flores.<\/p>\n<p>Al final un poco desalentados, cansados, y sedientos, pero sin bajar la guardia, dijeron volver\u00e1n a recorrer esta zona, pues algo les dice que encontraran lo que buscan en este lugar, mientras contin\u00faan por la vida con su coraz\u00f3n incompleto.<\/p>\n<p><a href=\"https:\/\/www.debate.com.mx\/sinaloa\/Rastreadoras-mantienen-la-esperanza-de-localizar-fosas-clandestinas-20190206-0193.html\">https:\/\/www.debate.com.mx\/sinaloa\/Rastreadoras-mantienen-la-esperanza-de-localizar-fosas-clandestinas-20190206-0193.html<\/a><\/p>\n","protected":false},"excerpt":{"rendered":"<p>Sin perder la fe, un grupo de hombres y mujeres, acudieron a las inmediaciones de la comunidad de La Quebrada de los Sandoval en San Ignacio, para tratar de localizar &hellip; <a href=\"http:\/\/www.grieta.org.mx\/index.php\/2019\/02\/06\/rastreadoras-mantienen-la-esperanza-de-localizar-fosas-clandestinas-sinaloa\/\" class=\"more-link\">Leer m\u00e1s<\/a><\/p>\n","protected":false},"author":2,"featured_media":31910,"comment_status":"closed","ping_status":"closed","sticky":false,"template":"","format":"standard","meta":{"ngg_post_thumbnail":0,"_jetpack_newsletter_access":"","_jetpack_dont_email_post_to_subs":false,"_jetpack_newsletter_tier_id":0,"_jetpack_memberships_contains_paywalled_content":false,"_jetpack_memberships_contains_paid_content":false,"footnotes":""},"categories":[80,87,1203,2,30,83],"tags":[],"class_list":["post-31909","post","type-post","status-publish","format-standard","has-post-thumbnail","hentry","category-cintillo","category-desaparecidos","category-desaparecidos-en-sinaloa","category-noticias-nacionales","category-sinaloa","category-temas-nacionales","entry"],"jetpack_featured_media_url":"http:\/\/www.grieta.org.mx\/wp-content\/uploads\/2019\/04\/rastreadoras.jpg_539665225.jpg","jetpack_sharing_enabled":true,"jetpack_shortlink":"https:\/\/wp.me\/p7ZJR4-8iF","jetpack_likes_enabled":false,"jetpack-related-posts":[{"id":33547,"url":"http:\/\/www.grieta.org.mx\/index.php\/2019\/05\/01\/localizan-11-cuerpos-en-fosas-clandestinas%e2%80%89en-guasave-sinaloa\/","url_meta":{"origin":31909,"position":0},"title":"Localizan 11 cuerpos en fosas clandestinas en Guasave (Sinaloa)","author":"grieta","date":"1 mayo, 2019","format":false,"excerpt":"El grupo Las Rastreadoras de El Fuerte realiz\u00f3 excavaciones en un terreno que se ubica en la comunidad de Casa Blanca, a un costado de un dren por la carretera que lleva a La Brecha Redacci\u00f3n \/ El Debate Guasave, Sinaloa.-\u00a0Integrantes del grupo\u00a0Las Rastreadoras de El Fuerte\u00a0y la agrupaci\u00f3n extensi\u00f3n\u2026","rel":"","context":"En &quot;CINTILLO&quot;","block_context":{"text":"CINTILLO","link":"http:\/\/www.grieta.org.mx\/index.php\/category\/cintillo\/"},"img":{"alt_text":"","src":"https:\/\/i0.wp.com\/www.grieta.org.mx\/wp-content\/uploads\/2018\/03\/14524434_1106112876131411_958039263622046936_o.jpg?resize=350%2C200","width":350,"height":200,"srcset":"https:\/\/i0.wp.com\/www.grieta.org.mx\/wp-content\/uploads\/2018\/03\/14524434_1106112876131411_958039263622046936_o.jpg?resize=350%2C200 1x, https:\/\/i0.wp.com\/www.grieta.org.mx\/wp-content\/uploads\/2018\/03\/14524434_1106112876131411_958039263622046936_o.jpg?resize=525%2C300 1.5x, https:\/\/i0.wp.com\/www.grieta.org.mx\/wp-content\/uploads\/2018\/03\/14524434_1106112876131411_958039263622046936_o.jpg?resize=700%2C400 2x"},"classes":[]},{"id":32266,"url":"http:\/\/www.grieta.org.mx\/index.php\/2019\/04\/13\/hallan-en-fosas-clandestinas-a-15-ejecutados-en-juan-jose-rios-sinaloa\/","url_meta":{"origin":31909,"position":1},"title":"Hallan en fosas clandestinas a 15 ejecutados en Juan Jos\u00e9 R\u00edos (Sinaloa)","author":"grieta","date":"13 abril, 2019","format":false,"excerpt":"Rastreadoras de El Fuerte hallaron el pante\u00f3n clandestino donde estaban los restos entre el viernes y hoy s\u00e1bado Redacci\u00f3n \/ El Sol de Sinaloa Culiac\u00e1n, Sin. - Un total de 15 cuerpos de personas ejecutadas han sido localizados enterrados hasta el momento en fosas clandestinas, por familiares de personas desaparecidas\u2026","rel":"","context":"En &quot;CINTILLO&quot;","block_context":{"text":"CINTILLO","link":"http:\/\/www.grieta.org.mx\/index.php\/category\/cintillo\/"},"img":{"alt_text":"","src":"https:\/\/i0.wp.com\/www.grieta.org.mx\/wp-content\/uploads\/2019\/04\/desasin.jpg?resize=350%2C200","width":350,"height":200,"srcset":"https:\/\/i0.wp.com\/www.grieta.org.mx\/wp-content\/uploads\/2019\/04\/desasin.jpg?resize=350%2C200 1x, https:\/\/i0.wp.com\/www.grieta.org.mx\/wp-content\/uploads\/2019\/04\/desasin.jpg?resize=525%2C300 1.5x, https:\/\/i0.wp.com\/www.grieta.org.mx\/wp-content\/uploads\/2019\/04\/desasin.jpg?resize=700%2C400 2x"},"classes":[]},{"id":66880,"url":"http:\/\/www.grieta.org.mx\/index.php\/2023\/04\/29\/tecoman-el-municipio-con-mas-fosas-clandestinas-colima\/","url_meta":{"origin":31909,"position":2},"title":"Tecom\u00e1n, el municipio con m\u00e1s fosas clandestinas (Colima)","author":"grieta","date":"29 abril, 2023","format":false,"excerpt":"Imagen: El Comentario de Colima Con el reciente hallazgo anunciado por la Fiscal\u00eda General del Estado (FGE), de\u00a010 fosas clandestinas\u00a0encontradas en la comunidad de Cerro de Ortega en el municipio de Tecom\u00e1n, donde fueron exhumados 26 restos \u00f3seos y la entidad suma 29\u00a0fosas clandestinas\u00a0encontradas y 44 cad\u00e1veres y un resto\u2026","rel":"","context":"En &quot;CINTILLO&quot;","block_context":{"text":"CINTILLO","link":"http:\/\/www.grieta.org.mx\/index.php\/category\/cintillo\/"},"img":{"alt_text":"","src":"https:\/\/i0.wp.com\/www.grieta.org.mx\/wp-content\/uploads\/2023\/04\/LOCAL-6-3-780x470-1.jpg?resize=350%2C200","width":350,"height":200,"srcset":"https:\/\/i0.wp.com\/www.grieta.org.mx\/wp-content\/uploads\/2023\/04\/LOCAL-6-3-780x470-1.jpg?resize=350%2C200 1x, https:\/\/i0.wp.com\/www.grieta.org.mx\/wp-content\/uploads\/2023\/04\/LOCAL-6-3-780x470-1.jpg?resize=525%2C300 1.5x, https:\/\/i0.wp.com\/www.grieta.org.mx\/wp-content\/uploads\/2023\/04\/LOCAL-6-3-780x470-1.jpg?resize=700%2C400 2x"},"classes":[]},{"id":35470,"url":"http:\/\/www.grieta.org.mx\/index.php\/2019\/06\/25\/sabuesos-guerreras-encuentran-restos-humanos-en-fosas-clandestinas-de-eldorado-sinaloa\/","url_meta":{"origin":31909,"position":3},"title":"Sabuesos guerreras encuentran restos humanos en fosas clandestinas de Eldorado (Sinaloa)","author":"grieta","date":"25 junio, 2019","format":false,"excerpt":"Foto: Espejo La ma\u00f1ana del pasado lunes el grupo de b\u00fasqueda Sabuesos Guerreras, acompa\u00f1adas por elementos de la Fiscal\u00eda General del Estado, se dirigieron a la sindicatura de Eldorado donde encontraron restos humanos y el cuerpo en estado descomposici\u00f3n de una mujer. Redacci\u00f3n \/ Espejo Sabuesos Guerreras se han convertido\u2026","rel":"","context":"En &quot;CINTILLO&quot;","block_context":{"text":"CINTILLO","link":"http:\/\/www.grieta.org.mx\/index.php\/category\/cintillo\/"},"img":{"alt_text":"","src":"https:\/\/i0.wp.com\/www.grieta.org.mx\/wp-content\/uploads\/2019\/06\/sabuesos.jpg?resize=350%2C200","width":350,"height":200,"srcset":"https:\/\/i0.wp.com\/www.grieta.org.mx\/wp-content\/uploads\/2019\/06\/sabuesos.jpg?resize=350%2C200 1x, https:\/\/i0.wp.com\/www.grieta.org.mx\/wp-content\/uploads\/2019\/06\/sabuesos.jpg?resize=525%2C300 1.5x, https:\/\/i0.wp.com\/www.grieta.org.mx\/wp-content\/uploads\/2019\/06\/sabuesos.jpg?resize=700%2C400 2x, https:\/\/i0.wp.com\/www.grieta.org.mx\/wp-content\/uploads\/2019\/06\/sabuesos.jpg?resize=1050%2C600 3x"},"classes":[]},{"id":31251,"url":"http:\/\/www.grieta.org.mx\/index.php\/2019\/03\/26\/crearan-grupo-para-localizar-y-revisar-fosas-en-la-frontera-tamaulipas\/","url_meta":{"origin":31909,"position":4},"title":"Crear\u00e1n grupo para localizar y revisar fosas en la frontera (Tamaulipas)","author":"grieta","date":"26 marzo, 2019","format":false,"excerpt":"Viviana Cervantes \/ El Ma\u00f1ana Buscar\u00e1 a desaparecidos la Asociaci\u00f3n Justicia Tamaulipas Reynosa, Tam. La Asociaci\u00f3n Justicia Tamaulipas, dedicada a la b\u00fasqueda de personas desaparecidas, crear\u00e1 un grupo especializado para localizar y revisar las fosas clandestinas que est\u00e1n en la zona fronteriza. Giovanni Barrios Moreno, director del organismo, se\u00f1al\u00f3 que\u2026","rel":"","context":"En &quot;CINTILLO&quot;","block_context":{"text":"CINTILLO","link":"http:\/\/www.grieta.org.mx\/index.php\/category\/cintillo\/"},"img":{"alt_text":"","src":"https:\/\/i0.wp.com\/www.grieta.org.mx\/wp-content\/uploads\/2019\/03\/Crear%C3%A1n-grupo-para-localizar-y-revisar-fosas-en-la-frontera-tama-mzo-300x158.jpg?resize=350%2C200","width":350,"height":200},"classes":[]},{"id":33804,"url":"http:\/\/www.grieta.org.mx\/index.php\/2019\/05\/22\/hallan-cinco-cuerpos-en-fosas-clandestinas-en-mazatlan-sinaloa\/","url_meta":{"origin":31909,"position":5},"title":"Hallan cinco cuerpos en fosas clandestinas en Mazatlan, Sinaloa","author":"grieta","date":"22 mayo, 2019","format":false,"excerpt":"Las rastreadores encontraron los restos humanos, este lunes fueron hallados 6 m\u00e1s en la zona conocida como Cerritos, en el puerto de Mazatl\u00e1n, Sinaloa Ra\u00fal Briones \/ El Debate Mazatl\u00e1n, Sinaloa.- Cinco cuerpos m\u00e1s fueron encontrados en el \u00e1rea del camino viejo a Cerritos, cerca de las v\u00edas del tren,\u2026","rel":"","context":"En &quot;CINTILLO&quot;","block_context":{"text":"CINTILLO","link":"http:\/\/www.grieta.org.mx\/index.php\/category\/cintillo\/"},"img":{"alt_text":"","src":"https:\/\/i0.wp.com\/www.grieta.org.mx\/wp-content\/uploads\/2019\/05\/hallan_restos_humanos_en_fosas_clandestinas_en_mazatlan.jpg_805442109.jpg?resize=350%2C200","width":350,"height":200,"srcset":"https:\/\/i0.wp.com\/www.grieta.org.mx\/wp-content\/uploads\/2019\/05\/hallan_restos_humanos_en_fosas_clandestinas_en_mazatlan.jpg_805442109.jpg?resize=350%2C200 1x, https:\/\/i0.wp.com\/www.grieta.org.mx\/wp-content\/uploads\/2019\/05\/hallan_restos_humanos_en_fosas_clandestinas_en_mazatlan.jpg_805442109.jpg?resize=525%2C300 1.5x"},"classes":[]}],"_links":{"self":[{"href":"http:\/\/www.grieta.org.mx\/index.php\/wp-json\/wp\/v2\/posts\/31909","targetHints":{"allow":["GET"]}}],"collection":[{"href":"http:\/\/www.grieta.org.mx\/index.php\/wp-json\/wp\/v2\/posts"}],"about":[{"href":"http:\/\/www.grieta.org.mx\/index.php\/wp-json\/wp\/v2\/types\/post"}],"author":[{"embeddable":true,"href":"http:\/\/www.grieta.org.mx\/index.php\/wp-json\/wp\/v2\/users\/2"}],"replies":[{"embeddable":true,"href":"http:\/\/www.grieta.org.mx\/index.php\/wp-json\/wp\/v2\/comments?post=31909"}],"version-history":[{"count":1,"href":"http:\/\/www.grieta.org.mx\/index.php\/wp-json\/wp\/v2\/posts\/31909\/revisions"}],"predecessor-version":[{"id":31911,"href":"http:\/\/www.grieta.org.mx\/index.php\/wp-json\/wp\/v2\/posts\/31909\/revisions\/31911"}],"wp:featuredmedia":[{"embeddable":true,"href":"http:\/\/www.grieta.org.mx\/index.php\/wp-json\/wp\/v2\/media\/31910"}],"wp:attachment":[{"href":"http:\/\/www.grieta.org.mx\/index.php\/wp-json\/wp\/v2\/media?parent=31909"}],"wp:term":[{"taxonomy":"category","embeddable":true,"href":"http:\/\/www.grieta.org.mx\/index.php\/wp-json\/wp\/v2\/categories?post=31909"},{"taxonomy":"post_tag","embeddable":true,"href":"http:\/\/www.grieta.org.mx\/index.php\/wp-json\/wp\/v2\/tags?post=31909"}],"curies":[{"name":"wp","href":"https:\/\/api.w.org\/{rel}","templated":true}]}}