{"id":3183,"date":"2015-10-31T12:49:12","date_gmt":"2015-10-31T12:49:12","guid":{"rendered":"http:\/\/50.22.11.12\/~grietaor\/?p=3183"},"modified":"2016-04-25T00:04:24","modified_gmt":"2016-04-25T00:04:24","slug":"protestan-contra-reforma-educativa","status":"publish","type":"post","link":"http:\/\/www.grieta.org.mx\/index.php\/2015\/10\/31\/protestan-contra-reforma-educativa\/","title":{"rendered":"Protestan contra reforma educativa"},"content":{"rendered":"<p>Fernanda Carapia<\/p>\n<p>El Movimiento de Bases Magisteriales de Jalisco (MBM) no dejar\u00e1 en paz a los diputados.<\/p>\n<p>Ayer, un grupo no mayor a 50 maestros se plant\u00f3 en la Plaza Liberaci\u00f3n, frente al Congreso del Estado, para recordarles a los legisladores la forma en que aprobaron la reforma educativa.<\/p>\n<p>\u201cVenimos a recordarle a la legislatura que est\u00e1 por salir el mal trabajo que hicieron respecto a la reforma educativa, la hicieron de manera fast track, la hicieron en 15 minutos, \u00e9se es el principal motivo, venirles a recordar el mal trabajo que hicieron\u201d, coment\u00f3 Antonio Alvarado, integrante del movimiento.<\/p>\n<p>El jueves, las bases magisteriales se reunieron en el mismo lugar, aunque ese d\u00eda hubo mayor concurrencia.<\/p>\n<p>Alvarado admiti\u00f3 que las condiciones del clima no fueron favorables para el plant\u00f3n; sin embargo, permanecer\u00e1n en la lucha.<\/p>\n<p>\u201cEl clima nos hizo la mala jugada tambi\u00e9n, pero en todo el pa\u00eds se est\u00e1n llevando a cabo jornadas de lucha contra la reforma educativa\u201d, aclar\u00f3.<br \/>\nBoicot contra reuniones de los viernes<\/p>\n<p>Otro de los motivos del plant\u00f3n, el cual se levant\u00f3 antes de las 16 horas, es tratar de boicotear los Consejos T\u00e9cnicos Escolares (CTE), que son las reuniones que los docentes tienen el \u00faltimo viernes de cada mes.<\/p>\n<p>Alvarado critic\u00f3 que el Congreso haya estado cercado y con presencia policial, incluso asegur\u00f3 que parte del estacionamiento subterr\u00e1neo de la plaza estaba lleno de antimotines.<\/p>\n<p>\u201cNosotros no venimos con la intenci\u00f3n de hacer ning\u00fan caos, simplemente hacerles ver a los diputados nuestra inconformidad, y pues as\u00ed nos recibieron, eso es reflejo del miedo que se cargan, es la manera de mostrar que hicieron un muy mal trabajo\u201d.<\/p>\n<p>El docente se\u00f1al\u00f3 que otra prueba de la labor deficiente de los legisladores es que ninguno sabe en qu\u00e9 consiste la reforma educativa, ya que ni siquiera la leyeron.<\/p>\n<p>El grupo de maestros lleg\u00f3 preparado con paraguas y chamarras, y para quienes no ten\u00edan con qu\u00e9 cubrirse de la lluvia, los vendedores de impermeables hicieron su agosto, pues los pl\u00e1sticos que se consiguen en algunas tiendas del Centro y Obreg\u00f3n en 3 pesos, los daban a 10.<\/p>\n<p><a href=\"http:\/\/cronicadesociales.org\/2015\/10\/31\/protestan-contra-reforma-educativa\/\" target=\"_blank\">http:\/\/cronicadesociales.org\/2015\/10\/31\/protestan-contra-reforma-educativa\/<\/a><\/p>\n","protected":false},"excerpt":{"rendered":"<p>Fernanda Carapia El Movimiento de Bases Magisteriales de Jalisco (MBM) no dejar\u00e1 en paz a los diputados. Ayer, un grupo no mayor a 50 maestros se plant\u00f3 en la Plaza &hellip; <a href=\"http:\/\/www.grieta.org.mx\/index.php\/2015\/10\/31\/protestan-contra-reforma-educativa\/\" class=\"more-link\">Leer m\u00e1s<\/a><\/p>\n","protected":false},"author":2,"featured_media":21928,"comment_status":"closed","ping_status":"open","sticky":false,"template":"","format":"standard","meta":{"ngg_post_thumbnail":0,"_jetpack_newsletter_access":"","_jetpack_dont_email_post_to_subs":false,"_jetpack_newsletter_tier_id":0,"_jetpack_memberships_contains_paywalled_content":false,"_jetpack_memberships_contains_paid_content":false,"footnotes":""},"categories":[80,230],"tags":[107,133,135],"class_list":["post-3183","post","type-post","status-publish","format-standard","has-post-thumbnail","hentry","category-cintillo","category-jalisco","tag-educacion","tag-maestros","tag-reforma-educativa","entry"],"jetpack_featured_media_url":"http:\/\/www.grieta.org.mx\/wp-content\/uploads\/2018\/03\/14524434_1106112876131411_958039263622046936_o.jpg","jetpack_sharing_enabled":true,"jetpack_shortlink":"https:\/\/wp.me\/p7ZJR4-Pl","jetpack_likes_enabled":false,"jetpack-related-posts":[{"id":13271,"url":"http:\/\/www.grieta.org.mx\/index.php\/2016\/05\/30\/marchan-en-vhsa-400-maestros-contra-reforma-educativa\/","url_meta":{"origin":3183,"position":0},"title":"Marchan en Vhsa 400 maestros contra reforma educativa","author":"grieta","date":"30 mayo, 2016","format":false,"excerpt":"Redacci\u00f3n - Tabasco HOY Afirman que no acudir\u00e1n a ninguna evaluaci\u00f3n magisterial futura; en Tabasco se aplicar\u00e1 en Junio. Alrededor de 400 maestros sindicalizados marcharon desde Plaza de Armas por la avenida M\u00e9ndez, hasta la secretar\u00eda de educaci\u00f3n, en respuesta a las medidas adoptadas por la reforma educativa y que\u2026","rel":"","context":"En &quot;CINTILLO&quot;","block_context":{"text":"CINTILLO","link":"http:\/\/www.grieta.org.mx\/index.php\/category\/cintillo\/"},"img":{"alt_text":"","src":"https:\/\/i0.wp.com\/www.grieta.org.mx\/wp-content\/uploads\/2018\/03\/14524434_1106112876131411_958039263622046936_o.jpg?resize=350%2C200","width":350,"height":200,"srcset":"https:\/\/i0.wp.com\/www.grieta.org.mx\/wp-content\/uploads\/2018\/03\/14524434_1106112876131411_958039263622046936_o.jpg?resize=350%2C200 1x, https:\/\/i0.wp.com\/www.grieta.org.mx\/wp-content\/uploads\/2018\/03\/14524434_1106112876131411_958039263622046936_o.jpg?resize=525%2C300 1.5x, https:\/\/i0.wp.com\/www.grieta.org.mx\/wp-content\/uploads\/2018\/03\/14524434_1106112876131411_958039263622046936_o.jpg?resize=700%2C400 2x"},"classes":[]},{"id":17269,"url":"http:\/\/www.grieta.org.mx\/index.php\/2016\/07\/19\/maestros-realizan-marcha-tambien-en-hidalgo\/","url_meta":{"origin":3183,"position":1},"title":"Maestros realizan marcha tambi\u00e9n en Hidalgo","author":"grieta","date":"19 julio, 2016","format":false,"excerpt":"Dinorath Mota Maestros de la Coordinadora Nacional de Trabajadores de la Educaci\u00f3n CNTE incrementaron sus movilizaciones en Hidalgo y pidieron nuevamente el apoyo de los diputados para abrogar la reforma educativa. Adem\u00e1s, anunciaron que a partir de ma\u00f1ana un grupo de profesores del estado instalar\u00e1n un campamento representativo en el\u2026","rel":"","context":"En &quot;CINTILLO&quot;","block_context":{"text":"CINTILLO","link":"http:\/\/www.grieta.org.mx\/index.php\/category\/cintillo\/"},"img":{"alt_text":"","src":"https:\/\/i0.wp.com\/www.grieta.org.mx\/wp-content\/uploads\/2018\/03\/14524434_1106112876131411_958039263622046936_o.jpg?resize=350%2C200","width":350,"height":200,"srcset":"https:\/\/i0.wp.com\/www.grieta.org.mx\/wp-content\/uploads\/2018\/03\/14524434_1106112876131411_958039263622046936_o.jpg?resize=350%2C200 1x, https:\/\/i0.wp.com\/www.grieta.org.mx\/wp-content\/uploads\/2018\/03\/14524434_1106112876131411_958039263622046936_o.jpg?resize=525%2C300 1.5x, https:\/\/i0.wp.com\/www.grieta.org.mx\/wp-content\/uploads\/2018\/03\/14524434_1106112876131411_958039263622046936_o.jpg?resize=700%2C400 2x"},"classes":[]},{"id":16931,"url":"http:\/\/www.grieta.org.mx\/index.php\/2016\/07\/11\/marchan-maestros-laguneros-contra-la-reforma-educativa\/","url_meta":{"origin":3183,"position":2},"title":"Marchan maestros laguneros contra la Reforma Educativa","author":"grieta","date":"11 julio, 2016","format":false,"excerpt":"G\u00d3MEZ PALACIO, DGO.- Contin\u00faan en La Laguna las protestas en contra de la Reforma Educativa y en apoyo a los grupos magisteriales de Oaxaca y Chiapas. Este lunes, organizaciones magisteriales de la regi\u00f3n marchan por las principales calles de G\u00f3mez Palacio. La movilizaci\u00f3n parte a las 7 de la tarde\u2026","rel":"","context":"En &quot;CINTILLO&quot;","block_context":{"text":"CINTILLO","link":"http:\/\/www.grieta.org.mx\/index.php\/category\/cintillo\/"},"img":{"alt_text":"","src":"https:\/\/i0.wp.com\/www.grieta.org.mx\/wp-content\/uploads\/2018\/03\/14524434_1106112876131411_958039263622046936_o.jpg?resize=350%2C200","width":350,"height":200,"srcset":"https:\/\/i0.wp.com\/www.grieta.org.mx\/wp-content\/uploads\/2018\/03\/14524434_1106112876131411_958039263622046936_o.jpg?resize=350%2C200 1x, https:\/\/i0.wp.com\/www.grieta.org.mx\/wp-content\/uploads\/2018\/03\/14524434_1106112876131411_958039263622046936_o.jpg?resize=525%2C300 1.5x, https:\/\/i0.wp.com\/www.grieta.org.mx\/wp-content\/uploads\/2018\/03\/14524434_1106112876131411_958039263622046936_o.jpg?resize=700%2C400 2x"},"classes":[]},{"id":3176,"url":"http:\/\/www.grieta.org.mx\/index.php\/2015\/11\/15\/maestros-toman-las-sedes-de-examenes\/","url_meta":{"origin":3183,"position":3},"title":"Maestros toman las sedes de ex\u00e1menes","author":"grieta","date":"15 noviembre, 2015","format":false,"excerpt":"Analy S. Nu\u00f1o Desde las cinco de la ma\u00f1ana, 12 sedes del examen de desempe\u00f1o docente fueron tomadas por al menos mil 800 maestros opositores a la evaluaci\u00f3n educativa, a los que se sumaron 40 profesores que de \u00faltimo momento decidieron no realizar la prueba. Pese a la presencia policiaca\u2026","rel":"","context":"En &quot;CINTILLO&quot;","block_context":{"text":"CINTILLO","link":"http:\/\/www.grieta.org.mx\/index.php\/category\/cintillo\/"},"img":{"alt_text":"","src":"https:\/\/i0.wp.com\/www.grieta.org.mx\/wp-content\/uploads\/2018\/03\/14524434_1106112876131411_958039263622046936_o.jpg?resize=350%2C200","width":350,"height":200,"srcset":"https:\/\/i0.wp.com\/www.grieta.org.mx\/wp-content\/uploads\/2018\/03\/14524434_1106112876131411_958039263622046936_o.jpg?resize=350%2C200 1x, https:\/\/i0.wp.com\/www.grieta.org.mx\/wp-content\/uploads\/2018\/03\/14524434_1106112876131411_958039263622046936_o.jpg?resize=525%2C300 1.5x, https:\/\/i0.wp.com\/www.grieta.org.mx\/wp-content\/uploads\/2018\/03\/14524434_1106112876131411_958039263622046936_o.jpg?resize=700%2C400 2x"},"classes":[]},{"id":2274,"url":"http:\/\/www.grieta.org.mx\/index.php\/2015\/09\/17\/hicieron-presencia-en-desfile\/","url_meta":{"origin":3183,"position":4},"title":"Hicieron presencia en desfile","author":"grieta","date":"17 septiembre, 2015","format":false,"excerpt":"LAS AUTORIDADES SE ENCERRARON EN EL MUSEO DE VILLA ANTES DE QUE LLEGARAN LOS MAESTROS. Claudia Barrientos A las 11:15 el contingente pas\u00f3 por el Museo Francisco Villa, sitio en el que se coloc\u00f3 una tarima resguardada por vallas, desde donde presenciaron el desfile las autoridades. Una a una fueron\u2026","rel":"","context":"En &quot;CINTILLO&quot;","block_context":{"text":"CINTILLO","link":"http:\/\/www.grieta.org.mx\/index.php\/category\/cintillo\/"},"img":{"alt_text":"","src":"https:\/\/i0.wp.com\/www.grieta.org.mx\/wp-content\/uploads\/2018\/03\/14524434_1106112876131411_958039263622046936_o.jpg?resize=350%2C200","width":350,"height":200,"srcset":"https:\/\/i0.wp.com\/www.grieta.org.mx\/wp-content\/uploads\/2018\/03\/14524434_1106112876131411_958039263622046936_o.jpg?resize=350%2C200 1x, https:\/\/i0.wp.com\/www.grieta.org.mx\/wp-content\/uploads\/2018\/03\/14524434_1106112876131411_958039263622046936_o.jpg?resize=525%2C300 1.5x, https:\/\/i0.wp.com\/www.grieta.org.mx\/wp-content\/uploads\/2018\/03\/14524434_1106112876131411_958039263622046936_o.jpg?resize=700%2C400 2x"},"classes":[]},{"id":3187,"url":"http:\/\/www.grieta.org.mx\/index.php\/2015\/10\/13\/maestros-de-vallarta-se-unen-al-paro-nacional-magisterial-con-mitin-en-la-drse\/","url_meta":{"origin":3183,"position":5},"title":"Maestros de Vallarta se unen al Paro Nacional Magisterial con mitin en la DRSE","author":"grieta","date":"13 octubre, 2015","format":false,"excerpt":"Fernando Sanchez Los profesores tienen confianza en que van a ver caer esta reforma educativa porque est\u00e1 condenada al fracaso y aseguran que deben aprovechar esta lucha, para echar andar una revoluci\u00f3n que implica un cambio en la conciencia Puerto Vallarta.- Este lunes a medio d\u00eda se realizo un mitin\u2026","rel":"","context":"En &quot;CINTILLO&quot;","block_context":{"text":"CINTILLO","link":"http:\/\/www.grieta.org.mx\/index.php\/category\/cintillo\/"},"img":{"alt_text":"","src":"https:\/\/i0.wp.com\/www.grieta.org.mx\/wp-content\/uploads\/2018\/03\/14524434_1106112876131411_958039263622046936_o.jpg?resize=350%2C200","width":350,"height":200,"srcset":"https:\/\/i0.wp.com\/www.grieta.org.mx\/wp-content\/uploads\/2018\/03\/14524434_1106112876131411_958039263622046936_o.jpg?resize=350%2C200 1x, https:\/\/i0.wp.com\/www.grieta.org.mx\/wp-content\/uploads\/2018\/03\/14524434_1106112876131411_958039263622046936_o.jpg?resize=525%2C300 1.5x, https:\/\/i0.wp.com\/www.grieta.org.mx\/wp-content\/uploads\/2018\/03\/14524434_1106112876131411_958039263622046936_o.jpg?resize=700%2C400 2x"},"classes":[]}],"_links":{"self":[{"href":"http:\/\/www.grieta.org.mx\/index.php\/wp-json\/wp\/v2\/posts\/3183","targetHints":{"allow":["GET"]}}],"collection":[{"href":"http:\/\/www.grieta.org.mx\/index.php\/wp-json\/wp\/v2\/posts"}],"about":[{"href":"http:\/\/www.grieta.org.mx\/index.php\/wp-json\/wp\/v2\/types\/post"}],"author":[{"embeddable":true,"href":"http:\/\/www.grieta.org.mx\/index.php\/wp-json\/wp\/v2\/users\/2"}],"replies":[{"embeddable":true,"href":"http:\/\/www.grieta.org.mx\/index.php\/wp-json\/wp\/v2\/comments?post=3183"}],"version-history":[{"count":1,"href":"http:\/\/www.grieta.org.mx\/index.php\/wp-json\/wp\/v2\/posts\/3183\/revisions"}],"predecessor-version":[{"id":10793,"href":"http:\/\/www.grieta.org.mx\/index.php\/wp-json\/wp\/v2\/posts\/3183\/revisions\/10793"}],"wp:featuredmedia":[{"embeddable":true,"href":"http:\/\/www.grieta.org.mx\/index.php\/wp-json\/wp\/v2\/media\/21928"}],"wp:attachment":[{"href":"http:\/\/www.grieta.org.mx\/index.php\/wp-json\/wp\/v2\/media?parent=3183"}],"wp:term":[{"taxonomy":"category","embeddable":true,"href":"http:\/\/www.grieta.org.mx\/index.php\/wp-json\/wp\/v2\/categories?post=3183"},{"taxonomy":"post_tag","embeddable":true,"href":"http:\/\/www.grieta.org.mx\/index.php\/wp-json\/wp\/v2\/tags?post=3183"}],"curies":[{"name":"wp","href":"https:\/\/api.w.org\/{rel}","templated":true}]}}