{"id":31820,"date":"2019-04-06T23:25:17","date_gmt":"2019-04-07T05:25:17","guid":{"rendered":"http:\/\/www.grieta.org.mx\/?p=31820"},"modified":"2019-04-06T23:31:24","modified_gmt":"2019-04-07T05:31:24","slug":"en-un-ano-feminicidios-dejan-al-menos-19-menores-huerfanos-la-ceav-exige-frenar-ya-la-impunidad","status":"publish","type":"post","link":"http:\/\/www.grieta.org.mx\/index.php\/2019\/04\/06\/en-un-ano-feminicidios-dejan-al-menos-19-menores-huerfanos-la-ceav-exige-frenar-ya-la-impunidad\/","title":{"rendered":"En un a\u00f1o, feminicidios dejan al menos 19 menores hu\u00e9rfanos; la CEAV exige frenar ya la impunidad"},"content":{"rendered":"<p><img loading=\"lazy\" decoding=\"async\" data-attachment-id=\"31821\" data-permalink=\"http:\/\/www.grieta.org.mx\/index.php\/2019\/04\/06\/en-un-ano-feminicidios-dejan-al-menos-19-menores-huerfanos-la-ceav-exige-frenar-ya-la-impunidad\/feminicidios-marcha\/\" data-orig-file=\"http:\/\/www.grieta.org.mx\/wp-content\/uploads\/2019\/04\/feminicidios-marcha.jpg\" data-orig-size=\"1100,580\" data-comments-opened=\"0\" data-image-meta=\"{&quot;aperture&quot;:&quot;0&quot;,&quot;credit&quot;:&quot;&quot;,&quot;camera&quot;:&quot;&quot;,&quot;caption&quot;:&quot;&quot;,&quot;created_timestamp&quot;:&quot;0&quot;,&quot;copyright&quot;:&quot;&quot;,&quot;focal_length&quot;:&quot;0&quot;,&quot;iso&quot;:&quot;0&quot;,&quot;shutter_speed&quot;:&quot;0&quot;,&quot;title&quot;:&quot;&quot;,&quot;orientation&quot;:&quot;0&quot;}\" data-image-title=\"feminicidios-marcha\" data-image-description=\"\" data-image-caption=\"\" data-medium-file=\"http:\/\/www.grieta.org.mx\/wp-content\/uploads\/2019\/04\/feminicidios-marcha-300x158.jpg\" data-large-file=\"http:\/\/www.grieta.org.mx\/wp-content\/uploads\/2019\/04\/feminicidios-marcha-1024x540.jpg\" src=\"http:\/\/www.grieta.org.mx\/wp-content\/uploads\/2019\/04\/feminicidios-marcha-300x158.jpg\" alt=\"\" width=\"702\" height=\"468\" class=\"alignleft size-medium wp-image-31821\" \/><\/p>\n<p>Redacci\u00f3n \/ Sinembargo<\/p>\n<p>Durante 2018, los asesinatos de mujeres aumentaron en la mitad del territorio nacional. De acuerdo con datos del Mapa de los Feminicidios en M\u00e9xico, los estados donde m\u00e1s aument\u00f3 este crimen son los mismos en los que se registr\u00f3 una fuerte presencia del crimen organizado. En ese contexto, los hijos de mujeres v\u00edctimas de violencia de g\u00e9nero son otro de los fen\u00f3menos que crecen en el panorama nacional: s\u00f3lo en San Luis Potos\u00ed, la Comisi\u00f3n Ejecutiva Estatal de Atenci\u00f3n a V\u00edctimas tiene registro de 19 menores que perdieron en manos de asesinos.<\/p>\n<p>Ciudad de M\u00e9xico, 6 de abril (PulsoSLP\/SinEmbargo).-La Comisi\u00f3n Ejecutiva Estatal de Atenci\u00f3n a V\u00edctimas (CEEAV), tiene registrados en situaci\u00f3n de orfandad a 19 menores de edad, hijos de mujeres v\u00edctimas de feminicidio, Jorge Vega Arroyo presidente comisionado de la CEEAV, asegur\u00f3 que han buscado redes familiares de apoyo para esos ni\u00f1os, para posteriormente generar una custodia provisional.<\/p>\n<p>Dijo que esos casos son de 2018 a la fecha, a los cuales se les est\u00e1 brindando un seguimiento puntual, aunque no lleven la representaci\u00f3n jur\u00eddica de los mismos.<\/p>\n<p>El feminicidio es un tipo de delito, que por s\u00ed mismo puede ser considerado como grave, debido a que se trata de un crimen de odio \u201cy particularmente estoy en contra de la impunidad, la cual se debe abatir y condenar\u201d.<\/p>\n<p>El funcionario expuso que el reclamo de justicia no est\u00e1 relacionado con las penas menores o en que se aumenten, \u201csino m\u00e1s bien, porque no se persigue ni se castiga a los responsables\u201d.<\/p>\n<p>\u201cLas penas mayores no garantizan una erradicaci\u00f3n del delito de feminicidio, una de las mejores medidas es erradicar la impunidad\u201d, dijo.<\/p>\n<p>Vega Arroyo indic\u00f3 que esos 19 ni\u00f1os se encuentran con su familia, \u201calgunos est\u00e1n en la regi\u00f3n Huasteca, en los municipios de Rioverde y Matehuala\u201d.<\/p>\n<p>Aclar\u00f3 que en algunos casos a\u00fan no se resuelve el asunto de la custodia provisional, por lo que las personas que las o los tienen a su cargo se encuentran a la espera de esa certeza jur\u00eddica, a fin de tenerlos leg\u00edtimamente bajo su tutela.<\/p>\n<p>FEMINICIDIOS EN M\u00c9XICO<\/p>\n<p>En M\u00e9xico se mata entre nueve y 10 mujeres al d\u00eda y con un total anual de 3 mil 580 muertes violentas \u2013de las que s\u00f3lo 834 son investigadas como feminicidios\u2013, el n\u00famero de asesinatos contra mujeres perpetrados en 2018 subi\u00f3 a nivel nacional 9.41 por ciento, en comparaci\u00f3n con 2017, cuando se reportaron 3 mil 272 casos y s\u00f3lo 735 de estos se indagan como feminicidios, de acuerdo con las cifras del Secretariado Ejecutivo del Sistema Nacional de Seguridad P\u00fablica (SESNSP).<\/p>\n<p>De esta forma, la cifra de asesinatos de mujeres creci\u00f3 en 16 entidades federativas: el 50 por ciento del pa\u00eds. Guanajuato, Jalisco, Baja California, Campeche y Quintana Roo son los estados donde porcentualmente se dispar\u00f3 este delito.<\/p>\n<p>Guanajuato mostr\u00f3 el comportamiento m\u00e1s cr\u00edtico, pues en un a\u00f1o se duplicaron los asesinatos de mujeres al pasar de 171 casos en 2017 a 326 en 2018, lo que representa un alza de 90.64 por ciento; Adem\u00e1s, el n\u00famero de muertes es de los m\u00e1s altos del pa\u00eds: se sit\u00faa s\u00f3lo por debajo de Estado de M\u00e9xico, que nuevamente se ubic\u00f3 como el m\u00e1s letal para las mujeres con 396 asesinatos.<\/p>\n<p>Si bien Campeche es un estado que tiene una incidencia muy baja de muertes violentas de mujeres, es la entidad federativa donde porcentualmente m\u00e1s se eleva el delito: un 100 ciento, pues los asesinatos se duplicaron al pasar de 7 casos en 2017 a 14 en 2018.<\/p>\n<p>En Quintana Roo, Jalisco y Baja California los ataques subieron 83.3, 70.50 y 57.27 por ciento, respectivamente.<\/p>\n<p>Mar\u00eda Salguero, geof\u00edsica y creadora del Mapa de Feminicidios en M\u00e9xico, explica en relaci\u00f3n a la tasa de asesinatos de mujeres por cada 100 mil habitantes, las entidades m\u00e1s violentas son Colima, Baja California, Guerrero, Chihuahua, Zacatecas, Guanajuato y Quintana Roo, pues registran un nivel mayor de 10 v\u00edctimas por cada cien mil mujeres.<\/p>\n<p>\u201cEsos estados ya tienen una epidemia de violencia, una tasa mayor a diez muertes violentas por cada cien mil habitantes representa para la Organizaci\u00f3n Mundial de la Salud (OMS) una epidemia de violencia. Los niveles de violencia en M\u00e9xico son ya padecimientos\u201d, expone Salguero en entrevista por SinEmbargo.<br \/>\nLos dem\u00e1s estados donde subieron los asesinatos de mujeres el a\u00f1o pasado \u2013en comparaci\u00f3n a 2017\u2013 son: Nuevo Le\u00f3n, con 96 asesinatos en 2018 y un aumento de 36 por ciento; Michoac\u00e1n (173), 25 por ciento m\u00e1s; Morelos (82), 24 por ciento; Guerrero (260), 12 por ciento; Oaxaca (125), 11 por ciento; Edomex (396), 10 por ciento; Ciudad de M\u00e9xico, 9 por ciento (148); Nayarit (49), 8 por ciento; San Luis Potos\u00ed (53), 8 por ciento; Colima (79), con un aumento de 6 por ciento.<\/p>\n<p>A nivel nacional, el crecimiento de asesinatos de mujeres se registra desde hace tres a\u00f1os: en 2017, con 3 mil 272 asesinatos, creci\u00f3 un 17.31 por ciento con respecto a 2016, a\u00f1o que report\u00f3 al menos 2 mil 789 asesinatos. En 2016, el crecimiento fue de 30.08 por ciento con respecto al 2015, cuando se registraron 2 mil 144 asesinatos de mujeres.<\/p>\n<p><a href=\"https:\/\/www.sinembargo.mx\/06-04-2019\/3562076\">https:\/\/www.sinembargo.mx\/06-04-2019\/3562076<\/a><\/p>\n","protected":false},"excerpt":{"rendered":"<p>Redacci\u00f3n \/ Sinembargo Durante 2018, los asesinatos de mujeres aumentaron en la mitad del territorio nacional. De acuerdo con datos del Mapa de los Feminicidios en M\u00e9xico, los estados donde &hellip; <a href=\"http:\/\/www.grieta.org.mx\/index.php\/2019\/04\/06\/en-un-ano-feminicidios-dejan-al-menos-19-menores-huerfanos-la-ceav-exige-frenar-ya-la-impunidad\/\" class=\"more-link\">Leer m\u00e1s<\/a><\/p>\n","protected":false},"author":2,"featured_media":31821,"comment_status":"closed","ping_status":"closed","sticky":false,"template":"","format":"standard","meta":{"ngg_post_thumbnail":0,"_jetpack_newsletter_access":"","_jetpack_dont_email_post_to_subs":false,"_jetpack_newsletter_tier_id":0,"_jetpack_memberships_contains_paywalled_content":false,"_jetpack_memberships_contains_paid_content":false,"footnotes":""},"categories":[80,367,1284,1827,2375,2,29,83],"tags":[],"class_list":["post-31820","post","type-post","status-publish","format-standard","has-post-thumbnail","hentry","category-cintillo","category-feminicidios-analisis","category-feminicidios-en-san-luis-potosi","category-la-ninez-en-la-tormenta-capitalista","category-la-ninez-en-la-tormenta-capitalista-en-san-luis-potosi","category-noticias-nacionales","category-san-luis-potosi","category-temas-nacionales","entry"],"jetpack_featured_media_url":"http:\/\/www.grieta.org.mx\/wp-content\/uploads\/2019\/04\/feminicidios-marcha.jpg","jetpack_sharing_enabled":true,"jetpack_shortlink":"https:\/\/wp.me\/p7ZJR4-8he","jetpack_likes_enabled":false,"jetpack-related-posts":[{"id":39453,"url":"http:\/\/www.grieta.org.mx\/index.php\/2019\/08\/19\/64-huerfanos-victimas-indirectas-de-feminicidios-en-slp\/","url_meta":{"origin":31820,"position":0},"title":"64 hu\u00e9rfanos, v\u00edctimas indirectas de feminicidios en SLP","author":"grieta","date":"19 agosto, 2019","format":false,"excerpt":"Redacci\u00f3n \/ La Orquesta En San Luis Potos\u00ed existen 64 menores hu\u00e9rfanos a causa de feminicidios, de 238 que han sido registrados a lo largo del pa\u00eds, aunque en la \u00faltima d\u00e9cada al menos 3 mil ni\u00f1as y ni\u00f1os cuya madre fue v\u00edctima de este tipo de delito. De acuerdo\u2026","rel":"","context":"En &quot;CINTILLO&quot;","block_context":{"text":"CINTILLO","link":"http:\/\/www.grieta.org.mx\/index.php\/category\/cintillo\/"},"img":{"alt_text":"","src":"https:\/\/i0.wp.com\/www.grieta.org.mx\/wp-content\/uploads\/2019\/09\/1034572926.jpg?resize=350%2C200","width":350,"height":200,"srcset":"https:\/\/i0.wp.com\/www.grieta.org.mx\/wp-content\/uploads\/2019\/09\/1034572926.jpg?resize=350%2C200 1x, https:\/\/i0.wp.com\/www.grieta.org.mx\/wp-content\/uploads\/2019\/09\/1034572926.jpg?resize=525%2C300 1.5x, https:\/\/i0.wp.com\/www.grieta.org.mx\/wp-content\/uploads\/2019\/09\/1034572926.jpg?resize=700%2C400 2x"},"classes":[]},{"id":42033,"url":"http:\/\/www.grieta.org.mx\/index.php\/2019\/11\/29\/por-feminicidios-70-casos-de-orfandad-en-san-luis-potosi\/","url_meta":{"origin":31820,"position":1},"title":"Por feminicidios 70 casos de orfandad en San Luis Potos\u00ed","author":"grieta","date":"29 noviembre, 2019","format":false,"excerpt":"Tan s\u00f3lo el fin de semana, una mujer asesinada dej\u00f3 a cinco ni\u00f1os hu\u00e9rfanos, revela el comisionado presidente Jorge Vega Arroyo Raymundo Rocha\/El Sol de San Luis 29 noviembre 2019 En San Luis Potos\u00ed se atienden 70 casos de orfandad por feminicidios, de ni\u00f1os menores de 12 a\u00f1os. En entrevista\u2026","rel":"","context":"En &quot;CINTILLO&quot;","block_context":{"text":"CINTILLO","link":"http:\/\/www.grieta.org.mx\/index.php\/category\/cintillo\/"},"img":{"alt_text":"","src":"https:\/\/i0.wp.com\/www.grieta.org.mx\/wp-content\/uploads\/2019\/12\/feminicidio.jpg?resize=350%2C200","width":350,"height":200,"srcset":"https:\/\/i0.wp.com\/www.grieta.org.mx\/wp-content\/uploads\/2019\/12\/feminicidio.jpg?resize=350%2C200 1x, https:\/\/i0.wp.com\/www.grieta.org.mx\/wp-content\/uploads\/2019\/12\/feminicidio.jpg?resize=525%2C300 1.5x, https:\/\/i0.wp.com\/www.grieta.org.mx\/wp-content\/uploads\/2019\/12\/feminicidio.jpg?resize=700%2C400 2x"},"classes":[]},{"id":41373,"url":"http:\/\/www.grieta.org.mx\/index.php\/2019\/11\/07\/crece-tasa-de-ejecuciones-de-menores-de-edad-en-san-luis-potosi\/","url_meta":{"origin":31820,"position":2},"title":"Crece tasa de ejecuciones de menores de edad en San Luis Potos\u00ed","author":"grieta","date":"7 noviembre, 2019","format":false,"excerpt":"Redacci\u00f3n\/Quadratin SLP 7 noviembre 2019 La tasa de homicidios dolosos contra ni\u00f1as, ni\u00f1os y adolescentes en San Luis Potos\u00ed, aument\u00f3 de 2.38 a 3.2 por cada 100 mil habitantes, entre los a\u00f1os 2015 y 2018, revel\u00f3 el Estudio Ni\u00f1as, Ni\u00f1os y Adolescentes V\u00edctimas del Crimen Organizado en M\u00e9xico, elaborado por\u2026","rel":"","context":"En &quot;CINTILLO&quot;","block_context":{"text":"CINTILLO","link":"http:\/\/www.grieta.org.mx\/index.php\/category\/cintillo\/"},"img":{"alt_text":"","src":"https:\/\/i0.wp.com\/www.grieta.org.mx\/wp-content\/uploads\/2018\/03\/14524434_1106112876131411_958039263622046936_o.jpg?resize=350%2C200","width":350,"height":200,"srcset":"https:\/\/i0.wp.com\/www.grieta.org.mx\/wp-content\/uploads\/2018\/03\/14524434_1106112876131411_958039263622046936_o.jpg?resize=350%2C200 1x, https:\/\/i0.wp.com\/www.grieta.org.mx\/wp-content\/uploads\/2018\/03\/14524434_1106112876131411_958039263622046936_o.jpg?resize=525%2C300 1.5x, https:\/\/i0.wp.com\/www.grieta.org.mx\/wp-content\/uploads\/2018\/03\/14524434_1106112876131411_958039263622046936_o.jpg?resize=700%2C400 2x"},"classes":[]},{"id":65614,"url":"http:\/\/www.grieta.org.mx\/index.php\/2022\/10\/14\/ninas-y-ninos-continuan-siendo-desaparecidos-en-san-luis-potosi\/","url_meta":{"origin":31820,"position":3},"title":"Ni\u00f1as y ni\u00f1os contin\u00faan siendo desaparecidos en San Lu\u00eds Potos\u00ed","author":"grieta","date":"14 octubre, 2022","format":false,"excerpt":"Edwin Gonz\u00e1lez\/Debate 14 octubre 2022 San Lu\u00eds Potos\u00ed, San Lu\u00eds Potos\u00ed. - En San Lu\u00eds Potos\u00ed se sigue reportando que mujeres y hombres menores de edad contin\u00faan siendo desaparecidos, pues, como te hemos comentado en DEBATE, entre el 25 de septiembre al cuatro de octubre se report\u00f3 seis menores en\u2026","rel":"","context":"En &quot;CINTILLO&quot;","block_context":{"text":"CINTILLO","link":"http:\/\/www.grieta.org.mx\/index.php\/category\/cintillo\/"},"img":{"alt_text":"","src":"https:\/\/i0.wp.com\/www.grieta.org.mx\/wp-content\/uploads\/2022\/10\/desaparecidospotosx1_1_crop1665769035381.jpg_172596871.webp?resize=350%2C200","width":350,"height":200,"srcset":"https:\/\/i0.wp.com\/www.grieta.org.mx\/wp-content\/uploads\/2022\/10\/desaparecidospotosx1_1_crop1665769035381.jpg_172596871.webp?resize=350%2C200 1x, https:\/\/i0.wp.com\/www.grieta.org.mx\/wp-content\/uploads\/2022\/10\/desaparecidospotosx1_1_crop1665769035381.jpg_172596871.webp?resize=525%2C300 1.5x, https:\/\/i0.wp.com\/www.grieta.org.mx\/wp-content\/uploads\/2022\/10\/desaparecidospotosx1_1_crop1665769035381.jpg_172596871.webp?resize=700%2C400 2x, https:\/\/i0.wp.com\/www.grieta.org.mx\/wp-content\/uploads\/2022\/10\/desaparecidospotosx1_1_crop1665769035381.jpg_172596871.webp?resize=1050%2C600 3x"},"classes":[]},{"id":51740,"url":"http:\/\/www.grieta.org.mx\/index.php\/2020\/07\/06\/san-luis-potosi-quinto-lugar-en-tasa-de-feminicidios\/","url_meta":{"origin":31820,"position":4},"title":"San Luis Potos\u00ed, quinto lugar en tasa de feminicidios","author":"grieta","date":"6 julio, 2020","format":false,"excerpt":"Jorge Torres\/Plano Informativo 6 julio 2020 Violencia Familiar sube en un mes m\u00e1s de 600 casos. San Luis Potos\u00ed, SLP.- El Secretariado Ejecutivo del Sistema Nacional de Seguridad P\u00fablica emiti\u00f3 el informe sobre violencia contra las mujeres, con corte al 31 de mayo de 2020, que incluye los primeros cinco\u2026","rel":"","context":"En &quot;CINTILLO&quot;","block_context":{"text":"CINTILLO","link":"http:\/\/www.grieta.org.mx\/index.php\/category\/cintillo\/"},"img":{"alt_text":"","src":"https:\/\/i0.wp.com\/www.grieta.org.mx\/wp-content\/uploads\/2020\/07\/feminicidas.jpg?resize=350%2C200","width":350,"height":200,"srcset":"https:\/\/i0.wp.com\/www.grieta.org.mx\/wp-content\/uploads\/2020\/07\/feminicidas.jpg?resize=350%2C200 1x, https:\/\/i0.wp.com\/www.grieta.org.mx\/wp-content\/uploads\/2020\/07\/feminicidas.jpg?resize=525%2C300 1.5x, https:\/\/i0.wp.com\/www.grieta.org.mx\/wp-content\/uploads\/2020\/07\/feminicidas.jpg?resize=700%2C400 2x"},"classes":[]},{"id":60676,"url":"http:\/\/www.grieta.org.mx\/index.php\/2021\/07\/18\/se-los-traga-la-tierra-desaparecen-menores-migrantes-al-cruzar-slp\/","url_meta":{"origin":31820,"position":5},"title":"Se los traga la tierra, desaparecen menores migrantes al cruzar SLP","author":"grieta","date":"18 julio, 2021","format":false,"excerpt":"Juan Hern\u00e1ndez\/Quadrat\u00edn San Luis Potos\u00ed 18 julio 2021 Al menos 10 menores de entre 12 y 17 a\u00f1os, nacidos en Honduras y El Salvador, han desaparecido en su paso por San Luis Potos\u00ed en el transcurso de este a\u00f1o. La Fiscal\u00eda Especializada en Derechos Humanos mantiene activas las fichas de\u2026","rel":"","context":"En &quot;CINTILLO&quot;","block_context":{"text":"CINTILLO","link":"http:\/\/www.grieta.org.mx\/index.php\/category\/cintillo\/"},"img":{"alt_text":"","src":"https:\/\/i0.wp.com\/www.grieta.org.mx\/wp-content\/uploads\/2021\/07\/ninos-mig.jpeg?resize=350%2C200","width":350,"height":200,"srcset":"https:\/\/i0.wp.com\/www.grieta.org.mx\/wp-content\/uploads\/2021\/07\/ninos-mig.jpeg?resize=350%2C200 1x, https:\/\/i0.wp.com\/www.grieta.org.mx\/wp-content\/uploads\/2021\/07\/ninos-mig.jpeg?resize=525%2C300 1.5x, https:\/\/i0.wp.com\/www.grieta.org.mx\/wp-content\/uploads\/2021\/07\/ninos-mig.jpeg?resize=700%2C400 2x, https:\/\/i0.wp.com\/www.grieta.org.mx\/wp-content\/uploads\/2021\/07\/ninos-mig.jpeg?resize=1050%2C600 3x"},"classes":[]}],"_links":{"self":[{"href":"http:\/\/www.grieta.org.mx\/index.php\/wp-json\/wp\/v2\/posts\/31820","targetHints":{"allow":["GET"]}}],"collection":[{"href":"http:\/\/www.grieta.org.mx\/index.php\/wp-json\/wp\/v2\/posts"}],"about":[{"href":"http:\/\/www.grieta.org.mx\/index.php\/wp-json\/wp\/v2\/types\/post"}],"author":[{"embeddable":true,"href":"http:\/\/www.grieta.org.mx\/index.php\/wp-json\/wp\/v2\/users\/2"}],"replies":[{"embeddable":true,"href":"http:\/\/www.grieta.org.mx\/index.php\/wp-json\/wp\/v2\/comments?post=31820"}],"version-history":[{"count":1,"href":"http:\/\/www.grieta.org.mx\/index.php\/wp-json\/wp\/v2\/posts\/31820\/revisions"}],"predecessor-version":[{"id":31822,"href":"http:\/\/www.grieta.org.mx\/index.php\/wp-json\/wp\/v2\/posts\/31820\/revisions\/31822"}],"wp:featuredmedia":[{"embeddable":true,"href":"http:\/\/www.grieta.org.mx\/index.php\/wp-json\/wp\/v2\/media\/31821"}],"wp:attachment":[{"href":"http:\/\/www.grieta.org.mx\/index.php\/wp-json\/wp\/v2\/media?parent=31820"}],"wp:term":[{"taxonomy":"category","embeddable":true,"href":"http:\/\/www.grieta.org.mx\/index.php\/wp-json\/wp\/v2\/categories?post=31820"},{"taxonomy":"post_tag","embeddable":true,"href":"http:\/\/www.grieta.org.mx\/index.php\/wp-json\/wp\/v2\/tags?post=31820"}],"curies":[{"name":"wp","href":"https:\/\/api.w.org\/{rel}","templated":true}]}}