{"id":31797,"date":"2019-04-05T10:01:19","date_gmt":"2019-04-05T16:01:19","guid":{"rendered":"http:\/\/www.grieta.org.mx\/?p=31797"},"modified":"2019-04-06T10:07:09","modified_gmt":"2019-04-06T16:07:09","slug":"marchan-habitantes-de-arantepacua-en-morelia","status":"publish","type":"post","link":"http:\/\/www.grieta.org.mx\/index.php\/2019\/04\/05\/marchan-habitantes-de-arantepacua-en-morelia\/","title":{"rendered":"Marchan habitantes de Arantepacua en Morelia"},"content":{"rendered":"<p><iframe loading=\"lazy\" src=\"https:\/\/www.youtube.com\/embed\/WjHDDKYu9yo\" width=\"1140\" height=\"642\" frameborder=\"0\" allowfullscreen=\"allowfullscreen\"><\/iframe><\/p>\n<p>F\u00e1tima Alfaro \/Quadrat\u00edn<br \/>\nMORELIA, Mich., 5 de abril de 2018.- Comuneros de Arantepacua, perteneciente al municipio de Nahuatzen, se movilizan en Morelia para exigir sanciones en contra de los responsables materiales e intelectuales del enfrentamiento registrado en la localidad el pasado 5 de abril de 2017, donde resultaran fallecidos cuatros residentes de Arantepacua. Alrededor de 10 autobuses de pasajeros arribaron a las inmediaciones de Casa de Gobierno, procedentes de Arantepacua, para llevar a cabo una marcha conmemorativa y exponer su reclamo de justicia, la cual culminar\u00e1 en Palacio de Gobierno. A la actividad se suman organizaciones nacionales en defensa de los derechos humanos, estudiantes normalistas y comuneros de entidades como Oaxaca, Chiapas y Guerrero. El recorrido previsiblemente afectar\u00e1 la circulaci\u00f3n vial en el anillo perif\u00e9rico y las avenidas Camelinas, Ventura Puente, Acueducto y Madero. Los participantes efectuaron previo al arranque de la manifestaci\u00f3n una ceremonia en homenaje de las personas que perdieran la vida tras el incidente, que calificaran como masacre, acaecido dos a\u00f1os atr\u00e1s.<br \/>\n<a href=\"https:\/\/www.quadratin.com.mx\/municipios\/morelia\/marchan-habitantes-de-arantepacua-en-morelia\/\">https:\/\/www.quadratin.com.mx\/municipios\/morelia\/marchan-habitantes-de-arantepacua-en-morelia\/<\/a><\/p>\n","protected":false},"excerpt":{"rendered":"<p>F\u00e1tima Alfaro \/Quadrat\u00edn MORELIA, Mich., 5 de abril de 2018.- Comuneros de Arantepacua, perteneciente al municipio de Nahuatzen, se movilizan en Morelia para exigir sanciones en contra de los responsables &hellip; <a href=\"http:\/\/www.grieta.org.mx\/index.php\/2019\/04\/05\/marchan-habitantes-de-arantepacua-en-morelia\/\" class=\"more-link\">Leer m\u00e1s<\/a><\/p>\n","protected":false},"author":2,"featured_media":21928,"comment_status":"closed","ping_status":"closed","sticky":false,"template":"","format":"standard","meta":{"ngg_post_thumbnail":0,"_jetpack_newsletter_access":"","_jetpack_dont_email_post_to_subs":false,"_jetpack_newsletter_tier_id":0,"_jetpack_memberships_contains_paywalled_content":false,"_jetpack_memberships_contains_paid_content":false,"footnotes":""},"categories":[80,82,21,995],"tags":[2311],"class_list":{"0":"post-31797","1":"post","2":"type-post","3":"status-publish","4":"format-standard","5":"has-post-thumbnail","6":"hentry","7":"category-cintillo","8":"category-michoacan","10":"category-resistencia-y-construccion-de-autonomia-de-las-comunidades-rurales-en-michoacan","11":"tag-despojo-de-tierras","12":"entry"},"jetpack_featured_media_url":"http:\/\/www.grieta.org.mx\/wp-content\/uploads\/2018\/03\/14524434_1106112876131411_958039263622046936_o.jpg","jetpack_sharing_enabled":true,"jetpack_shortlink":"https:\/\/wp.me\/p7ZJR4-8gR","jetpack_likes_enabled":false,"jetpack-related-posts":[{"id":15894,"url":"http:\/\/www.grieta.org.mx\/index.php\/2016\/07\/04\/normalistas-retienen-y-amenazan-con-incendiar-vehiculos-en-michoacan\/","url_meta":{"origin":31797,"position":0},"title":"Normalistas retienen y amenazan con incendiar veh\u00edculos en Michoac\u00e1n","author":"Admin","date":"4 julio, 2016","format":false,"excerpt":"Los estudiantes de la Normal Rural de Cher\u00e1n concentraron los automotores, entre ellos unidades de transporte de pasajeros, en las comunidades de Turicuaro y Arantepacua y pretenden utilizarlos para bloquear carreteras. Arturo Estrada MORELIA.- Normalistas vinculados con la Coordinadora Nacional de Trabajadores de la Educaci\u00f3n (CNTE) en Michoac\u00e1n tienen retenidos\u2026","rel":"","context":"En &quot;CINTILLO&quot;","block_context":{"text":"CINTILLO","link":"http:\/\/www.grieta.org.mx\/index.php\/category\/cintillo\/"},"img":{"alt_text":"","src":"https:\/\/i0.wp.com\/www.grieta.org.mx\/wp-content\/uploads\/2018\/03\/14524434_1106112876131411_958039263622046936_o.jpg?resize=350%2C200","width":350,"height":200,"srcset":"https:\/\/i0.wp.com\/www.grieta.org.mx\/wp-content\/uploads\/2018\/03\/14524434_1106112876131411_958039263622046936_o.jpg?resize=350%2C200 1x, https:\/\/i0.wp.com\/www.grieta.org.mx\/wp-content\/uploads\/2018\/03\/14524434_1106112876131411_958039263622046936_o.jpg?resize=525%2C300 1.5x, https:\/\/i0.wp.com\/www.grieta.org.mx\/wp-content\/uploads\/2018\/03\/14524434_1106112876131411_958039263622046936_o.jpg?resize=700%2C400 2x"},"classes":[]},{"id":20755,"url":"http:\/\/www.grieta.org.mx\/index.php\/2016\/08\/31\/normalistas-en-planton-frente-a-secretaria-de-finanzas-de-michoacan\/","url_meta":{"origin":31797,"position":1},"title":"Normalistas en plant\u00f3n frente a Secretar\u00eda de Finanzas de Michoac\u00e1n","author":"grieta","date":"31 agosto, 2016","format":false,"excerpt":"Morelia, Mich. Unos 200 integrantes de la Organizaci\u00f3n de Normales Oficiales del Estado (Onem) se plantaron frente a la Secretar\u00eda de Finanzas del gobierno estatal, sobre la avenida Ventura Puente para exigir el pago de becas y apoyo para el mantenimiento de las ocho escuelas formadoras de maestros en Michoac\u00e1n.\u2026","rel":"","context":"En &quot;CINTILLO&quot;","block_context":{"text":"CINTILLO","link":"http:\/\/www.grieta.org.mx\/index.php\/category\/cintillo\/"},"img":{"alt_text":"","src":"https:\/\/i0.wp.com\/www.grieta.org.mx\/wp-content\/uploads\/2018\/03\/14524434_1106112876131411_958039263622046936_o.jpg?resize=350%2C200","width":350,"height":200,"srcset":"https:\/\/i0.wp.com\/www.grieta.org.mx\/wp-content\/uploads\/2018\/03\/14524434_1106112876131411_958039263622046936_o.jpg?resize=350%2C200 1x, https:\/\/i0.wp.com\/www.grieta.org.mx\/wp-content\/uploads\/2018\/03\/14524434_1106112876131411_958039263622046936_o.jpg?resize=525%2C300 1.5x, https:\/\/i0.wp.com\/www.grieta.org.mx\/wp-content\/uploads\/2018\/03\/14524434_1106112876131411_958039263622046936_o.jpg?resize=700%2C400 2x"},"classes":[]},{"id":56568,"url":"http:\/\/www.grieta.org.mx\/index.php\/2021\/01\/18\/comunidades-defenderan-en-tribunales-la-no-instalacion-de-casillas-michoacan\/","url_meta":{"origin":31797,"position":2},"title":"Comunidades defender\u00e1n en tribunales la no instalaci\u00f3n de casillas  (Michoac\u00e1n)","author":"grieta","date":"18 enero, 2021","format":false,"excerpt":"Las poblaciones ind\u00edgenas de Arantepacua, San Felipe de los Herreros, Pichataro y Cher\u00e1n le notificaron al INE su negativa ante las presiones \u00d3scar Guerrero | El Sol de Morelia, 18 de enero de 2021 Morelia, Michoac\u00e1n-(OEM-Infomex).-Las comunidades ind\u00edgenas de Arantepacua, San Felipe de los Herreros, Pichataro y Cher\u00e1n le notificaron\u2026","rel":"","context":"En &quot;CINTILLO&quot;","block_context":{"text":"CINTILLO","link":"http:\/\/www.grieta.org.mx\/index.php\/category\/cintillo\/"},"img":{"alt_text":"","src":"https:\/\/i0.wp.com\/www.grieta.org.mx\/wp-content\/uploads\/2021\/01\/INE.jpg?resize=350%2C200","width":350,"height":200,"srcset":"https:\/\/i0.wp.com\/www.grieta.org.mx\/wp-content\/uploads\/2021\/01\/INE.jpg?resize=350%2C200 1x, https:\/\/i0.wp.com\/www.grieta.org.mx\/wp-content\/uploads\/2021\/01\/INE.jpg?resize=525%2C300 1.5x, https:\/\/i0.wp.com\/www.grieta.org.mx\/wp-content\/uploads\/2021\/01\/INE.jpg?resize=700%2C400 2x"},"classes":[]},{"id":7422,"url":"http:\/\/www.grieta.org.mx\/index.php\/2015\/12\/09\/normalistas-agredidos-y-criminalizados-en-michoacan\/","url_meta":{"origin":31797,"position":3},"title":"Normalistas agredidos y criminalizados en Michoac\u00e1n","author":"Admin","date":"9 diciembre, 2015","format":false,"excerpt":"Por Valentina Valle y Heriberto Paredes En el contexto de tensi\u00f3n que caracteriza la meseta p\u2019urh\u00e9pecha michoacana desde principios de septiembre de 2015, el d\u00eda lunes 7 de diciembre se dio el en\u00e9simo episodio de violencia, en esta ocasi\u00f3n hac\u00eda los estudiantes del Centro Regional de Educaci\u00f3n Normal de Arteaga.\u2026","rel":"","context":"En &quot;CINTILLO&quot;","block_context":{"text":"CINTILLO","link":"http:\/\/www.grieta.org.mx\/index.php\/category\/cintillo\/"},"img":{"alt_text":"","src":"https:\/\/i0.wp.com\/www.grieta.org.mx\/wp-content\/uploads\/2018\/03\/14524434_1106112876131411_958039263622046936_o.jpg?resize=350%2C200","width":350,"height":200,"srcset":"https:\/\/i0.wp.com\/www.grieta.org.mx\/wp-content\/uploads\/2018\/03\/14524434_1106112876131411_958039263622046936_o.jpg?resize=350%2C200 1x, https:\/\/i0.wp.com\/www.grieta.org.mx\/wp-content\/uploads\/2018\/03\/14524434_1106112876131411_958039263622046936_o.jpg?resize=525%2C300 1.5x, https:\/\/i0.wp.com\/www.grieta.org.mx\/wp-content\/uploads\/2018\/03\/14524434_1106112876131411_958039263622046936_o.jpg?resize=700%2C400 2x"},"classes":[]},{"id":45102,"url":"http:\/\/www.grieta.org.mx\/index.php\/2020\/02\/21\/el-gobierno-de-michoacan-quiere-detener-autonomia-en-municipios-indigenas\/","url_meta":{"origin":31797,"position":4},"title":"El gobierno de Michoac\u00e1n quiere detener autonom\u00eda en municipios ind\u00edgenas","author":"grieta","date":"21 febrero, 2020","format":false,"excerpt":". Despu\u00e9s de una misi\u00f3n de observaci\u00f3n, un grupo de organizaciones de defensa de derechos humanos\u00a0 document\u00f3 c\u00f3mo el gobierno del estado de Michoac\u00e1n mina los procesos de autonom\u00eda de comunidades ind\u00edgenas de la meseta pur\u00e9pecha\u00a0 Texto y fotos: Arturo Contreras Camero,PiedePagina, 21 de febrero de 2020 MORELIA, MICHOAC\u00c1N.- A\u2026","rel":"","context":"En &quot;CINTILLO&quot;","block_context":{"text":"CINTILLO","link":"http:\/\/www.grieta.org.mx\/index.php\/category\/cintillo\/"},"img":{"alt_text":"","src":"https:\/\/i0.wp.com\/www.grieta.org.mx\/wp-content\/uploads\/2020\/02\/Pdp_michoacan2_Arturo_contreras.jpg?resize=350%2C200","width":350,"height":200,"srcset":"https:\/\/i0.wp.com\/www.grieta.org.mx\/wp-content\/uploads\/2020\/02\/Pdp_michoacan2_Arturo_contreras.jpg?resize=350%2C200 1x, https:\/\/i0.wp.com\/www.grieta.org.mx\/wp-content\/uploads\/2020\/02\/Pdp_michoacan2_Arturo_contreras.jpg?resize=525%2C300 1.5x, https:\/\/i0.wp.com\/www.grieta.org.mx\/wp-content\/uploads\/2020\/02\/Pdp_michoacan2_Arturo_contreras.jpg?resize=700%2C400 2x, https:\/\/i0.wp.com\/www.grieta.org.mx\/wp-content\/uploads\/2020\/02\/Pdp_michoacan2_Arturo_contreras.jpg?resize=1050%2C600 3x"},"classes":[]},{"id":43781,"url":"http:\/\/www.grieta.org.mx\/index.php\/2020\/01\/28\/marchan-sindicados-en-morelia-en-demanda-de-sus-pagos-atrasados\/","url_meta":{"origin":31797,"position":5},"title":"Marchan sindicados en Morelia en demanda de sus pagos atrasados","author":"grieta","date":"28 enero, 2020","format":false,"excerpt":"Uriel Morales P\u00e9rez \/Quadrat\u00edn, 28 de enero de 2019 MORELIA, Mich., 28 de enero de 2020.- Trabajadores del sector educativo en Michoac\u00e1n participan en la marcha en calles de Morelia en demanda de cumplimiento a pliegos petitorios que por meses se arrastran como pendientes. En el contingente se encuentran integrantes\u2026","rel":"","context":"En &quot;CINTILLO&quot;","block_context":{"text":"CINTILLO","link":"http:\/\/www.grieta.org.mx\/index.php\/category\/cintillo\/"},"img":{"alt_text":"","src":"https:\/\/i0.wp.com\/www.grieta.org.mx\/wp-content\/uploads\/2020\/01\/images.jpg?resize=350%2C200","width":350,"height":200,"srcset":"https:\/\/i0.wp.com\/www.grieta.org.mx\/wp-content\/uploads\/2020\/01\/images.jpg?resize=350%2C200 1x, https:\/\/i0.wp.com\/www.grieta.org.mx\/wp-content\/uploads\/2020\/01\/images.jpg?resize=525%2C300 1.5x"},"classes":[]}],"_links":{"self":[{"href":"http:\/\/www.grieta.org.mx\/index.php\/wp-json\/wp\/v2\/posts\/31797","targetHints":{"allow":["GET"]}}],"collection":[{"href":"http:\/\/www.grieta.org.mx\/index.php\/wp-json\/wp\/v2\/posts"}],"about":[{"href":"http:\/\/www.grieta.org.mx\/index.php\/wp-json\/wp\/v2\/types\/post"}],"author":[{"embeddable":true,"href":"http:\/\/www.grieta.org.mx\/index.php\/wp-json\/wp\/v2\/users\/2"}],"replies":[{"embeddable":true,"href":"http:\/\/www.grieta.org.mx\/index.php\/wp-json\/wp\/v2\/comments?post=31797"}],"version-history":[{"count":1,"href":"http:\/\/www.grieta.org.mx\/index.php\/wp-json\/wp\/v2\/posts\/31797\/revisions"}],"predecessor-version":[{"id":31798,"href":"http:\/\/www.grieta.org.mx\/index.php\/wp-json\/wp\/v2\/posts\/31797\/revisions\/31798"}],"wp:featuredmedia":[{"embeddable":true,"href":"http:\/\/www.grieta.org.mx\/index.php\/wp-json\/wp\/v2\/media\/21928"}],"wp:attachment":[{"href":"http:\/\/www.grieta.org.mx\/index.php\/wp-json\/wp\/v2\/media?parent=31797"}],"wp:term":[{"taxonomy":"category","embeddable":true,"href":"http:\/\/www.grieta.org.mx\/index.php\/wp-json\/wp\/v2\/categories?post=31797"},{"taxonomy":"post_tag","embeddable":true,"href":"http:\/\/www.grieta.org.mx\/index.php\/wp-json\/wp\/v2\/tags?post=31797"}],"curies":[{"name":"wp","href":"https:\/\/api.w.org\/{rel}","templated":true}]}}