{"id":3179,"date":"2015-11-15T12:44:47","date_gmt":"2015-11-15T12:44:47","guid":{"rendered":"http:\/\/50.22.11.12\/~grietaor\/?p=3179"},"modified":"2016-04-25T00:03:56","modified_gmt":"2016-04-25T00:03:56","slug":"acusan-agresion-de-fuerza-publica-a-maestros-de-conalep-en-puerto-vallarta","status":"publish","type":"post","link":"http:\/\/www.grieta.org.mx\/index.php\/2015\/11\/15\/acusan-agresion-de-fuerza-publica-a-maestros-de-conalep-en-puerto-vallarta\/","title":{"rendered":"Acusan agresi\u00f3n de fuerza p\u00fablica a maestros de CONALEP en Puerto Vallarta"},"content":{"rendered":"<p>Por: Lupita Mart\u00ednez Enr\u00edquez<br \/>\n15 de noviembre del 2015.-<\/p>\n<p>\u201cNosotros no somos gente de violencia s\u00f3lo estamos luchando por los derechos del magisterio\u201d, expres\u00f3 Nacho uno de los maestros que decidi\u00f3 asistir a ejercer su derecho a la libre manifestaci\u00f3n por sus derechos laborales, a una de las sedes que fueron elegidas para la aplicaci\u00f3n de la evaluaci\u00f3n educativa en Jalisco.<\/p>\n<p>El CONALEP plantel Vallarta 01, de Puerto Vallarta, fue el lugar en donde se reuni\u00f3 junto con alrededor de 300 personas cerca de las 6:30 de la ma\u00f1ana para mostrar resistencia ante la aplicaci\u00f3n del examen. Justo a la hora que hab\u00edan sido citados los 150 docentes, alrededor de las 10:00 de la ma\u00f1ana comenzaron a llegar elementos de polic\u00eda a resguardar el lugar para que no se suscitaran actos de violencia.<\/p>\n<p>A decir del maestro, la manifestaci\u00f3n se estaba realizando bajo tranquilidad afuera de las instalaciones, no hubo conflicto con los elementos policiales, sino hasta el mediod\u00eda cuando llegaron alrededor de 30 elementos de la Fuerza \u00danica quienes se aglutinaron con escudos y toletes.<\/p>\n<p>\u201cLes dec\u00edamos que no quer\u00edamos confrontarnos y que no quer\u00edamos violencia, que no nos fueran a golpear o tocar pero anteriormente nos hab\u00eda dicho que hab\u00eda ordenes que dejaran el paso libre, y que no se entrar\u00e1 a la fuerza\u201d, expres\u00f3.<\/p>\n<p>Pero finalmente, en el forcejeo terminaron por agredir f\u00edsicamente a un par de maestras quienes estaban al frente del contingente, y a la hija de una de las maestras que estaba presente, detall\u00f3:<\/p>\n<p>\u201cAgredieron a las maestras, e incluso a una menor de edad, hab\u00eda una muchacha como de 16 a\u00f1os que es hija de una maestra y estaba ah\u00ed apoyando a su mam\u00e1 y la golpearon con un escudo, trae una se\u00f1al en el cuello\u201d.<\/p>\n<p>Aunque los docentes insistieron en que no ten\u00edan intenci\u00f3n de verse inmersos en una situaci\u00f3n violenta, a\u00fan as\u00ed, adem\u00e1s de los elementos de la Fuerza \u00danica, lleg\u00f3 la presencia de la polic\u00eda federal, y \u201cencapuchados\u201d.<\/p>\n<p>Para los maestros \u201chubo rabia, dolor, tristeza\u201d pues fueron tratados como si fuesen delincuentes, pese a que les explicaron que eran maestros y quer\u00edan ser tratados como tal, \u201cpero hicieron caso omiso\u201d.<\/p>\n<p>Nacho, lament\u00f3 que el luchar por los derechos laborales signifique que puedes ser agredido por agentes de la polic\u00eda, puesto que ellos solamente quieren evitar ese paso pues considera que se trata de una \u201cevaluaci\u00f3n punitiva\u201d que solamente busca que corran a los maestros mediante ex\u00e1menes que les exigen realizar, sin una previa preparaci\u00f3n pues no les dan ning\u00fan libro o instrumento para poder argumentar su aprendizaje y enfrentar la evaluaci\u00f3n.<\/p>\n<p>Tras el enfrentamiento, los maestros que estaban por aplicar el examen decidieron solidarizarse y no continuar con la evaluaci\u00f3n, aunque hubiese uso de la fuerza p\u00fablica.<\/p>\n<p><a href=\"http:\/\/cronicadesociales.org\/2015\/11\/15\/acusan-agresion-de-fuerza-publica-a-maestros-de-conalep-en-puerto-vallarta\/\" target=\"_blank\">http:\/\/cronicadesociales.org\/2015\/11\/15\/acusan-agresion-de-fuerza-publica-a-maestros-de-conalep-en-puerto-vallarta\/<\/a><\/p>\n","protected":false},"excerpt":{"rendered":"<p>Por: Lupita Mart\u00ednez Enr\u00edquez 15 de noviembre del 2015.- \u201cNosotros no somos gente de violencia s\u00f3lo estamos luchando por los derechos del magisterio\u201d, expres\u00f3 Nacho uno de los maestros que &hellip; <a href=\"http:\/\/www.grieta.org.mx\/index.php\/2015\/11\/15\/acusan-agresion-de-fuerza-publica-a-maestros-de-conalep-en-puerto-vallarta\/\" class=\"more-link\">Leer m\u00e1s<\/a><\/p>\n","protected":false},"author":2,"featured_media":21928,"comment_status":"closed","ping_status":"open","sticky":false,"template":"","format":"standard","meta":{"ngg_post_thumbnail":0,"_jetpack_newsletter_access":"","_jetpack_dont_email_post_to_subs":false,"_jetpack_newsletter_tier_id":0,"_jetpack_memberships_contains_paywalled_content":false,"_jetpack_memberships_contains_paid_content":false,"footnotes":""},"categories":[80,230],"tags":[133,135,130],"class_list":["post-3179","post","type-post","status-publish","format-standard","has-post-thumbnail","hentry","category-cintillo","category-jalisco","tag-maestros","tag-reforma-educativa","tag-represion","entry"],"jetpack_featured_media_url":"http:\/\/www.grieta.org.mx\/wp-content\/uploads\/2018\/03\/14524434_1106112876131411_958039263622046936_o.jpg","jetpack_sharing_enabled":true,"jetpack_shortlink":"https:\/\/wp.me\/p7ZJR4-Ph","jetpack_likes_enabled":false,"jetpack-related-posts":[{"id":3171,"url":"http:\/\/www.grieta.org.mx\/index.php\/2016\/08\/23\/movilizaciones-contra-la-reforma-educativa-y-la-evaluacion-magisterial-en-jalisco\/","url_meta":{"origin":3179,"position":0},"title":"Movilizaciones contra la Reforma educativa y evaluaci\u00f3n magisterial en Jalisco","author":"grieta","date":"23 agosto, 2016","format":false,"excerpt":"23\/08\/16. Maestros se manifestaron en el Aeropuerto Internacional de Guadalajara contra la Reforma Educativa Canal 44 23\/08\/16. Maestros en la regi\u00f3n de Los Altos trabajan bajo protesta (Video)Canal 44 27\/07\/16. Bloquean maestros casetasAM Lagos de Moreno 17\/07\/16. Frente Magisterial advierte accionesNtr Guadalajara 04\/07\/16. Abuchean a Aurelio Nu\u00f1o en JaliscoProceso 23\/06\/16.\u2026","rel":"","context":"En &quot;Jalisco&quot;","block_context":{"text":"Jalisco","link":"http:\/\/www.grieta.org.mx\/index.php\/category\/noticias-nacionales\/jalisco\/"},"img":{"alt_text":"","src":"https:\/\/i0.wp.com\/www.grieta.org.mx\/wp-content\/uploads\/2018\/03\/14524434_1106112876131411_958039263622046936_o.jpg?resize=350%2C200","width":350,"height":200,"srcset":"https:\/\/i0.wp.com\/www.grieta.org.mx\/wp-content\/uploads\/2018\/03\/14524434_1106112876131411_958039263622046936_o.jpg?resize=350%2C200 1x, https:\/\/i0.wp.com\/www.grieta.org.mx\/wp-content\/uploads\/2018\/03\/14524434_1106112876131411_958039263622046936_o.jpg?resize=525%2C300 1.5x, https:\/\/i0.wp.com\/www.grieta.org.mx\/wp-content\/uploads\/2018\/03\/14524434_1106112876131411_958039263622046936_o.jpg?resize=700%2C400 2x"},"classes":[]},{"id":3187,"url":"http:\/\/www.grieta.org.mx\/index.php\/2015\/10\/13\/maestros-de-vallarta-se-unen-al-paro-nacional-magisterial-con-mitin-en-la-drse\/","url_meta":{"origin":3179,"position":1},"title":"Maestros de Vallarta se unen al Paro Nacional Magisterial con mitin en la DRSE","author":"grieta","date":"13 octubre, 2015","format":false,"excerpt":"Fernando Sanchez Los profesores tienen confianza en que van a ver caer esta reforma educativa porque est\u00e1 condenada al fracaso y aseguran que deben aprovechar esta lucha, para echar andar una revoluci\u00f3n que implica un cambio en la conciencia Puerto Vallarta.- Este lunes a medio d\u00eda se realizo un mitin\u2026","rel":"","context":"En &quot;CINTILLO&quot;","block_context":{"text":"CINTILLO","link":"http:\/\/www.grieta.org.mx\/index.php\/category\/cintillo\/"},"img":{"alt_text":"","src":"https:\/\/i0.wp.com\/www.grieta.org.mx\/wp-content\/uploads\/2018\/03\/14524434_1106112876131411_958039263622046936_o.jpg?resize=350%2C200","width":350,"height":200,"srcset":"https:\/\/i0.wp.com\/www.grieta.org.mx\/wp-content\/uploads\/2018\/03\/14524434_1106112876131411_958039263622046936_o.jpg?resize=350%2C200 1x, https:\/\/i0.wp.com\/www.grieta.org.mx\/wp-content\/uploads\/2018\/03\/14524434_1106112876131411_958039263622046936_o.jpg?resize=525%2C300 1.5x, https:\/\/i0.wp.com\/www.grieta.org.mx\/wp-content\/uploads\/2018\/03\/14524434_1106112876131411_958039263622046936_o.jpg?resize=700%2C400 2x"},"classes":[]},{"id":12560,"url":"http:\/\/www.grieta.org.mx\/index.php\/2016\/05\/15\/maestros-de-vallarta-celebra-su-dia-con-marcha-y-evento-cultural-en-el-malecon\/","url_meta":{"origin":3179,"position":2},"title":"Maestros de Vallarta celebra su d\u00eda con marcha y evento cultural en el malec\u00f3n","author":"grieta","date":"15 mayo, 2016","format":false,"excerpt":"Fernando Sanchez Puerto Vallarta.- Al igual que en diferentes ciudades del pa\u00eds, este 15 de mayo \u201cd\u00eda del maestro\u201d los docentes de Puerto Vallarta tambi\u00e9n salieron a las calles para expresar su rechazo a la reforma educativa y en apoyo a los maestros cesados recientemente por no realizar el examen\u2026","rel":"","context":"En &quot;CINTILLO&quot;","block_context":{"text":"CINTILLO","link":"http:\/\/www.grieta.org.mx\/index.php\/category\/cintillo\/"},"img":{"alt_text":"","src":"https:\/\/i0.wp.com\/www.grieta.org.mx\/wp-content\/uploads\/2018\/03\/14524434_1106112876131411_958039263622046936_o.jpg?resize=350%2C200","width":350,"height":200,"srcset":"https:\/\/i0.wp.com\/www.grieta.org.mx\/wp-content\/uploads\/2018\/03\/14524434_1106112876131411_958039263622046936_o.jpg?resize=350%2C200 1x, https:\/\/i0.wp.com\/www.grieta.org.mx\/wp-content\/uploads\/2018\/03\/14524434_1106112876131411_958039263622046936_o.jpg?resize=525%2C300 1.5x, https:\/\/i0.wp.com\/www.grieta.org.mx\/wp-content\/uploads\/2018\/03\/14524434_1106112876131411_958039263622046936_o.jpg?resize=700%2C400 2x"},"classes":[]},{"id":3176,"url":"http:\/\/www.grieta.org.mx\/index.php\/2015\/11\/15\/maestros-toman-las-sedes-de-examenes\/","url_meta":{"origin":3179,"position":3},"title":"Maestros toman las sedes de ex\u00e1menes","author":"grieta","date":"15 noviembre, 2015","format":false,"excerpt":"Analy S. Nu\u00f1o Desde las cinco de la ma\u00f1ana, 12 sedes del examen de desempe\u00f1o docente fueron tomadas por al menos mil 800 maestros opositores a la evaluaci\u00f3n educativa, a los que se sumaron 40 profesores que de \u00faltimo momento decidieron no realizar la prueba. Pese a la presencia policiaca\u2026","rel":"","context":"En &quot;CINTILLO&quot;","block_context":{"text":"CINTILLO","link":"http:\/\/www.grieta.org.mx\/index.php\/category\/cintillo\/"},"img":{"alt_text":"","src":"https:\/\/i0.wp.com\/www.grieta.org.mx\/wp-content\/uploads\/2018\/03\/14524434_1106112876131411_958039263622046936_o.jpg?resize=350%2C200","width":350,"height":200,"srcset":"https:\/\/i0.wp.com\/www.grieta.org.mx\/wp-content\/uploads\/2018\/03\/14524434_1106112876131411_958039263622046936_o.jpg?resize=350%2C200 1x, https:\/\/i0.wp.com\/www.grieta.org.mx\/wp-content\/uploads\/2018\/03\/14524434_1106112876131411_958039263622046936_o.jpg?resize=525%2C300 1.5x, https:\/\/i0.wp.com\/www.grieta.org.mx\/wp-content\/uploads\/2018\/03\/14524434_1106112876131411_958039263622046936_o.jpg?resize=700%2C400 2x"},"classes":[]},{"id":46518,"url":"http:\/\/www.grieta.org.mx\/index.php\/2020\/03\/10\/maestros-de-la-costa-norte-de-jalisco-protestan-en-la-drse-por-la-falta-de-pago\/","url_meta":{"origin":3179,"position":4},"title":"Maestros de la Costa Norte de Jalisco protestan en la DRSE por la falta de pago","author":"grieta","date":"10 marzo, 2020","format":false,"excerpt":"Foto: Javier Fr\u00edas Los maestros permanecer\u00e1n hasta la tarde de hoy al exterior de la dependencia estatal aqu\u00ed en Puerto Vallarta, misma que no abri\u00f3 sus puertas Equipo Editorial \/ UDGTV Puerto Vallarta Jalisco. Debido a que, desde agosto pasado, 320 profesores de educaci\u00f3n b\u00e1sica de los municipios de Puerto\u2026","rel":"","context":"En &quot;CINTILLO&quot;","block_context":{"text":"CINTILLO","link":"http:\/\/www.grieta.org.mx\/index.php\/category\/cintillo\/"},"img":{"alt_text":"","src":"https:\/\/i0.wp.com\/www.grieta.org.mx\/wp-content\/uploads\/2020\/03\/Protesta-DRSE-JAvier-Fr%C3%ADas-Pv-696x392.jpeg?resize=350%2C200","width":350,"height":200,"srcset":"https:\/\/i0.wp.com\/www.grieta.org.mx\/wp-content\/uploads\/2020\/03\/Protesta-DRSE-JAvier-Fr%C3%ADas-Pv-696x392.jpeg?resize=350%2C200 1x, https:\/\/i0.wp.com\/www.grieta.org.mx\/wp-content\/uploads\/2020\/03\/Protesta-DRSE-JAvier-Fr%C3%ADas-Pv-696x392.jpeg?resize=525%2C300 1.5x"},"classes":[]},{"id":10151,"url":"http:\/\/www.grieta.org.mx\/index.php\/2016\/04\/06\/padres-de-familia-cierran-escuela-en-protesta-por-despido-de-maestros\/","url_meta":{"origin":3179,"position":5},"title":"Padres de familia cierran escuela en protesta por despido de maestros","author":"grieta","date":"6 abril, 2016","format":false,"excerpt":"Fernando Sanchez Madres y padres de familia se solidarizan con los docentes contra del despido de algunos maestros de Puerto Vallarta y cierran escuela primaria de Ramblases. Puerto Vallarta.- La ma\u00f1ana de este mi\u00e9rcoles los padres de familia acordaron junto con los maestros cerrar la escuela en protesta por el\u2026","rel":"","context":"En &quot;CINTILLO&quot;","block_context":{"text":"CINTILLO","link":"http:\/\/www.grieta.org.mx\/index.php\/category\/cintillo\/"},"img":{"alt_text":"","src":"https:\/\/i0.wp.com\/www.grieta.org.mx\/wp-content\/uploads\/2018\/03\/14524434_1106112876131411_958039263622046936_o.jpg?resize=350%2C200","width":350,"height":200,"srcset":"https:\/\/i0.wp.com\/www.grieta.org.mx\/wp-content\/uploads\/2018\/03\/14524434_1106112876131411_958039263622046936_o.jpg?resize=350%2C200 1x, https:\/\/i0.wp.com\/www.grieta.org.mx\/wp-content\/uploads\/2018\/03\/14524434_1106112876131411_958039263622046936_o.jpg?resize=525%2C300 1.5x, https:\/\/i0.wp.com\/www.grieta.org.mx\/wp-content\/uploads\/2018\/03\/14524434_1106112876131411_958039263622046936_o.jpg?resize=700%2C400 2x"},"classes":[]}],"_links":{"self":[{"href":"http:\/\/www.grieta.org.mx\/index.php\/wp-json\/wp\/v2\/posts\/3179","targetHints":{"allow":["GET"]}}],"collection":[{"href":"http:\/\/www.grieta.org.mx\/index.php\/wp-json\/wp\/v2\/posts"}],"about":[{"href":"http:\/\/www.grieta.org.mx\/index.php\/wp-json\/wp\/v2\/types\/post"}],"author":[{"embeddable":true,"href":"http:\/\/www.grieta.org.mx\/index.php\/wp-json\/wp\/v2\/users\/2"}],"replies":[{"embeddable":true,"href":"http:\/\/www.grieta.org.mx\/index.php\/wp-json\/wp\/v2\/comments?post=3179"}],"version-history":[{"count":1,"href":"http:\/\/www.grieta.org.mx\/index.php\/wp-json\/wp\/v2\/posts\/3179\/revisions"}],"predecessor-version":[{"id":10792,"href":"http:\/\/www.grieta.org.mx\/index.php\/wp-json\/wp\/v2\/posts\/3179\/revisions\/10792"}],"wp:featuredmedia":[{"embeddable":true,"href":"http:\/\/www.grieta.org.mx\/index.php\/wp-json\/wp\/v2\/media\/21928"}],"wp:attachment":[{"href":"http:\/\/www.grieta.org.mx\/index.php\/wp-json\/wp\/v2\/media?parent=3179"}],"wp:term":[{"taxonomy":"category","embeddable":true,"href":"http:\/\/www.grieta.org.mx\/index.php\/wp-json\/wp\/v2\/categories?post=3179"},{"taxonomy":"post_tag","embeddable":true,"href":"http:\/\/www.grieta.org.mx\/index.php\/wp-json\/wp\/v2\/tags?post=3179"}],"curies":[{"name":"wp","href":"https:\/\/api.w.org\/{rel}","templated":true}]}}