{"id":31693,"date":"2019-03-26T10:24:26","date_gmt":"2019-03-26T16:24:26","guid":{"rendered":"http:\/\/www.grieta.org.mx\/?p=31693"},"modified":"2019-04-03T10:27:18","modified_gmt":"2019-04-03T16:27:18","slug":"veracruz-se-mantiene-como-primer-lugar-nacional-en-feminicidios","status":"publish","type":"post","link":"http:\/\/www.grieta.org.mx\/index.php\/2019\/03\/26\/veracruz-se-mantiene-como-primer-lugar-nacional-en-feminicidios\/","title":{"rendered":"Veracruz se mantiene como primer lugar nacional en feminicidios"},"content":{"rendered":"<p><img loading=\"lazy\" decoding=\"async\" data-attachment-id=\"31694\" data-permalink=\"http:\/\/www.grieta.org.mx\/index.php\/2019\/03\/26\/veracruz-se-mantiene-como-primer-lugar-nacional-en-feminicidios\/serveimage\/\" data-orig-file=\"http:\/\/www.grieta.org.mx\/wp-content\/uploads\/2019\/04\/serveimage.jpg\" data-orig-size=\"1000,667\" data-comments-opened=\"0\" data-image-meta=\"{&quot;aperture&quot;:&quot;7.1&quot;,&quot;credit&quot;:&quot;&quot;,&quot;camera&quot;:&quot;NIKON D7200&quot;,&quot;caption&quot;:&quot;&quot;,&quot;created_timestamp&quot;:&quot;1525606051&quot;,&quot;copyright&quot;:&quot;&quot;,&quot;focal_length&quot;:&quot;18&quot;,&quot;iso&quot;:&quot;1000&quot;,&quot;shutter_speed&quot;:&quot;0.005&quot;,&quot;title&quot;:&quot;&quot;,&quot;orientation&quot;:&quot;1&quot;}\" data-image-title=\"serveimage\" data-image-description=\"\" data-image-caption=\"\" data-medium-file=\"http:\/\/www.grieta.org.mx\/wp-content\/uploads\/2019\/04\/serveimage-300x200.jpg\" data-large-file=\"http:\/\/www.grieta.org.mx\/wp-content\/uploads\/2019\/04\/serveimage.jpg\" src=\"http:\/\/www.grieta.org.mx\/wp-content\/uploads\/2019\/04\/serveimage.jpg\" alt=\"\" width=\"800\" height=\"533\" class=\"alignleft size-full wp-image-31694\" srcset=\"http:\/\/www.grieta.org.mx\/wp-content\/uploads\/2019\/04\/serveimage.jpg 1000w, http:\/\/www.grieta.org.mx\/wp-content\/uploads\/2019\/04\/serveimage-300x200.jpg 300w, http:\/\/www.grieta.org.mx\/wp-content\/uploads\/2019\/04\/serveimage-768x512.jpg 768w, http:\/\/www.grieta.org.mx\/wp-content\/uploads\/2019\/04\/serveimage-750x500.jpg 750w\" sizes=\"auto, (max-width: 800px) 100vw, 800px\" \/><\/p>\n<p>Rafael Mel\u00e9ndez Ter\u00e1n \/ Al calor pol\u00edtico<\/p>\n<p>Con un corte al mes de febrero, las cifras aportadas por el Secretariado Ejecutivo del Sistema Nacional de Seguridad P\u00fablica (SESNSP) revelan que Veracruz encabeza de nueva cuenta la lista nacional con m\u00e1s feminicidios. De acuerdo con el Secretariado, se contabilizan 21 casos en lo que va de los primeros meses de este 2019, durante la administraci\u00f3n encabezada por Cuitl\u00e1huac Garc\u00eda Jim\u00e9nez. Por si eso fuera poco, la entidad veracruzana tambi\u00e9n lidera la lista nacional en el delito de secuestros de mujeres. En este caso, reporta 25 v\u00edctimas de privaci\u00f3n ilegal de la libertad en agravio de las f\u00e9minas en tan s\u00f3lo este primer bimestre. Se precis\u00f3 que, nueve mujeres habr\u00edan sido mayores de edad, una menor de edad, y del resto no se especifica. Xalapa, primer lugar estatal A nivel estatal, la capital del Estado es el municipio con m\u00e1s casos de feminicidios con tres casos y ocupa tambi\u00e9n el lugar n\u00famero ocho a nivel nacional. As\u00ed como Xalapa, hay siete municipios m\u00e1s los que se ubican entre los primeros 100 del pa\u00eds con presuntos delitos de feminicidio. Se trata de Coatzacoalcos con el n\u00famero 22 y dos casos; Papantla con el lugar n\u00famero 23 y dos casos; Veracruz con el lugar 24 y dos casos; C\u00f3doba con el lugar 97 y un caso; Cosoleacaque con el n\u00famero 98 y un caso, Ixhuac\u00e1n de Los Reyes con el lugar 99 y un caso y finalmente Ixtaczoquitl\u00e1n con el lugar n\u00famero 100 y un caso. El informe detalla que, durante los dos primeros meses del a\u00f1o, 34 mujeres fueron v\u00edctimas de homicidio culposo en la entidad, adem\u00e1s de que 231 mujeres habr\u00edan sido v\u00edctimas de lesiones dolosas y 84 de lesiones culposas. <\/p>\n<p><a href=\"https:\/\/www.alcalorpolitico.com\/informacion\/veracruz-se-mantiene-como-primer-lugar-nacional-en-feminicidios-284487.html#.XKTdZqSjlPZ\">https:\/\/www.alcalorpolitico.com\/informacion\/veracruz-se-mantiene-como-primer-lugar-nacional-en-feminicidios-284487.html#.XKTdZqSjlPZ<\/a><\/p>\n","protected":false},"excerpt":{"rendered":"<p>Rafael Mel\u00e9ndez Ter\u00e1n \/ Al calor pol\u00edtico Con un corte al mes de febrero, las cifras aportadas por el Secretariado Ejecutivo del Sistema Nacional de Seguridad P\u00fablica (SESNSP) revelan que &hellip; <a href=\"http:\/\/www.grieta.org.mx\/index.php\/2019\/03\/26\/veracruz-se-mantiene-como-primer-lugar-nacional-en-feminicidios\/\" class=\"more-link\">Leer m\u00e1s<\/a><\/p>\n","protected":false},"author":2,"featured_media":31694,"comment_status":"closed","ping_status":"closed","sticky":false,"template":"","format":"standard","meta":{"ngg_post_thumbnail":0,"_jetpack_newsletter_access":"","_jetpack_dont_email_post_to_subs":false,"_jetpack_newsletter_tier_id":0,"_jetpack_memberships_contains_paywalled_content":false,"_jetpack_memberships_contains_paid_content":false,"footnotes":""},"categories":[80,84,1902,2,83,35],"tags":[753,81],"class_list":["post-31693","post","type-post","status-publish","format-standard","has-post-thumbnail","hentry","category-cintillo","category-feminicidios","category-feminicidios-en-veracruz","category-noticias-nacionales","category-temas-nacionales","category-veracruz","tag-feminicidio","tag-feminicidios","entry"],"jetpack_featured_media_url":"http:\/\/www.grieta.org.mx\/wp-content\/uploads\/2019\/04\/serveimage.jpg","jetpack_sharing_enabled":true,"jetpack_shortlink":"https:\/\/wp.me\/p7ZJR4-8fb","jetpack_likes_enabled":false,"jetpack-related-posts":[{"id":31069,"url":"http:\/\/www.grieta.org.mx\/index.php\/2019\/03\/21\/veracruz-primer-lugar-nacional-en-feminicidios-y-secuestros-de-mujeres\/","url_meta":{"origin":31693,"position":0},"title":"Veracruz, primer lugar nacional en feminicidios y secuestros de mujeres","author":"grieta","date":"21 marzo, 2019","format":false,"excerpt":"\u00c1ngel Camarillo \/ Al calor pol\u00edtico De acuerdo con las estad\u00edsticas del Secretariado Ejecutivo del Sistema Nacional de Seguridad P\u00fablica, el estado de Veracruz alcanz\u00f3 altos \u00edndices de delitos contra las mujeres, con corte al mes de enero de 2019. Adem\u00e1s de encabezar las cifras de secuestro contra mujeres \u2014con\u2026","rel":"","context":"En &quot;CINTILLO&quot;","block_context":{"text":"CINTILLO","link":"http:\/\/www.grieta.org.mx\/index.php\/category\/cintillo\/"},"img":{"alt_text":"","src":"https:\/\/i0.wp.com\/www.grieta.org.mx\/wp-content\/uploads\/2018\/03\/14524434_1106112876131411_958039263622046936_o.jpg?resize=350%2C200","width":350,"height":200,"srcset":"https:\/\/i0.wp.com\/www.grieta.org.mx\/wp-content\/uploads\/2018\/03\/14524434_1106112876131411_958039263622046936_o.jpg?resize=350%2C200 1x, https:\/\/i0.wp.com\/www.grieta.org.mx\/wp-content\/uploads\/2018\/03\/14524434_1106112876131411_958039263622046936_o.jpg?resize=525%2C300 1.5x, https:\/\/i0.wp.com\/www.grieta.org.mx\/wp-content\/uploads\/2018\/03\/14524434_1106112876131411_958039263622046936_o.jpg?resize=700%2C400 2x"},"classes":[]},{"id":34614,"url":"http:\/\/www.grieta.org.mx\/index.php\/2019\/05\/27\/son-cordoba-xalapa-y-veracruz-los-municipios-con-mas-feminicidios-en-el-pais\/","url_meta":{"origin":31693,"position":1},"title":"Son C\u00f3rdoba, Xalapa y Veracruz los municipios con m\u00e1s feminicidios en el pa\u00eds","author":"grieta","date":"27 mayo, 2019","format":false,"excerpt":"Redacci\u00f3n \/ Pol\u00edtica en Red C\u00f3rdoba se localiza en el d\u00e9cimo lugar con el registro de cuatro feminicidios, seguido de ello se ubica a Papantla en el vig\u00e9simo tercer lugar con tres feminicidios de acuerdo a las estad\u00edsticas del Secretariado Ejecutivo del Sistema Nacional de Seguridad P\u00fablica. Veracruz sigue a\u2026","rel":"","context":"En &quot;CINTILLO&quot;","block_context":{"text":"CINTILLO","link":"http:\/\/www.grieta.org.mx\/index.php\/category\/cintillo\/"},"img":{"alt_text":"","src":"https:\/\/i0.wp.com\/www.grieta.org.mx\/wp-content\/uploads\/2019\/06\/feminicidios-cordoba.jpg?resize=350%2C200","width":350,"height":200,"srcset":"https:\/\/i0.wp.com\/www.grieta.org.mx\/wp-content\/uploads\/2019\/06\/feminicidios-cordoba.jpg?resize=350%2C200 1x, https:\/\/i0.wp.com\/www.grieta.org.mx\/wp-content\/uploads\/2019\/06\/feminicidios-cordoba.jpg?resize=525%2C300 1.5x"},"classes":[]},{"id":36498,"url":"http:\/\/www.grieta.org.mx\/index.php\/2019\/07\/08\/veracruz-primer-lugar-nacional-en-feminicidios\/","url_meta":{"origin":31693,"position":2},"title":"Veracruz, primer lugar nacional en feminicidios","author":"grieta","date":"8 julio, 2019","format":false,"excerpt":"Xavier Salas Hern\u00e1ndez \/ Alcalorpol\u00edtico De los 100 municipios del pa\u00eds con el mayor n\u00famero de feminicidios, 15 son de Veracruz, lo que coloca a la entidad en el primer lugar, de acuerdo al reporte de Incidencia Delictiva sobre Violencia Contras las Mujeres emitido por el Secretariado Ejecutivo del Sistema\u2026","rel":"","context":"En &quot;CINTILLO&quot;","block_context":{"text":"CINTILLO","link":"http:\/\/www.grieta.org.mx\/index.php\/category\/cintillo\/"},"img":{"alt_text":"","src":"https:\/\/i0.wp.com\/www.grieta.org.mx\/wp-content\/uploads\/2019\/06\/feminicidios-cordoba.jpg?resize=350%2C200","width":350,"height":200,"srcset":"https:\/\/i0.wp.com\/www.grieta.org.mx\/wp-content\/uploads\/2019\/06\/feminicidios-cordoba.jpg?resize=350%2C200 1x, https:\/\/i0.wp.com\/www.grieta.org.mx\/wp-content\/uploads\/2019\/06\/feminicidios-cordoba.jpg?resize=525%2C300 1.5x"},"classes":[]},{"id":38536,"url":"http:\/\/www.grieta.org.mx\/index.php\/2019\/08\/22\/veracruz-y-morelos-lideran-feminicidios\/","url_meta":{"origin":31693,"position":3},"title":"Veracruz y Morelos lideran feminicidios","author":"grieta","date":"22 agosto, 2019","format":false,"excerpt":"Antonio Baranda \/ Omnia Cd. de M\u00e9xico (22 agosto 2019).- Veracruz y Morelos, dos estados gobernados por Morena, tienen las tasas m\u00e1s altas de feminicidios en M\u00e9xico. Adem\u00e1s, esas dos entidades encabezan el mayor n\u00famero de secuestros. Con 114 feminicidios registrados entre enero y julio de este a\u00f1o, Veracruz promedia\u2026","rel":"","context":"En &quot;CINTILLO&quot;","block_context":{"text":"CINTILLO","link":"http:\/\/www.grieta.org.mx\/index.php\/category\/cintillo\/"},"img":{"alt_text":"","src":"https:\/\/i0.wp.com\/www.grieta.org.mx\/wp-content\/uploads\/2019\/08\/big_rycux3qm.jpg?resize=350%2C200","width":350,"height":200,"srcset":"https:\/\/i0.wp.com\/www.grieta.org.mx\/wp-content\/uploads\/2019\/08\/big_rycux3qm.jpg?resize=350%2C200 1x, https:\/\/i0.wp.com\/www.grieta.org.mx\/wp-content\/uploads\/2019\/08\/big_rycux3qm.jpg?resize=525%2C300 1.5x, https:\/\/i0.wp.com\/www.grieta.org.mx\/wp-content\/uploads\/2019\/08\/big_rycux3qm.jpg?resize=700%2C400 2x"},"classes":[]},{"id":33269,"url":"http:\/\/www.grieta.org.mx\/index.php\/2019\/05\/04\/nuevo-leon-es-quinto-lugar-en-feminicidios\/","url_meta":{"origin":31693,"position":4},"title":"Nuevo Le\u00f3n es quinto lugar en feminicidios","author":"grieta","date":"4 mayo, 2019","format":false,"excerpt":"Aracely Garza \/ Excelsior Nueve municipios del estado aparecen en la lista de los 100 en los que se cometi\u00f3 m\u00e1s este delito durante el primer trimestre del a\u00f1o MONTERREY, Nuevo Le\u00f3n En relaci\u00f3n con los 32 estados de la Rep\u00fablica, Nuevo Le\u00f3n figura en el quinto lugar en el\u2026","rel":"","context":"En &quot;CINTILLO&quot;","block_context":{"text":"CINTILLO","link":"http:\/\/www.grieta.org.mx\/index.php\/category\/cintillo\/"},"img":{"alt_text":"","src":"https:\/\/i0.wp.com\/www.grieta.org.mx\/wp-content\/uploads\/2019\/05\/Nuevo-Le%C3%B3n-es-quinto-lugar-en-feminicidios-nl-may.jpg?resize=350%2C200","width":350,"height":200,"srcset":"https:\/\/i0.wp.com\/www.grieta.org.mx\/wp-content\/uploads\/2019\/05\/Nuevo-Le%C3%B3n-es-quinto-lugar-en-feminicidios-nl-may.jpg?resize=350%2C200 1x, https:\/\/i0.wp.com\/www.grieta.org.mx\/wp-content\/uploads\/2019\/05\/Nuevo-Le%C3%B3n-es-quinto-lugar-en-feminicidios-nl-may.jpg?resize=525%2C300 1.5x"},"classes":[]},{"id":38445,"url":"http:\/\/www.grieta.org.mx\/index.php\/2019\/08\/19\/veracruz-y-estado-de-mexico-es-donde-mas-se-mata-a-las-ninas\/","url_meta":{"origin":31693,"position":5},"title":"Veracruz y Estado de M\u00e9xico es donde m\u00e1s se mata a las ni\u00f1as","author":"grieta","date":"19 agosto, 2019","format":false,"excerpt":"Angeles Pillado \/ SDP Veracruz y el Edomex son las entidades donde se perpetra m\u00e1s el feminicidio infantil; en lo que va de 2019, 54 ni\u00f1as fueron asesinadas. M\u00e9xico.- Los estados de Veracruz y M\u00e9xico encabezan en cifras el feminicidio infantil pese a que ambas entidades tienen activas Alertas de\u2026","rel":"","context":"En &quot;CINTILLO&quot;","block_context":{"text":"CINTILLO","link":"http:\/\/www.grieta.org.mx\/index.php\/category\/cintillo\/"},"img":{"alt_text":"","src":"https:\/\/i0.wp.com\/www.grieta.org.mx\/wp-content\/uploads\/2019\/08\/5d5b169fcd9a9.jpeg?resize=350%2C200","width":350,"height":200,"srcset":"https:\/\/i0.wp.com\/www.grieta.org.mx\/wp-content\/uploads\/2019\/08\/5d5b169fcd9a9.jpeg?resize=350%2C200 1x, https:\/\/i0.wp.com\/www.grieta.org.mx\/wp-content\/uploads\/2019\/08\/5d5b169fcd9a9.jpeg?resize=525%2C300 1.5x, https:\/\/i0.wp.com\/www.grieta.org.mx\/wp-content\/uploads\/2019\/08\/5d5b169fcd9a9.jpeg?resize=700%2C400 2x"},"classes":[]}],"_links":{"self":[{"href":"http:\/\/www.grieta.org.mx\/index.php\/wp-json\/wp\/v2\/posts\/31693","targetHints":{"allow":["GET"]}}],"collection":[{"href":"http:\/\/www.grieta.org.mx\/index.php\/wp-json\/wp\/v2\/posts"}],"about":[{"href":"http:\/\/www.grieta.org.mx\/index.php\/wp-json\/wp\/v2\/types\/post"}],"author":[{"embeddable":true,"href":"http:\/\/www.grieta.org.mx\/index.php\/wp-json\/wp\/v2\/users\/2"}],"replies":[{"embeddable":true,"href":"http:\/\/www.grieta.org.mx\/index.php\/wp-json\/wp\/v2\/comments?post=31693"}],"version-history":[{"count":1,"href":"http:\/\/www.grieta.org.mx\/index.php\/wp-json\/wp\/v2\/posts\/31693\/revisions"}],"predecessor-version":[{"id":31695,"href":"http:\/\/www.grieta.org.mx\/index.php\/wp-json\/wp\/v2\/posts\/31693\/revisions\/31695"}],"wp:featuredmedia":[{"embeddable":true,"href":"http:\/\/www.grieta.org.mx\/index.php\/wp-json\/wp\/v2\/media\/31694"}],"wp:attachment":[{"href":"http:\/\/www.grieta.org.mx\/index.php\/wp-json\/wp\/v2\/media?parent=31693"}],"wp:term":[{"taxonomy":"category","embeddable":true,"href":"http:\/\/www.grieta.org.mx\/index.php\/wp-json\/wp\/v2\/categories?post=31693"},{"taxonomy":"post_tag","embeddable":true,"href":"http:\/\/www.grieta.org.mx\/index.php\/wp-json\/wp\/v2\/tags?post=31693"}],"curies":[{"name":"wp","href":"https:\/\/api.w.org\/{rel}","templated":true}]}}