{"id":31651,"date":"2019-04-02T01:13:10","date_gmt":"2019-04-02T07:13:10","guid":{"rendered":"http:\/\/www.grieta.org.mx\/?p=31651"},"modified":"2019-04-03T01:18:36","modified_gmt":"2019-04-03T07:18:36","slug":"casa-de-moneda-despide-a-200-empleados-san-luis-potosi","status":"publish","type":"post","link":"http:\/\/www.grieta.org.mx\/index.php\/2019\/04\/02\/casa-de-moneda-despide-a-200-empleados-san-luis-potosi\/","title":{"rendered":"Casa de Moneda despide a 200 empleados (San Luis Potos\u00ed)"},"content":{"rendered":"<p><img loading=\"lazy\" decoding=\"async\" data-attachment-id=\"31652\" data-permalink=\"http:\/\/www.grieta.org.mx\/index.php\/2019\/04\/02\/casa-de-moneda-despide-a-200-empleados-san-luis-potosi\/casa-de-moneda-despide-a-200-empleados-slp-abr\/\" data-orig-file=\"http:\/\/www.grieta.org.mx\/wp-content\/uploads\/2019\/04\/Casa-de-Moneda-despide-a-200-empleados-slp-abr.jpg\" data-orig-size=\"992,595\" data-comments-opened=\"0\" data-image-meta=\"{&quot;aperture&quot;:&quot;0&quot;,&quot;credit&quot;:&quot;&quot;,&quot;camera&quot;:&quot;&quot;,&quot;caption&quot;:&quot;&quot;,&quot;created_timestamp&quot;:&quot;0&quot;,&quot;copyright&quot;:&quot;&quot;,&quot;focal_length&quot;:&quot;0&quot;,&quot;iso&quot;:&quot;0&quot;,&quot;shutter_speed&quot;:&quot;0&quot;,&quot;title&quot;:&quot;&quot;,&quot;orientation&quot;:&quot;0&quot;}\" data-image-title=\"Casa de Moneda despide a 200 empleados slp abr\" data-image-description=\"\" data-image-caption=\"\" data-medium-file=\"http:\/\/www.grieta.org.mx\/wp-content\/uploads\/2019\/04\/Casa-de-Moneda-despide-a-200-empleados-slp-abr-300x180.jpg\" data-large-file=\"http:\/\/www.grieta.org.mx\/wp-content\/uploads\/2019\/04\/Casa-de-Moneda-despide-a-200-empleados-slp-abr.jpg\" class=\"alignleft  wp-image-31652\" src=\"http:\/\/www.grieta.org.mx\/wp-content\/uploads\/2019\/04\/Casa-de-Moneda-despide-a-200-empleados-slp-abr-300x180.jpg\" alt=\"\" width=\"483\" height=\"290\" srcset=\"http:\/\/www.grieta.org.mx\/wp-content\/uploads\/2019\/04\/Casa-de-Moneda-despide-a-200-empleados-slp-abr-300x180.jpg 300w, http:\/\/www.grieta.org.mx\/wp-content\/uploads\/2019\/04\/Casa-de-Moneda-despide-a-200-empleados-slp-abr-768x461.jpg 768w, http:\/\/www.grieta.org.mx\/wp-content\/uploads\/2019\/04\/Casa-de-Moneda-despide-a-200-empleados-slp-abr-834x500.jpg 834w, http:\/\/www.grieta.org.mx\/wp-content\/uploads\/2019\/04\/Casa-de-Moneda-despide-a-200-empleados-slp-abr.jpg 992w\" sizes=\"auto, (max-width: 483px) 100vw, 483px\" \/><br \/>\nEmilia Monreal \/ Plano Informativo<\/p>\n<blockquote><p>No se renovaron los contratos de personal, algunos con ocho a\u00f1os de antig\u00fcedad que cada tres meses firmaban el documento.<\/p><\/blockquote>\n<p>San Luis Potos\u00ed, SLP.-El gobierno federal sigue con su plan de ajuste de personal, y ahora correspondi\u00f3 a la Casa de Moneda de San Luis Potos\u00ed, al no renovarse los contratos de personal que cada tres meses firmaban dicho documento, algunos con una antig\u00fcedad de ocho a\u00f1os que estaban bajo esta relaci\u00f3n laboral.<\/p>\n<p>Seg\u00fan manifestaron algunos de los inconformes, -quienes pidieron el anonimato- fueron alrededor de 200 los despedidos durante las quincenas del d\u00eda 15 y 30 de marzo, quienes lamentaron que el presidente de M\u00e9xico, Andr\u00e9s Manuel L\u00f3pez Obrador los deje sin empleo, ya que es una \u00e1rea del gobierno federal importante en la producci\u00f3n de monedas y billetes nacionales, as\u00ed como de otras monedas de otros pa\u00edses.<\/p>\n<p>Sin embargo, conf\u00edan en la promesa de que sean re contratados m\u00e1s adelante, porque esto fue lo que se les dijo al momento de que ya no se les renov\u00f3 el contrato.<\/p>\n<p>La Casa de Moneda depende de la Secretar\u00eda de Hacienda y Cr\u00e9dito P\u00fablico y se ubica en la zona industrial de San Luis Potos\u00ed, y se dedica a la acu\u00f1a y comercializa monedas y medallas, a trav\u00e9s de procesos que cumplan con est\u00e1ndares de calidad para Banco de M\u00e9xico e instituciones p\u00fablicas y privadas, nacionales e internacionales.<\/p>\n<p>Son alrededor de 500 empleados los que se tienen en la Casa de Moneda que incluye los que se ubican en la Ciudad de M\u00e9xico.<\/p>\n<p>El a\u00f1o pasado se hab\u00eda dado a conocer que al 2017 se acu\u00f1aron 2 mil 601.8 millones de monedas que signific\u00f3 un aumento de 16.8 por ciento m\u00e1s que en el 2016, y m\u00e1s de 2.0 millones de piezas coleccionables de oro y plata, alcanzando un nivel r\u00e9cord.<\/p>\n<p><a href=\"http:\/\/planoinformativo.com\/651327\/-casa-de-moneda-despide-a-200-empleados-slp\" target=\"_blank\" rel=\"noopener noreferrer\">http:\/\/planoinformativo.com\/651327\/-casa-de-moneda-despide-a-200-empleados-slp<\/a><\/p>\n","protected":false},"excerpt":{"rendered":"<p>Emilia Monreal \/ Plano Informativo No se renovaron los contratos de personal, algunos con ocho a\u00f1os de antig\u00fcedad que cada tres meses firmaban el documento. San Luis Potos\u00ed, SLP.-El gobierno &hellip; <a href=\"http:\/\/www.grieta.org.mx\/index.php\/2019\/04\/02\/casa-de-moneda-despide-a-200-empleados-san-luis-potosi\/\" class=\"more-link\">Leer m\u00e1s<\/a><\/p>\n","protected":false},"author":2,"featured_media":31652,"comment_status":"closed","ping_status":"closed","sticky":false,"template":"","format":"standard","meta":{"ngg_post_thumbnail":0,"_jetpack_newsletter_access":"","_jetpack_dont_email_post_to_subs":false,"_jetpack_newsletter_tier_id":0,"_jetpack_memberships_contains_paywalled_content":false,"_jetpack_memberships_contains_paid_content":false,"footnotes":""},"categories":[80,910,1273,2,141,29,83],"tags":[2423,163,1290],"class_list":{"0":"post-31651","1":"post","2":"type-post","3":"status-publish","4":"format-standard","5":"has-post-thumbnail","6":"hentry","7":"category-cintillo","8":"category-explotacion-y-precariedad-laboral","9":"category-explotacion-y-precariedad-laboral-en-san-luis-potosi","10":"category-noticias-nacionales","11":"category-san-luis-potosi","13":"category-temas-nacionales","14":"tag-casa-de-moneda","15":"tag-despidos","16":"tag-precariedad-laboral","17":"entry"},"jetpack_featured_media_url":"http:\/\/www.grieta.org.mx\/wp-content\/uploads\/2019\/04\/Casa-de-Moneda-despide-a-200-empleados-slp-abr.jpg","jetpack_sharing_enabled":true,"jetpack_shortlink":"https:\/\/wp.me\/p7ZJR4-8ev","jetpack_likes_enabled":false,"jetpack-related-posts":[{"id":33118,"url":"http:\/\/www.grieta.org.mx\/index.php\/2019\/05\/07\/reportan-despidos-masivos-en-conafe-san-luis-potosi\/","url_meta":{"origin":31651,"position":0},"title":"Reportan despidos masivos en Conafe (San Luis Potos\u00ed)","author":"grieta","date":"7 mayo, 2019","format":false,"excerpt":"Rub\u00e9n Pacheco \/ Pulso La cuarta transformaci\u00f3n alcanz\u00f3 a 24 trabajadores eventuales en la delegaci\u00f3n de San Luis Potos\u00ed Desde el viernes pasado, 24 trabajadores eventuales fueron despedidos de la delegaci\u00f3n en San Luis Potos\u00ed del Consejo Nacional de Fomento Educativo (Conafe), quienes desarrollaban labores en las cuatro regiones de\u2026","rel":"","context":"En &quot;CINTILLO&quot;","block_context":{"text":"CINTILLO","link":"http:\/\/www.grieta.org.mx\/index.php\/category\/cintillo\/"},"img":{"alt_text":"","src":"https:\/\/i0.wp.com\/www.grieta.org.mx\/wp-content\/uploads\/2019\/05\/Reportan-despidos-masivos-en-Conafe-slp-may.jpg?resize=350%2C200","width":350,"height":200,"srcset":"https:\/\/i0.wp.com\/www.grieta.org.mx\/wp-content\/uploads\/2019\/05\/Reportan-despidos-masivos-en-Conafe-slp-may.jpg?resize=350%2C200 1x, https:\/\/i0.wp.com\/www.grieta.org.mx\/wp-content\/uploads\/2019\/05\/Reportan-despidos-masivos-en-Conafe-slp-may.jpg?resize=525%2C300 1.5x"},"classes":[]},{"id":31676,"url":"http:\/\/www.grieta.org.mx\/index.php\/2019\/04\/01\/auge-agricola-en-sl-aumenta-explotacion-de-jornaleros-san-luis-potosi\/","url_meta":{"origin":31651,"position":1},"title":"Auge agr\u00edcola en SL aumenta explotaci\u00f3n de jornaleros (San Luis Potos\u00ed)","author":"grieta","date":"1 abril, 2019","format":false,"excerpt":"Jaime Hern\u00e1ndez \/ Pulso OSC advierte que se mantienen las condiciones deplorables en las que laboran y viven San Luis Potos\u00ed tiene una poblaci\u00f3n flotante de 94 mil 826 jornaleros agr\u00edcolas migrantes, y ha aumentado en los \u00faltimos a\u00f1os debido al incremento de los cultivos agr\u00edcolas en la entidad. Sin\u2026","rel":"","context":"En &quot;CINTILLO&quot;","block_context":{"text":"CINTILLO","link":"http:\/\/www.grieta.org.mx\/index.php\/category\/cintillo\/"},"img":{"alt_text":"","src":"https:\/\/i0.wp.com\/www.grieta.org.mx\/wp-content\/uploads\/2018\/03\/14524434_1106112876131411_958039263622046936_o.jpg?resize=350%2C200","width":350,"height":200,"srcset":"https:\/\/i0.wp.com\/www.grieta.org.mx\/wp-content\/uploads\/2018\/03\/14524434_1106112876131411_958039263622046936_o.jpg?resize=350%2C200 1x, https:\/\/i0.wp.com\/www.grieta.org.mx\/wp-content\/uploads\/2018\/03\/14524434_1106112876131411_958039263622046936_o.jpg?resize=525%2C300 1.5x, https:\/\/i0.wp.com\/www.grieta.org.mx\/wp-content\/uploads\/2018\/03\/14524434_1106112876131411_958039263622046936_o.jpg?resize=700%2C400 2x"},"classes":[]},{"id":32012,"url":"http:\/\/www.grieta.org.mx\/index.php\/2019\/04\/10\/en-rezago-4-mil-demandas-laborales-en-slp-styps-san-luis-potosi\/","url_meta":{"origin":31651,"position":2},"title":"En rezago 4 mil demandas laborales en SLP: STyPS (San Luis Potos\u00ed)","author":"grieta","date":"10 abril, 2019","format":false,"excerpt":"Berenice Guti\u00e9rrez \/ GlobalMedia La cantidad es mayor a las que se prev\u00e9n anualmente, adem\u00e1s en el marco de la reforma laboral el secretario del Trabajo Manuel Lozano consider\u00f3 que dos o m\u00e1s organizaciones sindicales en una misma compa\u00f1\u00eda no es pr\u00e1ctico San Luis Potos\u00ed, M\u00e9xico (10 abril 2019).- En\u2026","rel":"","context":"En &quot;CINTILLO&quot;","block_context":{"text":"CINTILLO","link":"http:\/\/www.grieta.org.mx\/index.php\/category\/cintillo\/"},"img":{"alt_text":"","src":"https:\/\/i0.wp.com\/www.grieta.org.mx\/wp-content\/uploads\/2019\/04\/En-rezago-4-mil-demandas-laborales-en-SLP-STyPS-slp-abr.jpg?resize=350%2C200","width":350,"height":200,"srcset":"https:\/\/i0.wp.com\/www.grieta.org.mx\/wp-content\/uploads\/2019\/04\/En-rezago-4-mil-demandas-laborales-en-SLP-STyPS-slp-abr.jpg?resize=350%2C200 1x, https:\/\/i0.wp.com\/www.grieta.org.mx\/wp-content\/uploads\/2019\/04\/En-rezago-4-mil-demandas-laborales-en-SLP-STyPS-slp-abr.jpg?resize=525%2C300 1.5x"},"classes":[]},{"id":55014,"url":"http:\/\/www.grieta.org.mx\/index.php\/2020\/11\/12\/trabajadores-del-canal-13-de-san-luis-potosi-estallan-huelga-por-adeudo-salarial\/","url_meta":{"origin":31651,"position":3},"title":"Trabajadores del Canal 13 de San Luis Potos\u00ed estallan huelga por adeudo salarial","author":"grieta","date":"12 noviembre, 2020","format":false,"excerpt":"Felipe C\u00e1rdenas\/El Sol de San Luis 12 noviembre 2020 Luego de 25 a\u00f1os de transmitir ininterrumpidamente la se\u00f1al de televisora potosina Canal 13 se apag\u00f3 debido a un estallamiento de huelga por adeudos salariales a la plantilla laboral. El estallamiento de huelga lo encabez\u00f3 el l\u00edder local del Sitatyr, Diego\u2026","rel":"","context":"En &quot;CINTILLO&quot;","block_context":{"text":"CINTILLO","link":"http:\/\/www.grieta.org.mx\/index.php\/category\/cintillo\/"},"img":{"alt_text":"","src":"https:\/\/i0.wp.com\/www.grieta.org.mx\/wp-content\/uploads\/2020\/11\/El-lider-del-Sitatyr-en-SLP-estallo%CC%81-la-huelga.jpg?resize=350%2C200","width":350,"height":200,"srcset":"https:\/\/i0.wp.com\/www.grieta.org.mx\/wp-content\/uploads\/2020\/11\/El-lider-del-Sitatyr-en-SLP-estallo%CC%81-la-huelga.jpg?resize=350%2C200 1x, https:\/\/i0.wp.com\/www.grieta.org.mx\/wp-content\/uploads\/2020\/11\/El-lider-del-Sitatyr-en-SLP-estallo%CC%81-la-huelga.jpg?resize=525%2C300 1.5x, https:\/\/i0.wp.com\/www.grieta.org.mx\/wp-content\/uploads\/2020\/11\/El-lider-del-Sitatyr-en-SLP-estallo%CC%81-la-huelga.jpg?resize=700%2C400 2x"},"classes":[]},{"id":52336,"url":"http:\/\/www.grieta.org.mx\/index.php\/2020\/08\/01\/san-luis-potosi-entre-los-5-estados-donde-mas-ha-crecido-el-outsourcing-manpower\/","url_meta":{"origin":31651,"position":4},"title":"San Luis Potos\u00ed, entre los 5 estados donde m\u00e1s ha crecido el outsourcing: Manpower","author":"grieta","date":"1 agosto, 2020","format":false,"excerpt":"Nancy LizetHern\u00e1ndez\/El Universal SLP 1 agosto 2020 ManpowerGroup inform\u00f3 que, con base en los resultados del Censo Econ\u00f3mico 2019, San Luis Potos\u00ed se ubic\u00f3 dentro de las cinco entidades donde m\u00e1s ha crecido la contrataci\u00f3n de personal mediante outsourcing, alcanzando un 54% en los sectores de manufactura, servicios y comercio.\u2026","rel":"","context":"En &quot;CINTILLO&quot;","block_context":{"text":"CINTILLO","link":"http:\/\/www.grieta.org.mx\/index.php\/category\/cintillo\/"},"img":{"alt_text":"","src":"https:\/\/i0.wp.com\/www.grieta.org.mx\/wp-content\/uploads\/2020\/08\/outsorcing.png?resize=350%2C200","width":350,"height":200,"srcset":"https:\/\/i0.wp.com\/www.grieta.org.mx\/wp-content\/uploads\/2020\/08\/outsorcing.png?resize=350%2C200 1x, https:\/\/i0.wp.com\/www.grieta.org.mx\/wp-content\/uploads\/2020\/08\/outsorcing.png?resize=525%2C300 1.5x"},"classes":[]},{"id":31315,"url":"http:\/\/www.grieta.org.mx\/index.php\/2019\/03\/22\/por-falta-de-pago-de-sueldos-empleados-cerraron-tamtoc-san-luis-potosi\/","url_meta":{"origin":31651,"position":5},"title":"POR FALTA DE PAGO DE SUELDOS EMPLEADOS CERRARON TAMTOC (San Luis Potos\u00ed)","author":"grieta","date":"22 marzo, 2019","format":false,"excerpt":"Ismael Gonz\u00e1lez \/ Zunoticia Por falta de pago de dos meses de sueldo, empleados del Instituto Nacional de Antropolog\u00eda e Historia (INAH) cerraron la ma\u00f1ana de ayer el acceso al sitio arqueol\u00f3gico de Tamtoc en el municipio de Tamu\u00edn afectando con ello a turistas que acud\u00edan a visitar ese lugar.\u2026","rel":"","context":"En &quot;CINTILLO&quot;","block_context":{"text":"CINTILLO","link":"http:\/\/www.grieta.org.mx\/index.php\/category\/cintillo\/"},"img":{"alt_text":"","src":"https:\/\/i0.wp.com\/www.grieta.org.mx\/wp-content\/uploads\/2019\/03\/Por-falta-de-pago-de-sueldos-empleados-cerraron-Tamtoc-slp-mzo.jpg?resize=350%2C200","width":350,"height":200},"classes":[]}],"_links":{"self":[{"href":"http:\/\/www.grieta.org.mx\/index.php\/wp-json\/wp\/v2\/posts\/31651","targetHints":{"allow":["GET"]}}],"collection":[{"href":"http:\/\/www.grieta.org.mx\/index.php\/wp-json\/wp\/v2\/posts"}],"about":[{"href":"http:\/\/www.grieta.org.mx\/index.php\/wp-json\/wp\/v2\/types\/post"}],"author":[{"embeddable":true,"href":"http:\/\/www.grieta.org.mx\/index.php\/wp-json\/wp\/v2\/users\/2"}],"replies":[{"embeddable":true,"href":"http:\/\/www.grieta.org.mx\/index.php\/wp-json\/wp\/v2\/comments?post=31651"}],"version-history":[{"count":1,"href":"http:\/\/www.grieta.org.mx\/index.php\/wp-json\/wp\/v2\/posts\/31651\/revisions"}],"predecessor-version":[{"id":31653,"href":"http:\/\/www.grieta.org.mx\/index.php\/wp-json\/wp\/v2\/posts\/31651\/revisions\/31653"}],"wp:featuredmedia":[{"embeddable":true,"href":"http:\/\/www.grieta.org.mx\/index.php\/wp-json\/wp\/v2\/media\/31652"}],"wp:attachment":[{"href":"http:\/\/www.grieta.org.mx\/index.php\/wp-json\/wp\/v2\/media?parent=31651"}],"wp:term":[{"taxonomy":"category","embeddable":true,"href":"http:\/\/www.grieta.org.mx\/index.php\/wp-json\/wp\/v2\/categories?post=31651"},{"taxonomy":"post_tag","embeddable":true,"href":"http:\/\/www.grieta.org.mx\/index.php\/wp-json\/wp\/v2\/tags?post=31651"}],"curies":[{"name":"wp","href":"https:\/\/api.w.org\/{rel}","templated":true}]}}