{"id":31648,"date":"2019-04-02T01:03:54","date_gmt":"2019-04-02T07:03:54","guid":{"rendered":"http:\/\/www.grieta.org.mx\/?p=31648"},"modified":"2019-04-03T01:11:49","modified_gmt":"2019-04-03T07:11:49","slug":"paisanos-el-ano-pasado-fueron-extorsionados-en-su-paso-por-tamaulipas-cedh-san-luis-potosi","status":"publish","type":"post","link":"http:\/\/www.grieta.org.mx\/index.php\/2019\/04\/02\/paisanos-el-ano-pasado-fueron-extorsionados-en-su-paso-por-tamaulipas-cedh-san-luis-potosi\/","title":{"rendered":"Paisanos el a\u00f1o pasado fueron extorsionados en su paso por Tamaulipas: CEDH (San Luis Potos\u00ed)"},"content":{"rendered":"<p><img loading=\"lazy\" decoding=\"async\" data-attachment-id=\"31649\" data-permalink=\"http:\/\/www.grieta.org.mx\/index.php\/2019\/04\/02\/paisanos-el-ano-pasado-fueron-extorsionados-en-su-paso-por-tamaulipas-cedh-san-luis-potosi\/paisanos-el-ano-pasado-fueron-extorsionados-en-su-paso-por-tamaulipas-cedh-slp-abr\/\" data-orig-file=\"http:\/\/www.grieta.org.mx\/wp-content\/uploads\/2019\/04\/Paisanos-el-a\u00f1o-pasado-fueron-extorsionados-en-su-paso-por-Tamaulipas-CEDH-slp-abr.jpg\" data-orig-size=\"696,423\" data-comments-opened=\"0\" data-image-meta=\"{&quot;aperture&quot;:&quot;0&quot;,&quot;credit&quot;:&quot;&quot;,&quot;camera&quot;:&quot;&quot;,&quot;caption&quot;:&quot;&quot;,&quot;created_timestamp&quot;:&quot;0&quot;,&quot;copyright&quot;:&quot;&quot;,&quot;focal_length&quot;:&quot;0&quot;,&quot;iso&quot;:&quot;0&quot;,&quot;shutter_speed&quot;:&quot;0&quot;,&quot;title&quot;:&quot;&quot;,&quot;orientation&quot;:&quot;0&quot;}\" data-image-title=\"Paisanos el a\u00f1o pasado fueron extorsionados en su paso por Tamaulipas CEDH slp abr\" data-image-description=\"\" data-image-caption=\"\" data-medium-file=\"http:\/\/www.grieta.org.mx\/wp-content\/uploads\/2019\/04\/Paisanos-el-a\u00f1o-pasado-fueron-extorsionados-en-su-paso-por-Tamaulipas-CEDH-slp-abr-300x182.jpg\" data-large-file=\"http:\/\/www.grieta.org.mx\/wp-content\/uploads\/2019\/04\/Paisanos-el-a\u00f1o-pasado-fueron-extorsionados-en-su-paso-por-Tamaulipas-CEDH-slp-abr.jpg\" class=\"alignleft  wp-image-31649\" src=\"http:\/\/www.grieta.org.mx\/wp-content\/uploads\/2019\/04\/Paisanos-el-a\u00f1o-pasado-fueron-extorsionados-en-su-paso-por-Tamaulipas-CEDH-slp-abr-300x182.jpg\" alt=\"\" width=\"476\" height=\"289\" srcset=\"http:\/\/www.grieta.org.mx\/wp-content\/uploads\/2019\/04\/Paisanos-el-a\u00f1o-pasado-fueron-extorsionados-en-su-paso-por-Tamaulipas-CEDH-slp-abr-300x182.jpg 300w, http:\/\/www.grieta.org.mx\/wp-content\/uploads\/2019\/04\/Paisanos-el-a\u00f1o-pasado-fueron-extorsionados-en-su-paso-por-Tamaulipas-CEDH-slp-abr.jpg 696w\" sizes=\"auto, (max-width: 476px) 100vw, 476px\" \/><br \/>\nMartha Arriaga \/ Pulso<\/p>\n<p>La Comisi\u00f3n Estatal de Derechos Humanos (CEDH), se encuentra lista para participar en las acciones de supervisi\u00f3n del operativo &#8220;Bienvenido Paisano&#8221;, esto como lo viene haciendo en cada temporada vacacional, con la finalidad de supervisar que no se violentos los derechos de los connacionales durante su paso o estancia en San Luis Potos\u00ed.<\/p>\n<p>Jorge Andr\u00e9s L\u00f3pez Espinosa, ombudsman potosino indic\u00f3 que el a\u00f1o pasado registraron quejas de potosinos que fueron v\u00edctimas de extorsi\u00f3n por parte de elementos de la polic\u00eda municipal de Tamaulipas.<br \/>\nDijo que esos connacionales denunciaron en la CEDH, que fueron v\u00edctimas de extorsi\u00f3n en su paso por Laredo y Nuevo Laredo, por lo que dieron vista a la Comisi\u00f3n del estado de Tamaulipas y a la Comisi\u00f3n Nacional de los Derechos Humanos (CNDH), en donde fueron atendidas esas incidencias.<br \/>\nEl presidente de la CEDH, asegur\u00f3 que en la entidad durante el operativo &#8220;Bienvenido Paisano&#8221;, llevado a cabo tanto en el mes de diciembre como en Semana Santa, se registr\u00f3 saldo blanco durante las dos temporadas altas del a\u00f1o pasado.<\/p>\n<p><a href=\"https:\/\/pulsoslp.com.mx\/slp\/paisanos-el-ano-pasado-fueron-extorsionados-en-su-paso-por-tamaulipas-cedh-\/914752\" target=\"_blank\" rel=\"noopener noreferrer\">https:\/\/pulsoslp.com.mx\/slp\/paisanos-el-ano-pasado-fueron-extorsionados-en-su-paso-por-tamaulipas-cedh-\/914752<\/a><\/p>\n","protected":false},"excerpt":{"rendered":"<p>Martha Arriaga \/ Pulso La Comisi\u00f3n Estatal de Derechos Humanos (CEDH), se encuentra lista para participar en las acciones de supervisi\u00f3n del operativo &#8220;Bienvenido Paisano&#8221;, esto como lo viene haciendo &hellip; <a href=\"http:\/\/www.grieta.org.mx\/index.php\/2019\/04\/02\/paisanos-el-ano-pasado-fueron-extorsionados-en-su-paso-por-tamaulipas-cedh-san-luis-potosi\/\" class=\"more-link\">Leer m\u00e1s<\/a><\/p>\n","protected":false},"author":2,"featured_media":31649,"comment_status":"closed","ping_status":"closed","sticky":false,"template":"","format":"standard","meta":{"ngg_post_thumbnail":0,"_jetpack_newsletter_access":"","_jetpack_dont_email_post_to_subs":false,"_jetpack_newsletter_tier_id":0,"_jetpack_memberships_contains_paywalled_content":false,"_jetpack_memberships_contains_paid_content":false,"footnotes":""},"categories":[1858,80,86,1614,2124,2,141,29,259,33,83],"tags":[174,158,2422],"class_list":{"0":"post-31648","1":"post","2":"type-post","3":"status-publish","4":"format-standard","5":"has-post-thumbnail","6":"hentry","7":"category-abuso-policiaco-y-tortura-en-tamaulipas","8":"category-cintillo","9":"category-migrantes","10":"category-migrantes-en-san-luis-potosi","11":"category-migrantes-en-tamaulipas","12":"category-noticias-nacionales","13":"category-san-luis-potosi","15":"category-tamaulipas","17":"category-temas-nacionales","18":"tag-derechos-humanos","19":"tag-migrantes","20":"tag-policia-municipal","21":"entry"},"jetpack_featured_media_url":"http:\/\/www.grieta.org.mx\/wp-content\/uploads\/2019\/04\/Paisanos-el-a\u00f1o-pasado-fueron-extorsionados-en-su-paso-por-Tamaulipas-CEDH-slp-abr.jpg","jetpack_sharing_enabled":true,"jetpack_shortlink":"https:\/\/wp.me\/p7ZJR4-8es","jetpack_likes_enabled":false,"jetpack-related-posts":[{"id":34046,"url":"http:\/\/www.grieta.org.mx\/index.php\/2019\/05\/30\/aseguran-a-85-migrantes-en-tamaulipas\/","url_meta":{"origin":31648,"position":0},"title":"Aseguran a 85 migrantes en Tamaulipas","author":"grieta","date":"30 mayo, 2019","format":false,"excerpt":"Antonio Hern\u00e1ndez \/ Milenio Salieron de Ciudad Valles, San Luis Potos\u00ed en un autob\u00fas for\u00e1neo con destino a Reynosa, frontera de Tamaulipas. Elementos de la Polic\u00eda Federal aseguraron a 85 indocumentados que viajaban en un autob\u00fas que ten\u00eda como destino llegar a Reynosa. Entre los migrantes hay ni\u00f1os de brazos,\u2026","rel":"","context":"En &quot;CINTILLO&quot;","block_context":{"text":"CINTILLO","link":"http:\/\/www.grieta.org.mx\/index.php\/category\/cintillo\/"},"img":{"alt_text":"","src":"https:\/\/i0.wp.com\/www.grieta.org.mx\/wp-content\/uploads\/2019\/06\/Aseguran-a-85-migrantes-en-Tamaulipas-jun.jpg?resize=350%2C200","width":350,"height":200,"srcset":"https:\/\/i0.wp.com\/www.grieta.org.mx\/wp-content\/uploads\/2019\/06\/Aseguran-a-85-migrantes-en-Tamaulipas-jun.jpg?resize=350%2C200 1x, https:\/\/i0.wp.com\/www.grieta.org.mx\/wp-content\/uploads\/2019\/06\/Aseguran-a-85-migrantes-en-Tamaulipas-jun.jpg?resize=525%2C300 1.5x, https:\/\/i0.wp.com\/www.grieta.org.mx\/wp-content\/uploads\/2019\/06\/Aseguran-a-85-migrantes-en-Tamaulipas-jun.jpg?resize=700%2C400 2x"},"classes":[]},{"id":31663,"url":"http:\/\/www.grieta.org.mx\/index.php\/2019\/03\/28\/espera-slp-a-8-mil-repatriados-este-ano-san-luis-potosi\/","url_meta":{"origin":31648,"position":1},"title":"Espera SLP a 8 mil repatriados este a\u00f1o (San Luis Potos\u00ed)","author":"grieta","date":"28 marzo, 2019","format":false,"excerpt":"Bertha Escalante \/ El Sol de San Luis Tan solo en enero y febrero la cifra fue de mil 50 personas, cuando el a\u00f1o pasado fueron alrededor de 800 En 2019, se incremento de manera importante el n\u00famero de potosinos repatriados de Estados Unidos en relaci\u00f3n a la cifra registrada\u2026","rel":"","context":"En &quot;CINTILLO&quot;","block_context":{"text":"CINTILLO","link":"http:\/\/www.grieta.org.mx\/index.php\/category\/cintillo\/"},"img":{"alt_text":"","src":"https:\/\/i0.wp.com\/www.grieta.org.mx\/wp-content\/uploads\/2019\/04\/Espera-SLP-a-8-mil-repatriados-este-a%C3%B1o-slp-abr.jpg?resize=350%2C200","width":350,"height":200,"srcset":"https:\/\/i0.wp.com\/www.grieta.org.mx\/wp-content\/uploads\/2019\/04\/Espera-SLP-a-8-mil-repatriados-este-a%C3%B1o-slp-abr.jpg?resize=350%2C200 1x, https:\/\/i0.wp.com\/www.grieta.org.mx\/wp-content\/uploads\/2019\/04\/Espera-SLP-a-8-mil-repatriados-este-a%C3%B1o-slp-abr.jpg?resize=525%2C300 1.5x, https:\/\/i0.wp.com\/www.grieta.org.mx\/wp-content\/uploads\/2019\/04\/Espera-SLP-a-8-mil-repatriados-este-a%C3%B1o-slp-abr.jpg?resize=700%2C400 2x"},"classes":[]},{"id":60676,"url":"http:\/\/www.grieta.org.mx\/index.php\/2021\/07\/18\/se-los-traga-la-tierra-desaparecen-menores-migrantes-al-cruzar-slp\/","url_meta":{"origin":31648,"position":2},"title":"Se los traga la tierra, desaparecen menores migrantes al cruzar SLP","author":"grieta","date":"18 julio, 2021","format":false,"excerpt":"Juan Hern\u00e1ndez\/Quadrat\u00edn San Luis Potos\u00ed 18 julio 2021 Al menos 10 menores de entre 12 y 17 a\u00f1os, nacidos en Honduras y El Salvador, han desaparecido en su paso por San Luis Potos\u00ed en el transcurso de este a\u00f1o. La Fiscal\u00eda Especializada en Derechos Humanos mantiene activas las fichas de\u2026","rel":"","context":"En &quot;CINTILLO&quot;","block_context":{"text":"CINTILLO","link":"http:\/\/www.grieta.org.mx\/index.php\/category\/cintillo\/"},"img":{"alt_text":"","src":"https:\/\/i0.wp.com\/www.grieta.org.mx\/wp-content\/uploads\/2021\/07\/ninos-mig.jpeg?resize=350%2C200","width":350,"height":200,"srcset":"https:\/\/i0.wp.com\/www.grieta.org.mx\/wp-content\/uploads\/2021\/07\/ninos-mig.jpeg?resize=350%2C200 1x, https:\/\/i0.wp.com\/www.grieta.org.mx\/wp-content\/uploads\/2021\/07\/ninos-mig.jpeg?resize=525%2C300 1.5x, https:\/\/i0.wp.com\/www.grieta.org.mx\/wp-content\/uploads\/2021\/07\/ninos-mig.jpeg?resize=700%2C400 2x, https:\/\/i0.wp.com\/www.grieta.org.mx\/wp-content\/uploads\/2021\/07\/ninos-mig.jpeg?resize=1050%2C600 3x"},"classes":[]},{"id":10624,"url":"http:\/\/www.grieta.org.mx\/index.php\/2015\/10\/10\/rescatan-a-41-migrantes-en-san-luis-potosi\/","url_meta":{"origin":31648,"position":3},"title":"Rescatan a 41 migrantes en San Luis Potos\u00ed","author":"grieta","date":"10 octubre, 2015","format":false,"excerpt":"SAN LUIS POTOS\u00cd.- Polic\u00edas estatales y federales rescataron a 41 migrantes de nacionalidad centroamericana que estaban privados de su libertad y en condiciones de maltrato en una casa del municipio de Cerritos. Con el apoyo de param\u00e9dicos los elementos policiales bridaron auxilio a 27 hombres, 12 mujeres y 2 menores,\u2026","rel":"","context":"En &quot;CINTILLO&quot;","block_context":{"text":"CINTILLO","link":"http:\/\/www.grieta.org.mx\/index.php\/category\/cintillo\/"},"img":{"alt_text":"","src":"https:\/\/i0.wp.com\/www.grieta.org.mx\/wp-content\/uploads\/2018\/03\/14524434_1106112876131411_958039263622046936_o.jpg?resize=350%2C200","width":350,"height":200,"srcset":"https:\/\/i0.wp.com\/www.grieta.org.mx\/wp-content\/uploads\/2018\/03\/14524434_1106112876131411_958039263622046936_o.jpg?resize=350%2C200 1x, https:\/\/i0.wp.com\/www.grieta.org.mx\/wp-content\/uploads\/2018\/03\/14524434_1106112876131411_958039263622046936_o.jpg?resize=525%2C300 1.5x, https:\/\/i0.wp.com\/www.grieta.org.mx\/wp-content\/uploads\/2018\/03\/14524434_1106112876131411_958039263622046936_o.jpg?resize=700%2C400 2x"},"classes":[]},{"id":41759,"url":"http:\/\/www.grieta.org.mx\/index.php\/2019\/11\/19\/comision-de-busqueda-atiende-39-reportes-san-luis-potosi\/","url_meta":{"origin":31648,"position":4},"title":"Comisi\u00f3n de B\u00fasqueda atiende 39 reportes (San Luis Potos\u00ed)","author":"grieta","date":"19 noviembre, 2019","format":false,"excerpt":"29 son del caso Pirasol; hace 10 a\u00f1os que desapareci\u00f3 un autob\u00fas con trabajadores y siguen desaparecidos Mayra Trist\u00e1n\/El Sol de San Luis La Comisi\u00f3n Estatal de B\u00fasqueda tiene reporte de 39 personas desparecidas en San Luis Potos\u00ed, de las cuales, 10 son migrantes mexicanos y centroamericanos, inform\u00f3 Jes\u00fas Ju\u00e1rez\u2026","rel":"","context":"En &quot;CINTILLO&quot;","block_context":{"text":"CINTILLO","link":"http:\/\/www.grieta.org.mx\/index.php\/category\/cintillo\/"},"img":{"alt_text":"","src":"https:\/\/i0.wp.com\/www.grieta.org.mx\/wp-content\/uploads\/2019\/12\/desaparecidos.png?resize=350%2C200","width":350,"height":200,"srcset":"https:\/\/i0.wp.com\/www.grieta.org.mx\/wp-content\/uploads\/2019\/12\/desaparecidos.png?resize=350%2C200 1x, https:\/\/i0.wp.com\/www.grieta.org.mx\/wp-content\/uploads\/2019\/12\/desaparecidos.png?resize=525%2C300 1.5x, https:\/\/i0.wp.com\/www.grieta.org.mx\/wp-content\/uploads\/2019\/12\/desaparecidos.png?resize=700%2C400 2x"},"classes":[]},{"id":31657,"url":"http:\/\/www.grieta.org.mx\/index.php\/2019\/04\/01\/llegada-de-indocumentados-a-slp-colapsa-institutos-de-migracion-san-luis-potosi\/","url_meta":{"origin":31648,"position":5},"title":"Llegada de indocumentados a SLP, colapsa institutos de migraci\u00f3n (San Luis Potos\u00ed)","author":"grieta","date":"1 abril, 2019","format":false,"excerpt":"Bertha Escalante \/ El Sol de San Luis El s\u00e1bado, una nueva caravana integrada por casi 2 mil personas, ingres\u00f3 por Chiapas, integrada por cubanos, venezolanos y hasta nicaraguenses Al cuadruplicarse el arribo de migrantes al estado, en San Luis Potos\u00ed se enfrenta una situaci\u00f3n compleja para dar atenci\u00f3n a\u2026","rel":"","context":"En &quot;CINTILLO&quot;","block_context":{"text":"CINTILLO","link":"http:\/\/www.grieta.org.mx\/index.php\/category\/cintillo\/"},"img":{"alt_text":"","src":"https:\/\/i0.wp.com\/www.grieta.org.mx\/wp-content\/uploads\/2019\/04\/Llegada-de-indocumentados-a-SLP-colapsa-institutos-de-migraci%C3%B3n-slp-abr.jpg?resize=350%2C200","width":350,"height":200},"classes":[]}],"_links":{"self":[{"href":"http:\/\/www.grieta.org.mx\/index.php\/wp-json\/wp\/v2\/posts\/31648","targetHints":{"allow":["GET"]}}],"collection":[{"href":"http:\/\/www.grieta.org.mx\/index.php\/wp-json\/wp\/v2\/posts"}],"about":[{"href":"http:\/\/www.grieta.org.mx\/index.php\/wp-json\/wp\/v2\/types\/post"}],"author":[{"embeddable":true,"href":"http:\/\/www.grieta.org.mx\/index.php\/wp-json\/wp\/v2\/users\/2"}],"replies":[{"embeddable":true,"href":"http:\/\/www.grieta.org.mx\/index.php\/wp-json\/wp\/v2\/comments?post=31648"}],"version-history":[{"count":1,"href":"http:\/\/www.grieta.org.mx\/index.php\/wp-json\/wp\/v2\/posts\/31648\/revisions"}],"predecessor-version":[{"id":31650,"href":"http:\/\/www.grieta.org.mx\/index.php\/wp-json\/wp\/v2\/posts\/31648\/revisions\/31650"}],"wp:featuredmedia":[{"embeddable":true,"href":"http:\/\/www.grieta.org.mx\/index.php\/wp-json\/wp\/v2\/media\/31649"}],"wp:attachment":[{"href":"http:\/\/www.grieta.org.mx\/index.php\/wp-json\/wp\/v2\/media?parent=31648"}],"wp:term":[{"taxonomy":"category","embeddable":true,"href":"http:\/\/www.grieta.org.mx\/index.php\/wp-json\/wp\/v2\/categories?post=31648"},{"taxonomy":"post_tag","embeddable":true,"href":"http:\/\/www.grieta.org.mx\/index.php\/wp-json\/wp\/v2\/tags?post=31648"}],"curies":[{"name":"wp","href":"https:\/\/api.w.org\/{rel}","templated":true}]}}