{"id":31534,"date":"2019-04-01T19:02:48","date_gmt":"2019-04-02T01:02:48","guid":{"rendered":"http:\/\/www.grieta.org.mx\/?p=31534"},"modified":"2019-04-14T12:35:50","modified_gmt":"2019-04-14T17:35:50","slug":"secretaria-de-salud-suspende-aplicacion-de-pruebas-de-tamiz-neonatal-piden-a-estados-hacer-el-estudio","status":"publish","type":"post","link":"http:\/\/www.grieta.org.mx\/index.php\/2019\/04\/01\/secretaria-de-salud-suspende-aplicacion-de-pruebas-de-tamiz-neonatal-piden-a-estados-hacer-el-estudio\/","title":{"rendered":"Secretar\u00eda de Salud suspende aplicaci\u00f3n de pruebas de tamiz neonatal; piden a estados hacer el estudio"},"content":{"rendered":"<p><img loading=\"lazy\" decoding=\"async\" data-attachment-id=\"31535\" data-permalink=\"http:\/\/www.grieta.org.mx\/index.php\/2019\/04\/01\/secretaria-de-salud-suspende-aplicacion-de-pruebas-de-tamiz-neonatal-piden-a-estados-hacer-el-estudio\/tamiz-neonatal\/\" data-orig-file=\"http:\/\/www.grieta.org.mx\/wp-content\/uploads\/2019\/04\/tamiz-neonatal.jpg\" data-orig-size=\"959,500\" data-comments-opened=\"0\" data-image-meta=\"{&quot;aperture&quot;:&quot;5&quot;,&quot;credit&quot;:&quot;Foto: Arturo P\\u00e9rez Alfonso&quot;,&quot;camera&quot;:&quot;Canon EOS 70D&quot;,&quot;caption&quot;:&quot;OAXACA, OAXACA, 09MAYO2015.- Una mujer quien acaba de dar a luz espera sentada a que una cama se desocupe al interior del hospital civil Dr. Aurelio Valdivieso,  lugar que los m\\u00e9dicos acusan se encuentra sobresaturado y es por ello que situaciones as\\u00ed se presentan El \\u00e1rea de ginecobstetricia solamente tiene lugar para 6 camas, sin embargo a diario son atendidas un aproximado de entre 15 y 20 mujeres que est\\u00e1n apunto de dar a luz.\\rFOTO: ARTURO P\\u00c9REZ ALFONSO \/CUARTOSCURO.COM&quot;,&quot;created_timestamp&quot;:&quot;1431088168&quot;,&quot;copyright&quot;:&quot;&quot;,&quot;focal_length&quot;:&quot;57&quot;,&quot;iso&quot;:&quot;500&quot;,&quot;shutter_speed&quot;:&quot;0.033333333333333&quot;,&quot;title&quot;:&quot;&quot;,&quot;orientation&quot;:&quot;1&quot;}\" data-image-title=\"tamiz-neonatal\" data-image-description=\"\" data-image-caption=\"&lt;p&gt;OAXACA, OAXACA, 09MAYO2015.- Una mujer quien acaba de dar a luz espera sentada a que una cama se desocupe al interior del hospital civil Dr. Aurelio Valdivieso,  lugar que los m\u00e9dicos acusan se encuentra sobresaturado y es por ello que situaciones as\u00ed se presentan El \u00e1rea de ginecobstetricia solamente tiene lugar para 6 camas, sin embargo a diario son atendidas un aproximado de entre 15 y 20 mujeres que est\u00e1n apunto de dar a luz.&lt;br \/&gt;\nFOTO: ARTURO P\u00c9REZ ALFONSO \/CUARTOSCURO.COM&lt;\/p&gt;\n\" data-medium-file=\"http:\/\/www.grieta.org.mx\/wp-content\/uploads\/2019\/04\/tamiz-neonatal-300x156.jpg\" data-large-file=\"http:\/\/www.grieta.org.mx\/wp-content\/uploads\/2019\/04\/tamiz-neonatal.jpg\" class=\" wp-image-31535\" src=\"http:\/\/www.grieta.org.mx\/wp-content\/uploads\/2019\/04\/tamiz-neonatal.jpg\" alt=\"\" width=\"765\" height=\"399\" srcset=\"http:\/\/www.grieta.org.mx\/wp-content\/uploads\/2019\/04\/tamiz-neonatal.jpg 959w, http:\/\/www.grieta.org.mx\/wp-content\/uploads\/2019\/04\/tamiz-neonatal-300x156.jpg 300w, http:\/\/www.grieta.org.mx\/wp-content\/uploads\/2019\/04\/tamiz-neonatal-768x400.jpg 768w\" sizes=\"auto, (max-width: 765px) 100vw, 765px\" \/><\/p>\n<p><em>Las secretar\u00edas estatales de salud recibieron una notificaci\u00f3n federal, donde se les pide hacerse cargo de las pruebas a reci\u00e9n nacidos.<\/em><\/p>\n<p>Julio C\u00e9sar Reveles Aguilar \/ Animal Pol\u00edtco<\/p>\n<p>La Secretar\u00eda de Salud federal\u00a0<strong>suspendi\u00f3 la aplicaci\u00f3n de pruebas de tamiz neonatal<\/strong>,\u2014que se realizan a reci\u00e9n nacidos para detectar enfermedades que pudieran ocasionar discapacidad o incluso la muerte\u2014\u00a0<strong>hasta realizar la licitaci\u00f3n que asigne un nuevo contrato a la empresa a cargo del estudio.<\/strong><\/p>\n<p>El contrato se que se ten\u00eda con el Centro Nacional de Equidad de G\u00e9nero y Salud Reproductivo, para realizar esta prueba a reci\u00e9n nacidos de todo el pa\u00eds a trav\u00e9s del sistema de salud federal, concluy\u00f3 el pasado 26 de marzo. Aunque la Secretar\u00eda de Salud confirm\u00f3 que realizar\u00e1 una nueva licitaci\u00f3n para renovarlo,\u00a0<strong>de momento no existen recursos para que la prueba se siga realizando.<\/strong><\/p>\n<p>Las Secretar\u00edas de Salud estatales recibieron la notificaci\u00f3n sobre esta suspensi\u00f3n y se les pide que, en lo que se realiza la nueva licitaci\u00f3n y se define a un nuevo proveedor,\u00a0<strong>sean los sistemas locales quienes se hagan cargo de las pruebas con sus propios recursos.<\/strong><\/p>\n<p>La Secretar\u00eda de Salud de Ciudad de M\u00e9xico confirm\u00f3 a\u00a0<i>Animal Pol\u00edtico<\/i>\u00a0que recibi\u00f3 el oficio de la dependencia federal avisando de la suspensi\u00f3n y dijo que, en su caso, ya se trabaja en el tema administrativo para dar continuidad a las pruebas.<\/p>\n<p><strong>Cada sistema de salud estatal es ahora responsable de asignar recursos para la prueba de tamiz neonatal,<\/strong>\u00a0o suspenderla hasta que la Secretar\u00eda Federal realice la licitaci\u00f3n y renueve el contrato para realizarla.<\/p>\n<p>Este s\u00e1bado la dependencia federal de Salud aclar\u00f3 que, aunado a la finalizaci\u00f3n del contrato, se revisar\u00e1 el proceso de licitaci\u00f3n y adquisici\u00f3n de las pruebas de tamiz neonatal, hechas por la administraci\u00f3n anterior debido a denuncias p\u00fablicas e indicios de pr\u00e1cticas administrativas inadecuadas.<\/p>\n<p>A trav\u00e9s de un comunicado, la Secretar\u00eda de Salud calific\u00f3 de falso que se vayan a suspender las pruebas a los reci\u00e9n nacidos; y\u00a0<strong>explic\u00f3 que para no interrumpir la prestaci\u00f3n de este servicio \u201cse ha contemplado un plan de contingencia con la colaboraci\u00f3n de las instituciones del Sector Salud\u201d<\/strong>; aunque confirm\u00f3 que podr\u00eda haber desabasto o retraso en la adquisici\u00f3n en los insumos necesarios.<\/p>\n<p>&#8220;El 25 de marzo termin\u00f3 el contrato administrativo con la empresa o empresas que suministran los insumos, pero eso no implica que ese d\u00eda se hayan terminado las pruebas (\u2026) \u00a0<strong>La revisi\u00f3n del proceso de licitaci\u00f3n puede ocasionar un retraso en la adquisici\u00f3n y un posible desabasto, que se resolver\u00e1 con el apoyo del IMSS, del ISSSTE y de otras dependencias de salud\u201d,<\/strong>\u00a0inform\u00f3 la Secretar\u00eda de Salud a este medio.<\/p>\n<p><b>La importancia del tamiz neonatal<\/b><\/p>\n<p>El tamiz neonatal semiampliado que la Secretar\u00eda de Salud aplica en M\u00e9xico es una prueba que detecta en reci\u00e9n nacidos seis enfermedades: fenilcetonuria, galactosemia, hiperplasia de gl\u00e1ndulas suprarrenales, fibrosis qu\u00edstica, deficiencia glucosa 6 fosfato deshidrogenasa (conocido tambi\u00e9n como favismo) e hipotiroidismo cong\u00e9nito.<\/p>\n<p>La detecci\u00f3n oportuna de estas enfermedades, las cuales son endocrinas o de fallas en el metabolismo,\u00a0<strong>ayuda a prevenir da\u00f1os neurol\u00f3gicos, retrasos psicomotores, e incluso la muerte del menor, tras recibir un tratamiento adecuado.<\/strong><\/p>\n<p>La prueba se realiza entre los 3 y 5 d\u00edas de nacido. Una m\u00ednima cantidad de sangre se extrae del tal\u00f3n del beb\u00e9, posteriormente se colocan seis gotas en un papel filtro y \u00e9ste se env\u00eda a un laboratorio especializado que tiene listo el diagn\u00f3stico en 24 horas.<\/p>\n<p>En cl\u00ednicas privadas, estas pruebas tienen un costo de entre 900 y 3 mil pesos.<\/p>\n<p>De acuerdo con datos de la Secretar\u00eda de Salud, anualmente se realizan entre 500 mil y un mill\u00f3n de pruebas de tamiz neonatal semiampliado. En 2017 se realizaron 1 mill\u00f3n 016 mil 969 pruebas, gracias a las cuales se detectaron y atendieron mil 371 enfermedades. En 2018 el n\u00famero de pruebas baj\u00f3 a 494 mil 846, con un total de mil 741 enfermedades detectadas.<\/p>\n<p>Con la aplicaci\u00f3n del tamiz neonatal se ha logrado reducir en 5.3% la mortalidad infantil, ocasionada anteriormente por alguna de las seis enfermedades estudiadas.<\/p>\n<p><a href=\"https:\/\/www.animalpolitico.com\/2019\/04\/pruebas-tamiz-neonatal-suspension-recursos\/\">https:\/\/www.animalpolitico.com\/2019\/04\/pruebas-tamiz-neonatal-suspension-recursos\/<\/a><\/p>\n","protected":false},"excerpt":{"rendered":"<p>Las secretar\u00edas estatales de salud recibieron una notificaci\u00f3n federal, donde se les pide hacerse cargo de las pruebas a reci\u00e9n nacidos. Julio C\u00e9sar Reveles Aguilar \/ Animal Pol\u00edtco La Secretar\u00eda &hellip; <a href=\"http:\/\/www.grieta.org.mx\/index.php\/2019\/04\/01\/secretaria-de-salud-suspende-aplicacion-de-pruebas-de-tamiz-neonatal-piden-a-estados-hacer-el-estudio\/\" class=\"more-link\">Leer m\u00e1s<\/a><\/p>\n","protected":false},"author":2,"featured_media":31535,"comment_status":"closed","ping_status":"closed","sticky":false,"template":"","format":"standard","meta":{"ngg_post_thumbnail":0,"_jetpack_newsletter_access":"","_jetpack_dont_email_post_to_subs":false,"_jetpack_newsletter_tier_id":0,"_jetpack_memberships_contains_paywalled_content":false,"_jetpack_memberships_contains_paid_content":false,"footnotes":""},"categories":[4,5,10,11,12,80,14,419,13,918,1457,2368,1747,1739,2365,2278,1247,1085,1206,1105,15,16,17,18,19,20,21,22,1418,2163,1763,23,2,24,25,2313,1041,26,27,28,29,30,31,32,33,83,34,35,36,76],"tags":[2367,893,1939],"class_list":["post-31534","post","type-post","status-publish","format-standard","has-post-thumbnail","hentry","category-aguascalientes","category-baja-california","category-baja-california-sur","category-campeche","category-chihuahua","category-cintillo","category-ciudad-de-mexico","category-coahuila","category-colima","category-privatizacion-del-sector-salud","category-crisis-del-sector-salud-en-san-luis-potosi","category-crisis-del-sector-salud-en-tamaulipas","category-crisis-en-el-sector-salud-en-aguascalientes","category-crisis-en-el-sector-salud-en-coahuila","category-crisis-en-el-sector-salud-en-colima","category-crisis-en-el-sistema-de-salud-de-michoacan","category-movilizaciones-contra-reforma-al-sector-y-privatizacion-de-la-salud-en-puebla","category-desmantelamiento-del-sector-salud-en-campeche","category-desmantelamiento-del-sector-salud-en-durango","category-desmantelamiento-del-sector-salud-en-yucatan","category-durango","category-estado-de-mexico","category-guanajuato","category-guerrero","category-hidalgo","category-jalisco","category-michoacan","category-morelos","category-movilizaciones-contra-la-reforma-al-sector-salud-en-tlaxcala","category-movilizaciones-del-sector-salud-en-hidalgo","category-movilizaciones-del-sector-salud-en-morelos","category-nayarit","category-noticias-nacionales","category-nuevo-leon","category-oaxaca","category-privatizacion-de-la-salud-en-zacatecas","category-privatizacion-del-sector-de-salud-en-nuevo-leon","category-puebla","category-queretaro","category-quintana-roo","category-san-luis-potosi","category-sinaloa","category-sonora","category-tabasco","category-tamaulipas","category-temas-nacionales","category-tlaxcala","category-veracruz","category-yucatan","category-zacatecas","tag-crisis-en-el-sector-salud","tag-privatizacion-de-la-salud","tag-salud-publica","entry"],"jetpack_featured_media_url":"http:\/\/www.grieta.org.mx\/wp-content\/uploads\/2019\/04\/tamiz-neonatal.jpg","jetpack_sharing_enabled":true,"jetpack_shortlink":"https:\/\/wp.me\/p7ZJR4-8cC","jetpack_likes_enabled":false,"jetpack-related-posts":[{"id":33846,"url":"http:\/\/www.grieta.org.mx\/index.php\/2019\/05\/22\/24-estados-en-crisis-de-doctores-y-medicamentos-en-el-issste-entre-ellos-colima\/","url_meta":{"origin":31534,"position":0},"title":"24 estados en crisis de doctores y medicamentos en el ISSSTE; entre ellos Colima","author":"grieta","date":"22 mayo, 2019","format":false,"excerpt":"CN COLIMANOTICIAS, 22 de mayo de 2019 M\u00e9xico.- Las afectaciones por los recortes al presupuesto del sector salud, que incluyen falta de m\u00e9dicos y enfermeras, escasez de medicamentos, reducci\u00f3n de apoyos a pasantes e incluso la cancelaci\u00f3n de aire acondicionado, se han extendido ya a hospitales de 24 estados, entre\u2026","rel":"","context":"En &quot;Baja California Sur&quot;","block_context":{"text":"Baja California Sur","link":"http:\/\/www.grieta.org.mx\/index.php\/category\/noticias-nacionales\/baja-california-sur\/"},"img":{"alt_text":"","src":"https:\/\/i0.wp.com\/www.grieta.org.mx\/wp-content\/uploads\/2019\/05\/directColimaNoticias.jpg?resize=350%2C200","width":350,"height":200,"srcset":"https:\/\/i0.wp.com\/www.grieta.org.mx\/wp-content\/uploads\/2019\/05\/directColimaNoticias.jpg?resize=350%2C200 1x, https:\/\/i0.wp.com\/www.grieta.org.mx\/wp-content\/uploads\/2019\/05\/directColimaNoticias.jpg?resize=525%2C300 1.5x, https:\/\/i0.wp.com\/www.grieta.org.mx\/wp-content\/uploads\/2019\/05\/directColimaNoticias.jpg?resize=700%2C400 2x"},"classes":[]},{"id":34260,"url":"http:\/\/www.grieta.org.mx\/index.php\/2019\/06\/03\/guanajuato-hundido-en-desarrollo-humano\/","url_meta":{"origin":31534,"position":1},"title":"Guanajuato, hundido en desarrollo humano","author":"grieta","date":"3 junio, 2019","format":false,"excerpt":"Guanajuato no s\u00f3lo tiene resultados negativos en seguridad, sino tambi\u00e9n en desarrollo humano. Por: Cutberto Jim\u00e9nez Mayagoitia\/ AM Le\u00f3n, Guanajuato, 03 de junio de 2019 Guanajuato.- El estado de Guanajuato est\u00e1 hundido en el \u00cdndice de Desarrollo Humano de las Naciones Unidas. El Informe de Desarrollo Humano Municipal 2010-2015 \u201cTransformando\u2026","rel":"","context":"En &quot;CINTILLO&quot;","block_context":{"text":"CINTILLO","link":"http:\/\/www.grieta.org.mx\/index.php\/category\/cintillo\/"},"img":{"alt_text":"","src":"https:\/\/i0.wp.com\/www.grieta.org.mx\/wp-content\/uploads\/2019\/06\/direct-2.jpg?resize=350%2C200","width":350,"height":200,"srcset":"https:\/\/i0.wp.com\/www.grieta.org.mx\/wp-content\/uploads\/2019\/06\/direct-2.jpg?resize=350%2C200 1x, https:\/\/i0.wp.com\/www.grieta.org.mx\/wp-content\/uploads\/2019\/06\/direct-2.jpg?resize=525%2C300 1.5x, https:\/\/i0.wp.com\/www.grieta.org.mx\/wp-content\/uploads\/2019\/06\/direct-2.jpg?resize=700%2C400 2x, https:\/\/i0.wp.com\/www.grieta.org.mx\/wp-content\/uploads\/2019\/06\/direct-2.jpg?resize=1050%2C600 3x"},"classes":[]},{"id":34124,"url":"http:\/\/www.grieta.org.mx\/index.php\/2019\/05\/25\/acusan-negligencia-medica-y-desabasto-de-medicinas-durango\/","url_meta":{"origin":31534,"position":2},"title":"Acusan negligencia m\u00e9dica y desabasto de medicinas (Durango)","author":"grieta","date":"25 mayo, 2019","format":false,"excerpt":"Redacci\u00f3n\/El Sol de Durango. NUEVO IDEAL, Dgo. (OEM). - Usuarios del Hospital Integral de Nuevo Ideal acudieron a El Sol de Durango para denunciar el mal servicio que se ofrece en este nosocomio. \"Tenemos pleno conocimiento de un caso, el m\u00e1s reciente que se present\u00f3 en el Hospital Integral, una\u2026","rel":"","context":"En &quot;CINTILLO&quot;","block_context":{"text":"CINTILLO","link":"http:\/\/www.grieta.org.mx\/index.php\/category\/cintillo\/"},"img":{"alt_text":"","src":"https:\/\/i0.wp.com\/www.grieta.org.mx\/wp-content\/uploads\/2019\/06\/d1.jpg?resize=350%2C200","width":350,"height":200,"srcset":"https:\/\/i0.wp.com\/www.grieta.org.mx\/wp-content\/uploads\/2019\/06\/d1.jpg?resize=350%2C200 1x, https:\/\/i0.wp.com\/www.grieta.org.mx\/wp-content\/uploads\/2019\/06\/d1.jpg?resize=525%2C300 1.5x, https:\/\/i0.wp.com\/www.grieta.org.mx\/wp-content\/uploads\/2019\/06\/d1.jpg?resize=700%2C400 2x"},"classes":[]},{"id":28292,"url":"http:\/\/www.grieta.org.mx\/index.php\/2019\/01\/08\/mas-de-100-infectados-de-hepatitis-c-en-clinica-del-rinon-durango\/","url_meta":{"origin":31534,"position":3},"title":"M\u00e1s de 100 infectados de hepatitis C en Cl\u00ednica del Ri\u00f1\u00f3n (Durango)","author":"grieta","date":"8 enero, 2019","format":false,"excerpt":"Gilberto Lastra\/Multimedios. Hasta el momento van infectadas de hepatitis C al menos 100 personas al subrogarse la hemodi\u00e1lisis por parte del Instituto Mexicano del Seguro Social (IMSS) y ahora se sospecha que hay casos de infecci\u00f3n del Virus de Inmunodeficiencia Humana (VIH), dijo Maritza Maldonado, presidenta de la Asociaci\u00f3n de\u2026","rel":"","context":"En &quot;CINTILLO&quot;","block_context":{"text":"CINTILLO","link":"http:\/\/www.grieta.org.mx\/index.php\/category\/cintillo\/"},"img":{"alt_text":"","src":"https:\/\/i0.wp.com\/www.grieta.org.mx\/wp-content\/uploads\/2019\/01\/hepatitis.jpg?resize=350%2C200","width":350,"height":200,"srcset":"https:\/\/i0.wp.com\/www.grieta.org.mx\/wp-content\/uploads\/2019\/01\/hepatitis.jpg?resize=350%2C200 1x, https:\/\/i0.wp.com\/www.grieta.org.mx\/wp-content\/uploads\/2019\/01\/hepatitis.jpg?resize=525%2C300 1.5x, https:\/\/i0.wp.com\/www.grieta.org.mx\/wp-content\/uploads\/2019\/01\/hepatitis.jpg?resize=700%2C400 2x, https:\/\/i0.wp.com\/www.grieta.org.mx\/wp-content\/uploads\/2019\/01\/hepatitis.jpg?resize=1050%2C600 3x"},"classes":[]},{"id":23019,"url":"http:\/\/www.grieta.org.mx\/index.php\/2018\/03\/15\/desabasto-de-medicinas-desata-protestas-en-durango\/","url_meta":{"origin":31534,"position":4},"title":"Desabasto de medicinas desata protestas en Durango","author":"grieta","date":"15 marzo, 2018","format":false,"excerpt":"Sandra G\u00f3meZ\/Uno TV Comenzaron las protestas anunciadas por organizaciones civiles ante autoridades de Salud del Durango, esto por la falta de atenci\u00f3n m\u00e9dica y el abastecimiento de medicinas en los hospitales de la entidad. El secretario de Salud de la entidad admiti\u00f3 que en Durango se registra un faltante de\u2026","rel":"","context":"En &quot;CINTILLO&quot;","block_context":{"text":"CINTILLO","link":"http:\/\/www.grieta.org.mx\/index.php\/category\/cintillo\/"},"img":{"alt_text":"","src":"https:\/\/i0.wp.com\/www.grieta.org.mx\/wp-content\/uploads\/2018\/05\/d4-3.jpg?resize=350%2C200","width":350,"height":200,"srcset":"https:\/\/i0.wp.com\/www.grieta.org.mx\/wp-content\/uploads\/2018\/05\/d4-3.jpg?resize=350%2C200 1x, https:\/\/i0.wp.com\/www.grieta.org.mx\/wp-content\/uploads\/2018\/05\/d4-3.jpg?resize=525%2C300 1.5x"},"classes":[]},{"id":33907,"url":"http:\/\/www.grieta.org.mx\/index.php\/2019\/05\/27\/nuevo-planton-en-planta-de-pemex-de-la-merida-uman-es-indefinido-dicen\/","url_meta":{"origin":31534,"position":5},"title":"Nuevo plant\u00f3n en planta de Pemex de la M\u00e9rida-Um\u00e1n; es indefinido, dicen","author":"grieta","date":"27 mayo, 2019","format":false,"excerpt":"Patricia Montalvo\/Yucat\u00e1n a la Mano Trabajadores en activo, jubilados y pensionados de Petr\u00f3leos Mexicanos cerraron esta ma\u00f1ana por tiempo indefinido el Centro de Distribuci\u00f3n de la principal empresa del Estado, ubicado en la carrera M\u00e9rida-Um\u00e1n, pues siguen padeciendo la falta de servicios m\u00e9dicos y hospitalizaci\u00f3n. En entrevista, Servio Rosado Aparicio\u2026","rel":"","context":"En &quot;CINTILLO&quot;","block_context":{"text":"CINTILLO","link":"http:\/\/www.grieta.org.mx\/index.php\/category\/cintillo\/"},"img":{"alt_text":"","src":"https:\/\/i0.wp.com\/www.grieta.org.mx\/wp-content\/uploads\/2019\/05\/PlantonPemex2.png?resize=350%2C200","width":350,"height":200,"srcset":"https:\/\/i0.wp.com\/www.grieta.org.mx\/wp-content\/uploads\/2019\/05\/PlantonPemex2.png?resize=350%2C200 1x, https:\/\/i0.wp.com\/www.grieta.org.mx\/wp-content\/uploads\/2019\/05\/PlantonPemex2.png?resize=525%2C300 1.5x, https:\/\/i0.wp.com\/www.grieta.org.mx\/wp-content\/uploads\/2019\/05\/PlantonPemex2.png?resize=700%2C400 2x"},"classes":[]}],"_links":{"self":[{"href":"http:\/\/www.grieta.org.mx\/index.php\/wp-json\/wp\/v2\/posts\/31534","targetHints":{"allow":["GET"]}}],"collection":[{"href":"http:\/\/www.grieta.org.mx\/index.php\/wp-json\/wp\/v2\/posts"}],"about":[{"href":"http:\/\/www.grieta.org.mx\/index.php\/wp-json\/wp\/v2\/types\/post"}],"author":[{"embeddable":true,"href":"http:\/\/www.grieta.org.mx\/index.php\/wp-json\/wp\/v2\/users\/2"}],"replies":[{"embeddable":true,"href":"http:\/\/www.grieta.org.mx\/index.php\/wp-json\/wp\/v2\/comments?post=31534"}],"version-history":[{"count":1,"href":"http:\/\/www.grieta.org.mx\/index.php\/wp-json\/wp\/v2\/posts\/31534\/revisions"}],"predecessor-version":[{"id":31536,"href":"http:\/\/www.grieta.org.mx\/index.php\/wp-json\/wp\/v2\/posts\/31534\/revisions\/31536"}],"wp:featuredmedia":[{"embeddable":true,"href":"http:\/\/www.grieta.org.mx\/index.php\/wp-json\/wp\/v2\/media\/31535"}],"wp:attachment":[{"href":"http:\/\/www.grieta.org.mx\/index.php\/wp-json\/wp\/v2\/media?parent=31534"}],"wp:term":[{"taxonomy":"category","embeddable":true,"href":"http:\/\/www.grieta.org.mx\/index.php\/wp-json\/wp\/v2\/categories?post=31534"},{"taxonomy":"post_tag","embeddable":true,"href":"http:\/\/www.grieta.org.mx\/index.php\/wp-json\/wp\/v2\/tags?post=31534"}],"curies":[{"name":"wp","href":"https:\/\/api.w.org\/{rel}","templated":true}]}}