{"id":3147,"date":"2016-03-06T10:35:30","date_gmt":"2016-03-06T16:35:30","guid":{"rendered":"http:\/\/50.22.11.12\/~grietaor\/?p=3147"},"modified":"2019-02-14T15:11:47","modified_gmt":"2019-02-14T21:11:47","slug":"mujeres-hacen-marcha-contra-el-machismo","status":"publish","type":"post","link":"http:\/\/www.grieta.org.mx\/index.php\/2016\/03\/06\/mujeres-hacen-marcha-contra-el-machismo\/","title":{"rendered":"Mujeres hacen marcha contra el machismo"},"content":{"rendered":"<p>Analy S. Nu\u00f1o,<\/p>\n<p>Los tambores, cazuelas, botes, palos, mariposas, mantas, cartelones, pintura y playeras moradas paralizaron por m\u00e1s de dos horas la calzada Independencia y la avenida Ju\u00e1rez.<\/p>\n<p>Fue la primera marcha feminista del a\u00f1o. La primera marcha de exigencia de justicia y alto al feminicidio despu\u00e9s de la activaci\u00f3n de la Alerta de Violencia contra las Mujeres. La primera marcha con un mensaje distinto para las autoridades: \u201c\u00a1No necesitamos m\u00e1s machos que nos cuiden, queremos un estado que garantice nuestra seguridad!\u201d.<\/p>\n<p>Ha pasado un mes de que se activ\u00f3 el mecanismo de protecci\u00f3n a las mujeres, y el estado parece no entender de lo que se trata:<\/p>\n<p>\u201cLa marcha es respuesta a la activaci\u00f3n, el mensaje que se ha estado enviando desde la activaci\u00f3n es un mensaje de tutela y cuidado, los spot de difusi\u00f3n de la alerta siguen tratando a las mujeres como \u2018nuestras\u2019 mujeres y las vamos a cuidar, es un mensaje equivocado. No nos tratan como ciudadanas, sino como un objeto de cuidado. Muestra un estado totalmente paternalista y machista\u201d, se\u00f1al\u00f3 Guadalupe Ramos Ponce, representante del Comit\u00e9 de Am\u00e9rica Latina y el Caribe para la Defensa de la Mujer (Cladem).<\/p>\n<p>Los gritos para reformular el mensaje al gobierno del estado retumbaron desde el Parque Morelos hasta el Parque Revoluci\u00f3n, una y otra vez: \u201c\u00a1Va a caer, va a caer, el machismo va a caer!\u201d \u201c\u00a1Al machismo hay que ponerle fin!\u201d \u201c\u00a1No es piropo, es acoso!\u201d \u201c\u00a1No necesitamos un estado paternalista!\u201d \u201c\u00a1No necesitamos que nos cuiden, nos tutelen, nos sigan viendo como v\u00edctimas!\u201d.<\/p>\n<p>Esta exigencia de un estado que d\u00e9 certeza a las mujeres se sum\u00f3 a la exigencia que desde hace mucho tiempo hacen ni\u00f1os, adultos, mujeres, hombres, feministas, activistas y familiares de v\u00edctimas de feminicidio y desaparecidos:<\/p>\n<p>\u201c\u00a1No son muertas, son asesinadas!\u201d \u201c\u00a1Ni una m\u00e1s, ni una m\u00e1s!\u201d \u201c\u00a1Justicia para Berta!\u201d, \u201c\u00a1Justicia para Betzabe!\u201d \u201c\u00a1Justicia para Imelda!\u201d \u201c\u00a1Justicia para Gaby!\u201d \u201c\u00a1Justicia para todas!\u201d.<\/p>\n<p>A su paso por las avenidas Alcalde y Ju\u00e1rez, la marcha Nosotras por nosotras tuvo el cl\u00edmax: permaneci\u00f3 por m\u00e1s de 6 minutos detenida en el punto, para gritar consignas en contra del machismo y exigir justicia por todas las v\u00edctimas de feminicidio.<\/p>\n<p>Unos metros adelante, en Federalismo y Ju\u00e1rez, el contingente se sent\u00f3 sobre avenida Federalismo y dej\u00f3 en claro su consigna: \u201c\u00a1La calle es nuestra y \u00e9sta es una muestra!\u201d.<br \/>\nD\u00eda de la Mujer<\/p>\n<p>La marcha con motivo de la conmemoraci\u00f3n del D\u00eda de la Mujer, a celebrarse el 8 de marzo, se da en medio de la alerta de violencia contra las mujeres que en Jalisco ha costado la vida de 21 mujeres v\u00edctimas de feminicidio.<\/p>\n<p>A esto se suma la problem\u00e1tica que se acent\u00faa de desaparici\u00f3n de ni\u00f1as y adolescentes y que a pesar de la alerta no ha habido la implementaci\u00f3n de protocolos para la b\u00fasqueda inmediata de las mujeres desaparecidas.<\/p>\n<p>La marcha termin\u00f3 en el Parque Revoluci\u00f3n debido a que no pudo llegar a su destino, el andador Escorza, por estar ocupado el espacio por el Festival Internacional de Cine en Guadalajara. En ese punto, adem\u00e1s de emitir un pronunciamiento se realizaron actividades como performance.<\/p>\n<p>\u201cTenemos razones de sobra para salir a luchar por nuestros derechos. En M\u00e9xico, las mujeres somos el sector m\u00e1s golpeado por los gobiernos actuales y por el sistema capitalista y patriarcal. La ola de violencia se expresa en el feminicidio y las desapariciones de mujeres\u201d, se\u00f1alaron las integrantes de la Agrupaci\u00f3n de Mujeres Pan y Rosas.<\/p>\n<p><a href=\"http:\/\/www.ntrguadalajara.com\/post.php?id_nota=32394\" target=\"_blank\">http:\/\/www.ntrguadalajara.com\/post.php?id_nota=32394<\/a><\/p>\n","protected":false},"excerpt":{"rendered":"<p>Analy S. Nu\u00f1o, Los tambores, cazuelas, botes, palos, mariposas, mantas, cartelones, pintura y playeras moradas paralizaron por m\u00e1s de dos horas la calzada Independencia y la avenida Ju\u00e1rez. Fue la &hellip; <a href=\"http:\/\/www.grieta.org.mx\/index.php\/2016\/03\/06\/mujeres-hacen-marcha-contra-el-machismo\/\" class=\"more-link\">Leer m\u00e1s<\/a><\/p>\n","protected":false},"author":2,"featured_media":21928,"comment_status":"closed","ping_status":"open","sticky":false,"template":"","format":"standard","meta":{"ngg_post_thumbnail":0,"_jetpack_newsletter_access":"","_jetpack_dont_email_post_to_subs":false,"_jetpack_newsletter_tier_id":0,"_jetpack_memberships_contains_paywalled_content":false,"_jetpack_memberships_contains_paid_content":false,"footnotes":""},"categories":[80,84,2107,230,20,2,83],"tags":[81],"class_list":{"0":"post-3147","1":"post","2":"type-post","3":"status-publish","4":"format-standard","5":"has-post-thumbnail","6":"hentry","7":"category-cintillo","8":"category-feminicidios","9":"category-feminicidios-en-jalisco","10":"category-jalisco","12":"category-noticias-nacionales","13":"category-temas-nacionales","14":"tag-feminicidios","15":"entry"},"jetpack_featured_media_url":"http:\/\/www.grieta.org.mx\/wp-content\/uploads\/2018\/03\/14524434_1106112876131411_958039263622046936_o.jpg","jetpack_sharing_enabled":true,"jetpack_shortlink":"https:\/\/wp.me\/p7ZJR4-OL","jetpack_likes_enabled":false,"jetpack-related-posts":[{"id":7884,"url":"http:\/\/www.grieta.org.mx\/index.php\/2015\/03\/07\/marcha-feminista-8demarzo-gdl\/","url_meta":{"origin":3147,"position":0},"title":"Marcha Feminista #8deMarzo GDL","author":"grieta","date":"7 marzo, 2015","format":false,"excerpt":"Por: M\u00e1s de 131 ITESO (Guadalajara, 7 de marzo 2015) En Jalisco, como en el resto del pa\u00eds, la violencia contra las mujeres es situaci\u00f3n cotidiana, m\u00e1s no tema en la agenda p\u00fablica. Acoso callejero, feminicidios, desigualdades laborales, prejuicios son las redes que nos van aprisionando. Por esto, la red\u2026","rel":"","context":"En &quot;CINTILLO&quot;","block_context":{"text":"CINTILLO","link":"http:\/\/www.grieta.org.mx\/index.php\/category\/cintillo\/"},"img":{"alt_text":"","src":"https:\/\/i0.wp.com\/www.grieta.org.mx\/wp-content\/uploads\/2018\/03\/14524434_1106112876131411_958039263622046936_o.jpg?resize=350%2C200","width":350,"height":200,"srcset":"https:\/\/i0.wp.com\/www.grieta.org.mx\/wp-content\/uploads\/2018\/03\/14524434_1106112876131411_958039263622046936_o.jpg?resize=350%2C200 1x, https:\/\/i0.wp.com\/www.grieta.org.mx\/wp-content\/uploads\/2018\/03\/14524434_1106112876131411_958039263622046936_o.jpg?resize=525%2C300 1.5x, https:\/\/i0.wp.com\/www.grieta.org.mx\/wp-content\/uploads\/2018\/03\/14524434_1106112876131411_958039263622046936_o.jpg?resize=700%2C400 2x"},"classes":[]},{"id":62790,"url":"http:\/\/www.grieta.org.mx\/index.php\/2021\/11\/25\/marchan-mujeres-para-exigir-alto-a-la-violencia-en-vallarta-jalisco\/","url_meta":{"origin":3147,"position":1},"title":"Marchan mujeres para exigir alto a la violencia en Vallarta (Jalisco)","author":"grieta","date":"25 noviembre, 2021","format":false,"excerpt":"Foto: Tribuna de la Bah\u00eda Brenda Beltr\u00e1n \/ Tribuna de la Bah\u00eda Este jueves, colectivos de mujeres, hombres y ciudadanos en general, marcharon para exigir un alto a la violencia contra las mujeres de\u00a0Puerto Vallarta, saliendo del parque de\u00a0Las Mujeres hasta llegar a Los Arcos del Malec\u00f3n. Como ya se\u2026","rel":"","context":"En &quot;CINTILLO&quot;","block_context":{"text":"CINTILLO","link":"http:\/\/www.grieta.org.mx\/index.php\/category\/cintillo\/"},"img":{"alt_text":"","src":"https:\/\/i0.wp.com\/www.grieta.org.mx\/wp-content\/uploads\/2021\/11\/marcha-contra-violencia-vallarta-2-cover.jpg?resize=350%2C200","width":350,"height":200,"srcset":"https:\/\/i0.wp.com\/www.grieta.org.mx\/wp-content\/uploads\/2021\/11\/marcha-contra-violencia-vallarta-2-cover.jpg?resize=350%2C200 1x, https:\/\/i0.wp.com\/www.grieta.org.mx\/wp-content\/uploads\/2021\/11\/marcha-contra-violencia-vallarta-2-cover.jpg?resize=525%2C300 1.5x, https:\/\/i0.wp.com\/www.grieta.org.mx\/wp-content\/uploads\/2021\/11\/marcha-contra-violencia-vallarta-2-cover.jpg?resize=700%2C400 2x"},"classes":[]},{"id":63695,"url":"http:\/\/www.grieta.org.mx\/index.php\/2022\/03\/08\/marchan-mujeres-de-vallarta-para-exigir-respeto-y-seguridad-jalisco\/","url_meta":{"origin":3147,"position":2},"title":"Marchan mujeres de Vallarta para exigir respeto y seguridad (Jalisco)","author":"grieta","date":"8 marzo, 2022","format":false,"excerpt":"Foto: Tribuna de la Bah\u00eda Brenda Beltr\u00e1n \/ Tribuna de la Bah\u00eda Cientos de mujeres, pertenecientes a colectivos de\u00a0Puerto Vallarta, estudiantes, madres de familias y m\u00e1s, salieron a\u00a0marchar este 8 de marzo\u00a0de forma pac\u00edfica, exigiendo a las autoridades que sean escuchadas ante la violencia que se vive en la ciudad.\u2026","rel":"","context":"En &quot;CINTILLO&quot;","block_context":{"text":"CINTILLO","link":"http:\/\/www.grieta.org.mx\/index.php\/category\/cintillo\/"},"img":{"alt_text":"","src":"https:\/\/i0.wp.com\/www.grieta.org.mx\/wp-content\/uploads\/2022\/03\/marcha-8m-cover.jpg?resize=350%2C200","width":350,"height":200,"srcset":"https:\/\/i0.wp.com\/www.grieta.org.mx\/wp-content\/uploads\/2022\/03\/marcha-8m-cover.jpg?resize=350%2C200 1x, https:\/\/i0.wp.com\/www.grieta.org.mx\/wp-content\/uploads\/2022\/03\/marcha-8m-cover.jpg?resize=525%2C300 1.5x, https:\/\/i0.wp.com\/www.grieta.org.mx\/wp-content\/uploads\/2022\/03\/marcha-8m-cover.jpg?resize=700%2C400 2x"},"classes":[]},{"id":62387,"url":"http:\/\/www.grieta.org.mx\/index.php\/2021\/10\/16\/realizan-la-decima-marcha-lesbica-feminista-en-gdl-jalisco\/","url_meta":{"origin":3147,"position":3},"title":"Realizan la d\u00e9cima marcha l\u00e9sbica feminista en GDL (Jalisco)","author":"grieta","date":"16 octubre, 2021","format":false,"excerpt":"Foto: Elizabeth Ibal Elizabeth Ibal \/ El Occidental Integrantes de diversas agrupaciones participaron en la d\u00e9cima Marcha L\u00e9sbica Feminista en Guadalajara, esta se hab\u00eda pospuesto desde el a\u00f1o pasado por la pandemia y apenas este s\u00e1bado se concret\u00f3. Fueron alrededor de 70 mujeres quienes esta tarde salieron de la Rambla\u2026","rel":"","context":"En &quot;CINTILLO&quot;","block_context":{"text":"CINTILLO","link":"http:\/\/www.grieta.org.mx\/index.php\/category\/cintillo\/"},"img":{"alt_text":"","src":"https:\/\/i0.wp.com\/www.grieta.org.mx\/wp-content\/uploads\/2021\/10\/marcha-feminista.-1jpg.jpg?resize=350%2C200","width":350,"height":200,"srcset":"https:\/\/i0.wp.com\/www.grieta.org.mx\/wp-content\/uploads\/2021\/10\/marcha-feminista.-1jpg.jpg?resize=350%2C200 1x, https:\/\/i0.wp.com\/www.grieta.org.mx\/wp-content\/uploads\/2021\/10\/marcha-feminista.-1jpg.jpg?resize=525%2C300 1.5x, https:\/\/i0.wp.com\/www.grieta.org.mx\/wp-content\/uploads\/2021\/10\/marcha-feminista.-1jpg.jpg?resize=700%2C400 2x"},"classes":[]},{"id":2057,"url":"http:\/\/www.grieta.org.mx\/index.php\/2016\/03\/08\/no-son-muertas-son-asesinadas\/","url_meta":{"origin":3147,"position":4},"title":"No son muertas \u00a1Son asesinadas!","author":"grieta","date":"8 marzo, 2016","format":false,"excerpt":"Por Elizabeth Salander Este s\u00e1bado 5 de marzo, marcharon por las calles del centro de Guadalajara cientos de mujeres trabajadoras de la maquila, de las f\u00e1bricas, de las aulas, del hogar y de la calle, por el rechazo al trabajo jer\u00e1rquico, al acoso, la violencia y el feminicidio. La iniciativa\u2026","rel":"","context":"En &quot;CINTILLO&quot;","block_context":{"text":"CINTILLO","link":"http:\/\/www.grieta.org.mx\/index.php\/category\/cintillo\/"},"img":{"alt_text":"","src":"https:\/\/i0.wp.com\/www.grieta.org.mx\/wp-content\/uploads\/2018\/03\/14524434_1106112876131411_958039263622046936_o.jpg?resize=350%2C200","width":350,"height":200,"srcset":"https:\/\/i0.wp.com\/www.grieta.org.mx\/wp-content\/uploads\/2018\/03\/14524434_1106112876131411_958039263622046936_o.jpg?resize=350%2C200 1x, https:\/\/i0.wp.com\/www.grieta.org.mx\/wp-content\/uploads\/2018\/03\/14524434_1106112876131411_958039263622046936_o.jpg?resize=525%2C300 1.5x, https:\/\/i0.wp.com\/www.grieta.org.mx\/wp-content\/uploads\/2018\/03\/14524434_1106112876131411_958039263622046936_o.jpg?resize=700%2C400 2x"},"classes":[]},{"id":55487,"url":"http:\/\/www.grieta.org.mx\/index.php\/2020\/11\/26\/la-primera-marcha-feminista-en-manzanillo-colima\/","url_meta":{"origin":3147,"position":5},"title":"La primera marcha feminista en Manzanillo (Colima)","author":"grieta","date":"26 noviembre, 2020","format":false,"excerpt":"Foto: Kaomi Gutierrez - Perimetral La marcha de este 25 de noviembre en el puerto de Manzanillo funciona como un punto de encuentro que activa la organizaci\u00f3n feminista en un lugar que este 2020 lleva ya 41 feminicidios Kaomi Gutierrez - Perimetral \/ Pie de P\u00e1gina vez que protestaron mujeres\u2026","rel":"","context":"En &quot;CINTILLO&quot;","block_context":{"text":"CINTILLO","link":"http:\/\/www.grieta.org.mx\/index.php\/category\/cintillo\/"},"img":{"alt_text":"","src":"https:\/\/i0.wp.com\/www.grieta.org.mx\/wp-content\/uploads\/2020\/11\/perimetral_kaomigutierrez01.jpg?resize=350%2C200","width":350,"height":200,"srcset":"https:\/\/i0.wp.com\/www.grieta.org.mx\/wp-content\/uploads\/2020\/11\/perimetral_kaomigutierrez01.jpg?resize=350%2C200 1x, https:\/\/i0.wp.com\/www.grieta.org.mx\/wp-content\/uploads\/2020\/11\/perimetral_kaomigutierrez01.jpg?resize=525%2C300 1.5x, https:\/\/i0.wp.com\/www.grieta.org.mx\/wp-content\/uploads\/2020\/11\/perimetral_kaomigutierrez01.jpg?resize=700%2C400 2x, https:\/\/i0.wp.com\/www.grieta.org.mx\/wp-content\/uploads\/2020\/11\/perimetral_kaomigutierrez01.jpg?resize=1050%2C600 3x"},"classes":[]}],"_links":{"self":[{"href":"http:\/\/www.grieta.org.mx\/index.php\/wp-json\/wp\/v2\/posts\/3147","targetHints":{"allow":["GET"]}}],"collection":[{"href":"http:\/\/www.grieta.org.mx\/index.php\/wp-json\/wp\/v2\/posts"}],"about":[{"href":"http:\/\/www.grieta.org.mx\/index.php\/wp-json\/wp\/v2\/types\/post"}],"author":[{"embeddable":true,"href":"http:\/\/www.grieta.org.mx\/index.php\/wp-json\/wp\/v2\/users\/2"}],"replies":[{"embeddable":true,"href":"http:\/\/www.grieta.org.mx\/index.php\/wp-json\/wp\/v2\/comments?post=3147"}],"version-history":[{"count":1,"href":"http:\/\/www.grieta.org.mx\/index.php\/wp-json\/wp\/v2\/posts\/3147\/revisions"}],"predecessor-version":[{"id":10820,"href":"http:\/\/www.grieta.org.mx\/index.php\/wp-json\/wp\/v2\/posts\/3147\/revisions\/10820"}],"wp:featuredmedia":[{"embeddable":true,"href":"http:\/\/www.grieta.org.mx\/index.php\/wp-json\/wp\/v2\/media\/21928"}],"wp:attachment":[{"href":"http:\/\/www.grieta.org.mx\/index.php\/wp-json\/wp\/v2\/media?parent=3147"}],"wp:term":[{"taxonomy":"category","embeddable":true,"href":"http:\/\/www.grieta.org.mx\/index.php\/wp-json\/wp\/v2\/categories?post=3147"},{"taxonomy":"post_tag","embeddable":true,"href":"http:\/\/www.grieta.org.mx\/index.php\/wp-json\/wp\/v2\/tags?post=3147"}],"curies":[{"name":"wp","href":"https:\/\/api.w.org\/{rel}","templated":true}]}}