{"id":31465,"date":"2019-03-28T15:35:15","date_gmt":"2019-03-28T21:35:15","guid":{"rendered":"http:\/\/www.grieta.org.mx\/?p=31465"},"modified":"2019-03-31T15:44:10","modified_gmt":"2019-03-31T21:44:10","slug":"preocupa-posible-fallo-de-tribunal-colegiado-sobre-megagranja-yucatan","status":"publish","type":"post","link":"http:\/\/www.grieta.org.mx\/index.php\/2019\/03\/28\/preocupa-posible-fallo-de-tribunal-colegiado-sobre-megagranja-yucatan\/","title":{"rendered":"Preocupa posible fallo de Tribunal Colegiado sobre megagranja (Yucat\u00e1n)"},"content":{"rendered":"<p><img loading=\"lazy\" decoding=\"async\" data-attachment-id=\"31466\" data-permalink=\"http:\/\/www.grieta.org.mx\/index.php\/2019\/03\/28\/preocupa-posible-fallo-de-tribunal-colegiado-sobre-megagranja-yucatan\/if\/\" data-orig-file=\"http:\/\/www.grieta.org.mx\/wp-content\/uploads\/2019\/03\/2703ar028.jpg\" data-orig-size=\"800,532\" data-comments-opened=\"0\" data-image-meta=\"{&quot;aperture&quot;:&quot;74099370.67&quot;,&quot;credit&quot;:&quot;&quot;,&quot;camera&quot;:&quot;8 (Windows)&quot;,&quot;caption&quot;:&quot;Jos\\u00e9 May, Doroteo Hau, Martha Capetillo, Jos\\u00e9 Florentino Chi habitante de Hom\\u00fan y los abogados Jorge Fernandez Mendiburo y Lourdes Medina Carrillo acudieron a los juzgados federales, para interponer un amparo por la planta de cerdos de Kek\\u00e9n, en la imagen van saliendo del edificio de la Federaci\\u00f3n\\u2026nota de david&quot;,&quot;created_timestamp&quot;:&quot;1553693996&quot;,&quot;copyright&quot;:&quot;&quot;,&quot;focal_length&quot;:&quot;2.1314565178017&quot;,&quot;iso&quot;:&quot;200&quot;,&quot;shutter_speed&quot;:&quot;74099370.666667&quot;,&quot;title&quot;:&quot;IF&quot;,&quot;orientation&quot;:&quot;1&quot;}\" data-image-title=\"IF\" data-image-description=\"\" data-image-caption=\"&lt;p&gt;Jos\u00e9 May, Doroteo Hau, Martha Capetillo, Jos\u00e9 Florentino Chi habitante de Hom\u00fan y los abogados Jorge Fernandez Mendiburo y Lourdes Medina Carrillo acudieron a los juzgados federales, para interponer un amparo por la planta de cerdos de Kek\u00e9n, en la imagen van saliendo del edificio de la Federaci\u00f3n\u2026nota de david&lt;\/p&gt;\n\" data-medium-file=\"http:\/\/www.grieta.org.mx\/wp-content\/uploads\/2019\/03\/2703ar028-300x200.jpg\" data-large-file=\"http:\/\/www.grieta.org.mx\/wp-content\/uploads\/2019\/03\/2703ar028.jpg\" src=\"http:\/\/www.grieta.org.mx\/wp-content\/uploads\/2019\/03\/2703ar028.jpg\" alt=\"\" width=\"800\" height=\"532\" class=\"size-full wp-image-31466\" srcset=\"http:\/\/www.grieta.org.mx\/wp-content\/uploads\/2019\/03\/2703ar028.jpg 800w, http:\/\/www.grieta.org.mx\/wp-content\/uploads\/2019\/03\/2703ar028-300x200.jpg 300w, http:\/\/www.grieta.org.mx\/wp-content\/uploads\/2019\/03\/2703ar028-768x511.jpg 768w, http:\/\/www.grieta.org.mx\/wp-content\/uploads\/2019\/03\/2703ar028-752x500.jpg 752w\" sizes=\"auto, (max-width: 800px) 100vw, 800px\" \/> <\/p>\n<p>Yucat\u00e1n a la Mano<br \/>\nIntegrantes de los Guardianes de los Cenotes (Kanan Ts\u2019ono\u2019ot) y del Equipo Indignaci\u00f3n manifestaron ayer su inquietud de que el Tribunal Colegiado en Materia de Trabajo y Administrativa del Decimocuarto Circuito del Poder Judicial de la Federaci\u00f3n emita un fallo en contra del amparo que solicitaron contra la Manifestaci\u00f3n de Impacto Ambiental (MIA) de la megagranja porc\u00edcola de Hom\u00fan, lo que ir\u00eda en contra de los derechos humanos y de los derechos de los pueblos originarios.<br \/>\nLos cenoteros, sus abogados, e integrantes del Equipo Indignaci\u00f3n se apersonaron ayer a las oficinas de dicho Tribunal, donde manifestaron que el d\u00eda de hoy est\u00e1 enlistado este asunto, a las 10 de la ma\u00f1ana, pero ya hay un \u201cproyecto de sentencia\u201d que es p\u00fablico y en el que se les estar\u00eda negando el amparo que solicitaron contra la MIA.<br \/>\nLo grave del asunto, comentaron, es que dicho proyecto de sentencia contiene razonamientos regresivos, contrarios a los criterios amplios de protecci\u00f3n a los derechos humanos, que van contra los derechos de los pueblos originarios, y ponen en riesgo el medioambiente, la reserva geohidrol\u00f3gica del anillo de los cenotes y el modo de vida de la poblaci\u00f3n.<br \/>\nSe\u00f1alaron que el proyecto de sentencia es p\u00fablico y est\u00e1 programado para ser el primer asunto que desahogar\u00e1n hoy por las magistradas y magistrado que conforman el Tribunal.<br \/>\nEl amparo en revisi\u00f3n se refiere a la Manifestaci\u00f3n de Impacto Ambiental presentado con irregularidades tan evidentes, como la firma de una dentista que no demuestra tener conocimiento en materia ambiental.<br \/>\nEl abogado Jorge Fern\u00e1ndez Mendiburu dijo que ya hay un proyecto de sentencia sobre uno de los amparos presentados contra la MIA, un proyecto que se va discutir el d\u00eda de hoy (aunque tambi\u00e9n podr\u00eda posponerse) y que contiene algunas consideraciones que preocupan.<br \/>\nExplic\u00f3 que una de las preocupaciones es la aseveraci\u00f3n que se hace de que la MIA no debi\u00f3 haber sido sometida a consulta, a pesar de que se trata de una comunidad reconocida como ind\u00edgena, no s\u00f3lo por los pobladores, sino por todas las instituciones del estado.<br \/>\n\u201cAdem\u00e1s, el proyecto dice que no debi\u00f3 haber consulta porque no se acredit\u00f3 un impacto significativo con el establecimiento de la granja porc\u00edcola y pensamos que eso es preocupante en aras de que hace poco la SCJN al resolver una acci\u00f3n de inconstitucionalidad presentada por la CNDH en contra de la Ley de Derechos y Cultura Ind\u00edgena del Estado de Yucat\u00e1n justamente enfatiz\u00f3 que debe prevalecer este derecho, que no debe ser entendido de manera abstracta, sino que tiene que reconocerse a partir de la realidad de las propias comunidades\u201d<br \/>\n\u201cEn el proyecto no hay esa ponderaci\u00f3n; se dice que como pueblo no tienen derecho a la consulta y nosotros pensamos que esto es un criterio regresivo, no s\u00f3lo para este caso sino peligroso frente a otros casos y situaciones de reclamo de otras comunidades mayas de la entidad que est\u00e1n efectuando frente a diferentes proyectos\u201d, expuso.<br \/>\nDijo que adem\u00e1s se afecta el derecho a la libre determinaci\u00f3n, que es el derecho madre de los pueblos ind\u00edgenas y que \u201cpensamos que tiene que ser repensado por la ponencia\u201d.<br \/>\nA\u00f1adi\u00f3 que el otro punto que no se considera el principio precautorio o se hace desde perspectiva una interpretaci\u00f3n limitada.<br \/>\n\u201cPorque este principio obliga a implementar medidas frente a mega proyectos que puedan generar un da\u00f1o que pueda ser irreversible y el proyecto lo que maneja es que se cumpli\u00f3 con este principio porque hay una serie de medidas de car\u00e1cter administrativo que acreditan que eso sucedi\u00f3\u201d.<br \/>\n\u201cPero nosotros sostenemos que no hay ning\u00fan indicio en el expediente que acredite que no se va contaminar por la granja y lo que plantea el proyecto es que estos elementos administrativos acreditan el principio precautorio pero no es as\u00ed; el principio precautorio es otra cosa, es una medida de protecci\u00f3n frente a riesgos importantes de contaminaci\u00f3n del medio ambiente; en este caso hay que recordar que estamos frente a dos \u00e1reas naturales protegidas, actividades econ\u00f3micas importantes\u201d, expres\u00f3.<br \/>\nEl abogado dijo que es preocupante que se contrastan dos visiones de desarrollo: por una parte, la visi\u00f3n de desarrollo que dice que la inversi\u00f3n porc\u00edcola es lo que necesita este estado, frente a la visi\u00f3n de desarrollo de la propia comunidad que dice: \u201cnosotros tenemos una manera distinta de pensar que podemos trabajar en nuestro territorio, a trav\u00e9s del turismo de baja intensidad\u201d.<br \/>\n\u201cVemos un modelo que parece estar protegiendo el proyecto de sentencia, que es la inversi\u00f3n de grandes empresarios que como dan 15 empleos, 20 empleos, y que se piensa que es desarrollo, sin importar los impactos ambientales, culturales y a la naturaleza que pueda tener\u201d, expuso.<br \/>\nLos que acudieron ayer al Tribunal manifestaron que la sentencia se contrapone al principio sostenido por el Relator del Agua de Naciones Unidas y por los criterios sostenidos por la legislaci\u00f3n internacional de los derechos humanos, que establecen que el agua es prioritaria para la vida y como tal tiene prioridad sobre cualquier proyecto econ\u00f3mico, de modo que el Estado debe garantizar su debida protecci\u00f3n, criterio que le reiteraron a este Tribunal tanto Hom\u00fan como organizaciones que presentaron un amicus, como el Centro de Derechos Humanos de la UADY y la Fundaci\u00f3n para el Debido Proceso Legal.<br \/>\nEn la carta dirigida al Tribunal expresaron su preocupaci\u00f3n por la manera como se trivializa, se da por cumplido y, por tanto, se niega el principio precautorio. El proyecto de sentencia incluso se\u00f1ala que este principio (el precautorio) \u201cno es paralizante de las actividades tecnol\u00f3gicas o industriales, ni debe usarse como pretexto para bloquear el crecimiento y desarrollo\u201d<br \/>\n\u201cNos alarma el uso de una l\u00f3gica falaz y enga\u00f1osa, similar a la utilizada por el juez que neg\u00f3 el amparo a Hom\u00fan por considerar que la granja traer\u00eda empleo, cuando este pueblo ha construido una actividad empresarial relacionada con el turismo de bajo impacto que le proporciona solvencia econ\u00f3mica\u201d.<br \/>\nAdem\u00e1s, la argumentaci\u00f3n se\u00f1alada en el proyecto de sentencia contrar\u00eda el principio de progresividad y de protecci\u00f3n m\u00e1s amplia que deben tener los derechos humanos. Contrario a eso, muestra un car\u00e1cter regresivo: limita y desprotege a los pueblos.<br \/>\nEn cambio, protege a las autoridades que avalaron una MIA con severas irregularidades, protege a una empresa que obtuvo permisos con irregularidades y cuya actividad es de un gran impacto para el medio ambiente, para un ecosistema tan sensible como es la reserva geohidrol\u00f3gica del anillo de los cenotes adem\u00e1s del impacto social y comunitario. Protege, no el desarrollo, sino un modelo de desarrollo ligado a la industria extractiva y agravia a los pueblos originarios al negarles el derecho a decidir sobre su vida, su entorno y sus recursos.<br \/>\nSe\u00f1alaron, finalmente, que la revisi\u00f3n e este amparo que est\u00e1 enlistado para el d\u00eda de hoy es s\u00f3lo una de varias demandas que se han presentado contra la granja porc\u00edcola de Hom\u00fan en diferentes instancias.<br \/>\nPor parte de los Guardianes de los Cenotes acudieron Jos\u00e9 Florentino Ch\u00ed, Jos\u00e9 May y Doroteo Hau.<\/p>\n<p>Fuente: Por Esto<br \/>\n<a href=\"https:\/\/www.yucatanalamano.com\/destacado\/preocupa-posible-fallo-de-tribunal-colegiado-sobre-megagranja\/\" rel=\"noopener noreferrer\" target=\"_blank\">https:\/\/www.yucatanalamano.com\/destacado\/preocupa-posible-fallo-de-tribunal-colegiado-sobre-megagranja\/<\/a><\/p>\n","protected":false},"excerpt":{"rendered":"<p>Yucat\u00e1n a la Mano Integrantes de los Guardianes de los Cenotes (Kanan Ts\u2019ono\u2019ot) y del Equipo Indignaci\u00f3n manifestaron ayer su inquietud de que el Tribunal Colegiado en Materia de Trabajo &hellip; <a href=\"http:\/\/www.grieta.org.mx\/index.php\/2019\/03\/28\/preocupa-posible-fallo-de-tribunal-colegiado-sobre-megagranja-yucatan\/\" class=\"more-link\">Leer m\u00e1s<\/a><\/p>\n","protected":false},"author":2,"featured_media":31466,"comment_status":"closed","ping_status":"closed","sticky":false,"template":"","format":"standard","meta":{"ngg_post_thumbnail":0,"_jetpack_newsletter_access":"","_jetpack_dont_email_post_to_subs":false,"_jetpack_newsletter_tier_id":0,"_jetpack_memberships_contains_paywalled_content":false,"_jetpack_memberships_contains_paid_content":false,"footnotes":""},"categories":[60,42,80,984,1,954,1020,1023,3,922,952,2,36],"tags":[1022],"class_list":["post-31465","post","type-post","status-publish","format-standard","has-post-thumbnail","hentry","category-16-pueblo-maya","category-agroindustria","category-cintillo","category-esp-yucatan","category-espejos-de-la-resistencia","category-espejos-estados","category-granja-porcicola","category-lucha-contra-granja-porcicola","category-megaproyectos","category-megaproyectos-estados","category-mp-yucatan","category-noticias-nacionales","category-yucatan","tag-granja-porcicola","entry"],"jetpack_featured_media_url":"http:\/\/www.grieta.org.mx\/wp-content\/uploads\/2019\/03\/2703ar028.jpg","jetpack_sharing_enabled":true,"jetpack_shortlink":"https:\/\/wp.me\/p7ZJR4-8bv","jetpack_likes_enabled":false,"jetpack-related-posts":[{"id":64282,"url":"http:\/\/www.grieta.org.mx\/index.php\/2022\/05\/17\/habitantes-de-sitilpech-exigen-cerrar-granjas-porcicolas-en-yucatan-afuera-del-poder-judicial\/","url_meta":{"origin":31465,"position":0},"title":"Habitantes de Sitilpech exigen cerrar granjas porc\u00edcolas en Yucat\u00e1n afuera del Poder Judicial","author":"grieta","date":"17 mayo, 2022","format":false,"excerpt":"Ruben Dar\u00edo Hau \/ Por Esto! Habitantes de Sitilpech, comisar\u00eda de Izamal, se manifiestan frente a la sede del Poder Judicial de la Federal, en M\u00e9rida, para insistir en que el Juez Primero de Distrito conceda la suspensi\u00f3n definitiva de la granja porc\u00edcola, Kancabch\u00e9n II, aparcera de Kek\u00e9n. El pasado\u2026","rel":"","context":"En &quot;16. Pueblo Maya&quot;","block_context":{"text":"16. Pueblo Maya","link":"http:\/\/www.grieta.org.mx\/index.php\/category\/espejos-de-la-resistencia\/16-pueblo-maya\/"},"img":{"alt_text":"","src":"https:\/\/i0.wp.com\/www.grieta.org.mx\/wp-content\/uploads\/2022\/05\/Sitilpech-e1653577169242.png?resize=350%2C200","width":350,"height":200,"srcset":"https:\/\/i0.wp.com\/www.grieta.org.mx\/wp-content\/uploads\/2022\/05\/Sitilpech-e1653577169242.png?resize=350%2C200 1x, https:\/\/i0.wp.com\/www.grieta.org.mx\/wp-content\/uploads\/2022\/05\/Sitilpech-e1653577169242.png?resize=525%2C300 1.5x, https:\/\/i0.wp.com\/www.grieta.org.mx\/wp-content\/uploads\/2022\/05\/Sitilpech-e1653577169242.png?resize=700%2C400 2x"},"classes":[]},{"id":30673,"url":"http:\/\/www.grieta.org.mx\/index.php\/2019\/03\/08\/pierde-un-fallo-la-empresa-que-opera-granja-porcina-de-homun-yucatan\/","url_meta":{"origin":31465,"position":1},"title":"Pierde un fallo la empresa que opera granja porcina de Hom\u00fan (Yucat\u00e1n)","author":"grieta","date":"8 marzo, 2019","format":false,"excerpt":"Reporteros Hoy M\u00e9rida, Yucat\u00e1n, (ACOM).- La recusaci\u00f3n promovida por la empresa Producci\u00f3n Alimentaria Porc\u00edcola (PAPO), que opera una granja porc\u00edcola que se instal\u00f3 en Hom\u00fan, fue declarada infundada por el Tribunal Colegiado que conoci\u00f3 el recurso que se present\u00f3 en contra de la juez Cuarta de Distrito, Miriam de Jes\u00fas\u2026","rel":"","context":"En &quot;16. Pueblo Maya&quot;","block_context":{"text":"16. Pueblo Maya","link":"http:\/\/www.grieta.org.mx\/index.php\/category\/espejos-de-la-resistencia\/16-pueblo-maya\/"},"img":{"alt_text":"","src":"https:\/\/i0.wp.com\/www.grieta.org.mx\/wp-content\/uploads\/2019\/03\/GranjaHomun.jpeg?resize=350%2C200","width":350,"height":200,"srcset":"https:\/\/i0.wp.com\/www.grieta.org.mx\/wp-content\/uploads\/2019\/03\/GranjaHomun.jpeg?resize=350%2C200 1x, https:\/\/i0.wp.com\/www.grieta.org.mx\/wp-content\/uploads\/2019\/03\/GranjaHomun.jpeg?resize=525%2C300 1.5x, https:\/\/i0.wp.com\/www.grieta.org.mx\/wp-content\/uploads\/2019\/03\/GranjaHomun.jpeg?resize=700%2C400 2x"},"classes":[]},{"id":51240,"url":"http:\/\/www.grieta.org.mx\/index.php\/2020\/06\/24\/la-scjn-atrae-juicio-promovido-por-ninos-de-homun-contra-empresa-porcicola-yucatan\/","url_meta":{"origin":31465,"position":2},"title":"La SCJN atrae juicio promovido por ni\u00f1os de Hom\u00fan contra empresa porc\u00edcola (Yucat\u00e1n)","author":"grieta","date":"24 junio, 2020","format":false,"excerpt":"Rosa Santana \/ Proceso M\u00c9RIDA, Yuc. (apro).- Por la trascendencia que tendr\u00e1 el fallo para futuras sentencias en asuntos similares, la Suprema Corte de Justicia de la Naci\u00f3n (SCJN) determin\u00f3 atraer el juicio promovido por ni\u00f1os de la comunidad maya de Hom\u00fan contra la empresa Producci\u00f3n Alimentaria Porc\u00edcola (Papo), por\u2026","rel":"","context":"En &quot;16. Pueblo Maya&quot;","block_context":{"text":"16. Pueblo Maya","link":"http:\/\/www.grieta.org.mx\/index.php\/category\/espejos-de-la-resistencia\/16-pueblo-maya\/"},"img":{"alt_text":"","src":"https:\/\/i0.wp.com\/www.grieta.org.mx\/wp-content\/uploads\/2020\/06\/granjas-870x521-e1593209117400.png?resize=350%2C200","width":350,"height":200,"srcset":"https:\/\/i0.wp.com\/www.grieta.org.mx\/wp-content\/uploads\/2020\/06\/granjas-870x521-e1593209117400.png?resize=350%2C200 1x, https:\/\/i0.wp.com\/www.grieta.org.mx\/wp-content\/uploads\/2020\/06\/granjas-870x521-e1593209117400.png?resize=525%2C300 1.5x, https:\/\/i0.wp.com\/www.grieta.org.mx\/wp-content\/uploads\/2020\/06\/granjas-870x521-e1593209117400.png?resize=700%2C400 2x"},"classes":[]},{"id":65889,"url":"http:\/\/www.grieta.org.mx\/index.php\/2022\/12\/07\/megagranja-de-cerdos-pretende-que-se-revierta-amparo-de-sitilpech-yucatan\/","url_meta":{"origin":31465,"position":3},"title":"Megagranja de cerdos pretende que se revierta amparo de Sitilpech (Yucat\u00e1n)","author":"grieta","date":"7 diciembre, 2022","format":false,"excerpt":"Paloma Reyes \/ Haz Ruido Colectivos aseguran que el riesgo radica en los antecedentes del juez que lleva el caso, qui\u00e9n ha desechado otros amparos similares. M\u00e9rida, Yucat\u00e1n, 7 de diciembre de 2022.-El colectivo \u201cLa Esperanza de Sitilpech\u201d advirti\u00f3 que est\u00e1 en riesgo de ser desechado el amparo en contra\u2026","rel":"","context":"En &quot;Agroindustria&quot;","block_context":{"text":"Agroindustria","link":"http:\/\/www.grieta.org.mx\/index.php\/category\/megaproyectos\/agroindustria\/"},"img":{"alt_text":"","src":"https:\/\/i0.wp.com\/www.grieta.org.mx\/wp-content\/uploads\/2022\/12\/Sitilpech-e1670521260564.jpg?resize=350%2C200","width":350,"height":200,"srcset":"https:\/\/i0.wp.com\/www.grieta.org.mx\/wp-content\/uploads\/2022\/12\/Sitilpech-e1670521260564.jpg?resize=350%2C200 1x, https:\/\/i0.wp.com\/www.grieta.org.mx\/wp-content\/uploads\/2022\/12\/Sitilpech-e1670521260564.jpg?resize=525%2C300 1.5x, https:\/\/i0.wp.com\/www.grieta.org.mx\/wp-content\/uploads\/2022\/12\/Sitilpech-e1670521260564.jpg?resize=700%2C400 2x"},"classes":[]},{"id":65920,"url":"http:\/\/www.grieta.org.mx\/index.php\/2022\/12\/08\/con-excremento-frente-al-poder-judicial-de-la-federacion-yucatecos-piden-suspension-definitiva-de-las-granjas-porcicolas-yucatan\/","url_meta":{"origin":31465,"position":4},"title":"Con excremento frente al Poder Judicial de la Federaci\u00f3n, yucatecos piden suspensi\u00f3n definitiva de las granjas porc\u00edcolas (Yucat\u00e1n)","author":"grieta","date":"8 diciembre, 2022","format":false,"excerpt":"Itzel Chan \/ Noticaribe M\u00c9RIDA, MX.- Habitantes de Sitilpech no han quitado el dedo del rengl\u00f3n y una vez m\u00e1s volvieron a manifestarse a las afueras del Poder Judicial de la Federaci\u00f3n, pero esta vez lo hicieron con excremento de cerdo dentro de un recipiente, para exigir as\u00ed que sea\u2026","rel":"","context":"En &quot;Agroindustria&quot;","block_context":{"text":"Agroindustria","link":"http:\/\/www.grieta.org.mx\/index.php\/category\/megaproyectos\/agroindustria\/"},"img":{"alt_text":"","src":"https:\/\/i0.wp.com\/www.grieta.org.mx\/wp-content\/uploads\/2022\/12\/Sitilpech10-e1671047518116.jpg?resize=350%2C200","width":350,"height":200,"srcset":"https:\/\/i0.wp.com\/www.grieta.org.mx\/wp-content\/uploads\/2022\/12\/Sitilpech10-e1671047518116.jpg?resize=350%2C200 1x, https:\/\/i0.wp.com\/www.grieta.org.mx\/wp-content\/uploads\/2022\/12\/Sitilpech10-e1671047518116.jpg?resize=525%2C300 1.5x, https:\/\/i0.wp.com\/www.grieta.org.mx\/wp-content\/uploads\/2022\/12\/Sitilpech10-e1671047518116.jpg?resize=700%2C400 2x"},"classes":[]},{"id":63923,"url":"http:\/\/www.grieta.org.mx\/index.php\/2022\/04\/07\/amenazan-a-infancia-que-defiende-los-cenotes-en-homun-yucatan\/","url_meta":{"origin":31465,"position":5},"title":"Amenazan a infancia que defiende los cenotes en Hom\u00fan (Yucat\u00e1n)","author":"grieta","date":"7 abril, 2022","format":false,"excerpt":"Sare Frabes \/ Avispa Midia Este mi\u00e9rcoles (6) fue amenazada una de las representantes de las ni\u00f1as y ni\u00f1os de Hom\u00fan, quienes presentaron un amparo contra la mega granja porc\u00edcola de la empresa Producci\u00f3n Alimentaria y Porc\u00edcola (PAPO), aparcera de Kek\u00e9n. As\u00ed lo denuncio el Equipo Indignaci\u00f3n, quien destac\u00f3 que\u2026","rel":"","context":"En &quot;16. Pueblo Maya&quot;","block_context":{"text":"16. Pueblo Maya","link":"http:\/\/www.grieta.org.mx\/index.php\/category\/espejos-de-la-resistencia\/16-pueblo-maya\/"},"img":{"alt_text":"","src":"https:\/\/i0.wp.com\/www.grieta.org.mx\/wp-content\/uploads\/2022\/04\/AmenazanInfanciaHomun-e1649351378993.png?resize=350%2C200","width":350,"height":200,"srcset":"https:\/\/i0.wp.com\/www.grieta.org.mx\/wp-content\/uploads\/2022\/04\/AmenazanInfanciaHomun-e1649351378993.png?resize=350%2C200 1x, https:\/\/i0.wp.com\/www.grieta.org.mx\/wp-content\/uploads\/2022\/04\/AmenazanInfanciaHomun-e1649351378993.png?resize=525%2C300 1.5x, https:\/\/i0.wp.com\/www.grieta.org.mx\/wp-content\/uploads\/2022\/04\/AmenazanInfanciaHomun-e1649351378993.png?resize=700%2C400 2x"},"classes":[]}],"_links":{"self":[{"href":"http:\/\/www.grieta.org.mx\/index.php\/wp-json\/wp\/v2\/posts\/31465","targetHints":{"allow":["GET"]}}],"collection":[{"href":"http:\/\/www.grieta.org.mx\/index.php\/wp-json\/wp\/v2\/posts"}],"about":[{"href":"http:\/\/www.grieta.org.mx\/index.php\/wp-json\/wp\/v2\/types\/post"}],"author":[{"embeddable":true,"href":"http:\/\/www.grieta.org.mx\/index.php\/wp-json\/wp\/v2\/users\/2"}],"replies":[{"embeddable":true,"href":"http:\/\/www.grieta.org.mx\/index.php\/wp-json\/wp\/v2\/comments?post=31465"}],"version-history":[{"count":1,"href":"http:\/\/www.grieta.org.mx\/index.php\/wp-json\/wp\/v2\/posts\/31465\/revisions"}],"predecessor-version":[{"id":31470,"href":"http:\/\/www.grieta.org.mx\/index.php\/wp-json\/wp\/v2\/posts\/31465\/revisions\/31470"}],"wp:featuredmedia":[{"embeddable":true,"href":"http:\/\/www.grieta.org.mx\/index.php\/wp-json\/wp\/v2\/media\/31466"}],"wp:attachment":[{"href":"http:\/\/www.grieta.org.mx\/index.php\/wp-json\/wp\/v2\/media?parent=31465"}],"wp:term":[{"taxonomy":"category","embeddable":true,"href":"http:\/\/www.grieta.org.mx\/index.php\/wp-json\/wp\/v2\/categories?post=31465"},{"taxonomy":"post_tag","embeddable":true,"href":"http:\/\/www.grieta.org.mx\/index.php\/wp-json\/wp\/v2\/tags?post=31465"}],"curies":[{"name":"wp","href":"https:\/\/api.w.org\/{rel}","templated":true}]}}