{"id":31419,"date":"2019-03-28T10:57:04","date_gmt":"2019-03-28T16:57:04","guid":{"rendered":"http:\/\/www.grieta.org.mx\/?p=31419"},"modified":"2019-03-31T11:01:37","modified_gmt":"2019-03-31T17:01:37","slug":"35-mil-desplazados-en-michoacan-y-guerrero-por-conflictos-armados","status":"publish","type":"post","link":"http:\/\/www.grieta.org.mx\/index.php\/2019\/03\/28\/35-mil-desplazados-en-michoacan-y-guerrero-por-conflictos-armados\/","title":{"rendered":"35 mil desplazados en Michoac\u00e1n y Guerrero por conflictos armados"},"content":{"rendered":"<p><img loading=\"lazy\" decoding=\"async\" data-attachment-id=\"31422\" data-permalink=\"http:\/\/www.grieta.org.mx\/index.php\/2019\/03\/28\/35-mil-desplazados-en-michoacan-y-guerrero-por-conflictos-armados\/img-20190328-wa0110-1000x500\/\" data-orig-file=\"http:\/\/www.grieta.org.mx\/wp-content\/uploads\/2019\/03\/IMG-20190328-WA0110-1000x500.jpg\" data-orig-size=\"1000,500\" data-comments-opened=\"0\" data-image-meta=\"{&quot;aperture&quot;:&quot;0&quot;,&quot;credit&quot;:&quot;&quot;,&quot;camera&quot;:&quot;&quot;,&quot;caption&quot;:&quot;&quot;,&quot;created_timestamp&quot;:&quot;0&quot;,&quot;copyright&quot;:&quot;&quot;,&quot;focal_length&quot;:&quot;0&quot;,&quot;iso&quot;:&quot;0&quot;,&quot;shutter_speed&quot;:&quot;0&quot;,&quot;title&quot;:&quot;&quot;,&quot;orientation&quot;:&quot;0&quot;}\" data-image-title=\"IMG-20190328-WA0110-1000&amp;#215;500\" data-image-description=\"\" data-image-caption=\"\" data-medium-file=\"http:\/\/www.grieta.org.mx\/wp-content\/uploads\/2019\/03\/IMG-20190328-WA0110-1000x500-300x150.jpg\" data-large-file=\"http:\/\/www.grieta.org.mx\/wp-content\/uploads\/2019\/03\/IMG-20190328-WA0110-1000x500.jpg\" class=\"aligncenter wp-image-31422 size-full\" src=\"http:\/\/www.grieta.org.mx\/wp-content\/uploads\/2019\/03\/IMG-20190328-WA0110-1000x500.jpg\" alt=\"\" width=\"1000\" height=\"500\" srcset=\"http:\/\/www.grieta.org.mx\/wp-content\/uploads\/2019\/03\/IMG-20190328-WA0110-1000x500.jpg 1000w, http:\/\/www.grieta.org.mx\/wp-content\/uploads\/2019\/03\/IMG-20190328-WA0110-1000x500-300x150.jpg 300w, http:\/\/www.grieta.org.mx\/wp-content\/uploads\/2019\/03\/IMG-20190328-WA0110-1000x500-768x384.jpg 768w\" sizes=\"auto, (max-width: 1000px) 100vw, 1000px\" \/><\/p>\n<p>Benjam\u00edn Alvarez \/Contramuro, 28 de marzo, 2019<\/p>\n<blockquote><p>Circe L\u00f3pez se\u00f1al\u00f3 que mujeres y ni\u00f1os son de las principales v\u00edctimas del crimen organizado y su colusi\u00f3n con las autoridades<\/p><\/blockquote>\n<p>Morelia, Michoac\u00e1n.- Alrededor de 35 mil desplazados producto de conflictos armados se registran en Michoac\u00e1n y Guerrero, se\u00f1al\u00f3 la activista Lucero Circe L\u00f3pez Riofr\u00edo, durante \u201csu participaci\u00f3n en el panel acad\u00e9mico \u201cLa Desaparici\u00f3n Forzada a la Luz de los Derechos Humanos\u201d que se llev\u00f3 a cabo en la Universidad Latina de Am\u00e9rica (UNLA).<\/p>\n<p>En su intervenci\u00f3n, Circe L\u00f3pez coment\u00f3, <em>\u201cUn informe de hace algunos a\u00f1os se\u00f1al\u00f3 que entre Michoac\u00e1n y Guerrero hubo un desplazamiento de m\u00e1s de 35 mil familias, un desplazamiento por conflicto armado, no tenemos ninguna intervenci\u00f3n ni ninguna declaratoria de Naciones Unidas al respecto, no hay una intervenci\u00f3n por parte de ellos\u201d.<\/em><\/p>\n<p>La l\u00edder de la asociaci\u00f3n Humanas sin Violencia critic\u00f3 que la existencia colusi\u00f3n entre autoridades y grupos criminales, lo cual favorece la desaparici\u00f3n forzada y el feminicidio, sobre lo cual, dijo, \u201cnos preocupa much\u00edsimo la desaparici\u00f3n forzada porque tiene que ver con el incremento del feminicidio de las mujeres\u201d.<\/p>\n<p>Sobre este asunto, explic\u00f3 que dichas condiciones y colisi\u00f3n de las autoridades favorecen condiciones para la operatividad de la delincuencia, la cual ha cobrado como v\u00edctimas a mujeres y ni\u00f1os.<\/p>\n<p>Del tema de los ni\u00f1os, se\u00f1al\u00f3 que, al cuestion\u00e1rsele del asunto a las autoridades, \u201cel silencio de las autoridades que se los convierte en c\u00f3mplices de este nuevo orden y control de los grupos del crimen organizado\u201d.<\/p>\n<p>Insisti\u00f3 en que mujeres y menores son dos de los sectores m\u00e1s vulnerables en las actividades il\u00edcitas que ejecuta la delincuencia organizada.<\/p>\n<p><a href=\"https:\/\/www.contramuro.com\/35-mil-desplazados-en-michoacan-y-guerrero-por-conflictos-armados\/\">https:\/\/www.contramuro.com\/35-mil-desplazados-en-michoacan-y-guerrero-por-conflictos-armados\/<\/a><\/p>\n","protected":false},"excerpt":{"rendered":"<p>Benjam\u00edn Alvarez \/Contramuro, 28 de marzo, 2019 Circe L\u00f3pez se\u00f1al\u00f3 que mujeres y ni\u00f1os son de las principales v\u00edctimas del crimen organizado y su colusi\u00f3n con las autoridades Morelia, Michoac\u00e1n.- &hellip; <a href=\"http:\/\/www.grieta.org.mx\/index.php\/2019\/03\/28\/35-mil-desplazados-en-michoacan-y-guerrero-por-conflictos-armados\/\" class=\"more-link\">Leer m\u00e1s<\/a><\/p>\n","protected":false},"author":2,"featured_media":31422,"comment_status":"closed","ping_status":"closed","sticky":false,"template":"","format":"standard","meta":{"ngg_post_thumbnail":0,"_jetpack_newsletter_access":"","_jetpack_dont_email_post_to_subs":false,"_jetpack_newsletter_tier_id":0,"_jetpack_memberships_contains_paywalled_content":false,"_jetpack_memberships_contains_paid_content":false,"footnotes":""},"categories":[80,368,1200,1201,1342,2147,367,1130,2391,906,2277,18,320,21,82],"tags":[2157,81],"class_list":{"0":"post-31419","1":"post","2":"type-post","3":"status-publish","4":"format-standard","5":"has-post-thumbnail","6":"hentry","7":"category-cintillo","8":"category-desaparecidos-analisis","9":"category-desaparecidos-en-guerrero","10":"category-desaparecidos-en-michoacan","11":"category-desplazados-por-violencia-en-guerrero","12":"category-desplazados-por-violencia-en-michoacan","13":"category-feminicidios-analisis","14":"category-feminicidios-en-guerrero","16":"category-feminicidios-en-michoacan","18":"category-guerrero","20":"category-michoacan","22":"tag-desplazados-por-violencia","23":"tag-feminicidios","24":"entry"},"jetpack_featured_media_url":"http:\/\/www.grieta.org.mx\/wp-content\/uploads\/2019\/03\/IMG-20190328-WA0110-1000x500.jpg","jetpack_sharing_enabled":true,"jetpack_shortlink":"https:\/\/wp.me\/p7ZJR4-8aL","jetpack_likes_enabled":false,"jetpack-related-posts":[{"id":22301,"url":"http:\/\/www.grieta.org.mx\/index.php\/2018\/03\/16\/desplazados-por-la-violencia-en-guerrero-y-michoacan-a-la-intemperie-en-tijuana\/","url_meta":{"origin":31419,"position":0},"title":"Desplazados por la violencia en Guerrero y Michoac\u00e1n, a la intemperie en Tijuana","author":"grieta","date":"16 marzo, 2018","format":false,"excerpt":"Antonio Heras Mexicali, 16 de marzo.- Al menos 15 familias desplazadas por la violencia permanecen a la intemperie, bajo la lluvia y el calor, en un corredor de la garita El Chaparral, en Tijuana, en espera de que funcionarios de Aduanas y Protecci\u00f3n Fronteriza de Estados Unidos atiendan sus peticiones\u2026","rel":"","context":"En &quot;Baja California&quot;","block_context":{"text":"Baja California","link":"http:\/\/www.grieta.org.mx\/index.php\/category\/noticias-nacionales\/baja-california\/"},"img":{"alt_text":"","src":"https:\/\/i0.wp.com\/www.grieta.org.mx\/wp-content\/uploads\/2018\/03\/chapa.jpg?resize=350%2C200","width":350,"height":200,"srcset":"https:\/\/i0.wp.com\/www.grieta.org.mx\/wp-content\/uploads\/2018\/03\/chapa.jpg?resize=350%2C200 1x, https:\/\/i0.wp.com\/www.grieta.org.mx\/wp-content\/uploads\/2018\/03\/chapa.jpg?resize=525%2C300 1.5x"},"classes":[]},{"id":35705,"url":"http:\/\/www.grieta.org.mx\/index.php\/2019\/06\/10\/hubo-en-michoacan-240-desplazados-en-2018\/","url_meta":{"origin":31419,"position":1},"title":"Hubo en Michoac\u00e1n 240 desplazados en 2018","author":"Admin","date":"10 junio, 2019","format":false,"excerpt":"Los municipios afectados fueron Par\u00e1cuaro, Buenavista y Aguililla Gilbert Gil Y\u00e1\u00f1ez \/ El Sol de Zamora, 10 de junio de 2019 Entre enero de 2016 y diciembre de 2018, en el estado de Michoac\u00e1n han sido desplazadas 11 mil 590 personas en seis episodios de violencia y amenazas del crimen\u2026","rel":"","context":"En &quot;CINTILLO&quot;","block_context":{"text":"CINTILLO","link":"http:\/\/www.grieta.org.mx\/index.php\/category\/cintillo\/"},"img":{"alt_text":"","src":"https:\/\/i0.wp.com\/www.grieta.org.mx\/wp-content\/uploads\/2019\/07\/DESPLAZAMIENTOS.jpg?resize=350%2C200","width":350,"height":200,"srcset":"https:\/\/i0.wp.com\/www.grieta.org.mx\/wp-content\/uploads\/2019\/07\/DESPLAZAMIENTOS.jpg?resize=350%2C200 1x, https:\/\/i0.wp.com\/www.grieta.org.mx\/wp-content\/uploads\/2019\/07\/DESPLAZAMIENTOS.jpg?resize=525%2C300 1.5x, https:\/\/i0.wp.com\/www.grieta.org.mx\/wp-content\/uploads\/2019\/07\/DESPLAZAMIENTOS.jpg?resize=700%2C400 2x"},"classes":[]},{"id":9451,"url":"http:\/\/www.grieta.org.mx\/index.php\/2016\/09\/09\/desplazados-por-la-violencia-en-guerrero\/","url_meta":{"origin":31419,"position":2},"title":"Desplazados por la violencia en Guerrero","author":"grieta","date":"9 septiembre, 2016","format":false,"excerpt":"09\/09\/16. Aumentan desplazados por violencia en Guerrero y Michoac\u00e1nMilenio 08\/08\/16. Huyen familias de Guerrero por crimen organizado Vanguardia 22\/06\/16. Desplazados en Guerrero, viven en el olvido Bajo Palabra 02\/04\/16. 12 mil 590 desplazados por inseguridad en Guerrero de 2009 a 2014: Inegi El Sur 28\/02\/16. Desplazados por la violencia en\u2026","rel":"","context":"En &quot;Guerrero&quot;","block_context":{"text":"Guerrero","link":"http:\/\/www.grieta.org.mx\/index.php\/category\/noticias-nacionales\/guerrero\/"},"img":{"alt_text":"","src":"https:\/\/i0.wp.com\/www.grieta.org.mx\/wp-content\/uploads\/2018\/03\/14524434_1106112876131411_958039263622046936_o.jpg?resize=350%2C200","width":350,"height":200,"srcset":"https:\/\/i0.wp.com\/www.grieta.org.mx\/wp-content\/uploads\/2018\/03\/14524434_1106112876131411_958039263622046936_o.jpg?resize=350%2C200 1x, https:\/\/i0.wp.com\/www.grieta.org.mx\/wp-content\/uploads\/2018\/03\/14524434_1106112876131411_958039263622046936_o.jpg?resize=525%2C300 1.5x, https:\/\/i0.wp.com\/www.grieta.org.mx\/wp-content\/uploads\/2018\/03\/14524434_1106112876131411_958039263622046936_o.jpg?resize=700%2C400 2x"},"classes":[]},{"id":36848,"url":"http:\/\/www.grieta.org.mx\/index.php\/2019\/07\/22\/matan-a-la-activista-zenaida-pulido-en-carretera-de-michoacan\/","url_meta":{"origin":31419,"position":3},"title":"Matan a la activista Zenaida Pulido en carretera de Michoac\u00e1n","author":"grieta","date":"22 julio, 2019","format":false,"excerpt":"Zenaida se convirti\u00f3 en activista luego de la desaparici\u00f3n de un familiar; fue atacada por hombres armados en el tramo carretero Huahua-Pichilinguillo. Por Redacci\u00f3n Animal Pol\u00edtico, 22 de julio de 2019 La activista y familiar de una persona desaparecida, Zenaida Pulido Lombera, fue asesinada el pasado viernes en el estado\u2026","rel":"","context":"En &quot;CINTILLO&quot;","block_context":{"text":"CINTILLO","link":"http:\/\/www.grieta.org.mx\/index.php\/category\/cintillo\/"},"img":{"alt_text":"","src":"https:\/\/i0.wp.com\/www.grieta.org.mx\/wp-content\/uploads\/2019\/07\/zenaida-e1563807457226.jpg?resize=350%2C200","width":350,"height":200,"srcset":"https:\/\/i0.wp.com\/www.grieta.org.mx\/wp-content\/uploads\/2019\/07\/zenaida-e1563807457226.jpg?resize=350%2C200 1x, https:\/\/i0.wp.com\/www.grieta.org.mx\/wp-content\/uploads\/2019\/07\/zenaida-e1563807457226.jpg?resize=525%2C300 1.5x"},"classes":[]},{"id":44749,"url":"http:\/\/www.grieta.org.mx\/index.php\/2020\/02\/18\/con-mantas-activistas-exigen-justicia-por-feminicidios-en-michoacan\/","url_meta":{"origin":31419,"position":4},"title":"Con mantas, activistas exigen justicia por feminicidios en Michoac\u00e1n","author":"grieta","date":"18 febrero, 2020","format":false,"excerpt":"Colectivos de mujeres cubrieron con una manta la fuente de \"Las Tarascas\" con la leyenda 'M\u00e9xico feminicida', para exigir cese la brutalidad en contra de las mujeres. Rogelio Agust\u00edn Esteban y Jocelyn Estrada, Milenio Digital Guerrero y Michoac\u00e1n \/ 18.02.2020 Colectivos de mujeres cubrieron con mantas la emblem\u00e1tica fuente de\u2026","rel":"","context":"En &quot;CINTILLO&quot;","block_context":{"text":"CINTILLO","link":"http:\/\/www.grieta.org.mx\/index.php\/category\/cintillo\/"},"img":{"alt_text":"","src":"https:\/\/i0.wp.com\/www.grieta.org.mx\/wp-content\/uploads\/2020\/02\/colectivos-mujeres-cubrieron-mantas-emblematica_124_0_749_466.jpeg?resize=350%2C200","width":350,"height":200,"srcset":"https:\/\/i0.wp.com\/www.grieta.org.mx\/wp-content\/uploads\/2020\/02\/colectivos-mujeres-cubrieron-mantas-emblematica_124_0_749_466.jpeg?resize=350%2C200 1x, https:\/\/i0.wp.com\/www.grieta.org.mx\/wp-content\/uploads\/2020\/02\/colectivos-mujeres-cubrieron-mantas-emblematica_124_0_749_466.jpeg?resize=525%2C300 1.5x, https:\/\/i0.wp.com\/www.grieta.org.mx\/wp-content\/uploads\/2020\/02\/colectivos-mujeres-cubrieron-mantas-emblematica_124_0_749_466.jpeg?resize=700%2C400 2x"},"classes":[]},{"id":70371,"url":"http:\/\/www.grieta.org.mx\/index.php\/2024\/10\/19\/familias-desplazadas-por-el-crimen-organizado-en-michoacan-piden-ayuda-humanitaria\/","url_meta":{"origin":31419,"position":5},"title":"Familias desplazadas por el crimen organizado en Michoac\u00e1n piden ayuda humanitaria","author":"grieta","date":"19 octubre, 2024","format":false,"excerpt":"Seg\u00fan el colectivo Desaparecidos de la Costa y Feminicidios de Michoac\u00e1n, 242 habitantes han sido desplazados desde el 13 de agosto como consecuencia de la violencia criminal CIUDAD DE M\u00c9XICO (apro).- Evangelina Contreras, representante del colectivo Desaparecidos de la Costa y Feminicidios de Michoac\u00e1n (Decofem) lanz\u00f3 un llamado al gobierno\u2026","rel":"","context":"En &quot;CINTILLO&quot;","block_context":{"text":"CINTILLO","link":"http:\/\/www.grieta.org.mx\/index.php\/category\/cintillo\/"},"img":{"alt_text":"","src":"https:\/\/i0.wp.com\/www.grieta.org.mx\/wp-content\/uploads\/2024\/11\/f685x385-207266_244959_5050.jpg?resize=350%2C200","width":350,"height":200,"srcset":"https:\/\/i0.wp.com\/www.grieta.org.mx\/wp-content\/uploads\/2024\/11\/f685x385-207266_244959_5050.jpg?resize=350%2C200 1x, https:\/\/i0.wp.com\/www.grieta.org.mx\/wp-content\/uploads\/2024\/11\/f685x385-207266_244959_5050.jpg?resize=525%2C300 1.5x"},"classes":[]}],"_links":{"self":[{"href":"http:\/\/www.grieta.org.mx\/index.php\/wp-json\/wp\/v2\/posts\/31419","targetHints":{"allow":["GET"]}}],"collection":[{"href":"http:\/\/www.grieta.org.mx\/index.php\/wp-json\/wp\/v2\/posts"}],"about":[{"href":"http:\/\/www.grieta.org.mx\/index.php\/wp-json\/wp\/v2\/types\/post"}],"author":[{"embeddable":true,"href":"http:\/\/www.grieta.org.mx\/index.php\/wp-json\/wp\/v2\/users\/2"}],"replies":[{"embeddable":true,"href":"http:\/\/www.grieta.org.mx\/index.php\/wp-json\/wp\/v2\/comments?post=31419"}],"version-history":[{"count":1,"href":"http:\/\/www.grieta.org.mx\/index.php\/wp-json\/wp\/v2\/posts\/31419\/revisions"}],"predecessor-version":[{"id":31427,"href":"http:\/\/www.grieta.org.mx\/index.php\/wp-json\/wp\/v2\/posts\/31419\/revisions\/31427"}],"wp:featuredmedia":[{"embeddable":true,"href":"http:\/\/www.grieta.org.mx\/index.php\/wp-json\/wp\/v2\/media\/31422"}],"wp:attachment":[{"href":"http:\/\/www.grieta.org.mx\/index.php\/wp-json\/wp\/v2\/media?parent=31419"}],"wp:term":[{"taxonomy":"category","embeddable":true,"href":"http:\/\/www.grieta.org.mx\/index.php\/wp-json\/wp\/v2\/categories?post=31419"},{"taxonomy":"post_tag","embeddable":true,"href":"http:\/\/www.grieta.org.mx\/index.php\/wp-json\/wp\/v2\/tags?post=31419"}],"curies":[{"name":"wp","href":"https:\/\/api.w.org\/{rel}","templated":true}]}}