{"id":31409,"date":"2019-03-21T09:25:40","date_gmt":"2019-03-21T15:25:40","guid":{"rendered":"http:\/\/www.grieta.org.mx\/?p=31409"},"modified":"2019-03-31T10:53:44","modified_gmt":"2019-03-31T16:53:44","slug":"no-hay-arreglo-en-la-narro-rector-no-quiere-negociar-denuncia-el-sutuaaan-coahuila","status":"publish","type":"post","link":"http:\/\/www.grieta.org.mx\/index.php\/2019\/03\/21\/no-hay-arreglo-en-la-narro-rector-no-quiere-negociar-denuncia-el-sutuaaan-coahuila\/","title":{"rendered":"No hay arreglo en la Narro, rector no quiere negociar, denuncia el SUTUAAAN (Coahuila)"},"content":{"rendered":"<p><img loading=\"lazy\" decoding=\"async\" data-attachment-id=\"31410\" data-permalink=\"http:\/\/www.grieta.org.mx\/index.php\/2019\/03\/21\/no-hay-arreglo-en-la-narro-rector-no-quiere-negociar-denuncia-el-sutuaaan-coahuila\/huelga-la-narro\/\" data-orig-file=\"http:\/\/www.grieta.org.mx\/wp-content\/uploads\/2019\/03\/huelga-La-Narro.jpeg\" data-orig-size=\"700,394\" data-comments-opened=\"0\" data-image-meta=\"{&quot;aperture&quot;:&quot;0&quot;,&quot;credit&quot;:&quot;&quot;,&quot;camera&quot;:&quot;&quot;,&quot;caption&quot;:&quot;&quot;,&quot;created_timestamp&quot;:&quot;0&quot;,&quot;copyright&quot;:&quot;&quot;,&quot;focal_length&quot;:&quot;0&quot;,&quot;iso&quot;:&quot;0&quot;,&quot;shutter_speed&quot;:&quot;0&quot;,&quot;title&quot;:&quot;&quot;,&quot;orientation&quot;:&quot;0&quot;}\" data-image-title=\"huelga La Narro\" data-image-description=\"\" data-image-caption=\"\" data-medium-file=\"http:\/\/www.grieta.org.mx\/wp-content\/uploads\/2019\/03\/huelga-La-Narro-300x169.jpeg\" data-large-file=\"http:\/\/www.grieta.org.mx\/wp-content\/uploads\/2019\/03\/huelga-La-Narro.jpeg\" class=\"aligncenter size-medium wp-image-31410\" src=\"http:\/\/www.grieta.org.mx\/wp-content\/uploads\/2019\/03\/huelga-La-Narro-300x169.jpeg\" alt=\"\" width=\"600\" height=\"338\" srcset=\"http:\/\/www.grieta.org.mx\/wp-content\/uploads\/2019\/03\/huelga-La-Narro-300x169.jpeg 300w, http:\/\/www.grieta.org.mx\/wp-content\/uploads\/2019\/03\/huelga-La-Narro.jpeg 700w\" sizes=\"auto, (max-width: 600px) 100vw, 600px\" \/><\/p>\n<p>EL DEM\u00d3CRATA<br \/>\nSaltillo, Coah., 21 de marzo 2019.- Trabajadores de la UAAAN (Universidad Aut\u00f3noma Agraria Antonio Narro), contin\u00faan en huelga debido a que el rector Mario V\u00e1zquez Badillo se niega a llegar a un acuerdo conciliatorio, afirm\u00f3 Gustavo Lara, secretario general del Sindicato de esa casa de estudios.<\/p>\n<p>A trav\u00e9s de un comunicado a sus afiliados, el l\u00edder sindical asegur\u00f3 que no hay avances y el rector est\u00e1 empe\u00f1ado en que las autoridades laborales declaren ilegal el movimiento de huelga y apuesta a no pagar ni salarios ca\u00eddos, ni aumentos, ni bono, ni nada.<\/p>\n<p>Dijo que despu\u00e9s de que la Junta de Conciliaci\u00f3n insistiera en una conciliaci\u00f3n, a pesar de la postura del rector, el sindicato, con tal de contribuir a la conciliaci\u00f3n, dej\u00f3 en claro que no ceder\u00e1 en cuanto al pago del 100% de salarios ca\u00eddos y el pago del bono para todos los afiliados, adem\u00e1s se propuso que se otorgue \u00fanicamente un mill\u00f3n de pesos por este a\u00f1o para medicamentos, cediendo medio mill\u00f3n con el \u00e1nimo de mostrar voluntad para terminar el conflicto.<\/p>\n<p>Sin embargo, el rector lo que propone es 50% de salarios ca\u00eddos un d\u00eda despu\u00e9s de que se levante la huelga y el otro 50% cuando se elabore, se apruebe, se deposite y se aplique el reglamento interior del trabajo, entre otros reglamentos. Nada de bono, pues estallaron la huelga y ya no est\u00e1 dispuesto a concederlo.<\/p>\n<p>Ante esto, el dirigente sindical confi\u00f3 en que la autoridad labora resolver\u00e1 a favor de los trabajadores la existencia de huelga pues se cumplieron todos los requisitos legales, esto adem\u00e1s que la Junta sigue pidiendo que conciliemos aunque las autoridades universitarias se niegan a sentarse a dialogar y llegar a un acuerdo favorable para ambas partes.<\/p>\n<p>Por \u00faltimo, Gustavo Lara convoc\u00f3 a reuniones de agremiados una en la Unidad Laguna, ma\u00f1ana por la ma\u00f1ana y la otra el s\u00e1bado en Saltillo<\/p>\n<p><a href=\"https:\/\/democratacoahuila.com\/2019\/03\/21\/no-hay-arreglo-en-la-narro-rector-no-quiere-negociar-denuncia-el-sutuaaan\/\" target=\"_blank\" rel=\"noopener noreferrer\">https:\/\/democratacoahuila.com\/2019\/03\/21\/no-hay-arreglo-en-la-narro-rector-no-quiere-negociar-denuncia-el-sutuaaan\/<\/a><\/p>\n","protected":false},"excerpt":{"rendered":"<p>EL DEM\u00d3CRATA Saltillo, Coah., 21 de marzo 2019.- Trabajadores de la UAAAN (Universidad Aut\u00f3noma Agraria Antonio Narro), contin\u00faan en huelga debido a que el rector Mario V\u00e1zquez Badillo se niega &hellip; <a href=\"http:\/\/www.grieta.org.mx\/index.php\/2019\/03\/21\/no-hay-arreglo-en-la-narro-rector-no-quiere-negociar-denuncia-el-sutuaaan-coahuila\/\" class=\"more-link\">Leer m\u00e1s<\/a><\/p>\n","protected":false},"author":2,"featured_media":31410,"comment_status":"closed","ping_status":"closed","sticky":false,"template":"","format":"standard","meta":{"ngg_post_thumbnail":0,"_jetpack_newsletter_access":"","_jetpack_dont_email_post_to_subs":false,"_jetpack_newsletter_tier_id":0,"_jetpack_memberships_contains_paywalled_content":false,"_jetpack_memberships_contains_paid_content":false,"footnotes":""},"categories":[80,419,1389,2153,2],"tags":[2154,2390,2156,1920],"class_list":["post-31409","post","type-post","status-publish","format-standard","has-post-thumbnail","hentry","category-cintillo","category-coahuila","category-conflictos-laborales-en-coahuila","category-movilizaciones-en-la-universidad-agraria-de-coahuila","category-noticias-nacionales","tag-huelga-universidades","tag-trabajadores-universitarios","tag-universidad-agraria-de-coahuila","tag-universidades","entry"],"jetpack_featured_media_url":"http:\/\/www.grieta.org.mx\/wp-content\/uploads\/2019\/03\/huelga-La-Narro.jpeg","jetpack_sharing_enabled":true,"jetpack_shortlink":"https:\/\/wp.me\/p7ZJR4-8aB","jetpack_likes_enabled":false,"jetpack-related-posts":[{"id":32171,"url":"http:\/\/www.grieta.org.mx\/index.php\/2019\/04\/12\/seguira-sutuaaan-en-paro-en-la-narro-coahuila\/","url_meta":{"origin":31409,"position":0},"title":"Seguir\u00e1 Sutuaaan en paro en la Narro (Coahuila)","author":"grieta","date":"12 abril, 2019","format":false,"excerpt":"Jes\u00fas Castro\/Z\u00d3CALO Prev\u00e9n tres posibles escenarios Saltillo, Coah.- Gustavo Lara, l\u00edder del Sutuaaan, asegura que no han recibido notificaci\u00f3n de que la Junta Federal de Conciliaci\u00f3n y Arbitraje vaya a emitir un resultado sobre la legalidad o ilegalidad de la huelga, pero en caso de que as\u00ed sea, \u00e9l plantea\u2026","rel":"","context":"En &quot;CINTILLO&quot;","block_context":{"text":"CINTILLO","link":"http:\/\/www.grieta.org.mx\/index.php\/category\/cintillo\/"},"img":{"alt_text":"","src":"https:\/\/i0.wp.com\/www.grieta.org.mx\/wp-content\/uploads\/2019\/04\/narro.jpg?resize=350%2C200","width":350,"height":200,"srcset":"https:\/\/i0.wp.com\/www.grieta.org.mx\/wp-content\/uploads\/2019\/04\/narro.jpg?resize=350%2C200 1x, https:\/\/i0.wp.com\/www.grieta.org.mx\/wp-content\/uploads\/2019\/04\/narro.jpg?resize=525%2C300 1.5x"},"classes":[]},{"id":29432,"url":"http:\/\/www.grieta.org.mx\/index.php\/2019\/02\/21\/cuatro-universidades-publicas-en-huelga\/","url_meta":{"origin":31409,"position":1},"title":"Cuatro universidades p\u00fablicas en huelga","author":"grieta","date":"21 febrero, 2019","format":false,"excerpt":"Diario de M\u00e9xico M\u00e9xico.-Con la huelga instalada este jueves en la Universidad Aut\u00f3noma de Chapingo en el Estado de M\u00e9xico suman cuatro instituciones p\u00fablicas de educaci\u00f3n superior en todo el pa\u00eds, que detienen labores por negociaci\u00f3n salarial. La Universidad Aut\u00f3noma Benito Ju\u00e1rez de Oaxaca (UABJO), la Universidad Aut\u00f3noma Metropolitana (UAM)\u2026","rel":"","context":"En &quot;CINTILLO&quot;","block_context":{"text":"CINTILLO","link":"http:\/\/www.grieta.org.mx\/index.php\/category\/cintillo\/"},"img":{"alt_text":"","src":"https:\/\/i0.wp.com\/www.grieta.org.mx\/wp-content\/uploads\/2019\/02\/paro.jpg?resize=350%2C200","width":350,"height":200,"srcset":"https:\/\/i0.wp.com\/www.grieta.org.mx\/wp-content\/uploads\/2019\/02\/paro.jpg?resize=350%2C200 1x, https:\/\/i0.wp.com\/www.grieta.org.mx\/wp-content\/uploads\/2019\/02\/paro.jpg?resize=525%2C300 1.5x, https:\/\/i0.wp.com\/www.grieta.org.mx\/wp-content\/uploads\/2019\/02\/paro.jpg?resize=700%2C400 2x, https:\/\/i0.wp.com\/www.grieta.org.mx\/wp-content\/uploads\/2019\/02\/paro.jpg?resize=1050%2C600 3x"},"classes":[]},{"id":10658,"url":"http:\/\/www.grieta.org.mx\/index.php\/2016\/04\/19\/paran-labores-en-la-uaaan\/","url_meta":{"origin":31409,"position":2},"title":"Paran labores en la UAAAN","author":"grieta","date":"19 abril, 2016","format":false,"excerpt":"Exigen trabajadores cumplimiento del contrato colectivo M\u00e1s de 940 trabajadores pertenecientes al Sindicato Administrativo de la Universidad Aut\u00f3noma Agraria Antonio Narro (Sutuaaan), realizaron un paro de labores para presionar a las autoridades universitarias para reclamar una serie de incumplimientos al Contrato Colectivo de Trabajo. Leonardo Acosta M\u00e9ndez, secretario general de\u2026","rel":"","context":"En &quot;CINTILLO&quot;","block_context":{"text":"CINTILLO","link":"http:\/\/www.grieta.org.mx\/index.php\/category\/cintillo\/"},"img":{"alt_text":"","src":"https:\/\/i0.wp.com\/www.grieta.org.mx\/wp-content\/uploads\/2018\/03\/14524434_1106112876131411_958039263622046936_o.jpg?resize=350%2C200","width":350,"height":200,"srcset":"https:\/\/i0.wp.com\/www.grieta.org.mx\/wp-content\/uploads\/2018\/03\/14524434_1106112876131411_958039263622046936_o.jpg?resize=350%2C200 1x, https:\/\/i0.wp.com\/www.grieta.org.mx\/wp-content\/uploads\/2018\/03\/14524434_1106112876131411_958039263622046936_o.jpg?resize=525%2C300 1.5x, https:\/\/i0.wp.com\/www.grieta.org.mx\/wp-content\/uploads\/2018\/03\/14524434_1106112876131411_958039263622046936_o.jpg?resize=700%2C400 2x"},"classes":[]},{"id":3027,"url":"http:\/\/www.grieta.org.mx\/index.php\/2016\/02\/19\/se-paraliza-la-narro-por-crisis-en-pensiones-y-servicio-medico\/","url_meta":{"origin":31409,"position":3},"title":"Se paraliza la Narro por crisis en pensiones y servicio m\u00e9dico","author":"grieta","date":"19 febrero, 2016","format":false,"excerpt":"TORRE\u00d3N, COAH.- Miembros del Sindicato \u00danico de Trabajadores Acad\u00e9micos de la Universidad Aut\u00f3noma Agraria Antonio Narro unidad Laguna y Saltillo, hicieron un paro de labores el d\u00eda de hoy como medida de presi\u00f3n para que la Universidad d\u00e9 soluci\u00f3n a la problem\u00e1tica de pensiones y servicio m\u00e9dico que atraviesan. \u201cLa\u2026","rel":"","context":"En &quot;CINTILLO&quot;","block_context":{"text":"CINTILLO","link":"http:\/\/www.grieta.org.mx\/index.php\/category\/cintillo\/"},"img":{"alt_text":"","src":"https:\/\/i0.wp.com\/www.grieta.org.mx\/wp-content\/uploads\/2018\/03\/14524434_1106112876131411_958039263622046936_o.jpg?resize=350%2C200","width":350,"height":200,"srcset":"https:\/\/i0.wp.com\/www.grieta.org.mx\/wp-content\/uploads\/2018\/03\/14524434_1106112876131411_958039263622046936_o.jpg?resize=350%2C200 1x, https:\/\/i0.wp.com\/www.grieta.org.mx\/wp-content\/uploads\/2018\/03\/14524434_1106112876131411_958039263622046936_o.jpg?resize=525%2C300 1.5x, https:\/\/i0.wp.com\/www.grieta.org.mx\/wp-content\/uploads\/2018\/03\/14524434_1106112876131411_958039263622046936_o.jpg?resize=700%2C400 2x"},"classes":[]},{"id":6715,"url":"http:\/\/www.grieta.org.mx\/index.php\/2016\/09\/13\/conflictos-laborales-en-coahuila\/","url_meta":{"origin":31409,"position":4},"title":"Conflictos laborales en Coahuila","author":"grieta","date":"13 septiembre, 2016","format":false,"excerpt":"Alba\u00f1iles que construyen CEFERESO en Coahuila paran labores 12\/09\/16. Sigue el mal trato a alba\u00f1iles en Cefereso; no tienen servicio m\u00e9dico Vanguardia 02\/09\/16. Alba\u00f1iles levantan los muros del CEFERESO, desde su propia c\u00e1rcel Vanguardia Paran trabajadores de limpieza en Saltillo 13\/09\/16. Sin funcionar 30% de camiones de la basura El\u2026","rel":"","context":"En &quot;Coahuila&quot;","block_context":{"text":"Coahuila","link":"http:\/\/www.grieta.org.mx\/index.php\/category\/noticias-nacionales\/coahuila\/"},"img":{"alt_text":"","src":"https:\/\/i0.wp.com\/www.grieta.org.mx\/wp-content\/uploads\/2018\/03\/14524434_1106112876131411_958039263622046936_o.jpg?resize=350%2C200","width":350,"height":200,"srcset":"https:\/\/i0.wp.com\/www.grieta.org.mx\/wp-content\/uploads\/2018\/03\/14524434_1106112876131411_958039263622046936_o.jpg?resize=350%2C200 1x, https:\/\/i0.wp.com\/www.grieta.org.mx\/wp-content\/uploads\/2018\/03\/14524434_1106112876131411_958039263622046936_o.jpg?resize=525%2C300 1.5x, https:\/\/i0.wp.com\/www.grieta.org.mx\/wp-content\/uploads\/2018\/03\/14524434_1106112876131411_958039263622046936_o.jpg?resize=700%2C400 2x"},"classes":[]},{"id":590,"url":"http:\/\/www.grieta.org.mx\/index.php\/2016\/02\/12\/planta-rector-a-spauaz-stuaz-rechaza-huelga\/","url_meta":{"origin":31409,"position":5},"title":"Planta rector a SPAUAZ; STUAZ rechaza huelga","author":"grieta","date":"12 febrero, 2016","format":false,"excerpt":"Viernes, 12 de febrero de 2016 ABIGAIL SALINAS Zacatecas.- El rector de la Universidad Aut\u00f3noma de Zacatecas (UAZ), Armando Silva Ch\u00e1irez, falt\u00f3 a la cita programada este viernes con el delegado del Fovissste y miembros del SPAUAZ. El delegado del Fovissste, Eduardo Duarte Escare\u00f1o, refiri\u00f3 que se esperaba que el\u2026","rel":"","context":"En &quot;CINTILLO&quot;","block_context":{"text":"CINTILLO","link":"http:\/\/www.grieta.org.mx\/index.php\/category\/cintillo\/"},"img":{"alt_text":"","src":"https:\/\/i0.wp.com\/www.grieta.org.mx\/wp-content\/uploads\/2018\/03\/14524434_1106112876131411_958039263622046936_o.jpg?resize=350%2C200","width":350,"height":200,"srcset":"https:\/\/i0.wp.com\/www.grieta.org.mx\/wp-content\/uploads\/2018\/03\/14524434_1106112876131411_958039263622046936_o.jpg?resize=350%2C200 1x, https:\/\/i0.wp.com\/www.grieta.org.mx\/wp-content\/uploads\/2018\/03\/14524434_1106112876131411_958039263622046936_o.jpg?resize=525%2C300 1.5x, https:\/\/i0.wp.com\/www.grieta.org.mx\/wp-content\/uploads\/2018\/03\/14524434_1106112876131411_958039263622046936_o.jpg?resize=700%2C400 2x"},"classes":[]}],"_links":{"self":[{"href":"http:\/\/www.grieta.org.mx\/index.php\/wp-json\/wp\/v2\/posts\/31409","targetHints":{"allow":["GET"]}}],"collection":[{"href":"http:\/\/www.grieta.org.mx\/index.php\/wp-json\/wp\/v2\/posts"}],"about":[{"href":"http:\/\/www.grieta.org.mx\/index.php\/wp-json\/wp\/v2\/types\/post"}],"author":[{"embeddable":true,"href":"http:\/\/www.grieta.org.mx\/index.php\/wp-json\/wp\/v2\/users\/2"}],"replies":[{"embeddable":true,"href":"http:\/\/www.grieta.org.mx\/index.php\/wp-json\/wp\/v2\/comments?post=31409"}],"version-history":[{"count":1,"href":"http:\/\/www.grieta.org.mx\/index.php\/wp-json\/wp\/v2\/posts\/31409\/revisions"}],"predecessor-version":[{"id":31411,"href":"http:\/\/www.grieta.org.mx\/index.php\/wp-json\/wp\/v2\/posts\/31409\/revisions\/31411"}],"wp:featuredmedia":[{"embeddable":true,"href":"http:\/\/www.grieta.org.mx\/index.php\/wp-json\/wp\/v2\/media\/31410"}],"wp:attachment":[{"href":"http:\/\/www.grieta.org.mx\/index.php\/wp-json\/wp\/v2\/media?parent=31409"}],"wp:term":[{"taxonomy":"category","embeddable":true,"href":"http:\/\/www.grieta.org.mx\/index.php\/wp-json\/wp\/v2\/categories?post=31409"},{"taxonomy":"post_tag","embeddable":true,"href":"http:\/\/www.grieta.org.mx\/index.php\/wp-json\/wp\/v2\/tags?post=31409"}],"curies":[{"name":"wp","href":"https:\/\/api.w.org\/{rel}","templated":true}]}}