{"id":31363,"date":"2019-03-28T15:03:45","date_gmt":"2019-03-28T21:03:45","guid":{"rendered":"http:\/\/www.grieta.org.mx\/?p=31363"},"modified":"2019-03-28T23:07:28","modified_gmt":"2019-03-29T05:07:28","slug":"caos-en-san-felipe-marinos-disparan-a-pescadores-heridos-y-autos-incendiados-baja-california","status":"publish","type":"post","link":"http:\/\/www.grieta.org.mx\/index.php\/2019\/03\/28\/caos-en-san-felipe-marinos-disparan-a-pescadores-heridos-y-autos-incendiados-baja-california\/","title":{"rendered":"Caos en San Felipe: Marinos disparan a pescadores; heridos y autos incendiados (Baja California)"},"content":{"rendered":"<p>Lindero Norte.<\/p>\n<p>Jorge Heras<\/p>\n<div class=\"jetpack-video-wrapper\"><iframe loading=\"lazy\" title=\"Caos en San Felipe: Marinos disparan contra pescadores\" width=\"1170\" height=\"658\" src=\"https:\/\/www.youtube.com\/embed\/k7dq1hGdRXc?feature=oembed\" frameborder=\"0\" allow=\"accelerometer; autoplay; clipboard-write; encrypted-media; gyroscope; picture-in-picture\" allowfullscreen><\/iframe><\/div>\n<p>Mexicali.- Al menos tres personas lesionadas por disparos de arma de fuego fue el saldo de un enfrentaniento entre elementos de la Secretaria de Marina (Semar) contra pescadores del puerto de San Felipe.<\/p>\n<p>Los hechos ocurrieron alrededor de las 7:40 horas en la Avenida Mar de Java y Calle Acapulco, en la Segunda Secci\u00f3n del puerto, en donde marinos disparon en repetidas ocasiones contra un grupo de pescadores.<\/p>\n<p>El primer herido fue identificado como Enrique Garc\u00eda Sandez de 37 a\u00f1os de edad, quien present\u00f3 una lesi\u00f3n en brazo izquierdo, en pierna derecha (f\u00e9mur) y en el \u00e1rea de la cabeza a la altura de le cien.<\/p>\n<p>Garcia S\u00e1nchez fue trasladado al Hospital General de Mexicali, en donde fue reportado como grave.<\/p>\n<p>El otro lesionado es un menor de 17 a\u00f1os de edad de nombre Ricardo Zu\u00f1iga Lagarzi y el tercer herido es Rosa Mar\u00eda Zaragoza Gonz\u00e1lez de 65 a\u00f1os de edad.<\/p>\n<p>Tras el ataque, un grupo de pescadores se trasladaron al cuartel militar para manifestarse, pero terminaron incendiado pangas y automoviles estacionadoa en las instalaciones de la Marina.<\/p>\n<p>En varios momentos, un helic\u00f3ptero de la fuerza naval sobrevol\u00f3 la zona, lo que ocasion\u00f3 un nuevo enfrentamiento de pescadores con la autoridad militar, pero sin el uso de las armas.<\/p>\n<p><a href=\"https:\/\/linderonorte.com\/2019\/03\/28\/caos-en-san-felipe-marinos-disparan-a-pescadores-heridos-y-autos-incendiados\/\" rel=\"noopener noreferrer\" target=\"_blank\">https:\/\/linderonorte.com\/2019\/03\/28\/caos-en-san-felipe-marinos-disparan-a-pescadores-heridos-y-autos-incendiados\/<\/a><\/p>\n","protected":false},"excerpt":{"rendered":"<p>Lindero Norte. Jorge Heras Mexicali.- Al menos tres personas lesionadas por disparos de arma de fuego fue el saldo de un enfrentaniento entre elementos de la Secretaria de Marina (Semar) &hellip; <a href=\"http:\/\/www.grieta.org.mx\/index.php\/2019\/03\/28\/caos-en-san-felipe-marinos-disparan-a-pescadores-heridos-y-autos-incendiados-baja-california\/\" class=\"more-link\">Leer m\u00e1s<\/a><\/p>\n","protected":false},"author":2,"featured_media":21928,"comment_status":"closed","ping_status":"closed","sticky":false,"template":"","format":"standard","meta":{"ngg_post_thumbnail":0,"_jetpack_newsletter_access":"","_jetpack_dont_email_post_to_subs":false,"_jetpack_newsletter_tier_id":0,"_jetpack_memberships_contains_paywalled_content":false,"_jetpack_memberships_contains_paid_content":false,"footnotes":""},"categories":[5,80,1096,2],"tags":[],"class_list":["post-31363","post","type-post","status-publish","format-standard","has-post-thumbnail","hentry","category-baja-california","category-cintillo","category-criminalizacion-de-pesca-la-artesanal-en-baja-california","category-noticias-nacionales","entry"],"jetpack_featured_media_url":"http:\/\/www.grieta.org.mx\/wp-content\/uploads\/2018\/03\/14524434_1106112876131411_958039263622046936_o.jpg","jetpack_sharing_enabled":true,"jetpack_shortlink":"https:\/\/wp.me\/p7ZJR4-89R","jetpack_likes_enabled":false,"jetpack-related-posts":[{"id":31365,"url":"http:\/\/www.grieta.org.mx\/index.php\/2019\/03\/28\/la-semar-reconoce-que-hubo-un-disparo-accidental-en-choque-con-pescadores-en-san-felipe-hay-tres-heridos-baja-california\/","url_meta":{"origin":31363,"position":0},"title":"La Semar reconoce que hubo un disparo accidental en choque con pescadores en San Felipe; hay tres heridos  (Baja California)","author":"grieta","date":"28 marzo, 2019","format":false,"excerpt":"Proceso. Por Javier Cruz Aguirre, Ensenada, Baja California (apro).- La Secretar\u00eda de Marina (Semar) reconoci\u00f3 que en el enfrentamiento ocurrido esta tarde en San Felipe, Baja California, en una zona protegida de la vaquita marina, hubo un disparo accidental y como saldo otras personas lesionadas. Por la ma\u00f1ana, en un\u2026","rel":"","context":"En &quot;Baja California&quot;","block_context":{"text":"Baja California","link":"http:\/\/www.grieta.org.mx\/index.php\/category\/noticias-nacionales\/baja-california\/"},"img":{"alt_text":"","src":"https:\/\/i0.wp.com\/www.grieta.org.mx\/wp-content\/uploads\/2019\/03\/hy-1078x808.jpg?resize=350%2C200","width":350,"height":200,"srcset":"https:\/\/i0.wp.com\/www.grieta.org.mx\/wp-content\/uploads\/2019\/03\/hy-1078x808.jpg?resize=350%2C200 1x, https:\/\/i0.wp.com\/www.grieta.org.mx\/wp-content\/uploads\/2019\/03\/hy-1078x808.jpg?resize=525%2C300 1.5x, https:\/\/i0.wp.com\/www.grieta.org.mx\/wp-content\/uploads\/2019\/03\/hy-1078x808.jpg?resize=700%2C400 2x, https:\/\/i0.wp.com\/www.grieta.org.mx\/wp-content\/uploads\/2019\/03\/hy-1078x808.jpg?resize=1050%2C600 3x"},"classes":[]},{"id":22328,"url":"http:\/\/www.grieta.org.mx\/index.php\/2018\/03\/20\/se-enfrentan-pescadores-contra-autoridades-federales-en-san-felipe-baja-california\/","url_meta":{"origin":31363,"position":1},"title":"Se enfrentan pescadores contra autoridades federales en San Felipe (Baja California)","author":"grieta","date":"20 marzo, 2018","format":false,"excerpt":"Cristian Torres cenas de pescadores se enfrentaron con autoridades federales en San Felipe, luego de que en operativo en el que participaron elementos Secretar\u00eda de la Marina y Gendarmer\u00eda aseguraron una panga que en su interior hab\u00eda escamas de Totoaba. Seg\u00fan el reporte de la Direcci\u00f3n de Seguridad P\u00fablica Municipal\u2026","rel":"","context":"En &quot;Baja California&quot;","block_context":{"text":"Baja California","link":"http:\/\/www.grieta.org.mx\/index.php\/category\/noticias-nacionales\/baja-california\/"},"img":{"alt_text":"","src":"https:\/\/i0.wp.com\/www.grieta.org.mx\/wp-content\/uploads\/2018\/03\/37667ACD-247F-407C-8058-1BCA9D061B61.jpeg?resize=350%2C200","width":350,"height":200,"srcset":"https:\/\/i0.wp.com\/www.grieta.org.mx\/wp-content\/uploads\/2018\/03\/37667ACD-247F-407C-8058-1BCA9D061B61.jpeg?resize=350%2C200 1x, https:\/\/i0.wp.com\/www.grieta.org.mx\/wp-content\/uploads\/2018\/03\/37667ACD-247F-407C-8058-1BCA9D061B61.jpeg?resize=525%2C300 1.5x, https:\/\/i0.wp.com\/www.grieta.org.mx\/wp-content\/uploads\/2018\/03\/37667ACD-247F-407C-8058-1BCA9D061B61.jpeg?resize=700%2C400 2x"},"classes":[]},{"id":31811,"url":"http:\/\/www.grieta.org.mx\/index.php\/2019\/04\/06\/en-san-felipe-cronica-de-un-conflicto-anunciado-baja-california\/","url_meta":{"origin":31363,"position":2},"title":"En San Felipe,  cr\u00f3nica de un conflicto anunciado (Baja California)","author":"grieta","date":"6 abril, 2019","format":false,"excerpt":"4 Vientos. AL FILO DE LA NAVAJA. Por Ra\u00fal Ram\u00edrez Baena, Los incidentes ocurridos entre pobladores y pescadores del Puerto de San Felipe con las fuerzas armadas, tienen una profunda ra\u00edz cuyos or\u00edgenes tienen que ver con el olvido y la desatenci\u00f3n oficial que le han provocado una serie de\u2026","rel":"","context":"En &quot;Baja California&quot;","block_context":{"text":"Baja California","link":"http:\/\/www.grieta.org.mx\/index.php\/category\/noticias-nacionales\/baja-california\/"},"img":{"alt_text":"","src":"https:\/\/i0.wp.com\/www.grieta.org.mx\/wp-content\/uploads\/2019\/04\/SAN-FELIPE-REVUELTA-PESCADORES-VS-MARINA.jpg?resize=350%2C200","width":350,"height":200,"srcset":"https:\/\/i0.wp.com\/www.grieta.org.mx\/wp-content\/uploads\/2019\/04\/SAN-FELIPE-REVUELTA-PESCADORES-VS-MARINA.jpg?resize=350%2C200 1x, https:\/\/i0.wp.com\/www.grieta.org.mx\/wp-content\/uploads\/2019\/04\/SAN-FELIPE-REVUELTA-PESCADORES-VS-MARINA.jpg?resize=525%2C300 1.5x, https:\/\/i0.wp.com\/www.grieta.org.mx\/wp-content\/uploads\/2019\/04\/SAN-FELIPE-REVUELTA-PESCADORES-VS-MARINA.jpg?resize=700%2C400 2x"},"classes":[]},{"id":31222,"url":"http:\/\/www.grieta.org.mx\/index.php\/2019\/03\/25\/cansados-de-los-agravios-de-dos-administraciones-federales-pescadores-del-alto-golfo-de-california-romperan-veda-comercial\/","url_meta":{"origin":31363,"position":3},"title":"Cansados de los agravios de dos administraciones federales, pescadores del Alto Golfo de California romper\u00e1n veda comercial","author":"grieta","date":"25 marzo, 2019","format":false,"excerpt":"4 Vientos. Porque tienen m\u00e1s de 100 d\u00edas sin recibir el apoyo que Enrique Pe\u00f1a Nieto implement\u00f3 en 2015 para compensar la veda pesquera comercial en el Alto Golfo de California, y porque no fueron consultados por el nuevo gobierno federal para la creaci\u00f3n y puesta en marcha del Programa\u2026","rel":"","context":"En &quot;Baja California&quot;","block_context":{"text":"Baja California","link":"http:\/\/www.grieta.org.mx\/index.php\/category\/noticias-nacionales\/baja-california\/"},"img":{"alt_text":"","src":"https:\/\/i0.wp.com\/www.grieta.org.mx\/wp-content\/uploads\/2018\/03\/14524434_1106112876131411_958039263622046936_o.jpg?resize=350%2C200","width":350,"height":200,"srcset":"https:\/\/i0.wp.com\/www.grieta.org.mx\/wp-content\/uploads\/2018\/03\/14524434_1106112876131411_958039263622046936_o.jpg?resize=350%2C200 1x, https:\/\/i0.wp.com\/www.grieta.org.mx\/wp-content\/uploads\/2018\/03\/14524434_1106112876131411_958039263622046936_o.jpg?resize=525%2C300 1.5x, https:\/\/i0.wp.com\/www.grieta.org.mx\/wp-content\/uploads\/2018\/03\/14524434_1106112876131411_958039263622046936_o.jpg?resize=700%2C400 2x"},"classes":[]},{"id":41562,"url":"http:\/\/www.grieta.org.mx\/index.php\/2019\/11\/25\/sisal-arde-en-llamas-piden-justicia-para-pescadores-chocados-por-patrulla-naval-yucatan\/","url_meta":{"origin":31363,"position":4},"title":"Sisal arde en llamas: piden justicia para pescadores chocados por patrulla naval (Yucat\u00e1n)","author":"grieta","date":"25 noviembre, 2019","format":false,"excerpt":"Yucat\u00e1n Ahora Enardecidos vecinos de Sisal realizan desde hace algunas horas protestas en demanda de justicia para los pescadores embestidos por una patrulla interceptora de la Marina, a unos 13 kil\u00f3metros mar adentro. Los vecinos piden que les entreguen los cuerpos de los dos pescadores fallecidos y que se proceda\u2026","rel":"","context":"En &quot;Abuso Autoridades en Yucat\u00e1n&quot;","block_context":{"text":"Abuso Autoridades en Yucat\u00e1n","link":"http:\/\/www.grieta.org.mx\/index.php\/category\/noticias-nacionales\/yucatan\/abuso-autoridades-en-yucatan\/"},"img":{"alt_text":"","src":"https:\/\/i0.wp.com\/www.grieta.org.mx\/wp-content\/uploads\/2019\/11\/Sisal1-e1574817688976.png?resize=350%2C200","width":350,"height":200,"srcset":"https:\/\/i0.wp.com\/www.grieta.org.mx\/wp-content\/uploads\/2019\/11\/Sisal1-e1574817688976.png?resize=350%2C200 1x, https:\/\/i0.wp.com\/www.grieta.org.mx\/wp-content\/uploads\/2019\/11\/Sisal1-e1574817688976.png?resize=525%2C300 1.5x, https:\/\/i0.wp.com\/www.grieta.org.mx\/wp-content\/uploads\/2019\/11\/Sisal1-e1574817688976.png?resize=700%2C400 2x"},"classes":[]},{"id":56911,"url":"http:\/\/www.grieta.org.mx\/index.php\/2021\/02\/06\/sea-shepherd-un-poder-internacional-baja-california\/","url_meta":{"origin":31363,"position":5},"title":"Sea Shepherd: un poder internacional (Baja California)","author":"grieta","date":"6 febrero, 2021","format":false,"excerpt":"Proceso \/ Jesusa Cervantes. La senadora por Baja California, Alejandra Le\u00f3n, acusa que las acciones del gobierno y de Sea Shepherd no han logrado proteger especies en peligro como la Vaquita Marina, pero s\u00ed consiguieron criminalizar a los pescadores de San Felipe. SAN FELIPE, BC. (Proceso).- Despu\u00e9s de formar parte\u2026","rel":"","context":"En &quot;Baja California&quot;","block_context":{"text":"Baja California","link":"http:\/\/www.grieta.org.mx\/index.php\/category\/noticias-nacionales\/baja-california\/"},"img":{"alt_text":"","src":"https:\/\/i0.wp.com\/www.grieta.org.mx\/wp-content\/uploads\/2021\/02\/1-4.jpg?resize=350%2C200","width":350,"height":200,"srcset":"https:\/\/i0.wp.com\/www.grieta.org.mx\/wp-content\/uploads\/2021\/02\/1-4.jpg?resize=350%2C200 1x, https:\/\/i0.wp.com\/www.grieta.org.mx\/wp-content\/uploads\/2021\/02\/1-4.jpg?resize=525%2C300 1.5x, https:\/\/i0.wp.com\/www.grieta.org.mx\/wp-content\/uploads\/2021\/02\/1-4.jpg?resize=700%2C400 2x"},"classes":[]}],"_links":{"self":[{"href":"http:\/\/www.grieta.org.mx\/index.php\/wp-json\/wp\/v2\/posts\/31363","targetHints":{"allow":["GET"]}}],"collection":[{"href":"http:\/\/www.grieta.org.mx\/index.php\/wp-json\/wp\/v2\/posts"}],"about":[{"href":"http:\/\/www.grieta.org.mx\/index.php\/wp-json\/wp\/v2\/types\/post"}],"author":[{"embeddable":true,"href":"http:\/\/www.grieta.org.mx\/index.php\/wp-json\/wp\/v2\/users\/2"}],"replies":[{"embeddable":true,"href":"http:\/\/www.grieta.org.mx\/index.php\/wp-json\/wp\/v2\/comments?post=31363"}],"version-history":[{"count":1,"href":"http:\/\/www.grieta.org.mx\/index.php\/wp-json\/wp\/v2\/posts\/31363\/revisions"}],"predecessor-version":[{"id":31364,"href":"http:\/\/www.grieta.org.mx\/index.php\/wp-json\/wp\/v2\/posts\/31363\/revisions\/31364"}],"wp:featuredmedia":[{"embeddable":true,"href":"http:\/\/www.grieta.org.mx\/index.php\/wp-json\/wp\/v2\/media\/21928"}],"wp:attachment":[{"href":"http:\/\/www.grieta.org.mx\/index.php\/wp-json\/wp\/v2\/media?parent=31363"}],"wp:term":[{"taxonomy":"category","embeddable":true,"href":"http:\/\/www.grieta.org.mx\/index.php\/wp-json\/wp\/v2\/categories?post=31363"},{"taxonomy":"post_tag","embeddable":true,"href":"http:\/\/www.grieta.org.mx\/index.php\/wp-json\/wp\/v2\/tags?post=31363"}],"curies":[{"name":"wp","href":"https:\/\/api.w.org\/{rel}","templated":true}]}}