{"id":31356,"date":"2019-03-18T21:40:14","date_gmt":"2019-03-19T03:40:14","guid":{"rendered":"http:\/\/www.grieta.org.mx\/?p=31356"},"modified":"2019-03-28T22:07:56","modified_gmt":"2019-03-29T04:07:56","slug":"alertan-sobre-ola-de-despojos-de-mineras-y-petroleras-en-mexico","status":"publish","type":"post","link":"http:\/\/www.grieta.org.mx\/index.php\/2019\/03\/18\/alertan-sobre-ola-de-despojos-de-mineras-y-petroleras-en-mexico\/","title":{"rendered":"Alertan sobre ola de despojos de mineras y petroleras en M\u00e9xico"},"content":{"rendered":"<p><img loading=\"lazy\" decoding=\"async\" data-attachment-id=\"31359\" data-permalink=\"http:\/\/www.grieta.org.mx\/index.php\/2019\/03\/18\/alertan-sobre-ola-de-despojos-de-mineras-y-petroleras-en-mexico\/protesta_de_campesinos_contra_el_proyecto_tia_maria_en_cocachacra_perufoto_ap\/\" data-orig-file=\"http:\/\/www.grieta.org.mx\/wp-content\/uploads\/2019\/03\/protesta_de_campesinos_contra_el_proyecto_tia_maria_en_cocachacra_perufoto_ap.jpg\" data-orig-size=\"980,653\" data-comments-opened=\"0\" data-image-meta=\"{&quot;aperture&quot;:&quot;0&quot;,&quot;credit&quot;:&quot;&quot;,&quot;camera&quot;:&quot;&quot;,&quot;caption&quot;:&quot;&quot;,&quot;created_timestamp&quot;:&quot;0&quot;,&quot;copyright&quot;:&quot;&quot;,&quot;focal_length&quot;:&quot;0&quot;,&quot;iso&quot;:&quot;0&quot;,&quot;shutter_speed&quot;:&quot;0&quot;,&quot;title&quot;:&quot;&quot;,&quot;orientation&quot;:&quot;0&quot;}\" data-image-title=\"protesta_de_campesinos_contra_el_proyecto_tia_maria_en_cocachacra_perufoto_ap\" data-image-description=\"\" data-image-caption=\"\" data-medium-file=\"http:\/\/www.grieta.org.mx\/wp-content\/uploads\/2019\/03\/protesta_de_campesinos_contra_el_proyecto_tia_maria_en_cocachacra_perufoto_ap-300x200.jpg\" data-large-file=\"http:\/\/www.grieta.org.mx\/wp-content\/uploads\/2019\/03\/protesta_de_campesinos_contra_el_proyecto_tia_maria_en_cocachacra_perufoto_ap.jpg\" src=\"http:\/\/www.grieta.org.mx\/wp-content\/uploads\/2019\/03\/protesta_de_campesinos_contra_el_proyecto_tia_maria_en_cocachacra_perufoto_ap-300x200.jpg\" alt=\"\" width=\"702\" height=\"468\" class=\"aligncenter size-medium wp-image-31359\" srcset=\"http:\/\/www.grieta.org.mx\/wp-content\/uploads\/2019\/03\/protesta_de_campesinos_contra_el_proyecto_tia_maria_en_cocachacra_perufoto_ap-300x200.jpg 300w, http:\/\/www.grieta.org.mx\/wp-content\/uploads\/2019\/03\/protesta_de_campesinos_contra_el_proyecto_tia_maria_en_cocachacra_perufoto_ap-768x512.jpg 768w, http:\/\/www.grieta.org.mx\/wp-content\/uploads\/2019\/03\/protesta_de_campesinos_contra_el_proyecto_tia_maria_en_cocachacra_perufoto_ap-750x500.jpg 750w, http:\/\/www.grieta.org.mx\/wp-content\/uploads\/2019\/03\/protesta_de_campesinos_contra_el_proyecto_tia_maria_en_cocachacra_perufoto_ap.jpg 980w\" sizes=\"auto, (max-width: 702px) 100vw, 702px\" \/><\/p>\n<p>Redacci\u00f3n \/ Vanguardia<\/p>\n<p>Zacatecas, Zac., M\u00e1s de 2 mil comunidades rurales de cerca de 50 municipios de Chiapas, Oaxaca, Veracruz, Puebla, Guerrero, Chihuahua y San Luis Potos\u00ed se han declarado libres de miner\u00eda con acciones legales, no pol\u00edticas, inform\u00f3 Miguel Mijangos Mart\u00ednez, vocero de la Red Mexicana de Afectados por la Miner\u00eda (Rema).<\/p>\n<p>Esta reacci\u00f3n de las comunidades, dijo, se debe a la violencia y el despojo que han padecido en las dos d\u00e9cadas recientes. Cada vez m\u00e1s gente se enfrenta a empresas y gobiernos de corte neoliberal.<\/p>\n<p>Una de las entidades que m\u00e1s han padecido la violencia del extractivismo es Guerrero. Hay alrededor de 180 comunidades donde han ocurrido desplazamientos forzados, todos vinculados a la miner\u00eda, explic\u00f3.<\/p>\n<p>Adem\u00e1s, en Guerrero hay \u201cuna fuerte presencia del crimen organizado, que ya se incorpor\u00f3 a las estructuras de gobierno, y existe una disputa por el agua, por su agotamiento y contaminaci\u00f3n.<\/p>\n<p>Lo peor, advirti\u00f3 el vocero de la Rema, es que los pueblos y comunidades est\u00e1n por enfrentar una nueva oleada de despojo ante la fusi\u00f3n de trasnacionales mineras y petroleras.<\/p>\n<p>En Zacatecas, Grupo Frisco, de Carlos Slim, se uni\u00f3 a la canadiense Goldcorp (la estadunidense Newmont compr\u00f3 Goldcorp a mediados de 2018). El territorio y los bienes naturales quedan bajo control corporativo, advirti\u00f3.<\/p>\n<p>Sobre las expectativas que gener\u00f3 la nueva administraci\u00f3n federal en pueblos y comunidades que enfrentan a las trasnacionales (en el pa\u00eds hay m\u00e1s de 600 municipios con actividad minera), Mijangos Mart\u00ednez expuso: \u201cLa pol\u00edtica del gobierno federal tiene matices muy suaves. Si vemos el problema del modelo extractivo en su conjunto, la miner\u00eda, el agua, la biodiversidad, el fracking (fractura hidr\u00e1ulica), el gas\u2026 no hay cambios significativos. En la Rema pensamos que se reforzaron las posiciones de poder, porque ahora hay ex empresarios en cargos p\u00fablicos, (y eso es) una posici\u00f3n de ventaja\u201d en contra de las comunidades.<\/p>\n<p>Mencion\u00f3 los casos de Alfonso Romo, jefe de la oficina de la Presidencia, y del subdirector de minas, Francisco Quiroga Fern\u00e1ndez, ex funcionario de una acerera.<\/p>\n<p><strong>Alianza de trasnacionales<\/strong><\/p>\n<p>Destac\u00f3 que existe una alianza de facto entre trasnacionales mexicanas y canadienses y vemos un proceso in\u00e9dito de fusi\u00f3n. Si bien la globalizaci\u00f3n apostaba a la diversificaci\u00f3n de mercados, a partir de las fusiones corporativas empezamos a ver poderes diferentes.<\/p>\n<p>Las mineras, a\u00f1adi\u00f3 Mijangos Mart\u00ednez, diversificaron sus actividades desde el gobierno de Enrique Pe\u00f1a Nieto, como fue el caso de Goldcorp, que ya se hab\u00eda desincorporado parcialmente y gan\u00f3 algunas concesiones en la ronda uno en Chiapas para extraer petr\u00f3leo.<\/p>\n<p>Si encuentro carb\u00f3n, por ejemplo, ahora tambi\u00e9n puedo extraer el gas de esquisto asociado pr\u00e1cticamente con la misma concesi\u00f3n, s\u00f3lo dando un aviso.<\/p>\n<p>Sin embargo, hay muchos pueblos en luchas emblem\u00e1ticas en contra de varias corporaciones, por ejemplo, el municipio de Guadalc\u00e1zar, San Luis Potos\u00ed, donde 27 n\u00facleos agrarios se declararon territorio libre de miner\u00eda.<\/p>\n<p><a href=\"https:\/\/vanguardia.com.mx\/articulo\/alertan-sobrea-ola-de-despojos-de-mineras-y-petroleras-en-mexico\">https:\/\/vanguardia.com.mx\/articulo\/alertan-sobrea-ola-de-despojos-de-mineras-y-petroleras-en-mexico<\/a><\/p>\n","protected":false},"excerpt":{"rendered":"<p>Redacci\u00f3n \/ Vanguardia Zacatecas, Zac., M\u00e1s de 2 mil comunidades rurales de cerca de 50 municipios de Chiapas, Oaxaca, Veracruz, Puebla, Guerrero, Chihuahua y San Luis Potos\u00ed se han declarado &hellip; <a href=\"http:\/\/www.grieta.org.mx\/index.php\/2019\/03\/18\/alertan-sobre-ola-de-despojos-de-mineras-y-petroleras-en-mexico\/\" class=\"more-link\">Leer m\u00e1s<\/a><\/p>\n","protected":false},"author":2,"featured_media":31359,"comment_status":"closed","ping_status":"closed","sticky":false,"template":"","format":"standard","meta":{"ngg_post_thumbnail":0,"_jetpack_newsletter_access":"","_jetpack_dont_email_post_to_subs":false,"_jetpack_newsletter_tier_id":0,"_jetpack_memberships_contains_paywalled_content":false,"_jetpack_memberships_contains_paid_content":false,"footnotes":""},"categories":[80,1973,18,3,6,1008,2,76],"tags":[2216],"class_list":["post-31356","post","type-post","status-publish","format-standard","has-post-thumbnail","hentry","category-cintillo","category-conflictos-mineros-en-zacatecas","category-guerrero","category-megaproyectos","category-mineria","category-mineria-en-guerrero","category-noticias-nacionales","category-zacatecas","tag-conflictos-por-mineria","entry"],"jetpack_featured_media_url":"http:\/\/www.grieta.org.mx\/wp-content\/uploads\/2019\/03\/protesta_de_campesinos_contra_el_proyecto_tia_maria_en_cocachacra_perufoto_ap.jpg","jetpack_sharing_enabled":true,"jetpack_shortlink":"https:\/\/wp.me\/p7ZJR4-89K","jetpack_likes_enabled":false,"jetpack-related-posts":[{"id":29888,"url":"http:\/\/www.grieta.org.mx\/index.php\/2019\/03\/02\/mineria-y-energia-detonan-879-conflictos-en-mexico-los-ligan-al-crimen-empresas-y-gobiernos\/","url_meta":{"origin":31356,"position":0},"title":"Miner\u00eda y energ\u00eda detonan 879 conflictos en M\u00e9xico; los ligan al crimen, empresas y gobiernos","author":"grieta","date":"2 marzo, 2019","format":false,"excerpt":"Redacci\u00f3n\/SIN EMBARGO El informe realizado por Gisela Zaremberg (de Flacso) y Valeria Guarneros-Meza (de la inglesa Montfort University) detalla que en los conflictos derivados por proyectos mineros, las empresas m\u00e1s involucradas son: Grupo M\u00e9xico (con 30 casos registrados); Ternium (con 25); Goldcorp Inc (con 22); Grupo Frisco (con 18); Almaden\u2026","rel":"","context":"En &quot;Chihuahua&quot;","block_context":{"text":"Chihuahua","link":"http:\/\/www.grieta.org.mx\/index.php\/category\/noticias-nacionales\/chihuahua\/"},"img":{"alt_text":"","src":"https:\/\/i0.wp.com\/www.grieta.org.mx\/wp-content\/uploads\/2019\/03\/mapa-mineria.png?resize=350%2C200","width":350,"height":200,"srcset":"https:\/\/i0.wp.com\/www.grieta.org.mx\/wp-content\/uploads\/2019\/03\/mapa-mineria.png?resize=350%2C200 1x, https:\/\/i0.wp.com\/www.grieta.org.mx\/wp-content\/uploads\/2019\/03\/mapa-mineria.png?resize=525%2C300 1.5x, https:\/\/i0.wp.com\/www.grieta.org.mx\/wp-content\/uploads\/2019\/03\/mapa-mineria.png?resize=700%2C400 2x"},"classes":[]},{"id":29885,"url":"http:\/\/www.grieta.org.mx\/index.php\/2019\/02\/02\/lidera-mineria-conflictos-sociales-coahuila\/","url_meta":{"origin":31356,"position":1},"title":"Lidera miner\u00eda conflictos sociales (Coahuila)","author":"grieta","date":"2 febrero, 2019","format":false,"excerpt":"Coahuila es uno de los estados con hechos violentos asociados a proyectos mineros Coahuila es uno de los estados con hechos violentos asociados a la miner\u00eda, seg\u00fan el estudio. (ARCHIVO) EL SIGLO DE TORRE\u00d3N\/AGENCIAS En los \u00faltimos 12 a\u00f1os en M\u00e9xico se registraron al menos 879 conflictos sociales y ambientales\u2026","rel":"","context":"En &quot;Chihuahua&quot;","block_context":{"text":"Chihuahua","link":"http:\/\/www.grieta.org.mx\/index.php\/category\/noticias-nacionales\/chihuahua\/"},"img":{"alt_text":"","src":"https:\/\/i0.wp.com\/www.grieta.org.mx\/wp-content\/uploads\/2019\/03\/Minera-Coahuila.jpeg?resize=350%2C200","width":350,"height":200,"srcset":"https:\/\/i0.wp.com\/www.grieta.org.mx\/wp-content\/uploads\/2019\/03\/Minera-Coahuila.jpeg?resize=350%2C200 1x, https:\/\/i0.wp.com\/www.grieta.org.mx\/wp-content\/uploads\/2019\/03\/Minera-Coahuila.jpeg?resize=525%2C300 1.5x, https:\/\/i0.wp.com\/www.grieta.org.mx\/wp-content\/uploads\/2019\/03\/Minera-Coahuila.jpeg?resize=700%2C400 2x, https:\/\/i0.wp.com\/www.grieta.org.mx\/wp-content\/uploads\/2019\/03\/Minera-Coahuila.jpeg?resize=1050%2C600 3x, https:\/\/i0.wp.com\/www.grieta.org.mx\/wp-content\/uploads\/2019\/03\/Minera-Coahuila.jpeg?resize=1400%2C800 4x"},"classes":[]},{"id":40079,"url":"http:\/\/www.grieta.org.mx\/index.php\/2019\/10\/08\/mineria-y-sustentabilidad-ambiental-son-incompatibles-asegura-investigadora-de-la-unam-zacatecas\/","url_meta":{"origin":31356,"position":2},"title":"Miner\u00eda y sustentabilidad ambiental son incompatibles, asegura investigadora de la UNAM (Zacatecas)","author":"grieta","date":"8 octubre, 2019","format":false,"excerpt":"En las comunidades se reportan fuertes impactos negativos por la miner\u00eda, y a pesar de ello, el marco regulatorio no est\u00e1 a la par de la problem\u00e1tica \u00a0 Zacatecas, 8 de octubre de 2019 Creer que la miner\u00eda es sin\u00f3nimo de progreso y desarrollo es irrisorio; se deben tomar en\u2026","rel":"","context":"En &quot;CINTILLO&quot;","block_context":{"text":"CINTILLO","link":"http:\/\/www.grieta.org.mx\/index.php\/category\/cintillo\/"},"img":{"alt_text":"","src":"https:\/\/i0.wp.com\/www.grieta.org.mx\/wp-content\/uploads\/2019\/10\/coal-1626368_960_720.jpg?resize=350%2C200","width":350,"height":200,"srcset":"https:\/\/i0.wp.com\/www.grieta.org.mx\/wp-content\/uploads\/2019\/10\/coal-1626368_960_720.jpg?resize=350%2C200 1x, https:\/\/i0.wp.com\/www.grieta.org.mx\/wp-content\/uploads\/2019\/10\/coal-1626368_960_720.jpg?resize=525%2C300 1.5x"},"classes":[]},{"id":32322,"url":"http:\/\/www.grieta.org.mx\/index.php\/2019\/04\/14\/azotan-grupos-criminales-a-mineros-de-guerrero\/","url_meta":{"origin":31356,"position":3},"title":"Azotan grupos criminales a mineros de Guerrero","author":"grieta","date":"14 abril, 2019","format":false,"excerpt":"Redacci\u00f3n\/ Z\u00f3calo Guerrero.- El crimen organizado hall\u00f3 su veta de oro en las empresas mineras y sus proveedores, as\u00ed como en negocios, transporte p\u00fablico y hasta tienditas del llamado \"Cintur\u00f3n de Oro\", seg\u00fan reportes de organizaciones no gubernamentales y testimonios. Las minas de oro y plata que padecen las extorsiones\u2026","rel":"","context":"En &quot;CINTILLO&quot;","block_context":{"text":"CINTILLO","link":"http:\/\/www.grieta.org.mx\/index.php\/category\/cintillo\/"},"img":{"alt_text":"","src":"https:\/\/i0.wp.com\/www.grieta.org.mx\/wp-content\/uploads\/2019\/04\/Azota-crimen-a-minas-de-oro_680240-621x354.jpg?resize=350%2C200","width":350,"height":200,"srcset":"https:\/\/i0.wp.com\/www.grieta.org.mx\/wp-content\/uploads\/2019\/04\/Azota-crimen-a-minas-de-oro_680240-621x354.jpg?resize=350%2C200 1x, https:\/\/i0.wp.com\/www.grieta.org.mx\/wp-content\/uploads\/2019\/04\/Azota-crimen-a-minas-de-oro_680240-621x354.jpg?resize=525%2C300 1.5x"},"classes":[]},{"id":29825,"url":"http:\/\/www.grieta.org.mx\/index.php\/2019\/02\/28\/mineria-violenta-regiones-en-oaxaca\/","url_meta":{"origin":31356,"position":4},"title":"Miner\u00eda violenta regiones en Oaxaca","author":"grieta","date":"28 febrero, 2019","format":false,"excerpt":"Noticias. Por Agencia Reforma, Miner\u00eda crea conflictos en comunidades. Ciudad de M\u00e9xico 27-Feb-2019.-En los \u00faltimos 12 a\u00f1os, en M\u00e9xico se registraron al menos 879 conflictos sociales y ambientales en torno a 304 proyectos asociados a la miner\u00eda, principalmente, extracci\u00f3n de hidrocarburos, hidroel\u00e9ctricas y e\u00f3licas, concluye un mapeo de Flacso-M\u00e9xico, Montfort\u2026","rel":"","context":"En &quot;CINTILLO&quot;","block_context":{"text":"CINTILLO","link":"http:\/\/www.grieta.org.mx\/index.php\/category\/cintillo\/"},"img":{"alt_text":"","src":"https:\/\/i0.wp.com\/www.grieta.org.mx\/wp-content\/uploads\/2019\/03\/image_38_292.jpg?resize=350%2C200","width":350,"height":200,"srcset":"https:\/\/i0.wp.com\/www.grieta.org.mx\/wp-content\/uploads\/2019\/03\/image_38_292.jpg?resize=350%2C200 1x, https:\/\/i0.wp.com\/www.grieta.org.mx\/wp-content\/uploads\/2019\/03\/image_38_292.jpg?resize=525%2C300 1.5x, https:\/\/i0.wp.com\/www.grieta.org.mx\/wp-content\/uploads\/2019\/03\/image_38_292.jpg?resize=700%2C400 2x, https:\/\/i0.wp.com\/www.grieta.org.mx\/wp-content\/uploads\/2019\/03\/image_38_292.jpg?resize=1050%2C600 3x"},"classes":[]},{"id":70975,"url":"http:\/\/www.grieta.org.mx\/index.php\/2025\/01\/30\/comunidades-de-zacatecas-denuncian-nuevas-presiones-para-imponer-la-presa-milpillas\/","url_meta":{"origin":31356,"position":5},"title":"Comunidades de Zacatecas denuncian nuevas presiones para imponer la Presa Milpillas","author":"grieta","date":"30 enero, 2025","format":false,"excerpt":"Organizaciones y pobladores del R\u00edo Atenco rechazan la reactivaci\u00f3n de la la Presa Milpillas, denuncian manipulaci\u00f3n y exigen respeto a su territorio. Por Mario Marlo \/ @Mariomarlo Zona Docs 30 de enero de 2025 Zacatecas, M\u00e9xico.- Las comunidades del R\u00edo Atenco, en Zacatecas, volvieron a encender las alertas ante la\u2026","rel":"","context":"En &quot;CINTILLO&quot;","block_context":{"text":"CINTILLO","link":"http:\/\/www.grieta.org.mx\/index.php\/category\/cintillo\/"},"img":{"alt_text":"","src":"https:\/\/i0.wp.com\/www.grieta.org.mx\/wp-content\/uploads\/2025\/02\/Teul-9-696x462-1.jpg?resize=350%2C200","width":350,"height":200,"srcset":"https:\/\/i0.wp.com\/www.grieta.org.mx\/wp-content\/uploads\/2025\/02\/Teul-9-696x462-1.jpg?resize=350%2C200 1x, https:\/\/i0.wp.com\/www.grieta.org.mx\/wp-content\/uploads\/2025\/02\/Teul-9-696x462-1.jpg?resize=525%2C300 1.5x"},"classes":[]}],"_links":{"self":[{"href":"http:\/\/www.grieta.org.mx\/index.php\/wp-json\/wp\/v2\/posts\/31356","targetHints":{"allow":["GET"]}}],"collection":[{"href":"http:\/\/www.grieta.org.mx\/index.php\/wp-json\/wp\/v2\/posts"}],"about":[{"href":"http:\/\/www.grieta.org.mx\/index.php\/wp-json\/wp\/v2\/types\/post"}],"author":[{"embeddable":true,"href":"http:\/\/www.grieta.org.mx\/index.php\/wp-json\/wp\/v2\/users\/2"}],"replies":[{"embeddable":true,"href":"http:\/\/www.grieta.org.mx\/index.php\/wp-json\/wp\/v2\/comments?post=31356"}],"version-history":[{"count":1,"href":"http:\/\/www.grieta.org.mx\/index.php\/wp-json\/wp\/v2\/posts\/31356\/revisions"}],"predecessor-version":[{"id":31360,"href":"http:\/\/www.grieta.org.mx\/index.php\/wp-json\/wp\/v2\/posts\/31356\/revisions\/31360"}],"wp:featuredmedia":[{"embeddable":true,"href":"http:\/\/www.grieta.org.mx\/index.php\/wp-json\/wp\/v2\/media\/31359"}],"wp:attachment":[{"href":"http:\/\/www.grieta.org.mx\/index.php\/wp-json\/wp\/v2\/media?parent=31356"}],"wp:term":[{"taxonomy":"category","embeddable":true,"href":"http:\/\/www.grieta.org.mx\/index.php\/wp-json\/wp\/v2\/categories?post=31356"},{"taxonomy":"post_tag","embeddable":true,"href":"http:\/\/www.grieta.org.mx\/index.php\/wp-json\/wp\/v2\/tags?post=31356"}],"curies":[{"name":"wp","href":"https:\/\/api.w.org\/{rel}","templated":true}]}}