{"id":31312,"date":"2019-03-19T02:03:22","date_gmt":"2019-03-19T08:03:22","guid":{"rendered":"http:\/\/www.grieta.org.mx\/?p=31312"},"modified":"2019-03-28T02:07:57","modified_gmt":"2019-03-28T08:07:57","slug":"en-poco-mas-de-2-anos-slp-registra-90-feminicidios-san-luis-potosi","status":"publish","type":"post","link":"http:\/\/www.grieta.org.mx\/index.php\/2019\/03\/19\/en-poco-mas-de-2-anos-slp-registra-90-feminicidios-san-luis-potosi\/","title":{"rendered":"EN POCO M\u00c1S DE 2 A\u00d1OS, SLP REGISTRA 90 FEMINICIDIOS (San Luis Potos\u00ed)"},"content":{"rendered":"<p><img loading=\"lazy\" decoding=\"async\" data-attachment-id=\"31313\" data-permalink=\"http:\/\/www.grieta.org.mx\/index.php\/2019\/03\/19\/en-poco-mas-de-2-anos-slp-registra-90-feminicidios-san-luis-potosi\/en-poco-mas-de-2-anos-slp-registra-90-feminicidios-slp-mzo\/\" data-orig-file=\"http:\/\/www.grieta.org.mx\/wp-content\/uploads\/2019\/03\/EN-POCO-M\u00c1S-DE-2-A\u00d1OS-SLP-REGISTRA-90-FEMINICIDIOS-slp-mzo.png\" data-orig-size=\"638,424\" data-comments-opened=\"0\" data-image-meta=\"{&quot;aperture&quot;:&quot;0&quot;,&quot;credit&quot;:&quot;&quot;,&quot;camera&quot;:&quot;&quot;,&quot;caption&quot;:&quot;&quot;,&quot;created_timestamp&quot;:&quot;0&quot;,&quot;copyright&quot;:&quot;&quot;,&quot;focal_length&quot;:&quot;0&quot;,&quot;iso&quot;:&quot;0&quot;,&quot;shutter_speed&quot;:&quot;0&quot;,&quot;title&quot;:&quot;&quot;,&quot;orientation&quot;:&quot;0&quot;}\" data-image-title=\"EN POCO M\u00c1S DE 2 A\u00d1OS, SLP REGISTRA 90 FEMINICIDIOS slp mzo\" data-image-description=\"\" data-image-caption=\"\" data-medium-file=\"http:\/\/www.grieta.org.mx\/wp-content\/uploads\/2019\/03\/EN-POCO-M\u00c1S-DE-2-A\u00d1OS-SLP-REGISTRA-90-FEMINICIDIOS-slp-mzo-300x199.png\" data-large-file=\"http:\/\/www.grieta.org.mx\/wp-content\/uploads\/2019\/03\/EN-POCO-M\u00c1S-DE-2-A\u00d1OS-SLP-REGISTRA-90-FEMINICIDIOS-slp-mzo.png\" class=\"aligncenter  wp-image-31313\" src=\"http:\/\/www.grieta.org.mx\/wp-content\/uploads\/2019\/03\/EN-POCO-M\u00c1S-DE-2-A\u00d1OS-SLP-REGISTRA-90-FEMINICIDIOS-slp-mzo-300x199.png\" alt=\"\" width=\"427\" height=\"283\" srcset=\"http:\/\/www.grieta.org.mx\/wp-content\/uploads\/2019\/03\/EN-POCO-M\u00c1S-DE-2-A\u00d1OS-SLP-REGISTRA-90-FEMINICIDIOS-slp-mzo-300x199.png 300w, http:\/\/www.grieta.org.mx\/wp-content\/uploads\/2019\/03\/EN-POCO-M\u00c1S-DE-2-A\u00d1OS-SLP-REGISTRA-90-FEMINICIDIOS-slp-mzo.png 638w\" sizes=\"auto, (max-width: 427px) 100vw, 427px\" \/><br \/>\nOmar Ni\u00f1o<\/p>\n<p>La Alerta de de G\u00e9nero Contra Las Mujeres en San Luis Potos\u00ed ha sido un fracaso, se\u00f1al\u00f3 en rueda de prensa el Presidente de la Comisi\u00f3n Estatal de Derechos Humanos Jorge Andr\u00e9s L\u00f3pez Espinoza.<\/p>\n<p>El Ombudsman inform\u00f3 que en el 2017 hubo 34 muertes violentas en el 2018 aumento a 50, en este a\u00f1o van seis, anunci\u00f3 solicitaran a la Secretaria de Gobernaci\u00f3n la ampliaci\u00f3n para otros tres municipios que ser\u00edan Ciudad Fern\u00e1ndez San Ciro de Acosta, y R\u00edoverde.<\/p>\n<p>Dio a conocer los municipios con mayor n\u00famero de muertes violentas de mujeres, y son la capital del Estado, Matehuala, Soledad de Graciano S\u00e1nchez, R\u00edoverde, Tamasopo, Villa de Arriaga, Villa de Zaragoza, \u00c9bano, Ciudad Valles, Tamazunchale, Ahualulco, Ciudad Fern\u00e1ndez Villa de Reyes y Tamu\u00edn.<\/p>\n<p>Se dio a conocer que el mayor n\u00famero de muertes violentas han sido por disparo de arma de fuego con 16 casos, 10 con cuchillo, 7 utilizando la fuerza, 4 casos por ahorcamiento y en tres casos aparecieron desmembradas.<\/p>\n<p><a href=\"https:\/\/www.omarnino.mx\/2019\/03\/19\/en-poco-mas-de-2-anos-slp-registra-90-feminicidios\/\" target=\"_blank\" rel=\"noopener noreferrer\">https:\/\/www.omarnino.mx\/2019\/03\/19\/en-poco-mas-de-2-anos-slp-registra-90-feminicidios\/<\/a><\/p>\n","protected":false},"excerpt":{"rendered":"<p>Omar Ni\u00f1o La Alerta de de G\u00e9nero Contra Las Mujeres en San Luis Potos\u00ed ha sido un fracaso, se\u00f1al\u00f3 en rueda de prensa el Presidente de la Comisi\u00f3n Estatal de &hellip; <a href=\"http:\/\/www.grieta.org.mx\/index.php\/2019\/03\/19\/en-poco-mas-de-2-anos-slp-registra-90-feminicidios-san-luis-potosi\/\" class=\"more-link\">Leer m\u00e1s<\/a><\/p>\n","protected":false},"author":2,"featured_media":31313,"comment_status":"closed","ping_status":"closed","sticky":false,"template":"","format":"standard","meta":{"ngg_post_thumbnail":0,"_jetpack_newsletter_access":"","_jetpack_dont_email_post_to_subs":false,"_jetpack_newsletter_tier_id":0,"_jetpack_memberships_contains_paywalled_content":false,"_jetpack_memberships_contains_paid_content":false,"footnotes":""},"categories":[80,84,1284,2,141,29,83,1519],"tags":[1223,2385,753,2286],"class_list":{"0":"post-31312","1":"post","2":"type-post","3":"status-publish","4":"format-standard","5":"has-post-thumbnail","6":"hentry","7":"category-cintillo","8":"category-feminicidios","9":"category-feminicidios-en-san-luis-potosi","10":"category-noticias-nacionales","11":"category-san-luis-potosi","13":"category-temas-nacionales","14":"category-violencia-contra-las-mujeres-en-san-luis-potosi","15":"tag-alerta-de-genero","16":"tag-cedh","17":"tag-feminicidio","18":"tag-violencia-contra-la-mujer","19":"entry"},"jetpack_featured_media_url":"http:\/\/www.grieta.org.mx\/wp-content\/uploads\/2019\/03\/EN-POCO-M\u00c1S-DE-2-A\u00d1OS-SLP-REGISTRA-90-FEMINICIDIOS-slp-mzo.png","jetpack_sharing_enabled":true,"jetpack_shortlink":"https:\/\/wp.me\/p7ZJR4-892","jetpack_likes_enabled":false,"jetpack-related-posts":[{"id":59095,"url":"http:\/\/www.grieta.org.mx\/index.php\/2021\/04\/27\/con-datos-periodisticos-crean-mapa-de-feminicidios-en-san-luis-potosi\/","url_meta":{"origin":31312,"position":0},"title":"Con datos period\u00edsticos, crean mapa de feminicidios en San Luis Potos\u00ed","author":"grieta","date":"27 abril, 2021","format":false,"excerpt":"Redacci\u00f3n\/El Universal San Luis Potos\u00ed 27 abril 2021 En un esfuerzo entre el medio independiente \u201cLa Alcantarilla\u201d y el creador de software \u201cUxmal Soft\u201d se han contabilizado las muertes violentas de mujeres en San Luis Potos\u00ed en un mapa interactivo que recopila datos de 2018 a la segunda semana de\u2026","rel":"","context":"En &quot;CINTILLO&quot;","block_context":{"text":"CINTILLO","link":"http:\/\/www.grieta.org.mx\/index.php\/category\/cintillo\/"},"img":{"alt_text":"","src":"https:\/\/i0.wp.com\/www.grieta.org.mx\/wp-content\/uploads\/2021\/04\/tiras.png?resize=350%2C200","width":350,"height":200,"srcset":"https:\/\/i0.wp.com\/www.grieta.org.mx\/wp-content\/uploads\/2021\/04\/tiras.png?resize=350%2C200 1x, https:\/\/i0.wp.com\/www.grieta.org.mx\/wp-content\/uploads\/2021\/04\/tiras.png?resize=525%2C300 1.5x"},"classes":[]},{"id":33494,"url":"http:\/\/www.grieta.org.mx\/index.php\/2019\/05\/15\/asesinadas-15-mujeres-en-2019-san-luis-potosi\/","url_meta":{"origin":31312,"position":1},"title":"Asesinadas 15 mujeres, en 2019 (San Luis Potos\u00ed)","author":"grieta","date":"15 mayo, 2019","format":false,"excerpt":"Leopoldo Pacheco \/ Plano Informativo No se sabe si por el calor, el deterioro del poder adquisitivo o la descomposici\u00f3n social emanada de la violencia sin freno que invade las redes sociales, pero lo cierto es que la violencia feminicida se ha recrudecido y m\u00e1s mujeres mueren a manos, mayormente,\u2026","rel":"","context":"En &quot;CINTILLO&quot;","block_context":{"text":"CINTILLO","link":"http:\/\/www.grieta.org.mx\/index.php\/category\/cintillo\/"},"img":{"alt_text":"","src":"https:\/\/i0.wp.com\/www.grieta.org.mx\/wp-content\/uploads\/2019\/05\/Asesinadas-15-mujeres-en-2019-slp-may.png?resize=350%2C200","width":350,"height":200,"srcset":"https:\/\/i0.wp.com\/www.grieta.org.mx\/wp-content\/uploads\/2019\/05\/Asesinadas-15-mujeres-en-2019-slp-may.png?resize=350%2C200 1x, https:\/\/i0.wp.com\/www.grieta.org.mx\/wp-content\/uploads\/2019\/05\/Asesinadas-15-mujeres-en-2019-slp-may.png?resize=525%2C300 1.5x, https:\/\/i0.wp.com\/www.grieta.org.mx\/wp-content\/uploads\/2019\/05\/Asesinadas-15-mujeres-en-2019-slp-may.png?resize=700%2C400 2x"},"classes":[]},{"id":31294,"url":"http:\/\/www.grieta.org.mx\/index.php\/2019\/03\/27\/slp-registra-el-primer-trimestre-del-ano-7-feminicidios-san-luis-potosi\/","url_meta":{"origin":31312,"position":2},"title":"SLP registra el primer trimestre del a\u00f1o 7 feminicidios (San Luis Potos\u00ed)","author":"grieta","date":"27 marzo, 2019","format":false,"excerpt":"Mayra Trist\u00e1n \/ El Sol de San Luis En lo que va del a\u00f1o se han registrado ocho muertes violentas de mujeres, de las cuales siete han sido clasificadas como feminicidio En lo que va del a\u00f1o se han registrado ocho muertes violentas de mujeres, de las cuales siete han\u2026","rel":"","context":"En &quot;CINTILLO&quot;","block_context":{"text":"CINTILLO","link":"http:\/\/www.grieta.org.mx\/index.php\/category\/cintillo\/"},"img":{"alt_text":"","src":"https:\/\/i0.wp.com\/www.grieta.org.mx\/wp-content\/uploads\/2019\/03\/SLP-registra-el-primer-trimestre-del-a%C3%B1o-7-feminicidios-slp-mzo.jpg?resize=350%2C200","width":350,"height":200,"srcset":"https:\/\/i0.wp.com\/www.grieta.org.mx\/wp-content\/uploads\/2019\/03\/SLP-registra-el-primer-trimestre-del-a%C3%B1o-7-feminicidios-slp-mzo.jpg?resize=350%2C200 1x, https:\/\/i0.wp.com\/www.grieta.org.mx\/wp-content\/uploads\/2019\/03\/SLP-registra-el-primer-trimestre-del-a%C3%B1o-7-feminicidios-slp-mzo.jpg?resize=525%2C300 1.5x, https:\/\/i0.wp.com\/www.grieta.org.mx\/wp-content\/uploads\/2019\/03\/SLP-registra-el-primer-trimestre-del-a%C3%B1o-7-feminicidios-slp-mzo.jpg?resize=700%2C400 2x"},"classes":[]},{"id":30559,"url":"http:\/\/www.grieta.org.mx\/index.php\/2019\/03\/11\/preocupa-en-matehuala-indice-de-feminicidios-san-luis-potosi\/","url_meta":{"origin":31312,"position":3},"title":"Preocupa en Matehuala, \u00edndice de feminicidios (San Luis Potos\u00ed)","author":"grieta","date":"11 marzo, 2019","format":false,"excerpt":"Alejandra M\u00e9ndez \/ El Sol de San Luis Como primera actividad de la red, en conmemoraci\u00f3n del 8 de marzo, se emprendi\u00f3 un taller de de defensa personal dirigido a las mujeres Un grupo profesionistas de la Universidad de Matehuala, se integraron para conformar la red de mujeres al servicio\u2026","rel":"","context":"En &quot;CINTILLO&quot;","block_context":{"text":"CINTILLO","link":"http:\/\/www.grieta.org.mx\/index.php\/category\/cintillo\/"},"img":{"alt_text":"","src":"https:\/\/i0.wp.com\/www.grieta.org.mx\/wp-content\/uploads\/2019\/03\/Preocupa-en-Matehuala-%C3%ADndice-de-feminicidios-slp-mzo.jpg?resize=350%2C200","width":350,"height":200,"srcset":"https:\/\/i0.wp.com\/www.grieta.org.mx\/wp-content\/uploads\/2019\/03\/Preocupa-en-Matehuala-%C3%ADndice-de-feminicidios-slp-mzo.jpg?resize=350%2C200 1x, https:\/\/i0.wp.com\/www.grieta.org.mx\/wp-content\/uploads\/2019\/03\/Preocupa-en-Matehuala-%C3%ADndice-de-feminicidios-slp-mzo.jpg?resize=525%2C300 1.5x, https:\/\/i0.wp.com\/www.grieta.org.mx\/wp-content\/uploads\/2019\/03\/Preocupa-en-Matehuala-%C3%ADndice-de-feminicidios-slp-mzo.jpg?resize=700%2C400 2x"},"classes":[]},{"id":8751,"url":"http:\/\/www.grieta.org.mx\/index.php\/2016\/08\/10\/feminicidios-en-san-luis-potosi\/","url_meta":{"origin":31312,"position":4},"title":"Feminicidios en San Luis Potos\u00ed","author":"grieta","date":"10 agosto, 2016","format":false,"excerpt":"09\/08\/16. Inmujeres y asociaciones critican fallida estrategia contra la violencia de g\u00e9nero en SLPLa Jornada San Luis 20\/06\/16. Violencia contra la mujer en SLPPlano Informativo 10\/05\/16. En San Luis Potos\u00ed. 171 feminicidios en 5 a\u00f1osAstrolabio 18\/01\/16. Feminicidio en Alaquines Plano Informativo 13\/11\/15. Feminicidios en SLP: Ausencia de protocolos, casos olvidados,\u2026","rel":"","context":"En &quot;Feminicidios&quot;","block_context":{"text":"Feminicidios","link":"http:\/\/www.grieta.org.mx\/index.php\/category\/temas-nacionales\/feminicidios\/"},"img":{"alt_text":"","src":"https:\/\/i0.wp.com\/www.grieta.org.mx\/wp-content\/uploads\/2018\/03\/14524434_1106112876131411_958039263622046936_o.jpg?resize=350%2C200","width":350,"height":200,"srcset":"https:\/\/i0.wp.com\/www.grieta.org.mx\/wp-content\/uploads\/2018\/03\/14524434_1106112876131411_958039263622046936_o.jpg?resize=350%2C200 1x, https:\/\/i0.wp.com\/www.grieta.org.mx\/wp-content\/uploads\/2018\/03\/14524434_1106112876131411_958039263622046936_o.jpg?resize=525%2C300 1.5x, https:\/\/i0.wp.com\/www.grieta.org.mx\/wp-content\/uploads\/2018\/03\/14524434_1106112876131411_958039263622046936_o.jpg?resize=700%2C400 2x"},"classes":[]},{"id":28627,"url":"http:\/\/www.grieta.org.mx\/index.php\/2019\/01\/28\/feminicidios-y-violaciones-azotan-a-slp-san-luis-potosi\/","url_meta":{"origin":31312,"position":5},"title":"Feminicidios y violaciones azotan a SLP (San Luis Potos\u00ed)","author":"grieta","date":"28 enero, 2019","format":false,"excerpt":"Jaime Hern\u00e1ndez \/ Pulso En ambos delitos, la entidad se ubic\u00f3 entre los diez estados con mayor incidencia del pa\u00eds Durante 2018, 93 potosinas fueron v\u00edctimas de homicidio. De esos cr\u00edmenes, 27 fueron considerados como feminicidios, ubicando a San Luis Potos\u00ed en el d\u00e9cimo lugar entre los estados con mayor\u2026","rel":"","context":"En &quot;CINTILLO&quot;","block_context":{"text":"CINTILLO","link":"http:\/\/www.grieta.org.mx\/index.php\/category\/cintillo\/"},"img":{"alt_text":"","src":"https:\/\/i0.wp.com\/www.grieta.org.mx\/wp-content\/uploads\/2019\/01\/Feminicidios-y-violaciones-azotan-a-SLP.jpg?resize=350%2C200","width":350,"height":200,"srcset":"https:\/\/i0.wp.com\/www.grieta.org.mx\/wp-content\/uploads\/2019\/01\/Feminicidios-y-violaciones-azotan-a-SLP.jpg?resize=350%2C200 1x, https:\/\/i0.wp.com\/www.grieta.org.mx\/wp-content\/uploads\/2019\/01\/Feminicidios-y-violaciones-azotan-a-SLP.jpg?resize=525%2C300 1.5x"},"classes":[]}],"_links":{"self":[{"href":"http:\/\/www.grieta.org.mx\/index.php\/wp-json\/wp\/v2\/posts\/31312","targetHints":{"allow":["GET"]}}],"collection":[{"href":"http:\/\/www.grieta.org.mx\/index.php\/wp-json\/wp\/v2\/posts"}],"about":[{"href":"http:\/\/www.grieta.org.mx\/index.php\/wp-json\/wp\/v2\/types\/post"}],"author":[{"embeddable":true,"href":"http:\/\/www.grieta.org.mx\/index.php\/wp-json\/wp\/v2\/users\/2"}],"replies":[{"embeddable":true,"href":"http:\/\/www.grieta.org.mx\/index.php\/wp-json\/wp\/v2\/comments?post=31312"}],"version-history":[{"count":1,"href":"http:\/\/www.grieta.org.mx\/index.php\/wp-json\/wp\/v2\/posts\/31312\/revisions"}],"predecessor-version":[{"id":31314,"href":"http:\/\/www.grieta.org.mx\/index.php\/wp-json\/wp\/v2\/posts\/31312\/revisions\/31314"}],"wp:featuredmedia":[{"embeddable":true,"href":"http:\/\/www.grieta.org.mx\/index.php\/wp-json\/wp\/v2\/media\/31313"}],"wp:attachment":[{"href":"http:\/\/www.grieta.org.mx\/index.php\/wp-json\/wp\/v2\/media?parent=31312"}],"wp:term":[{"taxonomy":"category","embeddable":true,"href":"http:\/\/www.grieta.org.mx\/index.php\/wp-json\/wp\/v2\/categories?post=31312"},{"taxonomy":"post_tag","embeddable":true,"href":"http:\/\/www.grieta.org.mx\/index.php\/wp-json\/wp\/v2\/tags?post=31312"}],"curies":[{"name":"wp","href":"https:\/\/api.w.org\/{rel}","templated":true}]}}