{"id":31196,"date":"2019-03-25T09:56:41","date_gmt":"2019-03-25T15:56:41","guid":{"rendered":"http:\/\/www.grieta.org.mx\/?p=31196"},"modified":"2019-03-25T18:28:42","modified_gmt":"2019-03-26T00:28:42","slug":"embosca-la-trata-a-mujeres-a-oaxaca","status":"publish","type":"post","link":"http:\/\/www.grieta.org.mx\/index.php\/2019\/03\/25\/embosca-la-trata-a-mujeres-a-oaxaca\/","title":{"rendered":"Embosca la trata a mujeres a Oaxaca"},"content":{"rendered":"<p>Noticias.<\/p>\n<p>Citallli Luciana,<\/p>\n<p><img loading=\"lazy\" decoding=\"async\" data-attachment-id=\"31208\" data-permalink=\"http:\/\/www.grieta.org.mx\/index.php\/2019\/03\/25\/embosca-la-trata-a-mujeres-a-oaxaca\/image_22_356\/\" data-orig-file=\"http:\/\/www.grieta.org.mx\/wp-content\/uploads\/2019\/03\/image_22_356.jpg\" data-orig-size=\"1144,645\" data-comments-opened=\"0\" data-image-meta=\"{&quot;aperture&quot;:&quot;0&quot;,&quot;credit&quot;:&quot;&quot;,&quot;camera&quot;:&quot;&quot;,&quot;caption&quot;:&quot;&quot;,&quot;created_timestamp&quot;:&quot;0&quot;,&quot;copyright&quot;:&quot;&quot;,&quot;focal_length&quot;:&quot;0&quot;,&quot;iso&quot;:&quot;0&quot;,&quot;shutter_speed&quot;:&quot;0&quot;,&quot;title&quot;:&quot;&quot;,&quot;orientation&quot;:&quot;0&quot;}\" data-image-title=\"image_22_356\" data-image-description=\"\" data-image-caption=\"\" data-medium-file=\"http:\/\/www.grieta.org.mx\/wp-content\/uploads\/2019\/03\/image_22_356-300x169.jpg\" data-large-file=\"http:\/\/www.grieta.org.mx\/wp-content\/uploads\/2019\/03\/image_22_356-1024x577.jpg\" src=\"http:\/\/www.grieta.org.mx\/wp-content\/uploads\/2019\/03\/image_22_356-300x169.jpg\" alt=\"\" width=\"300\" height=\"169\" class=\"aligncenter size-medium wp-image-31208\" srcset=\"http:\/\/www.grieta.org.mx\/wp-content\/uploads\/2019\/03\/image_22_356-300x169.jpg 300w, http:\/\/www.grieta.org.mx\/wp-content\/uploads\/2019\/03\/image_22_356-768x433.jpg 768w, http:\/\/www.grieta.org.mx\/wp-content\/uploads\/2019\/03\/image_22_356-1024x577.jpg 1024w, http:\/\/www.grieta.org.mx\/wp-content\/uploads\/2019\/03\/image_22_356-887x500.jpg 887w, http:\/\/www.grieta.org.mx\/wp-content\/uploads\/2019\/03\/image_22_356.jpg 1144w\" sizes=\"auto, (max-width: 300px) 100vw, 300px\" \/><br \/>\nAdem\u00e1s de la trata, la violencia contra las mujeres ha ido en aumento en Oaxaca.<\/p>\n<p>La trata de personas en un delito que mantiene una emboscada a las mujeres en el estado de Oaxaca. Junto con la Ciudad de M\u00e9xico, la entidad concentra el mayor n\u00famero de casos registrados en los dos primeros meses del a\u00f1o. La cifra es mucho mayor si se compara con el mismo lapso en 2018, incluso representa poco m\u00e1s del 50 por ciento de lo ocurrido en aquel a\u00f1o.<\/p>\n<p>De acuerdo con los registros del Secretariado Ejecutivo del Sistema Nacional de Seguridad P\u00fablica (SESNSP), en enero y febrero fueron denunciados 88 casos de los cuales 40 se concentraron en la Ciudad de M\u00e9xico, siete en Oaxaca, seis en Nuevo Le\u00f3n, 4 en Puebla y el Estado de M\u00e9xico.<\/p>\n<p>El resto se reparte en las dem\u00e1s entidades con excepci\u00f3n de Baja California Sur, Campeche, Coahuila, Colima, Jalisco, Nayarit, Quer\u00e9taro, San Luis Potos\u00ed, Sonora, Veracruz y Yucat\u00e1n.<\/p>\n<p>&#8220;Industria&#8221; lucrativa<\/p>\n<p>La trata de personas es uno de los delitos m\u00e1s lucrativos del mundo, en donde se estima que hay 5.4 v\u00edctimas de esta esclavitud moderna; 1 de cada 4 v\u00edctimas es menor de 18 a\u00f1os.<\/p>\n<p>Actualmente, en la p\u00e1gina de la Fiscal\u00eda General de Justicia de Oaxaca (FGJO), hay 28 fichas de mujeres desaparecidas, 90 por ciento son menores de 29 a\u00f1os, y en casi el diez por ciento menores de edad.<\/p>\n<p>El fen\u00f3meno de la desaparici\u00f3n de mujeres tiene que ser estudiado a fondo y observar los patrones para saber de manera m\u00e1s cercana cu\u00e1les tienen que ser las l\u00edneas de investigaci\u00f3n a seguir.<\/p>\n<p>Las autoridades, en cambio, relacionan la mayor\u00eda de las desapariciones con problemas de violencia familiar. En casos en donde las mujeres o ni\u00f1as desaparecidas son halladas, \u00e9stas guardan silencio de lo que les pas\u00f3 y las autoridades ya no investigan m\u00e1s.<\/p>\n<p>De impacto familiar<\/p>\n<p>Consorcio para el Di\u00e1logo Parlamentario y la Equidad afirma que la desaparici\u00f3n de mujeres es quiz\u00e1 uno de los hechos m\u00e1s violentos no solo contra las mujeres sino tambi\u00e9n contra sus familias y seres queridos, en tanto que genera la incertidumbre de no conocer el paradero de sus hijas, madres, esposas, hermanas, ni si \u00e9stas viven o est\u00e1n muertas.<\/p>\n<p>\u201cLa desaparici\u00f3n de personas ha aumentado en los a\u00f1os recientes en el pa\u00eds y ello ha impactado tambi\u00e9n en el n\u00famero de mujeres y ni\u00f1as en esta condici\u00f3n. Seg\u00fan estudios diversos, en muchos casos, la desaparici\u00f3n est\u00e1 ligada a la trata de personas y a la industria del comercio sexual\u201d.<\/p>\n<p><a href=\"https:\/\/www.nvinoticias.com\/nota\/113175\/embosca-la-trata-mujeres-oaxaca\" rel=\"noopener noreferrer\" target=\"_blank\">https:\/\/www.nvinoticias.com\/nota\/113175\/embosca-la-trata-mujeres-oaxaca<\/a><\/p>\n","protected":false},"excerpt":{"rendered":"<p>Noticias. Citallli Luciana, Adem\u00e1s de la trata, la violencia contra las mujeres ha ido en aumento en Oaxaca. La trata de personas en un delito que mantiene una emboscada a &hellip; <a href=\"http:\/\/www.grieta.org.mx\/index.php\/2019\/03\/25\/embosca-la-trata-a-mujeres-a-oaxaca\/\" class=\"more-link\">Leer m\u00e1s<\/a><\/p>\n","protected":false},"author":2,"featured_media":31208,"comment_status":"closed","ping_status":"closed","sticky":false,"template":"","format":"standard","meta":{"ngg_post_thumbnail":0,"_jetpack_newsletter_access":"","_jetpack_dont_email_post_to_subs":false,"_jetpack_newsletter_tier_id":0,"_jetpack_memberships_contains_paywalled_content":false,"_jetpack_memberships_contains_paid_content":false,"footnotes":""},"categories":[80,2,25,1664,1665],"tags":[],"class_list":["post-31196","post","type-post","status-publish","format-standard","has-post-thumbnail","hentry","category-cintillo","category-noticias-nacionales","category-oaxaca","category-trata-de-personas-en-oaxaca","category-violencia-contra-las-mujeres-en-oaxaca","entry"],"jetpack_featured_media_url":"http:\/\/www.grieta.org.mx\/wp-content\/uploads\/2019\/03\/image_22_356.jpg","jetpack_sharing_enabled":true,"jetpack_shortlink":"https:\/\/wp.me\/p7ZJR4-87a","jetpack_likes_enabled":false,"jetpack-related-posts":[{"id":41129,"url":"http:\/\/www.grieta.org.mx\/index.php\/2019\/11\/07\/oaxaca-en-los-primeros-lugares-de-trata-de-mujeres-y-ninas\/","url_meta":{"origin":31196,"position":0},"title":"Oaxaca en los primeros lugares de trata de mujeres y ni\u00f1as","author":"grieta","date":"7 noviembre, 2019","format":false,"excerpt":"P\u00e1gina 3 \/ Jaime Guerrero. Las condiciones sociales y econ\u00f3micas que enfrentan las mujeres en el estado de Oaxaca ha hecho que sea uno de los cinco estados del pa\u00eds con mayor \u00edndice de incidencia del delito de trata de personas desde el 2017, junto con Baja California, Chiapas, Ciudad\u2026","rel":"","context":"En &quot;CINTILLO&quot;","block_context":{"text":"CINTILLO","link":"http:\/\/www.grieta.org.mx\/index.php\/category\/cintillo\/"},"img":{"alt_text":"","src":"https:\/\/i0.wp.com\/www.grieta.org.mx\/wp-content\/uploads\/2018\/03\/14524434_1106112876131411_958039263622046936_o.jpg?resize=350%2C200","width":350,"height":200,"srcset":"https:\/\/i0.wp.com\/www.grieta.org.mx\/wp-content\/uploads\/2018\/03\/14524434_1106112876131411_958039263622046936_o.jpg?resize=350%2C200 1x, https:\/\/i0.wp.com\/www.grieta.org.mx\/wp-content\/uploads\/2018\/03\/14524434_1106112876131411_958039263622046936_o.jpg?resize=525%2C300 1.5x, https:\/\/i0.wp.com\/www.grieta.org.mx\/wp-content\/uploads\/2018\/03\/14524434_1106112876131411_958039263622046936_o.jpg?resize=700%2C400 2x"},"classes":[]},{"id":33975,"url":"http:\/\/www.grieta.org.mx\/index.php\/2019\/05\/28\/oaxaca-un-infierno-por-trata-de-personas\/","url_meta":{"origin":31196,"position":1},"title":"Oaxaca, un infierno por trata de personas","author":"grieta","date":"28 mayo, 2019","format":false,"excerpt":"Noticias. Citlalli Luciana, Explotaci\u00f3n laboral, sexual o semi esclavitud, las variantes. Oaxaca se establece como un infierno para las mujeres debido a la alta incidencia de trata de personas. De acuerdo con datos del Secretariado Ejecutivo del Sistema Nacional de Seguridad P\u00fablica (SESNSP), la entidad se ubica en el tercer\u2026","rel":"","context":"En &quot;CINTILLO&quot;","block_context":{"text":"CINTILLO","link":"http:\/\/www.grieta.org.mx\/index.php\/category\/cintillo\/"},"img":{"alt_text":"","src":"https:\/\/i0.wp.com\/www.grieta.org.mx\/wp-content\/uploads\/2019\/05\/image_33_338.jpg?resize=350%2C200","width":350,"height":200,"srcset":"https:\/\/i0.wp.com\/www.grieta.org.mx\/wp-content\/uploads\/2019\/05\/image_33_338.jpg?resize=350%2C200 1x, https:\/\/i0.wp.com\/www.grieta.org.mx\/wp-content\/uploads\/2019\/05\/image_33_338.jpg?resize=525%2C300 1.5x, https:\/\/i0.wp.com\/www.grieta.org.mx\/wp-content\/uploads\/2019\/05\/image_33_338.jpg?resize=700%2C400 2x, https:\/\/i0.wp.com\/www.grieta.org.mx\/wp-content\/uploads\/2019\/05\/image_33_338.jpg?resize=1050%2C600 3x"},"classes":[]},{"id":65826,"url":"http:\/\/www.grieta.org.mx\/index.php\/2022\/11\/25\/oaxaca-se-suma-a-marcha-del-25n-paralizan-carretera-de-juchitan-para-exigir-alto-a-la-violencia-contra-las-mujeres\/","url_meta":{"origin":31196,"position":2},"title":"Oaxaca se suma a marcha del 25N: paralizan carretera de Juchit\u00e1n para exigir alto a la violencia contra las mujeres","author":"grieta","date":"25 noviembre, 2022","format":false,"excerpt":"Imagen: Especial Jos\u00e9 Luis L\u00f3pez \/ El Heraldo En el marco del\u00a0D\u00eda de lucha para la erradicaci\u00f3n de la violencia contra las mujeres, las integrantes del\u00a0Grupo de Mujeres 8 de Marzo, se manifestaron con un bloqueo parcial en la carretera federal en Juchit\u00e1n,\u00a0Oaxaca. Rogelia Gonz\u00e1lez Luis, dirigente de esta organizaci\u00f3n,\u2026","rel":"","context":"En &quot;CINTILLO&quot;","block_context":{"text":"CINTILLO","link":"http:\/\/www.grieta.org.mx\/index.php\/category\/cintillo\/"},"img":{"alt_text":"","src":"https:\/\/i0.wp.com\/www.grieta.org.mx\/wp-content\/uploads\/2022\/11\/f960x540-624263_698338_0.jpg?resize=350%2C200","width":350,"height":200,"srcset":"https:\/\/i0.wp.com\/www.grieta.org.mx\/wp-content\/uploads\/2022\/11\/f960x540-624263_698338_0.jpg?resize=350%2C200 1x, https:\/\/i0.wp.com\/www.grieta.org.mx\/wp-content\/uploads\/2022\/11\/f960x540-624263_698338_0.jpg?resize=525%2C300 1.5x, https:\/\/i0.wp.com\/www.grieta.org.mx\/wp-content\/uploads\/2022\/11\/f960x540-624263_698338_0.jpg?resize=700%2C400 2x"},"classes":[]},{"id":30113,"url":"http:\/\/www.grieta.org.mx\/index.php\/2019\/02\/27\/desdenan-municipios-de-oaxaca-la-alerta-de-genero\/","url_meta":{"origin":31196,"position":3},"title":"Desde\u00f1an municipios de Oaxaca la alerta de g\u00e9nero","author":"grieta","date":"27 febrero, 2019","format":false,"excerpt":"Noticias. Citlalli Luciana, A medio a\u00f1o de haberse establecido en Oaxaca la Alerta de Violencia de G\u00e9nero contra las Mujeres (AVGM), 12 municipios contin\u00faan en el desacato. A la par de la desatenci\u00f3n, durante el primer mes del a\u00f1o, las cifras de incidencia delictiva ubicaron a la entidad entre los\u2026","rel":"","context":"En &quot;CINTILLO&quot;","block_context":{"text":"CINTILLO","link":"http:\/\/www.grieta.org.mx\/index.php\/category\/cintillo\/"},"img":{"alt_text":"","src":"https:\/\/i0.wp.com\/www.grieta.org.mx\/wp-content\/uploads\/2019\/03\/image_17.jpg?resize=350%2C200","width":350,"height":200,"srcset":"https:\/\/i0.wp.com\/www.grieta.org.mx\/wp-content\/uploads\/2019\/03\/image_17.jpg?resize=350%2C200 1x, https:\/\/i0.wp.com\/www.grieta.org.mx\/wp-content\/uploads\/2019\/03\/image_17.jpg?resize=525%2C300 1.5x, https:\/\/i0.wp.com\/www.grieta.org.mx\/wp-content\/uploads\/2019\/03\/image_17.jpg?resize=700%2C400 2x, https:\/\/i0.wp.com\/www.grieta.org.mx\/wp-content\/uploads\/2019\/03\/image_17.jpg?resize=1050%2C600 3x"},"classes":[]},{"id":32358,"url":"http:\/\/www.grieta.org.mx\/index.php\/2019\/04\/19\/recrudece-violencia-feminicida-en-oaxaca\/","url_meta":{"origin":31196,"position":4},"title":"Recrudece violencia feminicida en Oaxaca","author":"grieta","date":"19 abril, 2019","format":false,"excerpt":"Noticias. Citlalli Luciana, Protesta por la violencia contra las mujeres, que en Oaxaca toman ya rango de feminicidios. El secuestro de una mujer en su casa y posterior asesinato, muestra el recrudecimiento de la violencia feminicida en la entidad a pesar de la Alerta de Violencia de G\u00e9nero (AVG) establecida\u2026","rel":"","context":"En &quot;CINTILLO&quot;","block_context":{"text":"CINTILLO","link":"http:\/\/www.grieta.org.mx\/index.php\/category\/cintillo\/"},"img":{"alt_text":"","src":"https:\/\/i0.wp.com\/www.grieta.org.mx\/wp-content\/uploads\/2019\/04\/image_16_426.jpg?resize=350%2C200","width":350,"height":200,"srcset":"https:\/\/i0.wp.com\/www.grieta.org.mx\/wp-content\/uploads\/2019\/04\/image_16_426.jpg?resize=350%2C200 1x, https:\/\/i0.wp.com\/www.grieta.org.mx\/wp-content\/uploads\/2019\/04\/image_16_426.jpg?resize=525%2C300 1.5x, https:\/\/i0.wp.com\/www.grieta.org.mx\/wp-content\/uploads\/2019\/04\/image_16_426.jpg?resize=700%2C400 2x, https:\/\/i0.wp.com\/www.grieta.org.mx\/wp-content\/uploads\/2019\/04\/image_16_426.jpg?resize=1050%2C600 3x"},"classes":[]},{"id":25937,"url":"http:\/\/www.grieta.org.mx\/index.php\/2018\/05\/19\/atacan-a-comunidad-lgbt-en-oaxaca\/","url_meta":{"origin":31196,"position":5},"title":"Atacan a comunidad LGBT en Oaxaca","author":"grieta","date":"19 mayo, 2018","format":false,"excerpt":"Noticias. Miguel Angel, Al menos nueve muertes en 4 a\u00f1os. Al menos nueve personas pertenecientes a la comunidad Lesbiana, gay, bisexual y transg\u00e9nero (LGBT) fueron asesinadas en Oaxaca del 2013 al 2017, de acuerdo con datos del estudio Violencia Impunidad y Prejuicios, de la organizaci\u00f3n letra ESE. El estudio hemerogr\u00e1fico,\u2026","rel":"","context":"En &quot;CINTILLO&quot;","block_context":{"text":"CINTILLO","link":"http:\/\/www.grieta.org.mx\/index.php\/category\/cintillo\/"},"img":{"alt_text":"","src":"https:\/\/i0.wp.com\/www.grieta.org.mx\/wp-content\/uploads\/2018\/08\/Contra-LGBTTI-N-051918.jpg?resize=350%2C200","width":350,"height":200,"srcset":"https:\/\/i0.wp.com\/www.grieta.org.mx\/wp-content\/uploads\/2018\/08\/Contra-LGBTTI-N-051918.jpg?resize=350%2C200 1x, https:\/\/i0.wp.com\/www.grieta.org.mx\/wp-content\/uploads\/2018\/08\/Contra-LGBTTI-N-051918.jpg?resize=525%2C300 1.5x, https:\/\/i0.wp.com\/www.grieta.org.mx\/wp-content\/uploads\/2018\/08\/Contra-LGBTTI-N-051918.jpg?resize=700%2C400 2x, https:\/\/i0.wp.com\/www.grieta.org.mx\/wp-content\/uploads\/2018\/08\/Contra-LGBTTI-N-051918.jpg?resize=1050%2C600 3x"},"classes":[]}],"_links":{"self":[{"href":"http:\/\/www.grieta.org.mx\/index.php\/wp-json\/wp\/v2\/posts\/31196","targetHints":{"allow":["GET"]}}],"collection":[{"href":"http:\/\/www.grieta.org.mx\/index.php\/wp-json\/wp\/v2\/posts"}],"about":[{"href":"http:\/\/www.grieta.org.mx\/index.php\/wp-json\/wp\/v2\/types\/post"}],"author":[{"embeddable":true,"href":"http:\/\/www.grieta.org.mx\/index.php\/wp-json\/wp\/v2\/users\/2"}],"replies":[{"embeddable":true,"href":"http:\/\/www.grieta.org.mx\/index.php\/wp-json\/wp\/v2\/comments?post=31196"}],"version-history":[{"count":1,"href":"http:\/\/www.grieta.org.mx\/index.php\/wp-json\/wp\/v2\/posts\/31196\/revisions"}],"predecessor-version":[{"id":31210,"href":"http:\/\/www.grieta.org.mx\/index.php\/wp-json\/wp\/v2\/posts\/31196\/revisions\/31210"}],"wp:featuredmedia":[{"embeddable":true,"href":"http:\/\/www.grieta.org.mx\/index.php\/wp-json\/wp\/v2\/media\/31208"}],"wp:attachment":[{"href":"http:\/\/www.grieta.org.mx\/index.php\/wp-json\/wp\/v2\/media?parent=31196"}],"wp:term":[{"taxonomy":"category","embeddable":true,"href":"http:\/\/www.grieta.org.mx\/index.php\/wp-json\/wp\/v2\/categories?post=31196"},{"taxonomy":"post_tag","embeddable":true,"href":"http:\/\/www.grieta.org.mx\/index.php\/wp-json\/wp\/v2\/tags?post=31196"}],"curies":[{"name":"wp","href":"https:\/\/api.w.org\/{rel}","templated":true}]}}