{"id":31192,"date":"2019-03-18T17:49:44","date_gmt":"2019-03-18T23:49:44","guid":{"rendered":"http:\/\/www.grieta.org.mx\/?p=31192"},"modified":"2019-03-25T17:53:39","modified_gmt":"2019-03-25T23:53:39","slug":"luchan-contra-el-abuso-sexual-infantil-oaxaca","status":"publish","type":"post","link":"http:\/\/www.grieta.org.mx\/index.php\/2019\/03\/18\/luchan-contra-el-abuso-sexual-infantil-oaxaca\/","title":{"rendered":"Luchan contra el abuso sexual infantil (Oaxaca)"},"content":{"rendered":"<p>Noticias.<\/p>\n<p>Carina P\u00e9rez,<\/p>\n<p><img loading=\"lazy\" decoding=\"async\" data-attachment-id=\"31194\" data-permalink=\"http:\/\/www.grieta.org.mx\/index.php\/2019\/03\/18\/luchan-contra-el-abuso-sexual-infantil-oaxaca\/image_40_298\/\" data-orig-file=\"http:\/\/www.grieta.org.mx\/wp-content\/uploads\/2019\/03\/image_40_298.jpg\" data-orig-size=\"1144,645\" data-comments-opened=\"0\" data-image-meta=\"{&quot;aperture&quot;:&quot;0&quot;,&quot;credit&quot;:&quot;&quot;,&quot;camera&quot;:&quot;&quot;,&quot;caption&quot;:&quot;&quot;,&quot;created_timestamp&quot;:&quot;0&quot;,&quot;copyright&quot;:&quot;&quot;,&quot;focal_length&quot;:&quot;0&quot;,&quot;iso&quot;:&quot;0&quot;,&quot;shutter_speed&quot;:&quot;0&quot;,&quot;title&quot;:&quot;&quot;,&quot;orientation&quot;:&quot;0&quot;}\" data-image-title=\"image_40_298\" data-image-description=\"\" data-image-caption=\"\" data-medium-file=\"http:\/\/www.grieta.org.mx\/wp-content\/uploads\/2019\/03\/image_40_298-300x169.jpg\" data-large-file=\"http:\/\/www.grieta.org.mx\/wp-content\/uploads\/2019\/03\/image_40_298-1024x577.jpg\" src=\"http:\/\/www.grieta.org.mx\/wp-content\/uploads\/2019\/03\/image_40_298-300x169.jpg\" alt=\"\" width=\"300\" height=\"169\" class=\"aligncenter size-medium wp-image-31194\" srcset=\"http:\/\/www.grieta.org.mx\/wp-content\/uploads\/2019\/03\/image_40_298-300x169.jpg 300w, http:\/\/www.grieta.org.mx\/wp-content\/uploads\/2019\/03\/image_40_298-768x433.jpg 768w, http:\/\/www.grieta.org.mx\/wp-content\/uploads\/2019\/03\/image_40_298-1024x577.jpg 1024w, http:\/\/www.grieta.org.mx\/wp-content\/uploads\/2019\/03\/image_40_298-887x500.jpg 887w, http:\/\/www.grieta.org.mx\/wp-content\/uploads\/2019\/03\/image_40_298.jpg 1144w\" sizes=\"auto, (max-width: 300px) 100vw, 300px\" \/><br \/>\nLa titular de la Prodennao hace un llamado a la sociedad; recuerda que los ni\u00f1os son sujetos de derechos y hay que velar por su protecci\u00f3n: &#8220;Rompe el silencio, no su infancia&#8221; es el lema de la campa\u00f1a contra el maltrato infantil.<\/p>\n<p>Mar\u00eda Cristina Susana P\u00e9rez Guerrero Zamora, procuradora Estatal de Protecci\u00f3n de los Derechos de Ni\u00f1as, Ni\u00f1os y Adolescentes del Estado de Oaxaca (Prodennao) sabe que la prevenci\u00f3n del abuso sexual a menores no se detiene de un d\u00eda para otro, la visibilizaci\u00f3n de este problema debe ser permanente para poder prevenirlo y concientizar a la sociedad de los estragos que provocan en la vida de los infantes.<\/p>\n<p>Tras lanzar la convocatoria Te creo en corto, la titular de la Prodennao hizo un llamado a la sociedad: &#8220;Es importante visibilizar lo que ha estado sucediendo y sigue sucediendo a muchos ni\u00f1os, ni\u00f1as y adolescentes. El abuso sexual es quitarles la vida en vida a los menores, porque los marca para siempre, sobre todo cuando el abuso es cometido por los seres en quienes los ni\u00f1os y ni\u00f1as tienen m\u00e1s confianza, que es el \u00e1mbito del hogar&#8221;.<\/p>\n<p>La experiencia en la atenci\u00f3n de estos casos le ha confirmado a la procuradora que la mayor\u00eda de las veces es el padre biol\u00f3gico, el padrastro, el abuelo o alg\u00fan hermano mayor quien abusa sexualmente de los ni\u00f1os. En la mayor\u00eda de los casos que ha atendido en los \u00faltimos a\u00f1os, el abusador resulta ser el padre biol\u00f3gico o padrastro.<\/p>\n<p>&#8220;Esto no solo lo digo yo, porque me toca ver estos casos todos los d\u00edas, sino investigadores que est\u00e1n estudi\u00e1ndolo. En las familias normalmente no se habla de estos temas, resulta quiz\u00e1 inc\u00f3modo o hay temor. El abuso sexual le resulta a muchas personas algo duro, de lo que no quieren saber; pero no solo se debe saber y decir, \u00a1se debe gritar!&#8221;<\/p>\n<p>Mar\u00eda Cristina Susana P\u00e9rez Guerrero Zamora refiere una fecha cercana, la del D\u00eda del Ni\u00f1o y reflexiona que antes de esa fecha, todo mundo piensa en qu\u00e9 regalarles: si un juguete o hacerles un festival, pero refresca el tema: &#8220;El mejor regalo que se puede hacer a un ni\u00f1o es su seguridad y respeto a su persona, porque ellos son sujetos de derechos y eso se tiene que remarcar. Todos tenemos derecho a no recibir violencia&#8221;, recuerda.<\/p>\n<p>    Alerta:<br \/>\n    Cada a\u00f1o, m\u00e1s de 4 millones y medio de ni\u00f1as y ni\u00f1os son v\u00edctimas de abuso sexual en M\u00e9xico, pa\u00eds que seg\u00fan la Organizaci\u00f3n para la Cooperaci\u00f3n y el Desarrollo Econ\u00f3mico (OCDE), tiene el primer lugar mundial en estos delitos.<br \/>\n    D\u00f3nde me informo:<br \/>\n    http:\/\/difoaxaca.gob.mx\/prodennao\/<br \/>\n    La Prodennao se localiza en la calle 14 y 22 Oriente s\/n, en la Colonia Paraje las Salinas, en San Raymundo Jalpan, a un costado de la C\u00e1mara de Diputados.  El tel\u00e9fono es: (951) 133 9001.<\/p>\n<p>&#8220;A los menores se les est\u00e1 rompiendo su infancia&#8221;<\/p>\n<p>Y abunda en que cuando las ni\u00f1as y ni\u00f1os dicen lo que les est\u00e1 sucediendo -respecto a si est\u00e1n siendo v\u00edctimas de abuso sexual o maltrato-, a veces las madres los escuchan, a veces les creen, pero se callan. Este tipo de casos se homologan a los de una mujer que sufre maltrato, que cuando es v\u00edctima de ello tambi\u00e9n se calla y estos silencios las terminan matando.<\/p>\n<p>&#8220;Por eso, no solo se tiene que hablar de esto, se tiene que gritar que este problema es muy grave porque estamos teniendo a una poblaci\u00f3n infantil a la que se le est\u00e1 rompiendo su infancia y hay que recordar que cuando se rompe algo no vuelve a ser igual, siempre se queda la herida ah\u00ed. El abuso sexual les rompe la vida a los ni\u00f1os y en este caso lo que sigue es arroparlos, darles afecto y terapia para tratar de restituirles en algo lo que les rompieron. Nadie tiene derecho a romper la vida a los ni\u00f1os de esta manera&#8221;.<\/p>\n<p>Comparti\u00f3 en que actualmente son m\u00e1s los ni\u00f1os y ni\u00f1as que se atreven a hablar de eso y luego de denunciar porque miran que hay instituciones que pueden apoyarlos. En este caso, les recuerda que la Prodennao es una de ellas y que recibe denuncias an\u00f3nimas y luego les da acompa\u00f1amiento a cada una de las personas que se acercan.<\/p>\n<p>&#8220;Cuando son ni\u00f1os y ni\u00f1as, generalmente no se atreven a decirlo porque siempre hay una amenaza del abusador contra ellos. Lo que uno como adulto puede hacer es estar al tanto; cuando uno conoce a los hijos e hijas es que se podr\u00e1 dar cuenta del m\u00ednimo cambio en su comportamiento; retrocesos como mojar la cama o cambios de humor repentinos, son indicativos de que hay miedo y que algo les est\u00e1 pasando&#8221;.<\/p>\n<p>La procuradora hace un llamado a romper el silencio y a respetar la infancia. A los adultos les queda la labor de hacer conciencia, de reflexionar sobre este tema y atender a los menores en casa.<\/p>\n<p><a href=\"https:\/\/www.nvinoticias.com\/nota\/112783\/luchan-contra-el-abuso-sexual-infantil\" rel=\"noopener noreferrer\" target=\"_blank\">https:\/\/www.nvinoticias.com\/nota\/112783\/luchan-contra-el-abuso-sexual-infantil<\/a><\/p>\n","protected":false},"excerpt":{"rendered":"<p>Noticias. Carina P\u00e9rez, La titular de la Prodennao hace un llamado a la sociedad; recuerda que los ni\u00f1os son sujetos de derechos y hay que velar por su protecci\u00f3n: &#8220;Rompe &hellip; <a href=\"http:\/\/www.grieta.org.mx\/index.php\/2019\/03\/18\/luchan-contra-el-abuso-sexual-infantil-oaxaca\/\" class=\"more-link\">Leer m\u00e1s<\/a><\/p>\n","protected":false},"author":2,"featured_media":31194,"comment_status":"closed","ping_status":"closed","sticky":false,"template":"","format":"standard","meta":{"ngg_post_thumbnail":0,"_jetpack_newsletter_access":"","_jetpack_dont_email_post_to_subs":false,"_jetpack_newsletter_tier_id":0,"_jetpack_memberships_contains_paywalled_content":false,"_jetpack_memberships_contains_paid_content":false,"footnotes":""},"categories":[80,1477,2,25,1664],"tags":[],"class_list":["post-31192","post","type-post","status-publish","format-standard","has-post-thumbnail","hentry","category-cintillo","category-la-ninez-en-la-tormenta-en-oaxaca","category-noticias-nacionales","category-oaxaca","category-trata-de-personas-en-oaxaca","entry"],"jetpack_featured_media_url":"http:\/\/www.grieta.org.mx\/wp-content\/uploads\/2019\/03\/image_40_298.jpg","jetpack_sharing_enabled":true,"jetpack_shortlink":"https:\/\/wp.me\/p7ZJR4-876","jetpack_likes_enabled":false,"jetpack-related-posts":[{"id":48446,"url":"http:\/\/www.grieta.org.mx\/index.php\/2020\/04\/30\/en-oaxaca-las-ninas-comienzan-a-ser-victimas-de-violencia-desde-antes-del-ano-de-edad\/","url_meta":{"origin":31192,"position":0},"title":"En Oaxaca, las ni\u00f1as comienzan a ser v\u00edctimas de violencia desde antes del a\u00f1o de edad","author":"grieta","date":"30 abril, 2020","format":false,"excerpt":"Proceso \/ Pedro Mat\u00edas. Ni\u00f1os chinantecos en Oaxaca. Foto: Hugo Cruz. OAXACA, Oax. (apro).- Oaxaca ha registrado, en lo que va del a\u00f1o, la desaparici\u00f3n de 43 menores, el asesinato de siete y el abuso sexual de otros seis, seg\u00fan Consorcio para el Di\u00e1logo Parlamentario y Equidad. \u201cCifras que dif\u00edcilmente\u2026","rel":"","context":"En &quot;CINTILLO&quot;","block_context":{"text":"CINTILLO","link":"http:\/\/www.grieta.org.mx\/index.php\/category\/cintillo\/"},"img":{"alt_text":"","src":"https:\/\/i0.wp.com\/www.grieta.org.mx\/wp-content\/uploads\/2018\/03\/14524434_1106112876131411_958039263622046936_o.jpg?resize=350%2C200","width":350,"height":200,"srcset":"https:\/\/i0.wp.com\/www.grieta.org.mx\/wp-content\/uploads\/2018\/03\/14524434_1106112876131411_958039263622046936_o.jpg?resize=350%2C200 1x, https:\/\/i0.wp.com\/www.grieta.org.mx\/wp-content\/uploads\/2018\/03\/14524434_1106112876131411_958039263622046936_o.jpg?resize=525%2C300 1.5x, https:\/\/i0.wp.com\/www.grieta.org.mx\/wp-content\/uploads\/2018\/03\/14524434_1106112876131411_958039263622046936_o.jpg?resize=700%2C400 2x"},"classes":[]},{"id":24566,"url":"http:\/\/www.grieta.org.mx\/index.php\/2018\/05\/19\/ocultan-cifras-de-abuso-sexual-infantil-en-oaxaca\/","url_meta":{"origin":31192,"position":1},"title":"Ocultan cifras de abuso sexual infantil en Oaxaca","author":"grieta","date":"19 mayo, 2018","format":false,"excerpt":"Noticias. Nadia Altamirano, Inoperancia en investigaciones Quienes desde la sociedad civil organizada trabajan para la prevenci\u00f3n del abuso sexual infantil s\u00f3lo advierten de las autoridades opacidad e inoperancia, tanto en la investigaci\u00f3n como en la impartici\u00f3n de justicia. \u201cLa familia ofendida tiene que insistir, dar muchas vueltas y andar detr\u00e1s\u2026","rel":"","context":"En &quot;CINTILLO&quot;","block_context":{"text":"CINTILLO","link":"http:\/\/www.grieta.org.mx\/index.php\/category\/cintillo\/"},"img":{"alt_text":"","src":"https:\/\/i0.wp.com\/www.grieta.org.mx\/wp-content\/uploads\/2018\/05\/Cifra-violencia-1.jpg?resize=350%2C200","width":350,"height":200,"srcset":"https:\/\/i0.wp.com\/www.grieta.org.mx\/wp-content\/uploads\/2018\/05\/Cifra-violencia-1.jpg?resize=350%2C200 1x, https:\/\/i0.wp.com\/www.grieta.org.mx\/wp-content\/uploads\/2018\/05\/Cifra-violencia-1.jpg?resize=525%2C300 1.5x, https:\/\/i0.wp.com\/www.grieta.org.mx\/wp-content\/uploads\/2018\/05\/Cifra-violencia-1.jpg?resize=700%2C400 2x, https:\/\/i0.wp.com\/www.grieta.org.mx\/wp-content\/uploads\/2018\/05\/Cifra-violencia-1.jpg?resize=1050%2C600 3x"},"classes":[]},{"id":47231,"url":"http:\/\/www.grieta.org.mx\/index.php\/2020\/03\/28\/vinculan-a-proceso-a-profesor-por-abuso-sexual-de-dos-ninas-de-4-anos-en-oaxaca\/","url_meta":{"origin":31192,"position":2},"title":"Vinculan a proceso a profesor por abuso sexual de dos ni\u00f1as de 4 a\u00f1os en Oaxaca","author":"grieta","date":"28 marzo, 2020","format":false,"excerpt":"Proceso \/ Pedro Mat\u00edas. OAXACA, Oax.\u2013 El Juez de Control dict\u00f3 auto de vinculaci\u00f3n a proceso contra el maestro, Owen G. A., acusado de violaci\u00f3n equiparada agravada y abuso sexual infantil contra dos ni\u00f1as de 4 a\u00f1os de edad, confirm\u00f3 la Fiscal\u00eda General de Oaxaca (FGEO). Los hechos ocurrieron en\u2026","rel":"","context":"En &quot;CINTILLO&quot;","block_context":{"text":"CINTILLO","link":"http:\/\/www.grieta.org.mx\/index.php\/category\/cintillo\/"},"img":{"alt_text":"","src":"https:\/\/i0.wp.com\/www.grieta.org.mx\/wp-content\/uploads\/2020\/04\/Estados1.jpg?resize=350%2C200","width":350,"height":200,"srcset":"https:\/\/i0.wp.com\/www.grieta.org.mx\/wp-content\/uploads\/2020\/04\/Estados1.jpg?resize=350%2C200 1x, https:\/\/i0.wp.com\/www.grieta.org.mx\/wp-content\/uploads\/2020\/04\/Estados1.jpg?resize=525%2C300 1.5x, https:\/\/i0.wp.com\/www.grieta.org.mx\/wp-content\/uploads\/2020\/04\/Estados1.jpg?resize=700%2C400 2x"},"classes":[]},{"id":71549,"url":"http:\/\/www.grieta.org.mx\/index.php\/2025\/04\/06\/nombrar-los-abusos-sexuales-y-la-orfandad-en-comunidades-indigenas-es-tambien-defensa-del-territorio-senala-activista-ayuuk-oaxaca\/","url_meta":{"origin":31192,"position":3},"title":"Nombrar los abusos sexuales y la orfandad en comunidades ind\u00edgenas es tambi\u00e9n defensa del territorio se\u00f1ala Activista Ayuuk (Oaxaca)","author":"grieta","date":"6 abril, 2025","format":false,"excerpt":"Imagen: Istmo Press Diana Mnaz \/ Istmo Press Oaxaca, Oax.- Para el activista Ayuuk, Filadelfo Desiderio Aldaz, nombrar y visibilizar los abusos sexuales y la orfandad en comunidades ind\u00edgenas es tambi\u00e9n defensa del territorio. Originario de la comunidad Ayuuk de Estancia de Morelos e del municipio de Santiago Atitl\u00e1n, Oaxaca\u2026","rel":"","context":"En &quot;CINTILLO&quot;","block_context":{"text":"CINTILLO","link":"http:\/\/www.grieta.org.mx\/index.php\/category\/cintillo\/"},"img":{"alt_text":"","src":"https:\/\/i0.wp.com\/www.grieta.org.mx\/wp-content\/uploads\/2025\/04\/254e8cb3-6bfe-40a9-9cee-3e0c3774db2e-800x445-1.jpeg?resize=350%2C200","width":350,"height":200,"srcset":"https:\/\/i0.wp.com\/www.grieta.org.mx\/wp-content\/uploads\/2025\/04\/254e8cb3-6bfe-40a9-9cee-3e0c3774db2e-800x445-1.jpeg?resize=350%2C200 1x, https:\/\/i0.wp.com\/www.grieta.org.mx\/wp-content\/uploads\/2025\/04\/254e8cb3-6bfe-40a9-9cee-3e0c3774db2e-800x445-1.jpeg?resize=525%2C300 1.5x, https:\/\/i0.wp.com\/www.grieta.org.mx\/wp-content\/uploads\/2025\/04\/254e8cb3-6bfe-40a9-9cee-3e0c3774db2e-800x445-1.jpeg?resize=700%2C400 2x"},"classes":[]},{"id":34688,"url":"http:\/\/www.grieta.org.mx\/index.php\/2019\/06\/13\/trabaja-1-de-cada-6-ninos-en-oaxaca\/","url_meta":{"origin":31192,"position":4},"title":"Trabaja 1 de cada 6 ni\u00f1os en Oaxaca","author":"grieta","date":"13 junio, 2019","format":false,"excerpt":"Noticias. Citlalli Luciana, El trabajo infantil y juvenil, lastre social. La Comisi\u00f3n Interinstitucional para la Prevenci\u00f3n y Erradicaci\u00f3n del Trabajo Infantil y la Protecci\u00f3n de Adolescentes Trabajadores en Edad Permitida en el Estado de Oaxaca (CITI), es una comisi\u00f3n membrete. Desde su conformaci\u00f3n, el a\u00f1o pasado, no ha celebrado sesi\u00f3n\u2026","rel":"","context":"En &quot;La ni\u00f1ez en la tormenta en Oaxaca&quot;","block_context":{"text":"La ni\u00f1ez en la tormenta en Oaxaca","link":"http:\/\/www.grieta.org.mx\/index.php\/category\/noticias-nacionales\/oaxaca\/la-ninez-en-la-tormenta-en-oaxaca\/"},"img":{"alt_text":"","src":"https:\/\/i0.wp.com\/www.grieta.org.mx\/wp-content\/uploads\/2019\/06\/image_17.jpg?resize=350%2C200","width":350,"height":200,"srcset":"https:\/\/i0.wp.com\/www.grieta.org.mx\/wp-content\/uploads\/2019\/06\/image_17.jpg?resize=350%2C200 1x, https:\/\/i0.wp.com\/www.grieta.org.mx\/wp-content\/uploads\/2019\/06\/image_17.jpg?resize=525%2C300 1.5x, https:\/\/i0.wp.com\/www.grieta.org.mx\/wp-content\/uploads\/2019\/06\/image_17.jpg?resize=700%2C400 2x, https:\/\/i0.wp.com\/www.grieta.org.mx\/wp-content\/uploads\/2019\/06\/image_17.jpg?resize=1050%2C600 3x"},"classes":[]},{"id":41131,"url":"http:\/\/www.grieta.org.mx\/index.php\/2019\/11\/14\/embarazo-infantil-y-adolescente-violencia-sexual-oaxaca\/","url_meta":{"origin":31192,"position":5},"title":"Embarazo infantil y adolescente, violencia sexual (Oaxaca)","author":"grieta","date":"14 noviembre, 2019","format":false,"excerpt":"P\u00e1gina 3 \/ Redacci\u00f3n. Todo embarazo en una ni\u00f1a o adolescente debe verse como violencia sexual y las autoridades asumir su responsabilidad de garantizar la interrupci\u00f3n legal en vez de revictimizar y naturalizar una maternidad temprana que vulnera una gama de derechos. Esa fue una de las ideas centrales que\u2026","rel":"","context":"En &quot;CINTILLO&quot;","block_context":{"text":"CINTILLO","link":"http:\/\/www.grieta.org.mx\/index.php\/category\/cintillo\/"},"img":{"alt_text":"","src":"https:\/\/i0.wp.com\/www.grieta.org.mx\/wp-content\/uploads\/2018\/03\/14524434_1106112876131411_958039263622046936_o.jpg?resize=350%2C200","width":350,"height":200,"srcset":"https:\/\/i0.wp.com\/www.grieta.org.mx\/wp-content\/uploads\/2018\/03\/14524434_1106112876131411_958039263622046936_o.jpg?resize=350%2C200 1x, https:\/\/i0.wp.com\/www.grieta.org.mx\/wp-content\/uploads\/2018\/03\/14524434_1106112876131411_958039263622046936_o.jpg?resize=525%2C300 1.5x, https:\/\/i0.wp.com\/www.grieta.org.mx\/wp-content\/uploads\/2018\/03\/14524434_1106112876131411_958039263622046936_o.jpg?resize=700%2C400 2x"},"classes":[]}],"_links":{"self":[{"href":"http:\/\/www.grieta.org.mx\/index.php\/wp-json\/wp\/v2\/posts\/31192","targetHints":{"allow":["GET"]}}],"collection":[{"href":"http:\/\/www.grieta.org.mx\/index.php\/wp-json\/wp\/v2\/posts"}],"about":[{"href":"http:\/\/www.grieta.org.mx\/index.php\/wp-json\/wp\/v2\/types\/post"}],"author":[{"embeddable":true,"href":"http:\/\/www.grieta.org.mx\/index.php\/wp-json\/wp\/v2\/users\/2"}],"replies":[{"embeddable":true,"href":"http:\/\/www.grieta.org.mx\/index.php\/wp-json\/wp\/v2\/comments?post=31192"}],"version-history":[{"count":1,"href":"http:\/\/www.grieta.org.mx\/index.php\/wp-json\/wp\/v2\/posts\/31192\/revisions"}],"predecessor-version":[{"id":31195,"href":"http:\/\/www.grieta.org.mx\/index.php\/wp-json\/wp\/v2\/posts\/31192\/revisions\/31195"}],"wp:featuredmedia":[{"embeddable":true,"href":"http:\/\/www.grieta.org.mx\/index.php\/wp-json\/wp\/v2\/media\/31194"}],"wp:attachment":[{"href":"http:\/\/www.grieta.org.mx\/index.php\/wp-json\/wp\/v2\/media?parent=31192"}],"wp:term":[{"taxonomy":"category","embeddable":true,"href":"http:\/\/www.grieta.org.mx\/index.php\/wp-json\/wp\/v2\/categories?post=31192"},{"taxonomy":"post_tag","embeddable":true,"href":"http:\/\/www.grieta.org.mx\/index.php\/wp-json\/wp\/v2\/tags?post=31192"}],"curies":[{"name":"wp","href":"https:\/\/api.w.org\/{rel}","templated":true}]}}