{"id":31118,"date":"2019-03-20T14:12:30","date_gmt":"2019-03-20T20:12:30","guid":{"rendered":"http:\/\/www.grieta.org.mx\/?p=31118"},"modified":"2019-03-23T14:17:52","modified_gmt":"2019-03-23T20:17:52","slug":"se-exige-que-se-aclare-el-papel-de-empresas-espanolas-en-el-asesinato-de-samir-flores-morelos","status":"publish","type":"post","link":"http:\/\/www.grieta.org.mx\/index.php\/2019\/03\/20\/se-exige-que-se-aclare-el-papel-de-empresas-espanolas-en-el-asesinato-de-samir-flores-morelos\/","title":{"rendered":"Se exige que se aclare el papel de empresas espa\u00f1olas en el asesinato de Samir Flores (Morelos)"},"content":{"rendered":"<figure id=\"attachment_31119\" aria-describedby=\"caption-attachment-31119\" style=\"width: 600px\" class=\"wp-caption aligncenter\"><img loading=\"lazy\" decoding=\"async\" data-attachment-id=\"31119\" data-permalink=\"http:\/\/www.grieta.org.mx\/index.php\/2019\/03\/20\/se-exige-que-se-aclare-el-papel-de-empresas-espanolas-en-el-asesinato-de-samir-flores-morelos\/direct-57\/\" data-orig-file=\"http:\/\/www.grieta.org.mx\/wp-content\/uploads\/2019\/03\/direct-7.jpg\" data-orig-size=\"600,314\" data-comments-opened=\"0\" data-image-meta=\"{&quot;aperture&quot;:&quot;0&quot;,&quot;credit&quot;:&quot;&quot;,&quot;camera&quot;:&quot;&quot;,&quot;caption&quot;:&quot;&quot;,&quot;created_timestamp&quot;:&quot;0&quot;,&quot;copyright&quot;:&quot;&quot;,&quot;focal_length&quot;:&quot;0&quot;,&quot;iso&quot;:&quot;0&quot;,&quot;shutter_speed&quot;:&quot;0&quot;,&quot;title&quot;:&quot;&quot;,&quot;orientation&quot;:&quot;0&quot;}\" data-image-title=\"direct\" data-image-description=\"\" data-image-caption=\"&lt;p&gt;El activista mexicano Samir Flores fue asesinado hace un mes por protestar contra un megaproyecto en el que participan empresas espa\u00f1olas: Elecnor, Enagas y Abengoa &lt;\/p&gt;\n\" data-medium-file=\"http:\/\/www.grieta.org.mx\/wp-content\/uploads\/2019\/03\/direct-7-300x157.jpg\" data-large-file=\"http:\/\/www.grieta.org.mx\/wp-content\/uploads\/2019\/03\/direct-7.jpg\" src=\"http:\/\/www.grieta.org.mx\/wp-content\/uploads\/2019\/03\/direct-7.jpg\" alt=\"\" width=\"600\" height=\"314\" class=\"size-full wp-image-31119\" srcset=\"http:\/\/www.grieta.org.mx\/wp-content\/uploads\/2019\/03\/direct-7.jpg 600w, http:\/\/www.grieta.org.mx\/wp-content\/uploads\/2019\/03\/direct-7-300x157.jpg 300w\" sizes=\"auto, (max-width: 600px) 100vw, 600px\" \/><figcaption id=\"caption-attachment-31119\" class=\"wp-caption-text\">El activista mexicano Samir Flores fue asesinado hace un mes por protestar contra un megaproyecto en el que participan empresas espa\u00f1olas: Elecnor, Enagas y Abengoa<\/figcaption><\/figure>\n<p>Redacci\u00f3n \/ tercerainformaci\u00f3n.es<\/p>\n<blockquote><p>&#8211;    A un mes del asesinato del activista mexicano Samir Flores, Ecologistas en Acci\u00f3n exige que se aclare la implicaci\u00f3n de las empresas espa\u00f1olas vinculadas al Proyecto Integral Morelos (PIM).<br \/>\n&#8211;    Este defensor de los derechos humanos se opon\u00eda al PIM, un plan de infraestructuras de gran envergadura e impacto ambiental, que est\u00e1 recibiendo mucha oposici\u00f3n en M\u00e9xico.<\/p><\/blockquote>\n<p>El pasado 20 de febrero Samir Flores fue asesinado de dos disparos a la salida de su casa, a causa de su trabajo en defensa del territorio. Dicho trabajo le llev\u00f3 a oponerse firmemente al Proyecto Integral Morelos (PIM) y a las transnacionales vinculadas al proyecto, entre las que se encuentran varias empresas de capital espa\u00f1ol. Ecologistas en Acci\u00f3n exige a la embajadora de M\u00e9xico en Espa\u00f1a, Roberta Lajous Vargas, que presione para que se investigue este homicidio y se haga justicia.<\/p>\n<p>Asimismo, la organizaci\u00f3n ecologista insta las autoridades mexicanas y al presidente Andr\u00e9s Manuel L\u00f3pez Obrador, a paralizar el megaproyecto y a investigar la implicaci\u00f3n de las empresas concesionarias en el asesinato de Samir Flores.<\/p>\n<div class=\"jetpack-video-wrapper\"><iframe loading=\"lazy\" title=\"PROYECTO INTEGRAL MORELOS - SAMIR FLORES.\" width=\"1170\" height=\"658\" src=\"https:\/\/www.youtube.com\/embed\/FZpjHlaSs6o?feature=oembed\" frameborder=\"0\" allow=\"accelerometer; autoplay; clipboard-write; encrypted-media; gyroscope; picture-in-picture\" allowfullscreen><\/iframe><\/div>\n<p>El PIM incluye la construcci\u00f3n de dos centrales termoel\u00e9ctricas, de las que la empresa espa\u00f1ola Abengoa es la adjudicataria. Por su parte, el Grupo Elecnor y Enagas tienen el encargo de construir un gasoducto de aproximadamente 160 kil\u00f3metros de longitud. Este gasoducto pretende transportar diariamente nueve mil millones de litros de gas natural para dichas termoel\u00e9ctricas, pasando por las faldas del volc\u00e1n Popocat\u00e9petl, todav\u00eda activo, y a trav\u00e9s de m\u00e1s de 60 comunidades campesinas de los estados de Tlaxcala, Puebla y Morelos, que se oponen al proyecto.<\/p>\n<p>Ecologistas en Acci\u00f3n considera imprescindible que se lleve ante la justicia a los autores materiales del homicidio, as\u00ed como tambi\u00e9n a las entidades que pudieran estar detr\u00e1s del asesinato.<\/p>\n<p>Berta Iglesias, portavoz de Ecologistas en Acci\u00f3n: \u201cEn un momento de crisis ambiental tan acuciante como vivimos, incrementar el uso de combustibles de origen f\u00f3sil es inaceptable. Samir Flores as\u00ed lo entendi\u00f3, y exig\u00eda el respeto a las comunidades y al territorio. Ecologistas en Acci\u00f3n lamentamos profundamente su muerte y esperamos que no pase un mes m\u00e1s sin que se haga justicia\u201d.<\/p>\n<p><a href=\"https:\/\/www.tercerainformacion.es\/articulo\/actualidad\/2019\/03\/20\/se-exige-que-se-aclare-el-papel-de-empresas-espanolas-en-el-asesinato-de-samir-flores\">https:\/\/www.tercerainformacion.es\/articulo\/actualidad\/2019\/03\/20\/se-exige-que-se-aclare-el-papel-de-empresas-espanolas-en-el-asesinato-de-samir-flores<\/a><\/p>\n","protected":false},"excerpt":{"rendered":"<p>Redacci\u00f3n \/ tercerainformaci\u00f3n.es &#8211; A un mes del asesinato del activista mexicano Samir Flores, Ecologistas en Acci\u00f3n exige que se aclare la implicaci\u00f3n de las empresas espa\u00f1olas vinculadas al Proyecto &hellip; <a href=\"http:\/\/www.grieta.org.mx\/index.php\/2019\/03\/20\/se-exige-que-se-aclare-el-papel-de-empresas-espanolas-en-el-asesinato-de-samir-flores-morelos\/\" class=\"more-link\">Leer m\u00e1s<\/a><\/p>\n","protected":false},"author":2,"featured_media":31119,"comment_status":"closed","ping_status":"closed","sticky":false,"template":"","format":"standard","meta":{"ngg_post_thumbnail":0,"_jetpack_newsletter_access":"","_jetpack_dont_email_post_to_subs":false,"_jetpack_newsletter_tier_id":0,"_jetpack_memberships_contains_paywalled_content":false,"_jetpack_memberships_contains_paid_content":false,"footnotes":""},"categories":[54,55,80,970,1,954,3,922,22,938,942,2027,2,44,1171],"tags":[2140,1834,2087],"class_list":["post-31118","post","type-post","status-publish","format-standard","has-post-thumbnail","hentry","category-10-huexca","category-11-amilcingo","category-cintillo","category-esp-morelos","category-espejos-de-la-resistencia","category-espejos-estados","category-megaproyectos","category-megaproyectos-estados","category-morelos","category-mp-morelos","category-mp-puebla","category-mp-tlaxcala","category-noticias-nacionales","category-proyecto-integral-morelos","category-rechazo-al-proyecto-integral-morelos-pim-en-morelos","tag-asesinato-de-activistas","tag-asesinato-de-lideres-indigenas","tag-rechazo-a-la-termoelectrica-en-huexca","entry"],"jetpack_featured_media_url":"http:\/\/www.grieta.org.mx\/wp-content\/uploads\/2019\/03\/direct-7.jpg","jetpack_sharing_enabled":true,"jetpack_shortlink":"https:\/\/wp.me\/p7ZJR4-85U","jetpack_likes_enabled":false,"jetpack-related-posts":[{"id":31071,"url":"http:\/\/www.grieta.org.mx\/index.php\/2019\/03\/21\/ong-exige-investigar-posible-implicacion-de-tres-empresas-espanolas-en-el-crimen-de-samir-flores-morelos\/","url_meta":{"origin":31118,"position":0},"title":"ONG exige investigar posible implicaci\u00f3n de tres empresas espa\u00f1olas en el crimen de Samir Flores (Morelos)","author":"grieta","date":"21 marzo, 2019","format":false,"excerpt":"Alejandro Guti\u00e9rrez \/ Proceso MADRID (apro).- La organizaci\u00f3n Ecologistas en Acci\u00f3n exigi\u00f3 al gobierno mexicano que se investigue y aclare la posible implicaci\u00f3n de las empresas espa\u00f1olas Abengoa, Elecnor y Enagas, en el asesinato del activista Samir Flores. A un mes del asesinato de Flores, Ecologistas en Acci\u00f3n pone la\u2026","rel":"","context":"En &quot;10. Huexca&quot;","block_context":{"text":"10. Huexca","link":"http:\/\/www.grieta.org.mx\/index.php\/category\/espejos-de-la-resistencia\/10-huexca\/"},"img":{"alt_text":"","src":"https:\/\/i0.wp.com\/www.grieta.org.mx\/wp-content\/uploads\/2019\/03\/samir3-1078x808.jpg?resize=350%2C200","width":350,"height":200,"srcset":"https:\/\/i0.wp.com\/www.grieta.org.mx\/wp-content\/uploads\/2019\/03\/samir3-1078x808.jpg?resize=350%2C200 1x, https:\/\/i0.wp.com\/www.grieta.org.mx\/wp-content\/uploads\/2019\/03\/samir3-1078x808.jpg?resize=525%2C300 1.5x, https:\/\/i0.wp.com\/www.grieta.org.mx\/wp-content\/uploads\/2019\/03\/samir3-1078x808.jpg?resize=700%2C400 2x, https:\/\/i0.wp.com\/www.grieta.org.mx\/wp-content\/uploads\/2019\/03\/samir3-1078x808.jpg?resize=1050%2C600 3x"},"classes":[]},{"id":39461,"url":"http:\/\/www.grieta.org.mx\/index.php\/2019\/08\/20\/exigen-que-asesinato-del-activista-samir-flores-lo-investigue-fgr-morelos\/","url_meta":{"origin":31118,"position":1},"title":"Exigen que asesinato del activista Samir Flores lo investigue FGR (Morelos)","author":"grieta","date":"20 agosto, 2019","format":false,"excerpt":"Redacci\u00f3n \/ \u00c1ngulo 7 A seis meses del asesinato del opositor del Proyecto Integral Morelos (PIM), Samir Flores Soberanes, el Frente de Pueblos en Defensa de la Tierra y el Agua (Fpdta) exigi\u00f3 que el asesinato de sea investigado por la FGR, ya que acusan de ineficiente a la de\u2026","rel":"","context":"En &quot;10. Huexca&quot;","block_context":{"text":"10. Huexca","link":"http:\/\/www.grieta.org.mx\/index.php\/category\/espejos-de-la-resistencia\/10-huexca\/"},"img":{"alt_text":"","src":"https:\/\/i0.wp.com\/www.grieta.org.mx\/wp-content\/uploads\/2019\/09\/https-_www.angulo7.com_.mx_wp-content_uploads_2019_02_activista-Samir-Flores-Soberanes-PIM-1.jpg?resize=350%2C200","width":350,"height":200,"srcset":"https:\/\/i0.wp.com\/www.grieta.org.mx\/wp-content\/uploads\/2019\/09\/https-_www.angulo7.com_.mx_wp-content_uploads_2019_02_activista-Samir-Flores-Soberanes-PIM-1.jpg?resize=350%2C200 1x, https:\/\/i0.wp.com\/www.grieta.org.mx\/wp-content\/uploads\/2019\/09\/https-_www.angulo7.com_.mx_wp-content_uploads_2019_02_activista-Samir-Flores-Soberanes-PIM-1.jpg?resize=525%2C300 1.5x"},"classes":[]},{"id":31074,"url":"http:\/\/www.grieta.org.mx\/index.php\/2019\/03\/20\/sin-avances-la-investigacion-por-el-asesinato-de-samir-flores-en-morelos\/","url_meta":{"origin":31118,"position":2},"title":"Sin avances, la investigaci\u00f3n por el asesinato de Samir Flores en Morelos","author":"grieta","date":"20 marzo, 2019","format":false,"excerpt":"Jaime Luis Brito \/ Proceso AMILCINGO, Mor. (apro).\u2013 A un mes del asesinato de Samir Flores Soberanes, uno de los m\u00e1s importantes opositores al gasoducto y la termoel\u00e9ctrica del Proyecto Integral Morelos, las autoridades estatales no han anunciado avances en la investigaci\u00f3n y la Fiscal\u00eda General de la Rep\u00fablica (FGR)\u2026","rel":"","context":"En &quot;10. Huexca&quot;","block_context":{"text":"10. Huexca","link":"http:\/\/www.grieta.org.mx\/index.php\/category\/espejos-de-la-resistencia\/10-huexca\/"},"img":{"alt_text":"","src":"https:\/\/i0.wp.com\/www.grieta.org.mx\/wp-content\/uploads\/2019\/03\/7b1db3497876caac98-220219-samir-as6-1-1078x800.jpg?resize=350%2C200","width":350,"height":200,"srcset":"https:\/\/i0.wp.com\/www.grieta.org.mx\/wp-content\/uploads\/2019\/03\/7b1db3497876caac98-220219-samir-as6-1-1078x800.jpg?resize=350%2C200 1x, https:\/\/i0.wp.com\/www.grieta.org.mx\/wp-content\/uploads\/2019\/03\/7b1db3497876caac98-220219-samir-as6-1-1078x800.jpg?resize=525%2C300 1.5x, https:\/\/i0.wp.com\/www.grieta.org.mx\/wp-content\/uploads\/2019\/03\/7b1db3497876caac98-220219-samir-as6-1-1078x800.jpg?resize=700%2C400 2x, https:\/\/i0.wp.com\/www.grieta.org.mx\/wp-content\/uploads\/2019\/03\/7b1db3497876caac98-220219-samir-as6-1-1078x800.jpg?resize=1050%2C600 3x"},"classes":[]},{"id":34298,"url":"http:\/\/www.grieta.org.mx\/index.php\/2019\/05\/20\/a-3-meses-del-asesinato-de-samir-flores-activistas-piden-justicia-frente-a-la-fiscalia-de-morelos\/","url_meta":{"origin":31118,"position":3},"title":"A 3 meses del asesinato de Samir Flores, activistas piden justicia frente a la Fiscal\u00eda de Morelos","author":"grieta","date":"20 mayo, 2019","format":false,"excerpt":"Redacci\u00f3n \/ Sin embargo Samir Flores era el principal opositor de la termoel\u00e9ctrica de Huexca, en el estado de Morelos y fue asesinado de varios balazos el pasado 20 de febrero afuera de su casa, en el municipio de Temoac. Ciudad de M\u00e9xico, 20 de mayo (SinEmbargo).- Compa\u00f1eros de lucha\u2026","rel":"","context":"En &quot;11. Amilcingo&quot;","block_context":{"text":"11. Amilcingo","link":"http:\/\/www.grieta.org.mx\/index.php\/category\/espejos-de-la-resistencia\/11-amilcingo\/"},"img":{"alt_text":"","src":"https:\/\/i0.wp.com\/www.grieta.org.mx\/wp-content\/uploads\/2019\/06\/samir.jpg?resize=350%2C200","width":350,"height":200,"srcset":"https:\/\/i0.wp.com\/www.grieta.org.mx\/wp-content\/uploads\/2019\/06\/samir.jpg?resize=350%2C200 1x, https:\/\/i0.wp.com\/www.grieta.org.mx\/wp-content\/uploads\/2019\/06\/samir.jpg?resize=525%2C300 1.5x, https:\/\/i0.wp.com\/www.grieta.org.mx\/wp-content\/uploads\/2019\/06\/samir.jpg?resize=700%2C400 2x, https:\/\/i0.wp.com\/www.grieta.org.mx\/wp-content\/uploads\/2019\/06\/samir.jpg?resize=1050%2C600 3x"},"classes":[]},{"id":44227,"url":"http:\/\/www.grieta.org.mx\/index.php\/2020\/02\/07\/exigen-cancelar-termoelectrica-huexca-y-esclarecer-asesinato-de-samir-flores-morelos\/","url_meta":{"origin":31118,"position":4},"title":"Exigen Cancelar termoel\u00e9ctrica Huexca y esclarecer asesinato de Samir Flores (Morelos)","author":"grieta","date":"7 febrero, 2020","format":false,"excerpt":"Redacci\u00f3n \/ La Verdad La Asamblea de los Pueblos de Morelos asegur\u00f3 que a casi un a\u00f1o del asesinato de Samir Flores, la fiscal\u00eda de Morelos poco a investigado al respecto Integrantes de la Asamblea de los Pueblos de Morelos en Defensa del Territorio exigieron al presidente Andr\u00e9s Manuel L\u00f3pez\u2026","rel":"","context":"En &quot;10. Huexca&quot;","block_context":{"text":"10. Huexca","link":"http:\/\/www.grieta.org.mx\/index.php\/category\/espejos-de-la-resistencia\/10-huexca\/"},"img":{"alt_text":"","src":"https:\/\/i0.wp.com\/www.grieta.org.mx\/wp-content\/uploads\/2020\/02\/Screenshot_2020-02-12-Exigen-Cancelar-termoel%C3%A9ctrica-Huexca-y-esclarecer-asesinato-de-Samir-Flores.png?resize=350%2C200","width":350,"height":200,"srcset":"https:\/\/i0.wp.com\/www.grieta.org.mx\/wp-content\/uploads\/2020\/02\/Screenshot_2020-02-12-Exigen-Cancelar-termoel%C3%A9ctrica-Huexca-y-esclarecer-asesinato-de-Samir-Flores.png?resize=350%2C200 1x, https:\/\/i0.wp.com\/www.grieta.org.mx\/wp-content\/uploads\/2020\/02\/Screenshot_2020-02-12-Exigen-Cancelar-termoel%C3%A9ctrica-Huexca-y-esclarecer-asesinato-de-Samir-Flores.png?resize=525%2C300 1.5x, https:\/\/i0.wp.com\/www.grieta.org.mx\/wp-content\/uploads\/2020\/02\/Screenshot_2020-02-12-Exigen-Cancelar-termoel%C3%A9ctrica-Huexca-y-esclarecer-asesinato-de-Samir-Flores.png?resize=700%2C400 2x"},"classes":[]},{"id":29279,"url":"http:\/\/www.grieta.org.mx\/index.php\/2019\/02\/20\/pronunciamiento-del-cni-cig-ezln-ante-el-asesinato-del-companero-samir-flores-soberanes\/","url_meta":{"origin":31118,"position":5},"title":"Pronunciamiento del CNI-CIG-EZLN ante el asesinato del compa\u00f1ero Samir Flores Soberanes","author":"grieta","date":"20 febrero, 2019","format":false,"excerpt":"20 de febrero del 2019 Al pueblo de M\u00e9xico y a los pueblos del mundo A las redes de apoyo al CIG A las redes de resistencia y rebeld\u00eda A la Sexta Nacional e Internacional A los medios de comunicaci\u00f3n Denunciamos con dolor y rabia el cobarde asesinato de nuestro\u2026","rel":"","context":"En &quot;10. Huexca&quot;","block_context":{"text":"10. Huexca","link":"http:\/\/www.grieta.org.mx\/index.php\/category\/espejos-de-la-resistencia\/10-huexca\/"},"img":{"alt_text":"","src":"https:\/\/i0.wp.com\/www.grieta.org.mx\/wp-content\/uploads\/2019\/02\/Ejecutan-a-Samir-Flores-opositor-de-gasoducto-y-termoel%C3%A9ctrica-de-Morelos-640x424.jpg?resize=350%2C200","width":350,"height":200,"srcset":"https:\/\/i0.wp.com\/www.grieta.org.mx\/wp-content\/uploads\/2019\/02\/Ejecutan-a-Samir-Flores-opositor-de-gasoducto-y-termoel%C3%A9ctrica-de-Morelos-640x424.jpg?resize=350%2C200 1x, https:\/\/i0.wp.com\/www.grieta.org.mx\/wp-content\/uploads\/2019\/02\/Ejecutan-a-Samir-Flores-opositor-de-gasoducto-y-termoel%C3%A9ctrica-de-Morelos-640x424.jpg?resize=525%2C300 1.5x"},"classes":[]}],"_links":{"self":[{"href":"http:\/\/www.grieta.org.mx\/index.php\/wp-json\/wp\/v2\/posts\/31118","targetHints":{"allow":["GET"]}}],"collection":[{"href":"http:\/\/www.grieta.org.mx\/index.php\/wp-json\/wp\/v2\/posts"}],"about":[{"href":"http:\/\/www.grieta.org.mx\/index.php\/wp-json\/wp\/v2\/types\/post"}],"author":[{"embeddable":true,"href":"http:\/\/www.grieta.org.mx\/index.php\/wp-json\/wp\/v2\/users\/2"}],"replies":[{"embeddable":true,"href":"http:\/\/www.grieta.org.mx\/index.php\/wp-json\/wp\/v2\/comments?post=31118"}],"version-history":[{"count":1,"href":"http:\/\/www.grieta.org.mx\/index.php\/wp-json\/wp\/v2\/posts\/31118\/revisions"}],"predecessor-version":[{"id":31120,"href":"http:\/\/www.grieta.org.mx\/index.php\/wp-json\/wp\/v2\/posts\/31118\/revisions\/31120"}],"wp:featuredmedia":[{"embeddable":true,"href":"http:\/\/www.grieta.org.mx\/index.php\/wp-json\/wp\/v2\/media\/31119"}],"wp:attachment":[{"href":"http:\/\/www.grieta.org.mx\/index.php\/wp-json\/wp\/v2\/media?parent=31118"}],"wp:term":[{"taxonomy":"category","embeddable":true,"href":"http:\/\/www.grieta.org.mx\/index.php\/wp-json\/wp\/v2\/categories?post=31118"},{"taxonomy":"post_tag","embeddable":true,"href":"http:\/\/www.grieta.org.mx\/index.php\/wp-json\/wp\/v2\/tags?post=31118"}],"curies":[{"name":"wp","href":"https:\/\/api.w.org\/{rel}","templated":true}]}}