{"id":31108,"date":"2019-03-17T13:54:20","date_gmt":"2019-03-17T19:54:20","guid":{"rendered":"http:\/\/www.grieta.org.mx\/?p=31108"},"modified":"2019-03-23T14:01:07","modified_gmt":"2019-03-23T20:01:07","slug":"con-reforma-educativa-matricula-de-la-normal-bajo-un-50-director-veracruz","status":"publish","type":"post","link":"http:\/\/www.grieta.org.mx\/index.php\/2019\/03\/17\/con-reforma-educativa-matricula-de-la-normal-bajo-un-50-director-veracruz\/","title":{"rendered":"Con Reforma Educativa matr\u00edcula de la Normal baj\u00f3 un 50%: director (Veracruz)"},"content":{"rendered":"<figure id=\"attachment_31109\" aria-describedby=\"caption-attachment-31109\" style=\"width: 749px\" class=\"wp-caption aligncenter\"><img loading=\"lazy\" decoding=\"async\" data-attachment-id=\"31109\" data-permalink=\"http:\/\/www.grieta.org.mx\/index.php\/2019\/03\/17\/con-reforma-educativa-matricula-de-la-normal-bajo-un-50-director-veracruz\/screenshot_2019-03-23-con-reforma-educativa-matricula-de-la-normal-bajo-un-50-director\/\" data-orig-file=\"http:\/\/www.grieta.org.mx\/wp-content\/uploads\/2019\/03\/Screenshot_2019-03-23-Con-Reforma-Educativa-matr\u00edcula-de-la-Normal-baj\u00f3-un-50-director.png\" data-orig-size=\"937,585\" data-comments-opened=\"0\" data-image-meta=\"{&quot;aperture&quot;:&quot;0&quot;,&quot;credit&quot;:&quot;&quot;,&quot;camera&quot;:&quot;&quot;,&quot;caption&quot;:&quot;&quot;,&quot;created_timestamp&quot;:&quot;0&quot;,&quot;copyright&quot;:&quot;&quot;,&quot;focal_length&quot;:&quot;0&quot;,&quot;iso&quot;:&quot;0&quot;,&quot;shutter_speed&quot;:&quot;0&quot;,&quot;title&quot;:&quot;&quot;,&quot;orientation&quot;:&quot;0&quot;}\" data-image-title=\"Screenshot_2019-03-23 Con Reforma Educativa matr\u00edcula de la Normal baj\u00f3 un 50% director\" data-image-description=\"\" data-image-caption=\"&lt;p&gt;Daniel Dom\u00ednguez Aguilar, Director Normal Veracruzana \/ Foto: Jaime Rivera &lt;\/p&gt;\n\" data-medium-file=\"http:\/\/www.grieta.org.mx\/wp-content\/uploads\/2019\/03\/Screenshot_2019-03-23-Con-Reforma-Educativa-matr\u00edcula-de-la-Normal-baj\u00f3-un-50-director-300x187.png\" data-large-file=\"http:\/\/www.grieta.org.mx\/wp-content\/uploads\/2019\/03\/Screenshot_2019-03-23-Con-Reforma-Educativa-matr\u00edcula-de-la-Normal-baj\u00f3-un-50-director.png\" src=\"http:\/\/www.grieta.org.mx\/wp-content\/uploads\/2019\/03\/Screenshot_2019-03-23-Con-Reforma-Educativa-matr\u00edcula-de-la-Normal-baj\u00f3-un-50-director.png\" alt=\"\" width=\"749\" height=\"468\" class=\"size-full wp-image-31109\" srcset=\"http:\/\/www.grieta.org.mx\/wp-content\/uploads\/2019\/03\/Screenshot_2019-03-23-Con-Reforma-Educativa-matr\u00edcula-de-la-Normal-baj\u00f3-un-50-director.png 937w, http:\/\/www.grieta.org.mx\/wp-content\/uploads\/2019\/03\/Screenshot_2019-03-23-Con-Reforma-Educativa-matr\u00edcula-de-la-Normal-baj\u00f3-un-50-director-300x187.png 300w, http:\/\/www.grieta.org.mx\/wp-content\/uploads\/2019\/03\/Screenshot_2019-03-23-Con-Reforma-Educativa-matr\u00edcula-de-la-Normal-baj\u00f3-un-50-director-768x479.png 768w, http:\/\/www.grieta.org.mx\/wp-content\/uploads\/2019\/03\/Screenshot_2019-03-23-Con-Reforma-Educativa-matr\u00edcula-de-la-Normal-baj\u00f3-un-50-director-801x500.png 801w\" sizes=\"auto, (max-width: 749px) 100vw, 749px\" \/><figcaption id=\"caption-attachment-31109\" class=\"wp-caption-text\">Daniel Dom\u00ednguez Aguilar, Director Normal Veracruzana \/ Foto: Jaime Rivera<\/figcaption><\/figure>\n<p>Itzel Molina \/ Diario de Xalapa<\/p>\n<p>Con la aplicaci\u00f3n de la Reforma Educativa la matr\u00edcula de la Benem\u00e9rita Escuela Normal Veracruzana &#8220;Enrique C. R\u00e9bsamen&#8221; disminuy\u00f3 un 50%, dio a conocer el director de la instituci\u00f3n, Daniel Dom\u00ednguez Aguilar.<\/p>\n<p>Refiri\u00f3 que ante ello es necesario reposicionar a la instituci\u00f3n a nivel nacional, pues por varios a\u00f1os ha sido una de las mejores en lo que respecta a la formaci\u00f3n de docentes.<\/p>\n<p>&#8220;Hubo a\u00f1os en que la afluencia de solicitudes era de 3 mil 800 y en \u00e9pocas pasadas lleg\u00e1bamos a poco m\u00e1s de mil, con ello se tiene una idea del tama\u00f1o de la disminuci\u00f3n de la matr\u00edcula&#8221; expuso.<\/p>\n<p>Consider\u00f3 como indispensable recuperar el papel hist\u00f3rico que han tenido las Normales en la formaci\u00f3n de los docentes de educaci\u00f3n b\u00e1sica, por lo cual se conf\u00eda en que el proyecto educativo generado en el pasado Gobierno federal sea eliminado.<\/p>\n<p>&#8220;Desafortunadamente la Reforma Educativa, que todav\u00eda est\u00e1 vigente, estigmatiz\u00f3 al magisterio, degrad\u00f3 a las normales e hizo que la matr\u00edcula se abatiera, es algo con lo que tenemos que luchar\u201d dijo.<\/p>\n<p>Adelant\u00f3 que se har\u00e1 una revisi\u00f3n completa de los planes de estudio para mejorarlos y atender las necesidades que se tienen respecto a la formaci\u00f3n de los profesores.<\/p>\n<p>&#8220;Se necesita replantear el equipo de docente que se requiere en este momento para hacer frente al planteamiento nacional&#8221;<\/p>\n<p><a href=\"https:\/\/www.diariodexalapa.com.mx\/local\/con-reforma-educativa-matricula-de-la-normal-bajo-un-50-director-xalapa-veracruz-educacion-reformas-3198652.html\">https:\/\/www.diariodexalapa.com.mx\/local\/con-reforma-educativa-matricula-de-la-normal-bajo-un-50-director-xalapa-veracruz-educacion-reformas-3198652.html<\/a><\/p>\n","protected":false},"excerpt":{"rendered":"<p>Itzel Molina \/ Diario de Xalapa Con la aplicaci\u00f3n de la Reforma Educativa la matr\u00edcula de la Benem\u00e9rita Escuela Normal Veracruzana &#8220;Enrique C. R\u00e9bsamen&#8221; disminuy\u00f3 un 50%, dio a conocer &hellip; <a href=\"http:\/\/www.grieta.org.mx\/index.php\/2019\/03\/17\/con-reforma-educativa-matricula-de-la-normal-bajo-un-50-director-veracruz\/\" class=\"more-link\">Leer m\u00e1s<\/a><\/p>\n","protected":false},"author":2,"featured_media":31109,"comment_status":"closed","ping_status":"closed","sticky":false,"template":"","format":"standard","meta":{"ngg_post_thumbnail":0,"_jetpack_newsletter_access":"","_jetpack_dont_email_post_to_subs":false,"_jetpack_newsletter_tier_id":0,"_jetpack_memberships_contains_paywalled_content":false,"_jetpack_memberships_contains_paid_content":false,"footnotes":""},"categories":[80,1937,2,35],"tags":[509,135],"class_list":["post-31108","post","type-post","status-publish","format-standard","has-post-thumbnail","hentry","category-cintillo","category-movilizaciones-contra-la-reforma-educativa-y-la-evaluacion-magisterial-en-veracruz","category-noticias-nacionales","category-veracruz","tag-normal-veracruzana","tag-reforma-educativa","entry"],"jetpack_featured_media_url":"http:\/\/www.grieta.org.mx\/wp-content\/uploads\/2019\/03\/Screenshot_2019-03-23-Con-Reforma-Educativa-matr\u00edcula-de-la-Normal-baj\u00f3-un-50-director.png","jetpack_sharing_enabled":true,"jetpack_shortlink":"https:\/\/wp.me\/p7ZJR4-85K","jetpack_likes_enabled":false,"jetpack-related-posts":[{"id":8584,"url":"http:\/\/www.grieta.org.mx\/index.php\/2015\/02\/24\/directivos-de-la-normal-veracruzana-quieren-acabar-con-huerto-comunitario\/","url_meta":{"origin":31108,"position":0},"title":"Directivos de la Normal Veracruzana quieren acabar con huerto comunitario","author":"Admin","date":"24 febrero, 2015","format":false,"excerpt":"Hace 2 a\u00f1os comenz\u00f3 un proyecto que se convertir\u00eda en uno de los huertos comunitarios m\u00e1s exitosos y queridos en la ciudad de Xalapa, ubicado en un terreno de la Normal Veracruzana el cual antes era usado como basurero (con m\u00e1s de una d\u00e9cada de abandono). En un principio se\u2026","rel":"","context":"En &quot;CINTILLO&quot;","block_context":{"text":"CINTILLO","link":"http:\/\/www.grieta.org.mx\/index.php\/category\/cintillo\/"},"img":{"alt_text":"","src":"https:\/\/i0.wp.com\/www.grieta.org.mx\/wp-content\/uploads\/2018\/03\/14524434_1106112876131411_958039263622046936_o.jpg?resize=350%2C200","width":350,"height":200,"srcset":"https:\/\/i0.wp.com\/www.grieta.org.mx\/wp-content\/uploads\/2018\/03\/14524434_1106112876131411_958039263622046936_o.jpg?resize=350%2C200 1x, https:\/\/i0.wp.com\/www.grieta.org.mx\/wp-content\/uploads\/2018\/03\/14524434_1106112876131411_958039263622046936_o.jpg?resize=525%2C300 1.5x, https:\/\/i0.wp.com\/www.grieta.org.mx\/wp-content\/uploads\/2018\/03\/14524434_1106112876131411_958039263622046936_o.jpg?resize=700%2C400 2x"},"classes":[]},{"id":14611,"url":"http:\/\/www.grieta.org.mx\/index.php\/2016\/06\/20\/respaldo-de-jubilados-a-lucha-de-maestros-contra-reforma-educativa\/","url_meta":{"origin":31108,"position":1},"title":"Respaldo de jubilados a lucha de maestros contra Reforma Educativa (Campeche)","author":"grieta","date":"20 junio, 2016","format":false,"excerpt":"Por Ronny Aguilar CAMPECHE, Cam. 20 de junio del 2016.- La Coalici\u00f3n Nacional de Jubilados y Pensionados \u201cElpidio Dom\u00ednguez Castro\u201d, realiz\u00f3 un mitin en el parque principal, para manifestar su respaldo total a los maestros, repudiar las acciones de la Policial Federal y hacer un extenso llamado a sumar a\u2026","rel":"","context":"En &quot;campeche&quot;","block_context":{"text":"campeche","link":"http:\/\/www.grieta.org.mx\/index.php\/category\/campeche\/"},"img":{"alt_text":"","src":"https:\/\/i0.wp.com\/www.grieta.org.mx\/wp-content\/uploads\/2018\/03\/14524434_1106112876131411_958039263622046936_o.jpg?resize=350%2C200","width":350,"height":200,"srcset":"https:\/\/i0.wp.com\/www.grieta.org.mx\/wp-content\/uploads\/2018\/03\/14524434_1106112876131411_958039263622046936_o.jpg?resize=350%2C200 1x, https:\/\/i0.wp.com\/www.grieta.org.mx\/wp-content\/uploads\/2018\/03\/14524434_1106112876131411_958039263622046936_o.jpg?resize=525%2C300 1.5x, https:\/\/i0.wp.com\/www.grieta.org.mx\/wp-content\/uploads\/2018\/03\/14524434_1106112876131411_958039263622046936_o.jpg?resize=700%2C400 2x"},"classes":[]},{"id":2874,"url":"http:\/\/www.grieta.org.mx\/index.php\/2015\/11\/24\/toman-alumnos-normal-de-san-marcos\/","url_meta":{"origin":31108,"position":2},"title":"Toman alumnos Normal de San Marcos","author":"grieta","date":"24 noviembre, 2015","format":false,"excerpt":"Martes, 24 de noviembre de 2015 ABIGAIL SALINAS | NTRZACATECAS.COM Loreto.- Desde las 8 horas de este martes, alumnos de la Escuela Normal Rural General Mat\u00edas Ramos Santos de San Marcos, realizaron un paro de actividades en protesta a la modificaci\u00f3n que marca para las normales rurales la reforma educativa.\u2026","rel":"","context":"En &quot;CINTILLO&quot;","block_context":{"text":"CINTILLO","link":"http:\/\/www.grieta.org.mx\/index.php\/category\/cintillo\/"},"img":{"alt_text":"","src":"https:\/\/i0.wp.com\/www.grieta.org.mx\/wp-content\/uploads\/2018\/03\/14524434_1106112876131411_958039263622046936_o.jpg?resize=350%2C200","width":350,"height":200,"srcset":"https:\/\/i0.wp.com\/www.grieta.org.mx\/wp-content\/uploads\/2018\/03\/14524434_1106112876131411_958039263622046936_o.jpg?resize=350%2C200 1x, https:\/\/i0.wp.com\/www.grieta.org.mx\/wp-content\/uploads\/2018\/03\/14524434_1106112876131411_958039263622046936_o.jpg?resize=525%2C300 1.5x, https:\/\/i0.wp.com\/www.grieta.org.mx\/wp-content\/uploads\/2018\/03\/14524434_1106112876131411_958039263622046936_o.jpg?resize=700%2C400 2x"},"classes":[]},{"id":14887,"url":"http:\/\/www.grieta.org.mx\/index.php\/2016\/06\/24\/indigenas-del-sur-de-veracruz-se-movilizaran-en-apoyo-a-maestros-de-oaxaca\/","url_meta":{"origin":31108,"position":3},"title":"Ind\u00edgenas del sur de Veracruz se movilizar\u00e1n en apoyo a maestros de Oaxaca","author":"grieta","date":"24 junio, 2016","format":false,"excerpt":"Jos\u00e9 Dom\u00ednguez Coatzacoalcos, Ver. Con el objetivo de solidarizarse al movimiento de los maestros del vecino estado de Oaxaca, integrantes del Consejo de Gobierno Popular Ind\u00edgena del Sur de Veracruz, anunciaron la \u201ctoma\u201d de carreteras en dicha regi\u00f3n el pr\u00f3ximo domingo. Durante conferencia de prensa, el coordinador de la organizaci\u00f3n\u2026","rel":"","context":"En &quot;CINTILLO&quot;","block_context":{"text":"CINTILLO","link":"http:\/\/www.grieta.org.mx\/index.php\/category\/cintillo\/"},"img":{"alt_text":"","src":"https:\/\/i0.wp.com\/www.grieta.org.mx\/wp-content\/uploads\/2018\/03\/14524434_1106112876131411_958039263622046936_o.jpg?resize=350%2C200","width":350,"height":200,"srcset":"https:\/\/i0.wp.com\/www.grieta.org.mx\/wp-content\/uploads\/2018\/03\/14524434_1106112876131411_958039263622046936_o.jpg?resize=350%2C200 1x, https:\/\/i0.wp.com\/www.grieta.org.mx\/wp-content\/uploads\/2018\/03\/14524434_1106112876131411_958039263622046936_o.jpg?resize=525%2C300 1.5x, https:\/\/i0.wp.com\/www.grieta.org.mx\/wp-content\/uploads\/2018\/03\/14524434_1106112876131411_958039263622046936_o.jpg?resize=700%2C400 2x"},"classes":[]},{"id":8602,"url":"http:\/\/www.grieta.org.mx\/index.php\/2015\/02\/24\/conflictos-y-resistencia-de-las-escuelas-normales-rurales-de-veracruz\/","url_meta":{"origin":31108,"position":4},"title":"Conflictos y resistencia de las Escuelas Normales Rurales de Veracruz","author":"Admin","date":"24 febrero, 2015","format":false,"excerpt":"Quieren acabar con huerto comunitario de la Normal Veracruzana 24\/02\/15. Directivos de la Normal Veracruzana quieren acabar con huerto comunitario Zapateando 21\/02\/15. Alumnos de la Normal Veracruzana transforman un terreno utilizado como basurero en huerto y ahora los corren Plumas Libres","rel":"","context":"En &quot;NOTICIAS NACIONALES&quot;","block_context":{"text":"NOTICIAS NACIONALES","link":"http:\/\/www.grieta.org.mx\/index.php\/category\/noticias-nacionales\/"},"img":{"alt_text":"","src":"https:\/\/i0.wp.com\/www.grieta.org.mx\/wp-content\/uploads\/2018\/03\/14524434_1106112876131411_958039263622046936_o.jpg?resize=350%2C200","width":350,"height":200,"srcset":"https:\/\/i0.wp.com\/www.grieta.org.mx\/wp-content\/uploads\/2018\/03\/14524434_1106112876131411_958039263622046936_o.jpg?resize=350%2C200 1x, https:\/\/i0.wp.com\/www.grieta.org.mx\/wp-content\/uploads\/2018\/03\/14524434_1106112876131411_958039263622046936_o.jpg?resize=525%2C300 1.5x, https:\/\/i0.wp.com\/www.grieta.org.mx\/wp-content\/uploads\/2018\/03\/14524434_1106112876131411_958039263622046936_o.jpg?resize=700%2C400 2x"},"classes":[]},{"id":15850,"url":"http:\/\/www.grieta.org.mx\/index.php\/2016\/06\/28\/manifiestan-estudiantes-de-la-normal-de-teneria-apoyo-a-cnte\/","url_meta":{"origin":31108,"position":5},"title":"Manifiestan estudiantes de la Normal de Tener\u00eda apoyo a CNTE","author":"grieta","date":"28 junio, 2016","format":false,"excerpt":"Alberto Dzib Alrededor de 45 estudiantes de la Escuela Normal Rural de Tener\u00eda en el municipio de Tenancingo Estado de M\u00e9xico, acudieron al palacio del Poder Ejecutivo de la entidad para manifestar su apoyo al gremio magisterial, principalmente del Estado de Oaxaca, derivado de los conflictos que de su rechazo\u2026","rel":"","context":"En &quot;CINTILLO&quot;","block_context":{"text":"CINTILLO","link":"http:\/\/www.grieta.org.mx\/index.php\/category\/cintillo\/"},"img":{"alt_text":"","src":"https:\/\/i0.wp.com\/www.grieta.org.mx\/wp-content\/uploads\/2018\/03\/14524434_1106112876131411_958039263622046936_o.jpg?resize=350%2C200","width":350,"height":200,"srcset":"https:\/\/i0.wp.com\/www.grieta.org.mx\/wp-content\/uploads\/2018\/03\/14524434_1106112876131411_958039263622046936_o.jpg?resize=350%2C200 1x, https:\/\/i0.wp.com\/www.grieta.org.mx\/wp-content\/uploads\/2018\/03\/14524434_1106112876131411_958039263622046936_o.jpg?resize=525%2C300 1.5x, https:\/\/i0.wp.com\/www.grieta.org.mx\/wp-content\/uploads\/2018\/03\/14524434_1106112876131411_958039263622046936_o.jpg?resize=700%2C400 2x"},"classes":[]}],"_links":{"self":[{"href":"http:\/\/www.grieta.org.mx\/index.php\/wp-json\/wp\/v2\/posts\/31108","targetHints":{"allow":["GET"]}}],"collection":[{"href":"http:\/\/www.grieta.org.mx\/index.php\/wp-json\/wp\/v2\/posts"}],"about":[{"href":"http:\/\/www.grieta.org.mx\/index.php\/wp-json\/wp\/v2\/types\/post"}],"author":[{"embeddable":true,"href":"http:\/\/www.grieta.org.mx\/index.php\/wp-json\/wp\/v2\/users\/2"}],"replies":[{"embeddable":true,"href":"http:\/\/www.grieta.org.mx\/index.php\/wp-json\/wp\/v2\/comments?post=31108"}],"version-history":[{"count":1,"href":"http:\/\/www.grieta.org.mx\/index.php\/wp-json\/wp\/v2\/posts\/31108\/revisions"}],"predecessor-version":[{"id":31110,"href":"http:\/\/www.grieta.org.mx\/index.php\/wp-json\/wp\/v2\/posts\/31108\/revisions\/31110"}],"wp:featuredmedia":[{"embeddable":true,"href":"http:\/\/www.grieta.org.mx\/index.php\/wp-json\/wp\/v2\/media\/31109"}],"wp:attachment":[{"href":"http:\/\/www.grieta.org.mx\/index.php\/wp-json\/wp\/v2\/media?parent=31108"}],"wp:term":[{"taxonomy":"category","embeddable":true,"href":"http:\/\/www.grieta.org.mx\/index.php\/wp-json\/wp\/v2\/categories?post=31108"},{"taxonomy":"post_tag","embeddable":true,"href":"http:\/\/www.grieta.org.mx\/index.php\/wp-json\/wp\/v2\/tags?post=31108"}],"curies":[{"name":"wp","href":"https:\/\/api.w.org\/{rel}","templated":true}]}}