{"id":3110,"date":"2015-10-14T05:09:12","date_gmt":"2015-10-14T05:09:12","guid":{"rendered":"http:\/\/50.22.11.12\/~grietaor\/?p=3110"},"modified":"2016-03-14T05:11:32","modified_gmt":"2016-03-14T05:11:32","slug":"san-francisco-xochicuautla-presenta-demanda-de-controversia-constitucional-ante-la-scjn","status":"publish","type":"post","link":"http:\/\/www.grieta.org.mx\/index.php\/2015\/10\/14\/san-francisco-xochicuautla-presenta-demanda-de-controversia-constitucional-ante-la-scjn\/","title":{"rendered":"San Francisco Xochicuautla presenta demanda de controversia constitucional ante la SCJN"},"content":{"rendered":"<p>El pueblo ind\u00edgena otom\u00ed de San Francisco Xochicuautla a trav\u00e9s de su Consejo Supremo Ind\u00edgena Otom\u00ed y sus Delegados, autoridades tradicionales ind\u00edgenas elegidas por usos y costumbres, interpusieron un desaf\u00edo jur\u00eddico contra la Presidencia de la Rep\u00fablica al argumentar tener mayores facultades legales en materia de su propio territorio y recursos naturales que cualquier otra autoridad del pa\u00eds. El pueblo ind\u00edgena radicado en Lerma, estado de M\u00e9xico vive hist\u00f3ricamente en los bosques sobre los que ahora est\u00e1 trazada la ruta programada para la construcci\u00f3n de una autopista privada Naucalpan-Toluca concesionada al Grupo Higa.<\/p>\n<p>Este 12 de octubre, en el marco de las movilizaciones que reivindican la lucha y resistencia ind\u00edgena, el pueblo organizado de Xochicuautla junto con delegaciones de otros pueblos, personas de la sociedad civil y organizaciones que los acompa\u00f1an en la lucha y defensa del bosque, se concentraron en las afueras de la Suprema Corte de Justicia de la Naci\u00f3n (SCJN) para entregar una demanda de controversia constitucional. En esta demanda el pueblo organizado de Xochicuatla pone a determinaci\u00f3n de la Suprema Corte una discusi\u00f3n jur\u00eddica y social en este pa\u00eds: no existe autoridad alguna que tenga mayores facultades en materia de territorio y bienes naturales que la propia autoridad ind\u00edgena de cada uno de los pueblos ind\u00edgenas en su propio territorio.<\/p>\n<p>Ante la puerta de la SCJN cerrada y cubierta por vallas, el pueblo de Xochicuautla hizo una ceremonia a los cuatro puntos y una ofrenda a la madre tierra levantando flores y varas de ma\u00edz. Terminando la ceremonia las autoridades tradicionales dieron su mensaje de lucha y resistencia:<\/p>\n<p>\u201cNo estamos dispuestos a ceder nuestro territorio, no estamos dispuestos a vender nuestras tierras, que son herencia de nuestros ancestros que es un bosque sagrado. Un bosque que a\u00f1o con a\u00f1o le da a M\u00e9xico aire para vivir, del subsuelo se saca el agua que la ciudad de M\u00e9xico consume, del subsuelo sacamos nosotros lo que nuestra madre tierra nos da de comer. Hoy en esa tierra que hemos estado cuidando a\u00f1o con a\u00f1o quieren atravesar una herida, una yaga, una carretera que nada m\u00e1s va a beneficiar a los ricos, una carretera que le va a sacar sangre a esa tierra y que va a modificar el medio ambiente. Nosotros no somos pol\u00edticos solo defendemos esa tierra que nos vio nacer. Hoy venimos una vez m\u00e1s a hacerles ver y a exigir justicia para la comunidad de San Francisco Xochicuautla. Estamos orgullosos de ser lo que somos, de tener lo que tenemos y no estamos dispuestos a ceder ni un metro de tierra la cual nos dio la vida, es por eso que hoy le brindamos a la tierra lo que de ella sale, nosotros los otomies as\u00ed pagamos y as\u00ed damos las gracias a la madre tierra\u201d.<\/p>\n<p>Posteriormente Antonio Lara, director del Centro de Derechos Humanos Zeferino Ladrillero habl\u00f3 del recurso de la controversia constitucional: \u201cLo que nos encomend\u00f3 el consejo supremo fue buscar todas las herramientas jur\u00eddicas para combatir la infame expropiaci\u00f3n de la que son v\u00edctimas que no es otra cosa que un despojo a sus tierras y un ataque a sus costumbres, sus tradiciones y a su cultura\u201d. Antonio explic\u00f3 que en Xochicuautla tienen un Consejo Supremo Ind\u00edgena otom\u00ed y delegados que fueron electos frente a asambleas de usos y costumbres y bajo este contexto, Enrique Pe\u00f1a Nieto pretende hacer valer facultades legales sobre un territorio donde ya existe una autoridad tradicional y en donde el Derecho Internacional e instrumentos nacionales le reconocen al pueblo de Xochicuautla autonom\u00eda, forma de gobierno, sobre todo en materia de territorio y recursos naturales nadie puede estar por encima de las autoridades tradicionales. Lara a\u00f1adi\u00f3 que a pesar de estos argumentos legales, en M\u00e9xico no es suficiente para demostrar la raz\u00f3n a favor de Xochicuautla en t\u00e9rminos jur\u00eddicos, sin embargo la controversia constitucional es un antecedente de que las autoridades tradicionales ind\u00edgenas tienen facultades legales para que solo ellas aprueben el desarrollo de proyectos en sus territorios y esto tendr\u00eda que sentar el precedente en todos los estados que tienen pueblos ind\u00edgenas y con esto logre elevarse a rango constitucional el reconocimiento de que son los pueblos ind\u00edgenas los que son los soberanos en sus territorios y en sus recursos naturales.<\/p>\n<p>De esta forma el documento de la demanda de la controversia constitucional emitida por el pueblo de Xochicuautla se dej\u00f3 pegado en la puerta cerrada de la SCJN. El evento de entrega continu\u00f3 con danzas tradicionales y participaciones de pueblos solidarios que tambi\u00e9n se encuentran en la lucha por la defensa de su territorio y sus recursos naturales haciendo un llamado a no tener ninguna lucha aislada m\u00e1s y a unirse como pueblo en la defensa de la madre tierra.<\/p>\n<p><a href=\"http:\/\/serapaz.org.mx\/san-francisco-xochicuautla-presenta-demanda-de-controversia-constitucional-ante-la-scjn\/\" target=\"_blank\">serapaz.org.mx\/san-francisco-xochicuautla-presenta-demanda-de-controversia-constitucional-ante-la-scjn\/<\/a><\/p>\n","protected":false},"excerpt":{"rendered":"<p>El pueblo ind\u00edgena otom\u00ed de San Francisco Xochicuautla a trav\u00e9s de su Consejo Supremo Ind\u00edgena Otom\u00ed y sus Delegados, autoridades tradicionales ind\u00edgenas elegidas por usos y costumbres, interpusieron un desaf\u00edo &hellip; <a href=\"http:\/\/www.grieta.org.mx\/index.php\/2015\/10\/14\/san-francisco-xochicuautla-presenta-demanda-de-controversia-constitucional-ante-la-scjn\/\" class=\"more-link\">Leer m\u00e1s<\/a><\/p>\n","protected":false},"author":2,"featured_media":21928,"comment_status":"closed","ping_status":"open","sticky":false,"template":"","format":"standard","meta":{"ngg_post_thumbnail":0,"_jetpack_newsletter_access":"","_jetpack_dont_email_post_to_subs":false,"_jetpack_newsletter_tier_id":0,"_jetpack_memberships_contains_paywalled_content":false,"_jetpack_memberships_contains_paid_content":false,"footnotes":""},"categories":[80],"tags":[296,256,92],"class_list":["post-3110","post","type-post","status-publish","format-standard","has-post-thumbnail","hentry","category-cintillo","tag-autopista-toluca-naucalpan","tag-espejo-6","tag-estado-de-mexico","entry"],"jetpack_featured_media_url":"http:\/\/www.grieta.org.mx\/wp-content\/uploads\/2018\/03\/14524434_1106112876131411_958039263622046936_o.jpg","jetpack_sharing_enabled":true,"jetpack_shortlink":"https:\/\/wp.me\/p7ZJR4-Oa","jetpack_likes_enabled":false,"jetpack-related-posts":[{"id":3112,"url":"http:\/\/www.grieta.org.mx\/index.php\/2015\/10\/06\/reclamaran-otomies-ante-scjn-su-primacia-sobre-los-bosques-de-xochicuautla\/","url_meta":{"origin":3110,"position":0},"title":"Reclamar\u00e1n otom\u00edes ante SCJN, su primac\u00eda sobre los bosques de Xochicuautla","author":"grieta","date":"6 octubre, 2015","format":false,"excerpt":"El pueblo ind\u00edgena otom\u00ed de San Francisco Xochicuautla a trav\u00e9s de su Consejo Supremo Ind\u00edgena Otom\u00ed y sus Delegados, autoridades tradicionales ind\u00edgenas elegidas por usos y costumbres, interpondr\u00e1n un desaf\u00edo jur\u00eddico contra la Presidencia de la Rep\u00fablica argumentando detentar mayores facultades legales en materia de su propio territorio y recursos\u2026","rel":"","context":"En &quot;CINTILLO&quot;","block_context":{"text":"CINTILLO","link":"http:\/\/www.grieta.org.mx\/index.php\/category\/cintillo\/"},"img":{"alt_text":"","src":"https:\/\/i0.wp.com\/www.grieta.org.mx\/wp-content\/uploads\/2018\/03\/14524434_1106112876131411_958039263622046936_o.jpg?resize=350%2C200","width":350,"height":200,"srcset":"https:\/\/i0.wp.com\/www.grieta.org.mx\/wp-content\/uploads\/2018\/03\/14524434_1106112876131411_958039263622046936_o.jpg?resize=350%2C200 1x, https:\/\/i0.wp.com\/www.grieta.org.mx\/wp-content\/uploads\/2018\/03\/14524434_1106112876131411_958039263622046936_o.jpg?resize=525%2C300 1.5x, https:\/\/i0.wp.com\/www.grieta.org.mx\/wp-content\/uploads\/2018\/03\/14524434_1106112876131411_958039263622046936_o.jpg?resize=700%2C400 2x"},"classes":[]},{"id":3262,"url":"http:\/\/www.grieta.org.mx\/index.php\/2015\/07\/03\/habitantes-de-san-francisco-xochicuautla-convocan-a-defender-el-bosque-otomi\/","url_meta":{"origin":3110,"position":1},"title":"Habitantes de San Francisco Xochicuautla convocan a defender el bosque Otom\u00ed","author":"grieta","date":"3 julio, 2015","format":false,"excerpt":"Salvador Valencia En un comunicado difundido la tarde del 2 de julio por la Comunidad Ind\u00edgena de San Francisco Xochicuautla, Lerma, Estado de M\u00e9xico, los habitantes de este municipio demandaron a las autoridades la cancelaci\u00f3n del proyecto carretero \u201cAutopista Toluca \u2013 Naucalpan\u201d as\u00ed como el respeto a sus derechos humanos\u2026","rel":"","context":"En &quot;CINTILLO&quot;","block_context":{"text":"CINTILLO","link":"http:\/\/www.grieta.org.mx\/index.php\/category\/cintillo\/"},"img":{"alt_text":"","src":"https:\/\/i0.wp.com\/www.grieta.org.mx\/wp-content\/uploads\/2018\/03\/14524434_1106112876131411_958039263622046936_o.jpg?resize=350%2C200","width":350,"height":200,"srcset":"https:\/\/i0.wp.com\/www.grieta.org.mx\/wp-content\/uploads\/2018\/03\/14524434_1106112876131411_958039263622046936_o.jpg?resize=350%2C200 1x, https:\/\/i0.wp.com\/www.grieta.org.mx\/wp-content\/uploads\/2018\/03\/14524434_1106112876131411_958039263622046936_o.jpg?resize=525%2C300 1.5x, https:\/\/i0.wp.com\/www.grieta.org.mx\/wp-content\/uploads\/2018\/03\/14524434_1106112876131411_958039263622046936_o.jpg?resize=700%2C400 2x"},"classes":[]},{"id":3302,"url":"http:\/\/www.grieta.org.mx\/index.php\/2016\/09\/07\/despojo-de-tierra-en-xochicuautla-y-huitzizilapan-por-autopista-toluca-naucalpan\/","url_meta":{"origin":3110,"position":2},"title":"Despojo de tierra en Xochicuautla y Huitzizilapan por autopista Toluca-Naucalpan","author":"grieta","date":"7 septiembre, 2016","format":false,"excerpt":"07\/09\/16. Grupo Higa ignor\u00f3 a grupo de la ONU que investiga la construcci\u00f3n de autopista en XochicuautlaAnimal Pol\u00edtico 07\/09\/16. El derribo del Castillo en Xochicuautla, la afrenta contra habitantes expuesta ante la ONUAnimal Pol\u00edtico 01\/09\/16. Ni\u00f1os de Xochicuautla acusan a Pe\u00f1a, a La Gaviota e Higa por vulnerar derechosProceso 08\/06\/16.\u2026","rel":"","context":"En &quot;6. Xochicuautla&quot;","block_context":{"text":"6. Xochicuautla","link":"http:\/\/www.grieta.org.mx\/index.php\/category\/espejos-de-la-resistencia\/6-xochicuautla\/"},"img":{"alt_text":"","src":"https:\/\/i0.wp.com\/www.grieta.org.mx\/wp-content\/uploads\/2018\/03\/14524434_1106112876131411_958039263622046936_o.jpg?resize=350%2C200","width":350,"height":200,"srcset":"https:\/\/i0.wp.com\/www.grieta.org.mx\/wp-content\/uploads\/2018\/03\/14524434_1106112876131411_958039263622046936_o.jpg?resize=350%2C200 1x, https:\/\/i0.wp.com\/www.grieta.org.mx\/wp-content\/uploads\/2018\/03\/14524434_1106112876131411_958039263622046936_o.jpg?resize=525%2C300 1.5x, https:\/\/i0.wp.com\/www.grieta.org.mx\/wp-content\/uploads\/2018\/03\/14524434_1106112876131411_958039263622046936_o.jpg?resize=700%2C400 2x"},"classes":[]},{"id":10214,"url":"http:\/\/www.grieta.org.mx\/index.php\/2016\/04\/11\/grupo-higa-sitia-con-800-granaderos-a-xochicuautla-que-defiende-su-bosque-hay-casas-demolidas-sin-orden-judicial\/","url_meta":{"origin":3110,"position":3},"title":"Grupo Higa sitia con 800 granaderos a Xochicuautla que defiende su bosque. Hay casas demolidas sin orden judicial","author":"grieta","date":"11 abril, 2016","format":false,"excerpt":"A partir de las 9 de la ma\u00f1ana Grupo Higa siti\u00f3 con 800 granaderos de la polic\u00eda del estado de M\u00e9xico fuertemente armados la comunidad de Xochicuautla, para destruir el campamento que los pobladores instalaron en defensa del bosque Otom\u00ed. En el mismo operativo introdujeron maquinaria para continuar con la\u2026","rel":"","context":"En &quot;CINTILLO&quot;","block_context":{"text":"CINTILLO","link":"http:\/\/www.grieta.org.mx\/index.php\/category\/cintillo\/"},"img":{"alt_text":"","src":"https:\/\/i0.wp.com\/www.grieta.org.mx\/wp-content\/uploads\/2018\/03\/14524434_1106112876131411_958039263622046936_o.jpg?resize=350%2C200","width":350,"height":200,"srcset":"https:\/\/i0.wp.com\/www.grieta.org.mx\/wp-content\/uploads\/2018\/03\/14524434_1106112876131411_958039263622046936_o.jpg?resize=350%2C200 1x, https:\/\/i0.wp.com\/www.grieta.org.mx\/wp-content\/uploads\/2018\/03\/14524434_1106112876131411_958039263622046936_o.jpg?resize=525%2C300 1.5x, https:\/\/i0.wp.com\/www.grieta.org.mx\/wp-content\/uploads\/2018\/03\/14524434_1106112876131411_958039263622046936_o.jpg?resize=700%2C400 2x"},"classes":[]},{"id":10231,"url":"http:\/\/www.grieta.org.mx\/index.php\/2016\/04\/12\/continuan-ilegales-demoliciones-de-grupo-higa-en-xochicuautla-comunidad-atrincherada-en-capilla\/","url_meta":{"origin":3110,"position":4},"title":"Contin\u00faan ilegales demoliciones de Grupo Higa en Xochicuautla, comunidad atrincherada en capilla","author":"grieta","date":"12 abril, 2016","format":false,"excerpt":"Por segundo d\u00eda consecutivo Grupo Higa continu\u00f3 con la ilegal demolici\u00f3n de casas de la comunidad \u00d1atho (otom\u00ed) de San Francisco Xochicuautla en el poniente del Estado de M\u00e9xico. A pesar de que los pobladores cuentan con la suspensi\u00f3n definitiva contra la construcci\u00f3n de la autopista privada Toluca-Naucalpan al haber\u2026","rel":"","context":"En &quot;CINTILLO&quot;","block_context":{"text":"CINTILLO","link":"http:\/\/www.grieta.org.mx\/index.php\/category\/cintillo\/"},"img":{"alt_text":"","src":"https:\/\/i0.wp.com\/www.grieta.org.mx\/wp-content\/uploads\/2018\/03\/14524434_1106112876131411_958039263622046936_o.jpg?resize=350%2C200","width":350,"height":200,"srcset":"https:\/\/i0.wp.com\/www.grieta.org.mx\/wp-content\/uploads\/2018\/03\/14524434_1106112876131411_958039263622046936_o.jpg?resize=350%2C200 1x, https:\/\/i0.wp.com\/www.grieta.org.mx\/wp-content\/uploads\/2018\/03\/14524434_1106112876131411_958039263622046936_o.jpg?resize=525%2C300 1.5x, https:\/\/i0.wp.com\/www.grieta.org.mx\/wp-content\/uploads\/2018\/03\/14524434_1106112876131411_958039263622046936_o.jpg?resize=700%2C400 2x"},"classes":[]},{"id":46092,"url":"http:\/\/www.grieta.org.mx\/index.php\/2020\/03\/10\/otorgan-suspension-de-la-autopista-toluca-naucalpan-y-vuelven-enfrentamientos-estado-de-mexico\/","url_meta":{"origin":3110,"position":5},"title":"Otorgan suspensi\u00f3n de la autopista Toluca-Naucalpan y vuelven enfrentamientos (Estado de M\u00e9xico)","author":"grieta","date":"10 marzo, 2020","format":false,"excerpt":"Foto: Cortes\u00eda San Francisco Xochicuautla Filiberto Ramos \/ El Sol de Toluca Uno de los cuatro juicios de amparo que se mantienen vigentes en contra de la obra vial tuvo resultados a favor de la comunidad de San Francisco Xochicuautla, seg\u00fan detallan los vecinos que se oponen a la obra\u2026","rel":"","context":"En &quot;6. Xochicuautla&quot;","block_context":{"text":"6. Xochicuautla","link":"http:\/\/www.grieta.org.mx\/index.php\/category\/espejos-de-la-resistencia\/6-xochicuautla\/"},"img":{"alt_text":"","src":"https:\/\/i0.wp.com\/www.grieta.org.mx\/wp-content\/uploads\/2020\/03\/Otorgan-suspensi%C3%B3n-de-la-autopista-Toluca-Naucalpan-y-vuelven-enfrentamientos-edomex-mzo.jpg?resize=350%2C200","width":350,"height":200,"srcset":"https:\/\/i0.wp.com\/www.grieta.org.mx\/wp-content\/uploads\/2020\/03\/Otorgan-suspensi%C3%B3n-de-la-autopista-Toluca-Naucalpan-y-vuelven-enfrentamientos-edomex-mzo.jpg?resize=350%2C200 1x, https:\/\/i0.wp.com\/www.grieta.org.mx\/wp-content\/uploads\/2020\/03\/Otorgan-suspensi%C3%B3n-de-la-autopista-Toluca-Naucalpan-y-vuelven-enfrentamientos-edomex-mzo.jpg?resize=525%2C300 1.5x, https:\/\/i0.wp.com\/www.grieta.org.mx\/wp-content\/uploads\/2020\/03\/Otorgan-suspensi%C3%B3n-de-la-autopista-Toluca-Naucalpan-y-vuelven-enfrentamientos-edomex-mzo.jpg?resize=700%2C400 2x"},"classes":[]}],"_links":{"self":[{"href":"http:\/\/www.grieta.org.mx\/index.php\/wp-json\/wp\/v2\/posts\/3110","targetHints":{"allow":["GET"]}}],"collection":[{"href":"http:\/\/www.grieta.org.mx\/index.php\/wp-json\/wp\/v2\/posts"}],"about":[{"href":"http:\/\/www.grieta.org.mx\/index.php\/wp-json\/wp\/v2\/types\/post"}],"author":[{"embeddable":true,"href":"http:\/\/www.grieta.org.mx\/index.php\/wp-json\/wp\/v2\/users\/2"}],"replies":[{"embeddable":true,"href":"http:\/\/www.grieta.org.mx\/index.php\/wp-json\/wp\/v2\/comments?post=3110"}],"version-history":[{"count":1,"href":"http:\/\/www.grieta.org.mx\/index.php\/wp-json\/wp\/v2\/posts\/3110\/revisions"}],"predecessor-version":[{"id":3115,"href":"http:\/\/www.grieta.org.mx\/index.php\/wp-json\/wp\/v2\/posts\/3110\/revisions\/3115"}],"wp:featuredmedia":[{"embeddable":true,"href":"http:\/\/www.grieta.org.mx\/index.php\/wp-json\/wp\/v2\/media\/21928"}],"wp:attachment":[{"href":"http:\/\/www.grieta.org.mx\/index.php\/wp-json\/wp\/v2\/media?parent=3110"}],"wp:term":[{"taxonomy":"category","embeddable":true,"href":"http:\/\/www.grieta.org.mx\/index.php\/wp-json\/wp\/v2\/categories?post=3110"},{"taxonomy":"post_tag","embeddable":true,"href":"http:\/\/www.grieta.org.mx\/index.php\/wp-json\/wp\/v2\/tags?post=3110"}],"curies":[{"name":"wp","href":"https:\/\/api.w.org\/{rel}","templated":true}]}}